{"id":4365,"date":"2025-12-13T14:19:20","date_gmt":"2025-12-13T14:19:20","guid":{"rendered":"https:\/\/cvnoticias.com\/nuevapagina\/?p=4365"},"modified":"2025-12-13T14:19:21","modified_gmt":"2025-12-13T14:19:21","slug":"oaxaca-de-juarez-conmemora-el-38-aniversario-de-su-nombramiento-como-patrimonio-cultural-de-la-humanidad","status":"publish","type":"post","link":"https:\/\/cvnoticias.com\/nuevapagina\/index.php\/2025\/12\/13\/oaxaca-de-juarez-conmemora-el-38-aniversario-de-su-nombramiento-como-patrimonio-cultural-de-la-humanidad\/","title":{"rendered":"Oaxaca de Ju\u00e1rez conmemora el 38 aniversario de su nombramiento como Patrimonio Cultural de la Humanidad"},"content":{"rendered":"\n<p><\/p>\n\n\n\n<ul class=\"wp-block-list\">\n<li>El Presidente Municipal Ray Chagoya reafirma el compromiso de proteger el Centro Hist\u00f3rico y Monte Alb\u00e1n con una ciudad limpia, segura y en orden<\/li>\n<\/ul>\n\n\n\n<p>Oaxaca de Ju\u00e1rez, Oax. 11 de diciembre de 2025.- El Municipio de Oaxaca de Ju\u00e1rez celebr\u00f3 este 11 de diciembre el 38 aniversario del reconocimiento del Centro Hist\u00f3rico de la capital y de la zona arqueol\u00f3gica de Monte Alb\u00e1n como Patrimonio Cultural de la Humanidad, otorgado por la UNESCO en 1987.<\/p>\n\n\n\n<p>Durante la ceremonia conmemorativa realizada a un costado del ex convento de Santo Domingo, el Presidente Municipal Ray Chagoya dirigi\u00f3 un mensaje a vecinas, vecinos y visitantes, destacando el profundo orgullo que representa para Oaxaca este reconocimiento internacional, al afirmar que \u201cOaxaca de Ju\u00e1rez es la ciudad m\u00e1s bonita del mundo\u201d.<\/p>\n\n\n\n<p>El edil record\u00f3 que el nombramiento otorgado el 11 de diciembre de 1987 confirm\u00f3 lo que los oaxaque\u00f1os han sabido siempre: que el valle, la capital y la monta\u00f1a sagrada de Monte Alb\u00e1n son expresiones \u00fanicas de historia, cultura e identidad. \u201cMonte Alb\u00e1n, capital zapoteca y ciudad-monta\u00f1a, sigue habl\u00e1ndonos con la fuerza de sus terrazas y pir\u00e1mides; y nuestro Centro Hist\u00f3rico es un testimonio vivo del talento y la sensibilidad de muchas generaciones\u201d, expres\u00f3.<\/p>\n\n\n\n<p>Ray Chagoya subray\u00f3 que la mejor manera de honrar este legado es mediante el trabajo cotidiano que fortalece la vida urbana y comunitaria: una Ciudad Limpia, una Ciudad Segura y una Ciudad en Orden, construida desde el territorio y en equipo con el Gobernador del Estado, Salom\u00f3n Jara Cruz.<\/p>\n\n\n\n<p>\u201cProteger el patrimonio es gobernar todos los d\u00edas con responsabilidad: mantener calles dignas, espacios p\u00fablicos cuidados, servicios eficientes y una convivencia vecinal fuerte\u201d, se\u00f1al\u00f3.<\/p>\n\n\n\n<p>Asimismo, destac\u00f3 que Oaxaca es Patrimonio Mundial porque tiene memoria, presente y futuro, y que el deber de este gobierno es garantizar que las nuevas generaciones hereden una capital viva, ordenada y respetuosa de su historia. \u201cA 38 a\u00f1os del reconocimiento de la UNESCO, refrendamos el compromiso de proteger la autenticidad de nuestro patrimonio y asegurar un futuro luminoso para Oaxaca\u201d, afirm\u00f3.<\/p>\n\n\n\n<p>El acto concluy\u00f3 con un llamado a seguir fortaleciendo la conservaci\u00f3n del patrimonio cultural y la energ\u00eda transformadora que impulsa la Primavera Oaxaque\u00f1a.<\/p>\n","protected":false},"excerpt":{"rendered":"<p>Oaxaca de Ju\u00e1rez, Oax. 11 de diciembre de 2025.- El Municipio de Oaxaca de Ju\u00e1rez&#8230;<\/p>\n","protected":false},"author":2,"featured_media":4356,"comment_status":"open","ping_status":"closed","sticky":false,"template":"","format":"standard","meta":{"footnotes":""},"categories":[3],"tags":[],"class_list":["post-4365","post","type-post","status-publish","format-standard","has-post-thumbnail","hentry","category-comunicadosdeprensa"],"yoast_head":"<!-- This site is optimized with the Yoast SEO plugin v27.5 - https:\/\/yoast.com\/product\/yoast-seo-wordpress\/ -->\n<title>Oaxaca de Ju\u00e1rez conmemora el 38 aniversario de su nombramiento como Patrimonio Cultural de la Humanidad - CV Noticias<\/title>\n<meta name=\"robots\" content=\"index, follow, max-snippet:-1, max-image-preview:large, max-video-preview:-1\" \/>\n<link rel=\"canonical\" href=\"https:\/\/cvnoticias.com\/nuevapagina\/index.php\/2025\/12\/13\/oaxaca-de-juarez-conmemora-el-38-aniversario-de-su-nombramiento-como-patrimonio-cultural-de-la-humanidad\/\" \/>\n<meta property=\"og:locale\" content=\"es_ES\" \/>\n<meta property=\"og:type\" content=\"article\" \/>\n<meta property=\"og:title\" content=\"Oaxaca de Ju\u00e1rez conmemora el 38 aniversario de su nombramiento como Patrimonio Cultural de la Humanidad - CV Noticias\" \/>\n<meta property=\"og:description\" content=\"Oaxaca de Ju\u00e1rez, Oax. 11 de diciembre de 2025.- El Municipio de Oaxaca de Ju\u00e1rez...\" \/>\n<meta property=\"og:url\" content=\"https:\/\/cvnoticias.com\/nuevapagina\/index.php\/2025\/12\/13\/oaxaca-de-juarez-conmemora-el-38-aniversario-de-su-nombramiento-como-patrimonio-cultural-de-la-humanidad\/\" \/>\n<meta property=\"og:site_name\" content=\"CV Noticias\" \/>\n<meta property=\"article:published_time\" content=\"2025-12-13T14:19:20+00:00\" \/>\n<meta property=\"article:modified_time\" content=\"2025-12-13T14:19:21+00:00\" \/>\n<meta property=\"og:image\" content=\"https:\/\/cvnoticias.com\/nuevapagina\/wp-content\/uploads\/2025\/12\/WhatsApp-Image-2025-12-12-at-8.54.27-AM.jpeg\" \/>\n\t<meta property=\"og:image:width\" content=\"1440\" \/>\n\t<meta property=\"og:image:height\" content=\"964\" \/>\n\t<meta property=\"og:image:type\" content=\"image\/jpeg\" \/>\n<meta name=\"author\" content=\"CvNoticias\" \/>\n<meta name=\"twitter:card\" content=\"summary_large_image\" \/>\n<meta name=\"twitter:label1\" content=\"Escrito por\" \/>\n\t<meta name=\"twitter:data1\" content=\"CvNoticias\" \/>\n\t<meta name=\"twitter:label2\" content=\"Tiempo de lectura\" \/>\n\t<meta name=\"twitter:data2\" content=\"2 minutos\" \/>\n<script type=\"application\/ld+json\" class=\"yoast-schema-graph\">{\"@context\":\"https:\\\/\\\/schema.org\",\"@graph\":[{\"@type\":\"Article\",\"@id\":\"https:\\\/\\\/cvnoticias.com\\\/nuevapagina\\\/index.php\\\/2025\\\/12\\\/13\\\/oaxaca-de-juarez-conmemora-el-38-aniversario-de-su-nombramiento-como-patrimonio-cultural-de-la-humanidad\\\/#article\",\"isPartOf\":{\"@id\":\"https:\\\/\\\/cvnoticias.com\\\/nuevapagina\\\/index.php\\\/2025\\\/12\\\/13\\\/oaxaca-de-juarez-conmemora-el-38-aniversario-de-su-nombramiento-como-patrimonio-cultural-de-la-humanidad\\\/\"},\"author\":{\"name\":\"CvNoticias\",\"@id\":\"https:\\\/\\\/cvnoticias.com\\\/nuevapagina\\\/#\\\/schema\\\/person\\\/19e35f246421a31486be7321065f7463\"},\"headline\":\"Oaxaca de Ju\u00e1rez conmemora el 38 aniversario de su nombramiento como Patrimonio Cultural de la Humanidad\",\"datePublished\":\"2025-12-13T14:19:20+00:00\",\"dateModified\":\"2025-12-13T14:19:21+00:00\",\"mainEntityOfPage\":{\"@id\":\"https:\\\/\\\/cvnoticias.com\\\/nuevapagina\\\/index.php\\\/2025\\\/12\\\/13\\\/oaxaca-de-juarez-conmemora-el-38-aniversario-de-su-nombramiento-como-patrimonio-cultural-de-la-humanidad\\\/\"},\"wordCount\":392,\"commentCount\":0,\"publisher\":{\"@id\":\"https:\\\/\\\/cvnoticias.com\\\/nuevapagina\\\/#organization\"},\"image\":{\"@id\":\"https:\\\/\\\/cvnoticias.com\\\/nuevapagina\\\/index.php\\\/2025\\\/12\\\/13\\\/oaxaca-de-juarez-conmemora-el-38-aniversario-de-su-nombramiento-como-patrimonio-cultural-de-la-humanidad\\\/#primaryimage\"},\"thumbnailUrl\":\"https:\\\/\\\/cvnoticias.com\\\/nuevapagina\\\/wp-content\\\/uploads\\\/2025\\\/12\\\/WhatsApp-Image-2025-12-12-at-8.54.27-AM.jpeg\",\"articleSection\":[\"Comunicados\"],\"inLanguage\":\"es\",\"potentialAction\":[{\"@type\":\"CommentAction\",\"name\":\"Comment\",\"target\":[\"https:\\\/\\\/cvnoticias.com\\\/nuevapagina\\\/index.php\\\/2025\\\/12\\\/13\\\/oaxaca-de-juarez-conmemora-el-38-aniversario-de-su-nombramiento-como-patrimonio-cultural-de-la-humanidad\\\/#respond\"]}]},{\"@type\":\"WebPage\",\"@id\":\"https:\\\/\\\/cvnoticias.com\\\/nuevapagina\\\/index.php\\\/2025\\\/12\\\/13\\\/oaxaca-de-juarez-conmemora-el-38-aniversario-de-su-nombramiento-como-patrimonio-cultural-de-la-humanidad\\\/\",\"url\":\"https:\\\/\\\/cvnoticias.com\\\/nuevapagina\\\/index.php\\\/2025\\\/12\\\/13\\\/oaxaca-de-juarez-conmemora-el-38-aniversario-de-su-nombramiento-como-patrimonio-cultural-de-la-humanidad\\\/\",\"name\":\"Oaxaca de Ju\u00e1rez conmemora el 38 aniversario de su nombramiento como Patrimonio Cultural de la Humanidad - CV Noticias\",\"isPartOf\":{\"@id\":\"https:\\\/\\\/cvnoticias.com\\\/nuevapagina\\\/#website\"},\"primaryImageOfPage\":{\"@id\":\"https:\\\/\\\/cvnoticias.com\\\/nuevapagina\\\/index.php\\\/2025\\\/12\\\/13\\\/oaxaca-de-juarez-conmemora-el-38-aniversario-de-su-nombramiento-como-patrimonio-cultural-de-la-humanidad\\\/#primaryimage\"},\"image\":{\"@id\":\"https:\\\/\\\/cvnoticias.com\\\/nuevapagina\\\/index.php\\\/2025\\\/12\\\/13\\\/oaxaca-de-juarez-conmemora-el-38-aniversario-de-su-nombramiento-como-patrimonio-cultural-de-la-humanidad\\\/#primaryimage\"},\"thumbnailUrl\":\"https:\\\/\\\/cvnoticias.com\\\/nuevapagina\\\/wp-content\\\/uploads\\\/2025\\\/12\\\/WhatsApp-Image-2025-12-12-at-8.54.27-AM.jpeg\",\"datePublished\":\"2025-12-13T14:19:20+00:00\",\"dateModified\":\"2025-12-13T14:19:21+00:00\",\"breadcrumb\":{\"@id\":\"https:\\\/\\\/cvnoticias.com\\\/nuevapagina\\\/index.php\\\/2025\\\/12\\\/13\\\/oaxaca-de-juarez-conmemora-el-38-aniversario-de-su-nombramiento-como-patrimonio-cultural-de-la-humanidad\\\/#breadcrumb\"},\"inLanguage\":\"es\",\"potentialAction\":[{\"@type\":\"ReadAction\",\"target\":[\"https:\\\/\\\/cvnoticias.com\\\/nuevapagina\\\/index.php\\\/2025\\\/12\\\/13\\\/oaxaca-de-juarez-conmemora-el-38-aniversario-de-su-nombramiento-como-patrimonio-cultural-de-la-humanidad\\\/\"]}]},{\"@type\":\"ImageObject\",\"inLanguage\":\"es\",\"@id\":\"https:\\\/\\\/cvnoticias.com\\\/nuevapagina\\\/index.php\\\/2025\\\/12\\\/13\\\/oaxaca-de-juarez-conmemora-el-38-aniversario-de-su-nombramiento-como-patrimonio-cultural-de-la-humanidad\\\/#primaryimage\",\"url\":\"https:\\\/\\\/cvnoticias.com\\\/nuevapagina\\\/wp-content\\\/uploads\\\/2025\\\/12\\\/WhatsApp-Image-2025-12-12-at-8.54.27-AM.jpeg\",\"contentUrl\":\"https:\\\/\\\/cvnoticias.com\\\/nuevapagina\\\/wp-content\\\/uploads\\\/2025\\\/12\\\/WhatsApp-Image-2025-12-12-at-8.54.27-AM.jpeg\",\"width\":1440,\"height\":964},{\"@type\":\"BreadcrumbList\",\"@id\":\"https:\\\/\\\/cvnoticias.com\\\/nuevapagina\\\/index.php\\\/2025\\\/12\\\/13\\\/oaxaca-de-juarez-conmemora-el-38-aniversario-de-su-nombramiento-como-patrimonio-cultural-de-la-humanidad\\\/#breadcrumb\",\"itemListElement\":[{\"@type\":\"ListItem\",\"position\":1,\"name\":\"Portada\",\"item\":\"https:\\\/\\\/cvnoticias.com\\\/nuevapagina\\\/\"},{\"@type\":\"ListItem\",\"position\":2,\"name\":\"Oaxaca de Ju\u00e1rez conmemora el 38 aniversario de su nombramiento como Patrimonio Cultural de la Humanidad\"}]},{\"@type\":\"WebSite\",\"@id\":\"https:\\\/\\\/cvnoticias.com\\\/nuevapagina\\\/#website\",\"url\":\"https:\\\/\\\/cvnoticias.com\\\/nuevapagina\\\/\",\"name\":\"CV Noticias\",\"description\":\"Noticias de Oaxaca\",\"publisher\":{\"@id\":\"https:\\\/\\\/cvnoticias.com\\\/nuevapagina\\\/#organization\"},\"potentialAction\":[{\"@type\":\"SearchAction\",\"target\":{\"@type\":\"EntryPoint\",\"urlTemplate\":\"https:\\\/\\\/cvnoticias.com\\\/nuevapagina\\\/?s={search_term_string}\"},\"query-input\":{\"@type\":\"PropertyValueSpecification\",\"valueRequired\":true,\"valueName\":\"search_term_string\"}}],\"inLanguage\":\"es\"},{\"@type\":\"Organization\",\"@id\":\"https:\\\/\\\/cvnoticias.com\\\/nuevapagina\\\/#organization\",\"name\":\"CV Noticias\",\"url\":\"https:\\\/\\\/cvnoticias.com\\\/nuevapagina\\\/\",\"logo\":{\"@type\":\"ImageObject\",\"inLanguage\":\"es\",\"@id\":\"https:\\\/\\\/cvnoticias.com\\\/nuevapagina\\\/#\\\/schema\\\/logo\\\/image\\\/\",\"url\":\"https:\\\/\\\/cvnoticias.com\\\/nuevapagina\\\/wp-content\\\/uploads\\\/2025\\\/05\\\/cropped-logo-1.png\",\"contentUrl\":\"https:\\\/\\\/cvnoticias.com\\\/nuevapagina\\\/wp-content\\\/uploads\\\/2025\\\/05\\\/cropped-logo-1.png\",\"width\":320,\"height\":118,\"caption\":\"CV Noticias\"},\"image\":{\"@id\":\"https:\\\/\\\/cvnoticias.com\\\/nuevapagina\\\/#\\\/schema\\\/logo\\\/image\\\/\"}},{\"@type\":\"Person\",\"@id\":\"https:\\\/\\\/cvnoticias.com\\\/nuevapagina\\\/#\\\/schema\\\/person\\\/19e35f246421a31486be7321065f7463\",\"name\":\"CvNoticias\",\"image\":{\"@type\":\"ImageObject\",\"inLanguage\":\"es\",\"@id\":\"https:\\\/\\\/secure.gravatar.com\\\/avatar\\\/c3a4375d38fd8f9b34ac9e853cb706a079817c78f9a39e33b16a2b2b2e51688a?s=96&d=mm&r=g\",\"url\":\"https:\\\/\\\/secure.gravatar.com\\\/avatar\\\/c3a4375d38fd8f9b34ac9e853cb706a079817c78f9a39e33b16a2b2b2e51688a?s=96&d=mm&r=g\",\"contentUrl\":\"https:\\\/\\\/secure.gravatar.com\\\/avatar\\\/c3a4375d38fd8f9b34ac9e853cb706a079817c78f9a39e33b16a2b2b2e51688a?s=96&d=mm&r=g\",\"caption\":\"CvNoticias\"},\"url\":\"https:\\\/\\\/cvnoticias.com\\\/nuevapagina\\\/index.php\\\/author\\\/gesner\\\/\"}]}<\/script>\n<!-- \/ Yoast SEO plugin. -->","yoast_head_json":{"title":"Oaxaca de Ju\u00e1rez conmemora el 38 aniversario de su nombramiento como Patrimonio Cultural de la Humanidad - CV Noticias","robots":{"index":"index","follow":"follow","max-snippet":"max-snippet:-1","max-image-preview":"max-image-preview:large","max-video-preview":"max-video-preview:-1"},"canonical":"https:\/\/cvnoticias.com\/nuevapagina\/index.php\/2025\/12\/13\/oaxaca-de-juarez-conmemora-el-38-aniversario-de-su-nombramiento-como-patrimonio-cultural-de-la-humanidad\/","og_locale":"es_ES","og_type":"article","og_title":"Oaxaca de Ju\u00e1rez conmemora el 38 aniversario de su nombramiento como Patrimonio Cultural de la Humanidad - CV Noticias","og_description":"Oaxaca de Ju\u00e1rez, Oax. 11 de diciembre de 2025.- El Municipio de Oaxaca de Ju\u00e1rez...","og_url":"https:\/\/cvnoticias.com\/nuevapagina\/index.php\/2025\/12\/13\/oaxaca-de-juarez-conmemora-el-38-aniversario-de-su-nombramiento-como-patrimonio-cultural-de-la-humanidad\/","og_site_name":"CV Noticias","article_published_time":"2025-12-13T14:19:20+00:00","article_modified_time":"2025-12-13T14:19:21+00:00","og_image":[{"width":1440,"height":964,"url":"https:\/\/cvnoticias.com\/nuevapagina\/wp-content\/uploads\/2025\/12\/WhatsApp-Image-2025-12-12-at-8.54.27-AM.jpeg","type":"image\/jpeg"}],"author":"CvNoticias","twitter_card":"summary_large_image","twitter_misc":{"Escrito por":"CvNoticias","Tiempo de lectura":"2 minutos"},"schema":{"@context":"https:\/\/schema.org","@graph":[{"@type":"Article","@id":"https:\/\/cvnoticias.com\/nuevapagina\/index.php\/2025\/12\/13\/oaxaca-de-juarez-conmemora-el-38-aniversario-de-su-nombramiento-como-patrimonio-cultural-de-la-humanidad\/#article","isPartOf":{"@id":"https:\/\/cvnoticias.com\/nuevapagina\/index.php\/2025\/12\/13\/oaxaca-de-juarez-conmemora-el-38-aniversario-de-su-nombramiento-como-patrimonio-cultural-de-la-humanidad\/"},"author":{"name":"CvNoticias","@id":"https:\/\/cvnoticias.com\/nuevapagina\/#\/schema\/person\/19e35f246421a31486be7321065f7463"},"headline":"Oaxaca de Ju\u00e1rez conmemora el 38 aniversario de su nombramiento como Patrimonio Cultural de la Humanidad","datePublished":"2025-12-13T14:19:20+00:00","dateModified":"2025-12-13T14:19:21+00:00","mainEntityOfPage":{"@id":"https:\/\/cvnoticias.com\/nuevapagina\/index.php\/2025\/12\/13\/oaxaca-de-juarez-conmemora-el-38-aniversario-de-su-nombramiento-como-patrimonio-cultural-de-la-humanidad\/"},"wordCount":392,"commentCount":0,"publisher":{"@id":"https:\/\/cvnoticias.com\/nuevapagina\/#organization"},"image":{"@id":"https:\/\/cvnoticias.com\/nuevapagina\/index.php\/2025\/12\/13\/oaxaca-de-juarez-conmemora-el-38-aniversario-de-su-nombramiento-como-patrimonio-cultural-de-la-humanidad\/#primaryimage"},"thumbnailUrl":"https:\/\/cvnoticias.com\/nuevapagina\/wp-content\/uploads\/2025\/12\/WhatsApp-Image-2025-12-12-at-8.54.27-AM.jpeg","articleSection":["Comunicados"],"inLanguage":"es","potentialAction":[{"@type":"CommentAction","name":"Comment","target":["https:\/\/cvnoticias.com\/nuevapagina\/index.php\/2025\/12\/13\/oaxaca-de-juarez-conmemora-el-38-aniversario-de-su-nombramiento-como-patrimonio-cultural-de-la-humanidad\/#respond"]}]},{"@type":"WebPage","@id":"https:\/\/cvnoticias.com\/nuevapagina\/index.php\/2025\/12\/13\/oaxaca-de-juarez-conmemora-el-38-aniversario-de-su-nombramiento-como-patrimonio-cultural-de-la-humanidad\/","url":"https:\/\/cvnoticias.com\/nuevapagina\/index.php\/2025\/12\/13\/oaxaca-de-juarez-conmemora-el-38-aniversario-de-su-nombramiento-como-patrimonio-cultural-de-la-humanidad\/","name":"Oaxaca de Ju\u00e1rez conmemora el 38 aniversario de su nombramiento como Patrimonio Cultural de la Humanidad - CV Noticias","isPartOf":{"@id":"https:\/\/cvnoticias.com\/nuevapagina\/#website"},"primaryImageOfPage":{"@id":"https:\/\/cvnoticias.com\/nuevapagina\/index.php\/2025\/12\/13\/oaxaca-de-juarez-conmemora-el-38-aniversario-de-su-nombramiento-como-patrimonio-cultural-de-la-humanidad\/#primaryimage"},"image":{"@id":"https:\/\/cvnoticias.com\/nuevapagina\/index.php\/2025\/12\/13\/oaxaca-de-juarez-conmemora-el-38-aniversario-de-su-nombramiento-como-patrimonio-cultural-de-la-humanidad\/#primaryimage"},"thumbnailUrl":"https:\/\/cvnoticias.com\/nuevapagina\/wp-content\/uploads\/2025\/12\/WhatsApp-Image-2025-12-12-at-8.54.27-AM.jpeg","datePublished":"2025-12-13T14:19:20+00:00","dateModified":"2025-12-13T14:19:21+00:00","breadcrumb":{"@id":"https:\/\/cvnoticias.com\/nuevapagina\/index.php\/2025\/12\/13\/oaxaca-de-juarez-conmemora-el-38-aniversario-de-su-nombramiento-como-patrimonio-cultural-de-la-humanidad\/#breadcrumb"},"inLanguage":"es","potentialAction":[{"@type":"ReadAction","target":["https:\/\/cvnoticias.com\/nuevapagina\/index.php\/2025\/12\/13\/oaxaca-de-juarez-conmemora-el-38-aniversario-de-su-nombramiento-como-patrimonio-cultural-de-la-humanidad\/"]}]},{"@type":"ImageObject","inLanguage":"es","@id":"https:\/\/cvnoticias.com\/nuevapagina\/index.php\/2025\/12\/13\/oaxaca-de-juarez-conmemora-el-38-aniversario-de-su-nombramiento-como-patrimonio-cultural-de-la-humanidad\/#primaryimage","url":"https:\/\/cvnoticias.com\/nuevapagina\/wp-content\/uploads\/2025\/12\/WhatsApp-Image-2025-12-12-at-8.54.27-AM.jpeg","contentUrl":"https:\/\/cvnoticias.com\/nuevapagina\/wp-content\/uploads\/2025\/12\/WhatsApp-Image-2025-12-12-at-8.54.27-AM.jpeg","width":1440,"height":964},{"@type":"BreadcrumbList","@id":"https:\/\/cvnoticias.com\/nuevapagina\/index.php\/2025\/12\/13\/oaxaca-de-juarez-conmemora-el-38-aniversario-de-su-nombramiento-como-patrimonio-cultural-de-la-humanidad\/#breadcrumb","itemListElement":[{"@type":"ListItem","position":1,"name":"Portada","item":"https:\/\/cvnoticias.com\/nuevapagina\/"},{"@type":"ListItem","position":2,"name":"Oaxaca de Ju\u00e1rez conmemora el 38 aniversario de su nombramiento como Patrimonio Cultural de la Humanidad"}]},{"@type":"WebSite","@id":"https:\/\/cvnoticias.com\/nuevapagina\/#website","url":"https:\/\/cvnoticias.com\/nuevapagina\/","name":"CV Noticias","description":"Noticias de Oaxaca","publisher":{"@id":"https:\/\/cvnoticias.com\/nuevapagina\/#organization"},"potentialAction":[{"@type":"SearchAction","target":{"@type":"EntryPoint","urlTemplate":"https:\/\/cvnoticias.com\/nuevapagina\/?s={search_term_string}"},"query-input":{"@type":"PropertyValueSpecification","valueRequired":true,"valueName":"search_term_string"}}],"inLanguage":"es"},{"@type":"Organization","@id":"https:\/\/cvnoticias.com\/nuevapagina\/#organization","name":"CV Noticias","url":"https:\/\/cvnoticias.com\/nuevapagina\/","logo":{"@type":"ImageObject","inLanguage":"es","@id":"https:\/\/cvnoticias.com\/nuevapagina\/#\/schema\/logo\/image\/","url":"https:\/\/cvnoticias.com\/nuevapagina\/wp-content\/uploads\/2025\/05\/cropped-logo-1.png","contentUrl":"https:\/\/cvnoticias.com\/nuevapagina\/wp-content\/uploads\/2025\/05\/cropped-logo-1.png","width":320,"height":118,"caption":"CV Noticias"},"image":{"@id":"https:\/\/cvnoticias.com\/nuevapagina\/#\/schema\/logo\/image\/"}},{"@type":"Person","@id":"https:\/\/cvnoticias.com\/nuevapagina\/#\/schema\/person\/19e35f246421a31486be7321065f7463","name":"CvNoticias","image":{"@type":"ImageObject","inLanguage":"es","@id":"https:\/\/secure.gravatar.com\/avatar\/c3a4375d38fd8f9b34ac9e853cb706a079817c78f9a39e33b16a2b2b2e51688a?s=96&d=mm&r=g","url":"https:\/\/secure.gravatar.com\/avatar\/c3a4375d38fd8f9b34ac9e853cb706a079817c78f9a39e33b16a2b2b2e51688a?s=96&d=mm&r=g","contentUrl":"https:\/\/secure.gravatar.com\/avatar\/c3a4375d38fd8f9b34ac9e853cb706a079817c78f9a39e33b16a2b2b2e51688a?s=96&d=mm&r=g","caption":"CvNoticias"},"url":"https:\/\/cvnoticias.com\/nuevapagina\/index.php\/author\/gesner\/"}]}},"_links":{"self":[{"href":"https:\/\/cvnoticias.com\/nuevapagina\/index.php\/wp-json\/wp\/v2\/posts\/4365","targetHints":{"allow":["GET"]}}],"collection":[{"href":"https:\/\/cvnoticias.com\/nuevapagina\/index.php\/wp-json\/wp\/v2\/posts"}],"about":[{"href":"https:\/\/cvnoticias.com\/nuevapagina\/index.php\/wp-json\/wp\/v2\/types\/post"}],"author":[{"embeddable":true,"href":"https:\/\/cvnoticias.com\/nuevapagina\/index.php\/wp-json\/wp\/v2\/users\/2"}],"replies":[{"embeddable":true,"href":"https:\/\/cvnoticias.com\/nuevapagina\/index.php\/wp-json\/wp\/v2\/comments?post=4365"}],"version-history":[{"count":1,"href":"https:\/\/cvnoticias.com\/nuevapagina\/index.php\/wp-json\/wp\/v2\/posts\/4365\/revisions"}],"predecessor-version":[{"id":4366,"href":"https:\/\/cvnoticias.com\/nuevapagina\/index.php\/wp-json\/wp\/v2\/posts\/4365\/revisions\/4366"}],"wp:featuredmedia":[{"embeddable":true,"href":"https:\/\/cvnoticias.com\/nuevapagina\/index.php\/wp-json\/wp\/v2\/media\/4356"}],"wp:attachment":[{"href":"https:\/\/cvnoticias.com\/nuevapagina\/index.php\/wp-json\/wp\/v2\/media?parent=4365"}],"wp:term":[{"taxonomy":"category","embeddable":true,"href":"https:\/\/cvnoticias.com\/nuevapagina\/index.php\/wp-json\/wp\/v2\/categories?post=4365"},{"taxonomy":"post_tag","embeddable":true,"href":"https:\/\/cvnoticias.com\/nuevapagina\/index.php\/wp-json\/wp\/v2\/tags?post=4365"}],"curies":[{"name":"wp","href":"https:\/\/api.w.org\/{rel}","templated":true}]}}