{"id":4341,"date":"2025-12-11T14:55:15","date_gmt":"2025-12-11T14:55:15","guid":{"rendered":"https:\/\/cvnoticias.com\/nuevapagina\/?p=4341"},"modified":"2025-12-11T14:55:17","modified_gmt":"2025-12-11T14:55:17","slug":"congreso-de-oaxaca-impulsa-agenda-contra-la-violencia-de-genero-para-2026","status":"publish","type":"post","link":"https:\/\/cvnoticias.com\/nuevapagina\/index.php\/2025\/12\/11\/congreso-de-oaxaca-impulsa-agenda-contra-la-violencia-de-genero-para-2026\/","title":{"rendered":"Congreso de Oaxaca impulsa agenda contra la violencia de g\u00e9nero para 2026"},"content":{"rendered":"\n<p><\/p>\n\n\n\n<ul class=\"wp-block-list\">\n<li>En el informe legislativo de la diputada Concepci\u00f3n Rueda G\u00f3mez, la presidenta de la Jucopo, Tania Caballero; y la presidenta de la Mesa Directiva, Eva Diego Cruz, anunciaron que en 2026 el Poder Legislativo priorizar\u00e1 los derechos de las mujeres, especialmente de mujeres ind\u00edgenas y afromexicanas.<\/li>\n<\/ul>\n\n\n\n<p>Oaxaca de Ju\u00e1rez, Oax., 10 de diciembre de 2025.- El Congreso del Estado anunci\u00f3 que impulsar\u00e1 para 2026 una Agenda Violeta, enfocada en revertir la violencia pol\u00edtica en raz\u00f3n de g\u00e9nero, enfrentar los altos \u00edndices de violencia que viven ni\u00f1as, adolescentes y mujeres, y garantizar el ejercicio pleno de la paridad en municipios ind\u00edgenas y afromexicanos. Este compromiso legislativo se sustenta en la obligaci\u00f3n del Estado de garantizar la igualdad sustantiva y el acceso efectivo a una vida libre de violencias.<\/p>\n\n\n\n<p>El anuncio fue realizado por la diputada Tania Caballero Navarro, presidenta de la Junta de Coordinaci\u00f3n Pol\u00edtica (Jucopo), durante el informe legislativo por la legisladora Concepci\u00f3n Rueda G\u00f3mez. Caballero Navarro se\u00f1al\u00f3 que el Poder Legislativo tiene la responsabilidad de adoptar una agenda con perspectiva de g\u00e9nero que atienda las desigualdades estructurales que hist\u00f3ricamente han afectado a las mujeres en Oaxaca.<\/p>\n\n\n\n<p>En el mismo sentido, la presidenta de la Mesa Directiva, Eva Diego Cruz, reforz\u00f3 el compromiso institucional para 2026 al afirmar que el Congreso avanzar\u00e1 unido en el fortalecimiento de una agenda feminista robusta, articulada y de largo alcance. Subray\u00f3 que la legislaci\u00f3n y las pol\u00edticas p\u00fablicas deber\u00e1n responder a las realidades diversas de las mujeres, particularmente de quienes enfrentan m\u00faltiples formas de discriminaci\u00f3n, como las mujeres ind\u00edgenas y afromexicanas.<\/p>\n\n\n\n<p>Por su parte y durante su informe, Rueda G\u00f3mez afirm\u00f3 que la Agenda Violeta \u201cno es solo una frase, sino una huella que debe quedar en cada rinc\u00f3n de Oaxaca\u201d. Explic\u00f3 que \u00e9sta se centrar\u00e1 en la defensa firme de los derechos de las mujeres y en la transformaci\u00f3n institucional necesaria para garantizar que el Estado responda con eficacia, sensibilidad y perspectiva de g\u00e9nero a las demandas de justicia.<\/p>\n\n\n\n<p>Rueda G\u00f3mez destac\u00f3 que esta labor implica congruencia y valent\u00eda, y subray\u00f3 que la construcci\u00f3n de esta agenda se fortalecer\u00e1 mediante el trabajo conjunto con defensoras de los derechos humanos, activistas y colectivas feministas, quienes han sido clave en la lucha por la igualdad y la erradicaci\u00f3n de violencias.<\/p>\n\n\n\n<p>Con este anuncio, el Poder Legislativo reafirma su compromiso de construir un 2026 en el que la igualdad sustantiva, la paridad pol\u00edtica, la erradicaci\u00f3n de las violencias y la garant\u00eda plena de los derechos de las mujeres sean ejes prioritarios en la agenda p\u00fablica.<\/p>\n","protected":false},"excerpt":{"rendered":"<p>Oaxaca de Ju\u00e1rez, Oax., 10 de diciembre de 2025.- El Congreso del Estado anunci\u00f3 que&#8230;<\/p>\n","protected":false},"author":2,"featured_media":4332,"comment_status":"open","ping_status":"closed","sticky":false,"template":"","format":"standard","meta":{"footnotes":""},"categories":[3],"tags":[],"class_list":["post-4341","post","type-post","status-publish","format-standard","has-post-thumbnail","hentry","category-comunicadosdeprensa"],"yoast_head":"<!-- This site is optimized with the Yoast SEO plugin v27.5 - https:\/\/yoast.com\/product\/yoast-seo-wordpress\/ -->\n<title>Congreso de Oaxaca impulsa agenda contra la violencia de g\u00e9nero para 2026 - CV Noticias<\/title>\n<meta name=\"robots\" content=\"index, follow, max-snippet:-1, max-image-preview:large, max-video-preview:-1\" \/>\n<link rel=\"canonical\" href=\"https:\/\/cvnoticias.com\/nuevapagina\/index.php\/2025\/12\/11\/congreso-de-oaxaca-impulsa-agenda-contra-la-violencia-de-genero-para-2026\/\" \/>\n<meta property=\"og:locale\" content=\"es_ES\" \/>\n<meta property=\"og:type\" content=\"article\" \/>\n<meta property=\"og:title\" content=\"Congreso de Oaxaca impulsa agenda contra la violencia de g\u00e9nero para 2026 - CV Noticias\" \/>\n<meta property=\"og:description\" content=\"Oaxaca de Ju\u00e1rez, Oax., 10 de diciembre de 2025.- El Congreso del Estado anunci\u00f3 que...\" \/>\n<meta property=\"og:url\" content=\"https:\/\/cvnoticias.com\/nuevapagina\/index.php\/2025\/12\/11\/congreso-de-oaxaca-impulsa-agenda-contra-la-violencia-de-genero-para-2026\/\" \/>\n<meta property=\"og:site_name\" content=\"CV Noticias\" \/>\n<meta property=\"article:published_time\" content=\"2025-12-11T14:55:15+00:00\" \/>\n<meta property=\"article:modified_time\" content=\"2025-12-11T14:55:17+00:00\" \/>\n<meta property=\"og:image\" content=\"https:\/\/cvnoticias.com\/nuevapagina\/wp-content\/uploads\/2025\/12\/WhatsApp-Image-2025-12-10-at-10.08.03-PM.jpeg\" \/>\n\t<meta property=\"og:image:width\" content=\"2560\" \/>\n\t<meta property=\"og:image:height\" content=\"1706\" \/>\n\t<meta property=\"og:image:type\" content=\"image\/jpeg\" \/>\n<meta name=\"author\" content=\"CvNoticias\" \/>\n<meta name=\"twitter:card\" content=\"summary_large_image\" \/>\n<meta name=\"twitter:label1\" content=\"Escrito por\" \/>\n\t<meta name=\"twitter:data1\" content=\"CvNoticias\" \/>\n\t<meta name=\"twitter:label2\" content=\"Tiempo de lectura\" \/>\n\t<meta name=\"twitter:data2\" content=\"3 minutos\" \/>\n<script type=\"application\/ld+json\" class=\"yoast-schema-graph\">{\"@context\":\"https:\\\/\\\/schema.org\",\"@graph\":[{\"@type\":\"Article\",\"@id\":\"https:\\\/\\\/cvnoticias.com\\\/nuevapagina\\\/index.php\\\/2025\\\/12\\\/11\\\/congreso-de-oaxaca-impulsa-agenda-contra-la-violencia-de-genero-para-2026\\\/#article\",\"isPartOf\":{\"@id\":\"https:\\\/\\\/cvnoticias.com\\\/nuevapagina\\\/index.php\\\/2025\\\/12\\\/11\\\/congreso-de-oaxaca-impulsa-agenda-contra-la-violencia-de-genero-para-2026\\\/\"},\"author\":{\"name\":\"CvNoticias\",\"@id\":\"https:\\\/\\\/cvnoticias.com\\\/nuevapagina\\\/#\\\/schema\\\/person\\\/19e35f246421a31486be7321065f7463\"},\"headline\":\"Congreso de Oaxaca impulsa agenda contra la violencia de g\u00e9nero para 2026\",\"datePublished\":\"2025-12-11T14:55:15+00:00\",\"dateModified\":\"2025-12-11T14:55:17+00:00\",\"mainEntityOfPage\":{\"@id\":\"https:\\\/\\\/cvnoticias.com\\\/nuevapagina\\\/index.php\\\/2025\\\/12\\\/11\\\/congreso-de-oaxaca-impulsa-agenda-contra-la-violencia-de-genero-para-2026\\\/\"},\"wordCount\":462,\"commentCount\":0,\"publisher\":{\"@id\":\"https:\\\/\\\/cvnoticias.com\\\/nuevapagina\\\/#organization\"},\"image\":{\"@id\":\"https:\\\/\\\/cvnoticias.com\\\/nuevapagina\\\/index.php\\\/2025\\\/12\\\/11\\\/congreso-de-oaxaca-impulsa-agenda-contra-la-violencia-de-genero-para-2026\\\/#primaryimage\"},\"thumbnailUrl\":\"https:\\\/\\\/cvnoticias.com\\\/nuevapagina\\\/wp-content\\\/uploads\\\/2025\\\/12\\\/WhatsApp-Image-2025-12-10-at-10.08.03-PM.jpeg\",\"articleSection\":[\"Comunicados\"],\"inLanguage\":\"es\",\"potentialAction\":[{\"@type\":\"CommentAction\",\"name\":\"Comment\",\"target\":[\"https:\\\/\\\/cvnoticias.com\\\/nuevapagina\\\/index.php\\\/2025\\\/12\\\/11\\\/congreso-de-oaxaca-impulsa-agenda-contra-la-violencia-de-genero-para-2026\\\/#respond\"]}]},{\"@type\":\"WebPage\",\"@id\":\"https:\\\/\\\/cvnoticias.com\\\/nuevapagina\\\/index.php\\\/2025\\\/12\\\/11\\\/congreso-de-oaxaca-impulsa-agenda-contra-la-violencia-de-genero-para-2026\\\/\",\"url\":\"https:\\\/\\\/cvnoticias.com\\\/nuevapagina\\\/index.php\\\/2025\\\/12\\\/11\\\/congreso-de-oaxaca-impulsa-agenda-contra-la-violencia-de-genero-para-2026\\\/\",\"name\":\"Congreso de Oaxaca impulsa agenda contra la violencia de g\u00e9nero para 2026 - CV Noticias\",\"isPartOf\":{\"@id\":\"https:\\\/\\\/cvnoticias.com\\\/nuevapagina\\\/#website\"},\"primaryImageOfPage\":{\"@id\":\"https:\\\/\\\/cvnoticias.com\\\/nuevapagina\\\/index.php\\\/2025\\\/12\\\/11\\\/congreso-de-oaxaca-impulsa-agenda-contra-la-violencia-de-genero-para-2026\\\/#primaryimage\"},\"image\":{\"@id\":\"https:\\\/\\\/cvnoticias.com\\\/nuevapagina\\\/index.php\\\/2025\\\/12\\\/11\\\/congreso-de-oaxaca-impulsa-agenda-contra-la-violencia-de-genero-para-2026\\\/#primaryimage\"},\"thumbnailUrl\":\"https:\\\/\\\/cvnoticias.com\\\/nuevapagina\\\/wp-content\\\/uploads\\\/2025\\\/12\\\/WhatsApp-Image-2025-12-10-at-10.08.03-PM.jpeg\",\"datePublished\":\"2025-12-11T14:55:15+00:00\",\"dateModified\":\"2025-12-11T14:55:17+00:00\",\"breadcrumb\":{\"@id\":\"https:\\\/\\\/cvnoticias.com\\\/nuevapagina\\\/index.php\\\/2025\\\/12\\\/11\\\/congreso-de-oaxaca-impulsa-agenda-contra-la-violencia-de-genero-para-2026\\\/#breadcrumb\"},\"inLanguage\":\"es\",\"potentialAction\":[{\"@type\":\"ReadAction\",\"target\":[\"https:\\\/\\\/cvnoticias.com\\\/nuevapagina\\\/index.php\\\/2025\\\/12\\\/11\\\/congreso-de-oaxaca-impulsa-agenda-contra-la-violencia-de-genero-para-2026\\\/\"]}]},{\"@type\":\"ImageObject\",\"inLanguage\":\"es\",\"@id\":\"https:\\\/\\\/cvnoticias.com\\\/nuevapagina\\\/index.php\\\/2025\\\/12\\\/11\\\/congreso-de-oaxaca-impulsa-agenda-contra-la-violencia-de-genero-para-2026\\\/#primaryimage\",\"url\":\"https:\\\/\\\/cvnoticias.com\\\/nuevapagina\\\/wp-content\\\/uploads\\\/2025\\\/12\\\/WhatsApp-Image-2025-12-10-at-10.08.03-PM.jpeg\",\"contentUrl\":\"https:\\\/\\\/cvnoticias.com\\\/nuevapagina\\\/wp-content\\\/uploads\\\/2025\\\/12\\\/WhatsApp-Image-2025-12-10-at-10.08.03-PM.jpeg\",\"width\":2560,\"height\":1706},{\"@type\":\"BreadcrumbList\",\"@id\":\"https:\\\/\\\/cvnoticias.com\\\/nuevapagina\\\/index.php\\\/2025\\\/12\\\/11\\\/congreso-de-oaxaca-impulsa-agenda-contra-la-violencia-de-genero-para-2026\\\/#breadcrumb\",\"itemListElement\":[{\"@type\":\"ListItem\",\"position\":1,\"name\":\"Portada\",\"item\":\"https:\\\/\\\/cvnoticias.com\\\/nuevapagina\\\/\"},{\"@type\":\"ListItem\",\"position\":2,\"name\":\"Congreso de Oaxaca impulsa agenda contra la violencia de g\u00e9nero para 2026\"}]},{\"@type\":\"WebSite\",\"@id\":\"https:\\\/\\\/cvnoticias.com\\\/nuevapagina\\\/#website\",\"url\":\"https:\\\/\\\/cvnoticias.com\\\/nuevapagina\\\/\",\"name\":\"CV Noticias\",\"description\":\"Noticias de Oaxaca\",\"publisher\":{\"@id\":\"https:\\\/\\\/cvnoticias.com\\\/nuevapagina\\\/#organization\"},\"potentialAction\":[{\"@type\":\"SearchAction\",\"target\":{\"@type\":\"EntryPoint\",\"urlTemplate\":\"https:\\\/\\\/cvnoticias.com\\\/nuevapagina\\\/?s={search_term_string}\"},\"query-input\":{\"@type\":\"PropertyValueSpecification\",\"valueRequired\":true,\"valueName\":\"search_term_string\"}}],\"inLanguage\":\"es\"},{\"@type\":\"Organization\",\"@id\":\"https:\\\/\\\/cvnoticias.com\\\/nuevapagina\\\/#organization\",\"name\":\"CV Noticias\",\"url\":\"https:\\\/\\\/cvnoticias.com\\\/nuevapagina\\\/\",\"logo\":{\"@type\":\"ImageObject\",\"inLanguage\":\"es\",\"@id\":\"https:\\\/\\\/cvnoticias.com\\\/nuevapagina\\\/#\\\/schema\\\/logo\\\/image\\\/\",\"url\":\"https:\\\/\\\/cvnoticias.com\\\/nuevapagina\\\/wp-content\\\/uploads\\\/2025\\\/05\\\/cropped-logo-1.png\",\"contentUrl\":\"https:\\\/\\\/cvnoticias.com\\\/nuevapagina\\\/wp-content\\\/uploads\\\/2025\\\/05\\\/cropped-logo-1.png\",\"width\":320,\"height\":118,\"caption\":\"CV Noticias\"},\"image\":{\"@id\":\"https:\\\/\\\/cvnoticias.com\\\/nuevapagina\\\/#\\\/schema\\\/logo\\\/image\\\/\"}},{\"@type\":\"Person\",\"@id\":\"https:\\\/\\\/cvnoticias.com\\\/nuevapagina\\\/#\\\/schema\\\/person\\\/19e35f246421a31486be7321065f7463\",\"name\":\"CvNoticias\",\"image\":{\"@type\":\"ImageObject\",\"inLanguage\":\"es\",\"@id\":\"https:\\\/\\\/secure.gravatar.com\\\/avatar\\\/c3a4375d38fd8f9b34ac9e853cb706a079817c78f9a39e33b16a2b2b2e51688a?s=96&d=mm&r=g\",\"url\":\"https:\\\/\\\/secure.gravatar.com\\\/avatar\\\/c3a4375d38fd8f9b34ac9e853cb706a079817c78f9a39e33b16a2b2b2e51688a?s=96&d=mm&r=g\",\"contentUrl\":\"https:\\\/\\\/secure.gravatar.com\\\/avatar\\\/c3a4375d38fd8f9b34ac9e853cb706a079817c78f9a39e33b16a2b2b2e51688a?s=96&d=mm&r=g\",\"caption\":\"CvNoticias\"},\"url\":\"https:\\\/\\\/cvnoticias.com\\\/nuevapagina\\\/index.php\\\/author\\\/gesner\\\/\"}]}<\/script>\n<!-- \/ Yoast SEO plugin. -->","yoast_head_json":{"title":"Congreso de Oaxaca impulsa agenda contra la violencia de g\u00e9nero para 2026 - CV Noticias","robots":{"index":"index","follow":"follow","max-snippet":"max-snippet:-1","max-image-preview":"max-image-preview:large","max-video-preview":"max-video-preview:-1"},"canonical":"https:\/\/cvnoticias.com\/nuevapagina\/index.php\/2025\/12\/11\/congreso-de-oaxaca-impulsa-agenda-contra-la-violencia-de-genero-para-2026\/","og_locale":"es_ES","og_type":"article","og_title":"Congreso de Oaxaca impulsa agenda contra la violencia de g\u00e9nero para 2026 - CV Noticias","og_description":"Oaxaca de Ju\u00e1rez, Oax., 10 de diciembre de 2025.- El Congreso del Estado anunci\u00f3 que...","og_url":"https:\/\/cvnoticias.com\/nuevapagina\/index.php\/2025\/12\/11\/congreso-de-oaxaca-impulsa-agenda-contra-la-violencia-de-genero-para-2026\/","og_site_name":"CV Noticias","article_published_time":"2025-12-11T14:55:15+00:00","article_modified_time":"2025-12-11T14:55:17+00:00","og_image":[{"width":2560,"height":1706,"url":"https:\/\/cvnoticias.com\/nuevapagina\/wp-content\/uploads\/2025\/12\/WhatsApp-Image-2025-12-10-at-10.08.03-PM.jpeg","type":"image\/jpeg"}],"author":"CvNoticias","twitter_card":"summary_large_image","twitter_misc":{"Escrito por":"CvNoticias","Tiempo de lectura":"3 minutos"},"schema":{"@context":"https:\/\/schema.org","@graph":[{"@type":"Article","@id":"https:\/\/cvnoticias.com\/nuevapagina\/index.php\/2025\/12\/11\/congreso-de-oaxaca-impulsa-agenda-contra-la-violencia-de-genero-para-2026\/#article","isPartOf":{"@id":"https:\/\/cvnoticias.com\/nuevapagina\/index.php\/2025\/12\/11\/congreso-de-oaxaca-impulsa-agenda-contra-la-violencia-de-genero-para-2026\/"},"author":{"name":"CvNoticias","@id":"https:\/\/cvnoticias.com\/nuevapagina\/#\/schema\/person\/19e35f246421a31486be7321065f7463"},"headline":"Congreso de Oaxaca impulsa agenda contra la violencia de g\u00e9nero para 2026","datePublished":"2025-12-11T14:55:15+00:00","dateModified":"2025-12-11T14:55:17+00:00","mainEntityOfPage":{"@id":"https:\/\/cvnoticias.com\/nuevapagina\/index.php\/2025\/12\/11\/congreso-de-oaxaca-impulsa-agenda-contra-la-violencia-de-genero-para-2026\/"},"wordCount":462,"commentCount":0,"publisher":{"@id":"https:\/\/cvnoticias.com\/nuevapagina\/#organization"},"image":{"@id":"https:\/\/cvnoticias.com\/nuevapagina\/index.php\/2025\/12\/11\/congreso-de-oaxaca-impulsa-agenda-contra-la-violencia-de-genero-para-2026\/#primaryimage"},"thumbnailUrl":"https:\/\/cvnoticias.com\/nuevapagina\/wp-content\/uploads\/2025\/12\/WhatsApp-Image-2025-12-10-at-10.08.03-PM.jpeg","articleSection":["Comunicados"],"inLanguage":"es","potentialAction":[{"@type":"CommentAction","name":"Comment","target":["https:\/\/cvnoticias.com\/nuevapagina\/index.php\/2025\/12\/11\/congreso-de-oaxaca-impulsa-agenda-contra-la-violencia-de-genero-para-2026\/#respond"]}]},{"@type":"WebPage","@id":"https:\/\/cvnoticias.com\/nuevapagina\/index.php\/2025\/12\/11\/congreso-de-oaxaca-impulsa-agenda-contra-la-violencia-de-genero-para-2026\/","url":"https:\/\/cvnoticias.com\/nuevapagina\/index.php\/2025\/12\/11\/congreso-de-oaxaca-impulsa-agenda-contra-la-violencia-de-genero-para-2026\/","name":"Congreso de Oaxaca impulsa agenda contra la violencia de g\u00e9nero para 2026 - CV Noticias","isPartOf":{"@id":"https:\/\/cvnoticias.com\/nuevapagina\/#website"},"primaryImageOfPage":{"@id":"https:\/\/cvnoticias.com\/nuevapagina\/index.php\/2025\/12\/11\/congreso-de-oaxaca-impulsa-agenda-contra-la-violencia-de-genero-para-2026\/#primaryimage"},"image":{"@id":"https:\/\/cvnoticias.com\/nuevapagina\/index.php\/2025\/12\/11\/congreso-de-oaxaca-impulsa-agenda-contra-la-violencia-de-genero-para-2026\/#primaryimage"},"thumbnailUrl":"https:\/\/cvnoticias.com\/nuevapagina\/wp-content\/uploads\/2025\/12\/WhatsApp-Image-2025-12-10-at-10.08.03-PM.jpeg","datePublished":"2025-12-11T14:55:15+00:00","dateModified":"2025-12-11T14:55:17+00:00","breadcrumb":{"@id":"https:\/\/cvnoticias.com\/nuevapagina\/index.php\/2025\/12\/11\/congreso-de-oaxaca-impulsa-agenda-contra-la-violencia-de-genero-para-2026\/#breadcrumb"},"inLanguage":"es","potentialAction":[{"@type":"ReadAction","target":["https:\/\/cvnoticias.com\/nuevapagina\/index.php\/2025\/12\/11\/congreso-de-oaxaca-impulsa-agenda-contra-la-violencia-de-genero-para-2026\/"]}]},{"@type":"ImageObject","inLanguage":"es","@id":"https:\/\/cvnoticias.com\/nuevapagina\/index.php\/2025\/12\/11\/congreso-de-oaxaca-impulsa-agenda-contra-la-violencia-de-genero-para-2026\/#primaryimage","url":"https:\/\/cvnoticias.com\/nuevapagina\/wp-content\/uploads\/2025\/12\/WhatsApp-Image-2025-12-10-at-10.08.03-PM.jpeg","contentUrl":"https:\/\/cvnoticias.com\/nuevapagina\/wp-content\/uploads\/2025\/12\/WhatsApp-Image-2025-12-10-at-10.08.03-PM.jpeg","width":2560,"height":1706},{"@type":"BreadcrumbList","@id":"https:\/\/cvnoticias.com\/nuevapagina\/index.php\/2025\/12\/11\/congreso-de-oaxaca-impulsa-agenda-contra-la-violencia-de-genero-para-2026\/#breadcrumb","itemListElement":[{"@type":"ListItem","position":1,"name":"Portada","item":"https:\/\/cvnoticias.com\/nuevapagina\/"},{"@type":"ListItem","position":2,"name":"Congreso de Oaxaca impulsa agenda contra la violencia de g\u00e9nero para 2026"}]},{"@type":"WebSite","@id":"https:\/\/cvnoticias.com\/nuevapagina\/#website","url":"https:\/\/cvnoticias.com\/nuevapagina\/","name":"CV Noticias","description":"Noticias de Oaxaca","publisher":{"@id":"https:\/\/cvnoticias.com\/nuevapagina\/#organization"},"potentialAction":[{"@type":"SearchAction","target":{"@type":"EntryPoint","urlTemplate":"https:\/\/cvnoticias.com\/nuevapagina\/?s={search_term_string}"},"query-input":{"@type":"PropertyValueSpecification","valueRequired":true,"valueName":"search_term_string"}}],"inLanguage":"es"},{"@type":"Organization","@id":"https:\/\/cvnoticias.com\/nuevapagina\/#organization","name":"CV Noticias","url":"https:\/\/cvnoticias.com\/nuevapagina\/","logo":{"@type":"ImageObject","inLanguage":"es","@id":"https:\/\/cvnoticias.com\/nuevapagina\/#\/schema\/logo\/image\/","url":"https:\/\/cvnoticias.com\/nuevapagina\/wp-content\/uploads\/2025\/05\/cropped-logo-1.png","contentUrl":"https:\/\/cvnoticias.com\/nuevapagina\/wp-content\/uploads\/2025\/05\/cropped-logo-1.png","width":320,"height":118,"caption":"CV Noticias"},"image":{"@id":"https:\/\/cvnoticias.com\/nuevapagina\/#\/schema\/logo\/image\/"}},{"@type":"Person","@id":"https:\/\/cvnoticias.com\/nuevapagina\/#\/schema\/person\/19e35f246421a31486be7321065f7463","name":"CvNoticias","image":{"@type":"ImageObject","inLanguage":"es","@id":"https:\/\/secure.gravatar.com\/avatar\/c3a4375d38fd8f9b34ac9e853cb706a079817c78f9a39e33b16a2b2b2e51688a?s=96&d=mm&r=g","url":"https:\/\/secure.gravatar.com\/avatar\/c3a4375d38fd8f9b34ac9e853cb706a079817c78f9a39e33b16a2b2b2e51688a?s=96&d=mm&r=g","contentUrl":"https:\/\/secure.gravatar.com\/avatar\/c3a4375d38fd8f9b34ac9e853cb706a079817c78f9a39e33b16a2b2b2e51688a?s=96&d=mm&r=g","caption":"CvNoticias"},"url":"https:\/\/cvnoticias.com\/nuevapagina\/index.php\/author\/gesner\/"}]}},"_links":{"self":[{"href":"https:\/\/cvnoticias.com\/nuevapagina\/index.php\/wp-json\/wp\/v2\/posts\/4341","targetHints":{"allow":["GET"]}}],"collection":[{"href":"https:\/\/cvnoticias.com\/nuevapagina\/index.php\/wp-json\/wp\/v2\/posts"}],"about":[{"href":"https:\/\/cvnoticias.com\/nuevapagina\/index.php\/wp-json\/wp\/v2\/types\/post"}],"author":[{"embeddable":true,"href":"https:\/\/cvnoticias.com\/nuevapagina\/index.php\/wp-json\/wp\/v2\/users\/2"}],"replies":[{"embeddable":true,"href":"https:\/\/cvnoticias.com\/nuevapagina\/index.php\/wp-json\/wp\/v2\/comments?post=4341"}],"version-history":[{"count":1,"href":"https:\/\/cvnoticias.com\/nuevapagina\/index.php\/wp-json\/wp\/v2\/posts\/4341\/revisions"}],"predecessor-version":[{"id":4342,"href":"https:\/\/cvnoticias.com\/nuevapagina\/index.php\/wp-json\/wp\/v2\/posts\/4341\/revisions\/4342"}],"wp:featuredmedia":[{"embeddable":true,"href":"https:\/\/cvnoticias.com\/nuevapagina\/index.php\/wp-json\/wp\/v2\/media\/4332"}],"wp:attachment":[{"href":"https:\/\/cvnoticias.com\/nuevapagina\/index.php\/wp-json\/wp\/v2\/media?parent=4341"}],"wp:term":[{"taxonomy":"category","embeddable":true,"href":"https:\/\/cvnoticias.com\/nuevapagina\/index.php\/wp-json\/wp\/v2\/categories?post=4341"},{"taxonomy":"post_tag","embeddable":true,"href":"https:\/\/cvnoticias.com\/nuevapagina\/index.php\/wp-json\/wp\/v2\/tags?post=4341"}],"curies":[{"name":"wp","href":"https:\/\/api.w.org\/{rel}","templated":true}]}}