{"id":4337,"date":"2025-12-11T14:52:25","date_gmt":"2025-12-11T14:52:25","guid":{"rendered":"https:\/\/cvnoticias.com\/nuevapagina\/?p=4337"},"modified":"2025-12-11T14:52:28","modified_gmt":"2025-12-11T14:52:28","slug":"exhorta-poder-legislativo-a-reforzar-la-supervision-de-la-venta-y-uso-de-pirotecnia-durante-las-fiestas-decembrinas","status":"publish","type":"post","link":"https:\/\/cvnoticias.com\/nuevapagina\/index.php\/2025\/12\/11\/exhorta-poder-legislativo-a-reforzar-la-supervision-de-la-venta-y-uso-de-pirotecnia-durante-las-fiestas-decembrinas\/","title":{"rendered":"Exhorta Poder Legislativo a reforzar la supervisi\u00f3n de la venta y uso de pirotecnia durante las fiestas decembrinas"},"content":{"rendered":"\n<p><\/p>\n\n\n\n<ul class=\"wp-block-list\">\n<li>Dependencias estatales y autoridades municipales deber\u00e1n clausurar puntos de venta clandestinos<\/li>\n<\/ul>\n\n\n\n<p>San Raymundo Jalpan, Oax., a 10 de diciembre de 2025.- En Sesi\u00f3n Ordinaria, el Parlamento local aprob\u00f3 dos Puntos de Acuerdo de Urgente y Obvia Resoluci\u00f3n para exhortar a diversas dependencias estatales y autoridades municipales, con el fin de fortalecer la vigilancia, supervisi\u00f3n y control de la venta y uso de pirotecnia; as\u00ed como reforzar las acciones de seguridad durante las festividades decembrinas.<\/p>\n\n\n\n<p>El primer exhorto, presentado de manera particular por la diputada Mar\u00eda Francisca Antonio Santiago y el legislador Juan Marcelino S\u00e1nchez Valdivieso, del Grupo Parlamentario de Morena, insta a la Secretar\u00eda de Gobierno (Sego), a la Coordinaci\u00f3n Estatal de Protecci\u00f3n Civil y Gesti\u00f3n Integral de Riesgos (CEPCyGR) y a los 570 Ayuntamientos a intensificar la vigilancia y el control del comercio de pirotecnia en la entidad.<\/p>\n\n\n\n<p>Adem\u00e1s, se deber\u00e1n detectar y clausurar puntos de venta irregulares, verificar permisos, asegurar el cumplimiento de medidas m\u00ednimas de seguridad y difundir informaci\u00f3n preventiva, priorizando la protecci\u00f3n de las y los ciudadanos.<\/p>\n\n\n\n<p>Esta pr\u00e1ctica, aunque profundamente arraigada en la cultura oaxaque\u00f1a, implica riesgos sustanciales para la integridad, adem\u00e1s de impactos ambientales y afectaciones a la fauna, por ello se busca consolidar medidas de prevenci\u00f3n, inspecci\u00f3n y difusi\u00f3n sobre el manejo adecuado de estos artefactos, con el prop\u00f3sito de disminuir accidentes, quemaduras, incendios y otras emergencias que puedan afectar a la poblaci\u00f3n durante las fiestas de fin de a\u00f1o.<\/p>\n\n\n\n<p>Asimismo, S\u00e1nchez Valdivieso present\u00f3 un exhorto dirigido a la Secretar\u00eda de Seguridad y Protecci\u00f3n Ciudadana (SSPC) y a las autoridades de los 570 municipios, para que fortalezcan las medidas de vigilancia, patrullaje, prevenci\u00f3n del delito y seguridad vial durante estas fechas, con el prop\u00f3sito de reducir la ocurrencia de il\u00edcitos cometidos contra visitantes, turistas, peregrinos, migrantes en retorno y habitantes de la entidad, as\u00ed como para prevenir hechos de tr\u00e1nsito derivados del incremento del flujo vehicular en este periodo.<\/p>\n\n\n\n<p>Con esta acci\u00f3n se busca garantizar un ambiente de tranquilidad durante los meses de diciembre y enero, pues representan uno de los periodos de mayor concurrencia de poblaci\u00f3n, crecimiento de la movilidad y un incremento de ventas en establecimientos, de ah\u00ed la necesidad de redoblar esfuerzos institucionales que protejan a locales y visitantes.<\/p>\n\n\n\n<p>De acuerdo al legislador, lo anterior va m\u00e1s all\u00e1 de una obligaci\u00f3n constitucional, pues es una muestra de hospitalidad y respeto hacia quienes eligen a Oaxaca para celebrar, reencontrarse con sus familias, por razones de fe o para disfrutar de su patrimonio cultural.<\/p>\n","protected":false},"excerpt":{"rendered":"<p>San Raymundo Jalpan, Oax., a 10 de diciembre de 2025.- En Sesi\u00f3n Ordinaria, el Parlamento&#8230;<\/p>\n","protected":false},"author":2,"featured_media":4335,"comment_status":"open","ping_status":"closed","sticky":false,"template":"","format":"standard","meta":{"footnotes":""},"categories":[3],"tags":[],"class_list":["post-4337","post","type-post","status-publish","format-standard","has-post-thumbnail","hentry","category-comunicadosdeprensa"],"yoast_head":"<!-- This site is optimized with the Yoast SEO plugin v27.5 - https:\/\/yoast.com\/product\/yoast-seo-wordpress\/ -->\n<title>Exhorta Poder Legislativo a reforzar la supervisi\u00f3n de la venta y uso de pirotecnia durante las fiestas decembrinas - CV Noticias<\/title>\n<meta name=\"robots\" content=\"index, follow, max-snippet:-1, max-image-preview:large, max-video-preview:-1\" \/>\n<link rel=\"canonical\" href=\"https:\/\/cvnoticias.com\/nuevapagina\/index.php\/2025\/12\/11\/exhorta-poder-legislativo-a-reforzar-la-supervision-de-la-venta-y-uso-de-pirotecnia-durante-las-fiestas-decembrinas\/\" \/>\n<meta property=\"og:locale\" content=\"es_ES\" \/>\n<meta property=\"og:type\" content=\"article\" \/>\n<meta property=\"og:title\" content=\"Exhorta Poder Legislativo a reforzar la supervisi\u00f3n de la venta y uso de pirotecnia durante las fiestas decembrinas - CV Noticias\" \/>\n<meta property=\"og:description\" content=\"San Raymundo Jalpan, Oax., a 10 de diciembre de 2025.- En Sesi\u00f3n Ordinaria, el Parlamento...\" \/>\n<meta property=\"og:url\" content=\"https:\/\/cvnoticias.com\/nuevapagina\/index.php\/2025\/12\/11\/exhorta-poder-legislativo-a-reforzar-la-supervision-de-la-venta-y-uso-de-pirotecnia-durante-las-fiestas-decembrinas\/\" \/>\n<meta property=\"og:site_name\" content=\"CV Noticias\" \/>\n<meta property=\"article:published_time\" content=\"2025-12-11T14:52:25+00:00\" \/>\n<meta property=\"article:modified_time\" content=\"2025-12-11T14:52:28+00:00\" \/>\n<meta property=\"og:image\" content=\"https:\/\/cvnoticias.com\/nuevapagina\/wp-content\/uploads\/2025\/12\/WhatsApp-Image-2025-12-10-at-4.35.00-PM.jpeg\" \/>\n\t<meta property=\"og:image:width\" content=\"1280\" \/>\n\t<meta property=\"og:image:height\" content=\"853\" \/>\n\t<meta property=\"og:image:type\" content=\"image\/jpeg\" \/>\n<meta name=\"author\" content=\"CvNoticias\" \/>\n<meta name=\"twitter:card\" content=\"summary_large_image\" \/>\n<meta name=\"twitter:label1\" content=\"Escrito por\" \/>\n\t<meta name=\"twitter:data1\" content=\"CvNoticias\" \/>\n\t<meta name=\"twitter:label2\" content=\"Tiempo de lectura\" \/>\n\t<meta name=\"twitter:data2\" content=\"3 minutos\" \/>\n<script type=\"application\/ld+json\" class=\"yoast-schema-graph\">{\"@context\":\"https:\\\/\\\/schema.org\",\"@graph\":[{\"@type\":\"Article\",\"@id\":\"https:\\\/\\\/cvnoticias.com\\\/nuevapagina\\\/index.php\\\/2025\\\/12\\\/11\\\/exhorta-poder-legislativo-a-reforzar-la-supervision-de-la-venta-y-uso-de-pirotecnia-durante-las-fiestas-decembrinas\\\/#article\",\"isPartOf\":{\"@id\":\"https:\\\/\\\/cvnoticias.com\\\/nuevapagina\\\/index.php\\\/2025\\\/12\\\/11\\\/exhorta-poder-legislativo-a-reforzar-la-supervision-de-la-venta-y-uso-de-pirotecnia-durante-las-fiestas-decembrinas\\\/\"},\"author\":{\"name\":\"CvNoticias\",\"@id\":\"https:\\\/\\\/cvnoticias.com\\\/nuevapagina\\\/#\\\/schema\\\/person\\\/19e35f246421a31486be7321065f7463\"},\"headline\":\"Exhorta Poder Legislativo a reforzar la supervisi\u00f3n de la venta y uso de pirotecnia durante las fiestas decembrinas\",\"datePublished\":\"2025-12-11T14:52:25+00:00\",\"dateModified\":\"2025-12-11T14:52:28+00:00\",\"mainEntityOfPage\":{\"@id\":\"https:\\\/\\\/cvnoticias.com\\\/nuevapagina\\\/index.php\\\/2025\\\/12\\\/11\\\/exhorta-poder-legislativo-a-reforzar-la-supervision-de-la-venta-y-uso-de-pirotecnia-durante-las-fiestas-decembrinas\\\/\"},\"wordCount\":463,\"commentCount\":0,\"publisher\":{\"@id\":\"https:\\\/\\\/cvnoticias.com\\\/nuevapagina\\\/#organization\"},\"image\":{\"@id\":\"https:\\\/\\\/cvnoticias.com\\\/nuevapagina\\\/index.php\\\/2025\\\/12\\\/11\\\/exhorta-poder-legislativo-a-reforzar-la-supervision-de-la-venta-y-uso-de-pirotecnia-durante-las-fiestas-decembrinas\\\/#primaryimage\"},\"thumbnailUrl\":\"https:\\\/\\\/cvnoticias.com\\\/nuevapagina\\\/wp-content\\\/uploads\\\/2025\\\/12\\\/WhatsApp-Image-2025-12-10-at-4.35.00-PM.jpeg\",\"articleSection\":[\"Comunicados\"],\"inLanguage\":\"es\",\"potentialAction\":[{\"@type\":\"CommentAction\",\"name\":\"Comment\",\"target\":[\"https:\\\/\\\/cvnoticias.com\\\/nuevapagina\\\/index.php\\\/2025\\\/12\\\/11\\\/exhorta-poder-legislativo-a-reforzar-la-supervision-de-la-venta-y-uso-de-pirotecnia-durante-las-fiestas-decembrinas\\\/#respond\"]}]},{\"@type\":\"WebPage\",\"@id\":\"https:\\\/\\\/cvnoticias.com\\\/nuevapagina\\\/index.php\\\/2025\\\/12\\\/11\\\/exhorta-poder-legislativo-a-reforzar-la-supervision-de-la-venta-y-uso-de-pirotecnia-durante-las-fiestas-decembrinas\\\/\",\"url\":\"https:\\\/\\\/cvnoticias.com\\\/nuevapagina\\\/index.php\\\/2025\\\/12\\\/11\\\/exhorta-poder-legislativo-a-reforzar-la-supervision-de-la-venta-y-uso-de-pirotecnia-durante-las-fiestas-decembrinas\\\/\",\"name\":\"Exhorta Poder Legislativo a reforzar la supervisi\u00f3n de la venta y uso de pirotecnia durante las fiestas decembrinas - CV Noticias\",\"isPartOf\":{\"@id\":\"https:\\\/\\\/cvnoticias.com\\\/nuevapagina\\\/#website\"},\"primaryImageOfPage\":{\"@id\":\"https:\\\/\\\/cvnoticias.com\\\/nuevapagina\\\/index.php\\\/2025\\\/12\\\/11\\\/exhorta-poder-legislativo-a-reforzar-la-supervision-de-la-venta-y-uso-de-pirotecnia-durante-las-fiestas-decembrinas\\\/#primaryimage\"},\"image\":{\"@id\":\"https:\\\/\\\/cvnoticias.com\\\/nuevapagina\\\/index.php\\\/2025\\\/12\\\/11\\\/exhorta-poder-legislativo-a-reforzar-la-supervision-de-la-venta-y-uso-de-pirotecnia-durante-las-fiestas-decembrinas\\\/#primaryimage\"},\"thumbnailUrl\":\"https:\\\/\\\/cvnoticias.com\\\/nuevapagina\\\/wp-content\\\/uploads\\\/2025\\\/12\\\/WhatsApp-Image-2025-12-10-at-4.35.00-PM.jpeg\",\"datePublished\":\"2025-12-11T14:52:25+00:00\",\"dateModified\":\"2025-12-11T14:52:28+00:00\",\"breadcrumb\":{\"@id\":\"https:\\\/\\\/cvnoticias.com\\\/nuevapagina\\\/index.php\\\/2025\\\/12\\\/11\\\/exhorta-poder-legislativo-a-reforzar-la-supervision-de-la-venta-y-uso-de-pirotecnia-durante-las-fiestas-decembrinas\\\/#breadcrumb\"},\"inLanguage\":\"es\",\"potentialAction\":[{\"@type\":\"ReadAction\",\"target\":[\"https:\\\/\\\/cvnoticias.com\\\/nuevapagina\\\/index.php\\\/2025\\\/12\\\/11\\\/exhorta-poder-legislativo-a-reforzar-la-supervision-de-la-venta-y-uso-de-pirotecnia-durante-las-fiestas-decembrinas\\\/\"]}]},{\"@type\":\"ImageObject\",\"inLanguage\":\"es\",\"@id\":\"https:\\\/\\\/cvnoticias.com\\\/nuevapagina\\\/index.php\\\/2025\\\/12\\\/11\\\/exhorta-poder-legislativo-a-reforzar-la-supervision-de-la-venta-y-uso-de-pirotecnia-durante-las-fiestas-decembrinas\\\/#primaryimage\",\"url\":\"https:\\\/\\\/cvnoticias.com\\\/nuevapagina\\\/wp-content\\\/uploads\\\/2025\\\/12\\\/WhatsApp-Image-2025-12-10-at-4.35.00-PM.jpeg\",\"contentUrl\":\"https:\\\/\\\/cvnoticias.com\\\/nuevapagina\\\/wp-content\\\/uploads\\\/2025\\\/12\\\/WhatsApp-Image-2025-12-10-at-4.35.00-PM.jpeg\",\"width\":1280,\"height\":853},{\"@type\":\"BreadcrumbList\",\"@id\":\"https:\\\/\\\/cvnoticias.com\\\/nuevapagina\\\/index.php\\\/2025\\\/12\\\/11\\\/exhorta-poder-legislativo-a-reforzar-la-supervision-de-la-venta-y-uso-de-pirotecnia-durante-las-fiestas-decembrinas\\\/#breadcrumb\",\"itemListElement\":[{\"@type\":\"ListItem\",\"position\":1,\"name\":\"Portada\",\"item\":\"https:\\\/\\\/cvnoticias.com\\\/nuevapagina\\\/\"},{\"@type\":\"ListItem\",\"position\":2,\"name\":\"Exhorta Poder Legislativo a reforzar la supervisi\u00f3n de la venta y uso de pirotecnia durante las fiestas decembrinas\"}]},{\"@type\":\"WebSite\",\"@id\":\"https:\\\/\\\/cvnoticias.com\\\/nuevapagina\\\/#website\",\"url\":\"https:\\\/\\\/cvnoticias.com\\\/nuevapagina\\\/\",\"name\":\"CV Noticias\",\"description\":\"Noticias de Oaxaca\",\"publisher\":{\"@id\":\"https:\\\/\\\/cvnoticias.com\\\/nuevapagina\\\/#organization\"},\"potentialAction\":[{\"@type\":\"SearchAction\",\"target\":{\"@type\":\"EntryPoint\",\"urlTemplate\":\"https:\\\/\\\/cvnoticias.com\\\/nuevapagina\\\/?s={search_term_string}\"},\"query-input\":{\"@type\":\"PropertyValueSpecification\",\"valueRequired\":true,\"valueName\":\"search_term_string\"}}],\"inLanguage\":\"es\"},{\"@type\":\"Organization\",\"@id\":\"https:\\\/\\\/cvnoticias.com\\\/nuevapagina\\\/#organization\",\"name\":\"CV Noticias\",\"url\":\"https:\\\/\\\/cvnoticias.com\\\/nuevapagina\\\/\",\"logo\":{\"@type\":\"ImageObject\",\"inLanguage\":\"es\",\"@id\":\"https:\\\/\\\/cvnoticias.com\\\/nuevapagina\\\/#\\\/schema\\\/logo\\\/image\\\/\",\"url\":\"https:\\\/\\\/cvnoticias.com\\\/nuevapagina\\\/wp-content\\\/uploads\\\/2025\\\/05\\\/cropped-logo-1.png\",\"contentUrl\":\"https:\\\/\\\/cvnoticias.com\\\/nuevapagina\\\/wp-content\\\/uploads\\\/2025\\\/05\\\/cropped-logo-1.png\",\"width\":320,\"height\":118,\"caption\":\"CV Noticias\"},\"image\":{\"@id\":\"https:\\\/\\\/cvnoticias.com\\\/nuevapagina\\\/#\\\/schema\\\/logo\\\/image\\\/\"}},{\"@type\":\"Person\",\"@id\":\"https:\\\/\\\/cvnoticias.com\\\/nuevapagina\\\/#\\\/schema\\\/person\\\/19e35f246421a31486be7321065f7463\",\"name\":\"CvNoticias\",\"image\":{\"@type\":\"ImageObject\",\"inLanguage\":\"es\",\"@id\":\"https:\\\/\\\/secure.gravatar.com\\\/avatar\\\/c3a4375d38fd8f9b34ac9e853cb706a079817c78f9a39e33b16a2b2b2e51688a?s=96&d=mm&r=g\",\"url\":\"https:\\\/\\\/secure.gravatar.com\\\/avatar\\\/c3a4375d38fd8f9b34ac9e853cb706a079817c78f9a39e33b16a2b2b2e51688a?s=96&d=mm&r=g\",\"contentUrl\":\"https:\\\/\\\/secure.gravatar.com\\\/avatar\\\/c3a4375d38fd8f9b34ac9e853cb706a079817c78f9a39e33b16a2b2b2e51688a?s=96&d=mm&r=g\",\"caption\":\"CvNoticias\"},\"url\":\"https:\\\/\\\/cvnoticias.com\\\/nuevapagina\\\/index.php\\\/author\\\/gesner\\\/\"}]}<\/script>\n<!-- \/ Yoast SEO plugin. -->","yoast_head_json":{"title":"Exhorta Poder Legislativo a reforzar la supervisi\u00f3n de la venta y uso de pirotecnia durante las fiestas decembrinas - CV Noticias","robots":{"index":"index","follow":"follow","max-snippet":"max-snippet:-1","max-image-preview":"max-image-preview:large","max-video-preview":"max-video-preview:-1"},"canonical":"https:\/\/cvnoticias.com\/nuevapagina\/index.php\/2025\/12\/11\/exhorta-poder-legislativo-a-reforzar-la-supervision-de-la-venta-y-uso-de-pirotecnia-durante-las-fiestas-decembrinas\/","og_locale":"es_ES","og_type":"article","og_title":"Exhorta Poder Legislativo a reforzar la supervisi\u00f3n de la venta y uso de pirotecnia durante las fiestas decembrinas - CV Noticias","og_description":"San Raymundo Jalpan, Oax., a 10 de diciembre de 2025.- En Sesi\u00f3n Ordinaria, el Parlamento...","og_url":"https:\/\/cvnoticias.com\/nuevapagina\/index.php\/2025\/12\/11\/exhorta-poder-legislativo-a-reforzar-la-supervision-de-la-venta-y-uso-de-pirotecnia-durante-las-fiestas-decembrinas\/","og_site_name":"CV Noticias","article_published_time":"2025-12-11T14:52:25+00:00","article_modified_time":"2025-12-11T14:52:28+00:00","og_image":[{"width":1280,"height":853,"url":"https:\/\/cvnoticias.com\/nuevapagina\/wp-content\/uploads\/2025\/12\/WhatsApp-Image-2025-12-10-at-4.35.00-PM.jpeg","type":"image\/jpeg"}],"author":"CvNoticias","twitter_card":"summary_large_image","twitter_misc":{"Escrito por":"CvNoticias","Tiempo de lectura":"3 minutos"},"schema":{"@context":"https:\/\/schema.org","@graph":[{"@type":"Article","@id":"https:\/\/cvnoticias.com\/nuevapagina\/index.php\/2025\/12\/11\/exhorta-poder-legislativo-a-reforzar-la-supervision-de-la-venta-y-uso-de-pirotecnia-durante-las-fiestas-decembrinas\/#article","isPartOf":{"@id":"https:\/\/cvnoticias.com\/nuevapagina\/index.php\/2025\/12\/11\/exhorta-poder-legislativo-a-reforzar-la-supervision-de-la-venta-y-uso-de-pirotecnia-durante-las-fiestas-decembrinas\/"},"author":{"name":"CvNoticias","@id":"https:\/\/cvnoticias.com\/nuevapagina\/#\/schema\/person\/19e35f246421a31486be7321065f7463"},"headline":"Exhorta Poder Legislativo a reforzar la supervisi\u00f3n de la venta y uso de pirotecnia durante las fiestas decembrinas","datePublished":"2025-12-11T14:52:25+00:00","dateModified":"2025-12-11T14:52:28+00:00","mainEntityOfPage":{"@id":"https:\/\/cvnoticias.com\/nuevapagina\/index.php\/2025\/12\/11\/exhorta-poder-legislativo-a-reforzar-la-supervision-de-la-venta-y-uso-de-pirotecnia-durante-las-fiestas-decembrinas\/"},"wordCount":463,"commentCount":0,"publisher":{"@id":"https:\/\/cvnoticias.com\/nuevapagina\/#organization"},"image":{"@id":"https:\/\/cvnoticias.com\/nuevapagina\/index.php\/2025\/12\/11\/exhorta-poder-legislativo-a-reforzar-la-supervision-de-la-venta-y-uso-de-pirotecnia-durante-las-fiestas-decembrinas\/#primaryimage"},"thumbnailUrl":"https:\/\/cvnoticias.com\/nuevapagina\/wp-content\/uploads\/2025\/12\/WhatsApp-Image-2025-12-10-at-4.35.00-PM.jpeg","articleSection":["Comunicados"],"inLanguage":"es","potentialAction":[{"@type":"CommentAction","name":"Comment","target":["https:\/\/cvnoticias.com\/nuevapagina\/index.php\/2025\/12\/11\/exhorta-poder-legislativo-a-reforzar-la-supervision-de-la-venta-y-uso-de-pirotecnia-durante-las-fiestas-decembrinas\/#respond"]}]},{"@type":"WebPage","@id":"https:\/\/cvnoticias.com\/nuevapagina\/index.php\/2025\/12\/11\/exhorta-poder-legislativo-a-reforzar-la-supervision-de-la-venta-y-uso-de-pirotecnia-durante-las-fiestas-decembrinas\/","url":"https:\/\/cvnoticias.com\/nuevapagina\/index.php\/2025\/12\/11\/exhorta-poder-legislativo-a-reforzar-la-supervision-de-la-venta-y-uso-de-pirotecnia-durante-las-fiestas-decembrinas\/","name":"Exhorta Poder Legislativo a reforzar la supervisi\u00f3n de la venta y uso de pirotecnia durante las fiestas decembrinas - CV Noticias","isPartOf":{"@id":"https:\/\/cvnoticias.com\/nuevapagina\/#website"},"primaryImageOfPage":{"@id":"https:\/\/cvnoticias.com\/nuevapagina\/index.php\/2025\/12\/11\/exhorta-poder-legislativo-a-reforzar-la-supervision-de-la-venta-y-uso-de-pirotecnia-durante-las-fiestas-decembrinas\/#primaryimage"},"image":{"@id":"https:\/\/cvnoticias.com\/nuevapagina\/index.php\/2025\/12\/11\/exhorta-poder-legislativo-a-reforzar-la-supervision-de-la-venta-y-uso-de-pirotecnia-durante-las-fiestas-decembrinas\/#primaryimage"},"thumbnailUrl":"https:\/\/cvnoticias.com\/nuevapagina\/wp-content\/uploads\/2025\/12\/WhatsApp-Image-2025-12-10-at-4.35.00-PM.jpeg","datePublished":"2025-12-11T14:52:25+00:00","dateModified":"2025-12-11T14:52:28+00:00","breadcrumb":{"@id":"https:\/\/cvnoticias.com\/nuevapagina\/index.php\/2025\/12\/11\/exhorta-poder-legislativo-a-reforzar-la-supervision-de-la-venta-y-uso-de-pirotecnia-durante-las-fiestas-decembrinas\/#breadcrumb"},"inLanguage":"es","potentialAction":[{"@type":"ReadAction","target":["https:\/\/cvnoticias.com\/nuevapagina\/index.php\/2025\/12\/11\/exhorta-poder-legislativo-a-reforzar-la-supervision-de-la-venta-y-uso-de-pirotecnia-durante-las-fiestas-decembrinas\/"]}]},{"@type":"ImageObject","inLanguage":"es","@id":"https:\/\/cvnoticias.com\/nuevapagina\/index.php\/2025\/12\/11\/exhorta-poder-legislativo-a-reforzar-la-supervision-de-la-venta-y-uso-de-pirotecnia-durante-las-fiestas-decembrinas\/#primaryimage","url":"https:\/\/cvnoticias.com\/nuevapagina\/wp-content\/uploads\/2025\/12\/WhatsApp-Image-2025-12-10-at-4.35.00-PM.jpeg","contentUrl":"https:\/\/cvnoticias.com\/nuevapagina\/wp-content\/uploads\/2025\/12\/WhatsApp-Image-2025-12-10-at-4.35.00-PM.jpeg","width":1280,"height":853},{"@type":"BreadcrumbList","@id":"https:\/\/cvnoticias.com\/nuevapagina\/index.php\/2025\/12\/11\/exhorta-poder-legislativo-a-reforzar-la-supervision-de-la-venta-y-uso-de-pirotecnia-durante-las-fiestas-decembrinas\/#breadcrumb","itemListElement":[{"@type":"ListItem","position":1,"name":"Portada","item":"https:\/\/cvnoticias.com\/nuevapagina\/"},{"@type":"ListItem","position":2,"name":"Exhorta Poder Legislativo a reforzar la supervisi\u00f3n de la venta y uso de pirotecnia durante las fiestas decembrinas"}]},{"@type":"WebSite","@id":"https:\/\/cvnoticias.com\/nuevapagina\/#website","url":"https:\/\/cvnoticias.com\/nuevapagina\/","name":"CV Noticias","description":"Noticias de Oaxaca","publisher":{"@id":"https:\/\/cvnoticias.com\/nuevapagina\/#organization"},"potentialAction":[{"@type":"SearchAction","target":{"@type":"EntryPoint","urlTemplate":"https:\/\/cvnoticias.com\/nuevapagina\/?s={search_term_string}"},"query-input":{"@type":"PropertyValueSpecification","valueRequired":true,"valueName":"search_term_string"}}],"inLanguage":"es"},{"@type":"Organization","@id":"https:\/\/cvnoticias.com\/nuevapagina\/#organization","name":"CV Noticias","url":"https:\/\/cvnoticias.com\/nuevapagina\/","logo":{"@type":"ImageObject","inLanguage":"es","@id":"https:\/\/cvnoticias.com\/nuevapagina\/#\/schema\/logo\/image\/","url":"https:\/\/cvnoticias.com\/nuevapagina\/wp-content\/uploads\/2025\/05\/cropped-logo-1.png","contentUrl":"https:\/\/cvnoticias.com\/nuevapagina\/wp-content\/uploads\/2025\/05\/cropped-logo-1.png","width":320,"height":118,"caption":"CV Noticias"},"image":{"@id":"https:\/\/cvnoticias.com\/nuevapagina\/#\/schema\/logo\/image\/"}},{"@type":"Person","@id":"https:\/\/cvnoticias.com\/nuevapagina\/#\/schema\/person\/19e35f246421a31486be7321065f7463","name":"CvNoticias","image":{"@type":"ImageObject","inLanguage":"es","@id":"https:\/\/secure.gravatar.com\/avatar\/c3a4375d38fd8f9b34ac9e853cb706a079817c78f9a39e33b16a2b2b2e51688a?s=96&d=mm&r=g","url":"https:\/\/secure.gravatar.com\/avatar\/c3a4375d38fd8f9b34ac9e853cb706a079817c78f9a39e33b16a2b2b2e51688a?s=96&d=mm&r=g","contentUrl":"https:\/\/secure.gravatar.com\/avatar\/c3a4375d38fd8f9b34ac9e853cb706a079817c78f9a39e33b16a2b2b2e51688a?s=96&d=mm&r=g","caption":"CvNoticias"},"url":"https:\/\/cvnoticias.com\/nuevapagina\/index.php\/author\/gesner\/"}]}},"_links":{"self":[{"href":"https:\/\/cvnoticias.com\/nuevapagina\/index.php\/wp-json\/wp\/v2\/posts\/4337","targetHints":{"allow":["GET"]}}],"collection":[{"href":"https:\/\/cvnoticias.com\/nuevapagina\/index.php\/wp-json\/wp\/v2\/posts"}],"about":[{"href":"https:\/\/cvnoticias.com\/nuevapagina\/index.php\/wp-json\/wp\/v2\/types\/post"}],"author":[{"embeddable":true,"href":"https:\/\/cvnoticias.com\/nuevapagina\/index.php\/wp-json\/wp\/v2\/users\/2"}],"replies":[{"embeddable":true,"href":"https:\/\/cvnoticias.com\/nuevapagina\/index.php\/wp-json\/wp\/v2\/comments?post=4337"}],"version-history":[{"count":1,"href":"https:\/\/cvnoticias.com\/nuevapagina\/index.php\/wp-json\/wp\/v2\/posts\/4337\/revisions"}],"predecessor-version":[{"id":4338,"href":"https:\/\/cvnoticias.com\/nuevapagina\/index.php\/wp-json\/wp\/v2\/posts\/4337\/revisions\/4338"}],"wp:featuredmedia":[{"embeddable":true,"href":"https:\/\/cvnoticias.com\/nuevapagina\/index.php\/wp-json\/wp\/v2\/media\/4335"}],"wp:attachment":[{"href":"https:\/\/cvnoticias.com\/nuevapagina\/index.php\/wp-json\/wp\/v2\/media?parent=4337"}],"wp:term":[{"taxonomy":"category","embeddable":true,"href":"https:\/\/cvnoticias.com\/nuevapagina\/index.php\/wp-json\/wp\/v2\/categories?post=4337"},{"taxonomy":"post_tag","embeddable":true,"href":"https:\/\/cvnoticias.com\/nuevapagina\/index.php\/wp-json\/wp\/v2\/tags?post=4337"}],"curies":[{"name":"wp","href":"https:\/\/api.w.org\/{rel}","templated":true}]}}