{"id":4331,"date":"2025-12-11T14:48:44","date_gmt":"2025-12-11T14:48:44","guid":{"rendered":"https:\/\/cvnoticias.com\/nuevapagina\/?p=4331"},"modified":"2025-12-11T14:51:10","modified_gmt":"2025-12-11T14:51:10","slug":"dif-municipal-de-oaxaca-de-juarez-lleva-cobijando-corazones-a-santa-rosa-panzacola","status":"publish","type":"post","link":"https:\/\/cvnoticias.com\/nuevapagina\/index.php\/2025\/12\/11\/dif-municipal-de-oaxaca-de-juarez-lleva-cobijando-corazones-a-santa-rosa-panzacola\/","title":{"rendered":"DIF Municipal de Oaxaca de Ju\u00e1rez lleva \u201cCobijando Corazones\u201d a Santa Rosa Panzacola"},"content":{"rendered":"\n<p><\/p>\n\n\n\n<ul class=\"wp-block-list\">\n<li>Acciones directas en territorio para proteger a las familias durante la temporada invernal<\/li>\n<\/ul>\n\n\n\n<p>Oaxaca de Ju\u00e1rez, Oax., 10 de diciembre de 2025.\u2013 El DIF Municipal de Oaxaca de Ju\u00e1rez contin\u00faa trabajando de manera cercana a la ciudadan\u00eda con la entrega de apoyos del programa \u201cCobijando Corazones\u201d, una estrategia solidaria enfocada en atender a las familias que m\u00e1s lo necesitan durante la temporada invernal.<\/p>\n\n\n\n<p>En esta ocasi\u00f3n, la jornada se realiz\u00f3 en la colonia Emiliano Zapata, ubicada en las partes altas de la Agencia Municipal de Santa Rosa Panzacola, donde se entregaron m\u00e1s de 85 cobijas para contribuir al bienestar y cuidado de las familias ante las bajas temperaturas.<\/p>\n\n\n\n<p>Adem\u00e1s de las cobijas, el DIF Municipal otorg\u00f3 ropa invernal, kits para beb\u00e9s y madres embarazadas, as\u00ed como boletos para estudios de laboratorio gratuitos, reforzando una atenci\u00f3n integral a los grupos prioritarios.<\/p>\n\n\n\n<p>Estas acciones se llevan a cabo por instrucci\u00f3n de la presidenta honoraria del DIF Municipal, Gabriela Garc\u00eda Fern\u00e1ndez del Campo, quien ha reiterado que el trabajo social debe realizarse de manera directa, cercana y desde el territorio, atendiendo las necesidades reales de las vecinas y vecinos.<\/p>\n\n\n\n<p>Con este tipo de jornadas, el DIF Municipal de Oaxaca de Ju\u00e1rez reafirma su compromiso de seguir construyendo una ciudad m\u00e1s solidaria, humana y sensible, poniendo al centro a las familias de la capital.<\/p>\n","protected":false},"excerpt":{"rendered":"<p>Oaxaca de Ju\u00e1rez, Oax., 10 de diciembre de 2025.\u2013 El DIF Municipal de Oaxaca de&#8230;<\/p>\n","protected":false},"author":2,"featured_media":4334,"comment_status":"open","ping_status":"closed","sticky":false,"template":"","format":"standard","meta":{"footnotes":""},"categories":[3],"tags":[],"class_list":["post-4331","post","type-post","status-publish","format-standard","has-post-thumbnail","hentry","category-comunicadosdeprensa"],"yoast_head":"<!-- This site is optimized with the Yoast SEO plugin v27.5 - https:\/\/yoast.com\/product\/yoast-seo-wordpress\/ -->\n<title>DIF Municipal de Oaxaca de Ju\u00e1rez lleva \u201cCobijando Corazones\u201d a Santa Rosa Panzacola - CV Noticias<\/title>\n<meta name=\"robots\" content=\"index, follow, max-snippet:-1, max-image-preview:large, max-video-preview:-1\" \/>\n<link rel=\"canonical\" href=\"https:\/\/cvnoticias.com\/nuevapagina\/index.php\/2025\/12\/11\/dif-municipal-de-oaxaca-de-juarez-lleva-cobijando-corazones-a-santa-rosa-panzacola\/\" \/>\n<meta property=\"og:locale\" content=\"es_ES\" \/>\n<meta property=\"og:type\" content=\"article\" \/>\n<meta property=\"og:title\" content=\"DIF Municipal de Oaxaca de Ju\u00e1rez lleva \u201cCobijando Corazones\u201d a Santa Rosa Panzacola - CV Noticias\" \/>\n<meta property=\"og:description\" content=\"Oaxaca de Ju\u00e1rez, Oax., 10 de diciembre de 2025.\u2013 El DIF Municipal de Oaxaca de...\" \/>\n<meta property=\"og:url\" content=\"https:\/\/cvnoticias.com\/nuevapagina\/index.php\/2025\/12\/11\/dif-municipal-de-oaxaca-de-juarez-lleva-cobijando-corazones-a-santa-rosa-panzacola\/\" \/>\n<meta property=\"og:site_name\" content=\"CV Noticias\" \/>\n<meta property=\"article:published_time\" content=\"2025-12-11T14:48:44+00:00\" \/>\n<meta property=\"article:modified_time\" content=\"2025-12-11T14:51:10+00:00\" \/>\n<meta property=\"og:image\" content=\"https:\/\/cvnoticias.com\/nuevapagina\/wp-content\/uploads\/2025\/12\/WhatsApp-Image-2025-12-10-at-8.38.37-PM.jpeg\" \/>\n\t<meta property=\"og:image:width\" content=\"1280\" \/>\n\t<meta property=\"og:image:height\" content=\"854\" \/>\n\t<meta property=\"og:image:type\" content=\"image\/jpeg\" \/>\n<meta name=\"author\" content=\"CvNoticias\" \/>\n<meta name=\"twitter:card\" content=\"summary_large_image\" \/>\n<meta name=\"twitter:label1\" content=\"Escrito por\" \/>\n\t<meta name=\"twitter:data1\" content=\"CvNoticias\" \/>\n\t<meta name=\"twitter:label2\" content=\"Tiempo de lectura\" \/>\n\t<meta name=\"twitter:data2\" content=\"2 minutos\" \/>\n<script type=\"application\/ld+json\" class=\"yoast-schema-graph\">{\"@context\":\"https:\\\/\\\/schema.org\",\"@graph\":[{\"@type\":\"Article\",\"@id\":\"https:\\\/\\\/cvnoticias.com\\\/nuevapagina\\\/index.php\\\/2025\\\/12\\\/11\\\/dif-municipal-de-oaxaca-de-juarez-lleva-cobijando-corazones-a-santa-rosa-panzacola\\\/#article\",\"isPartOf\":{\"@id\":\"https:\\\/\\\/cvnoticias.com\\\/nuevapagina\\\/index.php\\\/2025\\\/12\\\/11\\\/dif-municipal-de-oaxaca-de-juarez-lleva-cobijando-corazones-a-santa-rosa-panzacola\\\/\"},\"author\":{\"name\":\"CvNoticias\",\"@id\":\"https:\\\/\\\/cvnoticias.com\\\/nuevapagina\\\/#\\\/schema\\\/person\\\/19e35f246421a31486be7321065f7463\"},\"headline\":\"DIF Municipal de Oaxaca de Ju\u00e1rez lleva \u201cCobijando Corazones\u201d a Santa Rosa Panzacola\",\"datePublished\":\"2025-12-11T14:48:44+00:00\",\"dateModified\":\"2025-12-11T14:51:10+00:00\",\"mainEntityOfPage\":{\"@id\":\"https:\\\/\\\/cvnoticias.com\\\/nuevapagina\\\/index.php\\\/2025\\\/12\\\/11\\\/dif-municipal-de-oaxaca-de-juarez-lleva-cobijando-corazones-a-santa-rosa-panzacola\\\/\"},\"wordCount\":246,\"commentCount\":0,\"publisher\":{\"@id\":\"https:\\\/\\\/cvnoticias.com\\\/nuevapagina\\\/#organization\"},\"image\":{\"@id\":\"https:\\\/\\\/cvnoticias.com\\\/nuevapagina\\\/index.php\\\/2025\\\/12\\\/11\\\/dif-municipal-de-oaxaca-de-juarez-lleva-cobijando-corazones-a-santa-rosa-panzacola\\\/#primaryimage\"},\"thumbnailUrl\":\"https:\\\/\\\/cvnoticias.com\\\/nuevapagina\\\/wp-content\\\/uploads\\\/2025\\\/12\\\/WhatsApp-Image-2025-12-10-at-8.38.37-PM.jpeg\",\"articleSection\":[\"Comunicados\"],\"inLanguage\":\"es\",\"potentialAction\":[{\"@type\":\"CommentAction\",\"name\":\"Comment\",\"target\":[\"https:\\\/\\\/cvnoticias.com\\\/nuevapagina\\\/index.php\\\/2025\\\/12\\\/11\\\/dif-municipal-de-oaxaca-de-juarez-lleva-cobijando-corazones-a-santa-rosa-panzacola\\\/#respond\"]}]},{\"@type\":\"WebPage\",\"@id\":\"https:\\\/\\\/cvnoticias.com\\\/nuevapagina\\\/index.php\\\/2025\\\/12\\\/11\\\/dif-municipal-de-oaxaca-de-juarez-lleva-cobijando-corazones-a-santa-rosa-panzacola\\\/\",\"url\":\"https:\\\/\\\/cvnoticias.com\\\/nuevapagina\\\/index.php\\\/2025\\\/12\\\/11\\\/dif-municipal-de-oaxaca-de-juarez-lleva-cobijando-corazones-a-santa-rosa-panzacola\\\/\",\"name\":\"DIF Municipal de Oaxaca de Ju\u00e1rez lleva \u201cCobijando Corazones\u201d a Santa Rosa Panzacola - CV Noticias\",\"isPartOf\":{\"@id\":\"https:\\\/\\\/cvnoticias.com\\\/nuevapagina\\\/#website\"},\"primaryImageOfPage\":{\"@id\":\"https:\\\/\\\/cvnoticias.com\\\/nuevapagina\\\/index.php\\\/2025\\\/12\\\/11\\\/dif-municipal-de-oaxaca-de-juarez-lleva-cobijando-corazones-a-santa-rosa-panzacola\\\/#primaryimage\"},\"image\":{\"@id\":\"https:\\\/\\\/cvnoticias.com\\\/nuevapagina\\\/index.php\\\/2025\\\/12\\\/11\\\/dif-municipal-de-oaxaca-de-juarez-lleva-cobijando-corazones-a-santa-rosa-panzacola\\\/#primaryimage\"},\"thumbnailUrl\":\"https:\\\/\\\/cvnoticias.com\\\/nuevapagina\\\/wp-content\\\/uploads\\\/2025\\\/12\\\/WhatsApp-Image-2025-12-10-at-8.38.37-PM.jpeg\",\"datePublished\":\"2025-12-11T14:48:44+00:00\",\"dateModified\":\"2025-12-11T14:51:10+00:00\",\"breadcrumb\":{\"@id\":\"https:\\\/\\\/cvnoticias.com\\\/nuevapagina\\\/index.php\\\/2025\\\/12\\\/11\\\/dif-municipal-de-oaxaca-de-juarez-lleva-cobijando-corazones-a-santa-rosa-panzacola\\\/#breadcrumb\"},\"inLanguage\":\"es\",\"potentialAction\":[{\"@type\":\"ReadAction\",\"target\":[\"https:\\\/\\\/cvnoticias.com\\\/nuevapagina\\\/index.php\\\/2025\\\/12\\\/11\\\/dif-municipal-de-oaxaca-de-juarez-lleva-cobijando-corazones-a-santa-rosa-panzacola\\\/\"]}]},{\"@type\":\"ImageObject\",\"inLanguage\":\"es\",\"@id\":\"https:\\\/\\\/cvnoticias.com\\\/nuevapagina\\\/index.php\\\/2025\\\/12\\\/11\\\/dif-municipal-de-oaxaca-de-juarez-lleva-cobijando-corazones-a-santa-rosa-panzacola\\\/#primaryimage\",\"url\":\"https:\\\/\\\/cvnoticias.com\\\/nuevapagina\\\/wp-content\\\/uploads\\\/2025\\\/12\\\/WhatsApp-Image-2025-12-10-at-8.38.37-PM.jpeg\",\"contentUrl\":\"https:\\\/\\\/cvnoticias.com\\\/nuevapagina\\\/wp-content\\\/uploads\\\/2025\\\/12\\\/WhatsApp-Image-2025-12-10-at-8.38.37-PM.jpeg\",\"width\":1280,\"height\":854},{\"@type\":\"BreadcrumbList\",\"@id\":\"https:\\\/\\\/cvnoticias.com\\\/nuevapagina\\\/index.php\\\/2025\\\/12\\\/11\\\/dif-municipal-de-oaxaca-de-juarez-lleva-cobijando-corazones-a-santa-rosa-panzacola\\\/#breadcrumb\",\"itemListElement\":[{\"@type\":\"ListItem\",\"position\":1,\"name\":\"Portada\",\"item\":\"https:\\\/\\\/cvnoticias.com\\\/nuevapagina\\\/\"},{\"@type\":\"ListItem\",\"position\":2,\"name\":\"DIF Municipal de Oaxaca de Ju\u00e1rez lleva \u201cCobijando Corazones\u201d a Santa Rosa Panzacola\"}]},{\"@type\":\"WebSite\",\"@id\":\"https:\\\/\\\/cvnoticias.com\\\/nuevapagina\\\/#website\",\"url\":\"https:\\\/\\\/cvnoticias.com\\\/nuevapagina\\\/\",\"name\":\"CV Noticias\",\"description\":\"Noticias de Oaxaca\",\"publisher\":{\"@id\":\"https:\\\/\\\/cvnoticias.com\\\/nuevapagina\\\/#organization\"},\"potentialAction\":[{\"@type\":\"SearchAction\",\"target\":{\"@type\":\"EntryPoint\",\"urlTemplate\":\"https:\\\/\\\/cvnoticias.com\\\/nuevapagina\\\/?s={search_term_string}\"},\"query-input\":{\"@type\":\"PropertyValueSpecification\",\"valueRequired\":true,\"valueName\":\"search_term_string\"}}],\"inLanguage\":\"es\"},{\"@type\":\"Organization\",\"@id\":\"https:\\\/\\\/cvnoticias.com\\\/nuevapagina\\\/#organization\",\"name\":\"CV Noticias\",\"url\":\"https:\\\/\\\/cvnoticias.com\\\/nuevapagina\\\/\",\"logo\":{\"@type\":\"ImageObject\",\"inLanguage\":\"es\",\"@id\":\"https:\\\/\\\/cvnoticias.com\\\/nuevapagina\\\/#\\\/schema\\\/logo\\\/image\\\/\",\"url\":\"https:\\\/\\\/cvnoticias.com\\\/nuevapagina\\\/wp-content\\\/uploads\\\/2025\\\/05\\\/cropped-logo-1.png\",\"contentUrl\":\"https:\\\/\\\/cvnoticias.com\\\/nuevapagina\\\/wp-content\\\/uploads\\\/2025\\\/05\\\/cropped-logo-1.png\",\"width\":320,\"height\":118,\"caption\":\"CV Noticias\"},\"image\":{\"@id\":\"https:\\\/\\\/cvnoticias.com\\\/nuevapagina\\\/#\\\/schema\\\/logo\\\/image\\\/\"}},{\"@type\":\"Person\",\"@id\":\"https:\\\/\\\/cvnoticias.com\\\/nuevapagina\\\/#\\\/schema\\\/person\\\/19e35f246421a31486be7321065f7463\",\"name\":\"CvNoticias\",\"image\":{\"@type\":\"ImageObject\",\"inLanguage\":\"es\",\"@id\":\"https:\\\/\\\/secure.gravatar.com\\\/avatar\\\/c3a4375d38fd8f9b34ac9e853cb706a079817c78f9a39e33b16a2b2b2e51688a?s=96&d=mm&r=g\",\"url\":\"https:\\\/\\\/secure.gravatar.com\\\/avatar\\\/c3a4375d38fd8f9b34ac9e853cb706a079817c78f9a39e33b16a2b2b2e51688a?s=96&d=mm&r=g\",\"contentUrl\":\"https:\\\/\\\/secure.gravatar.com\\\/avatar\\\/c3a4375d38fd8f9b34ac9e853cb706a079817c78f9a39e33b16a2b2b2e51688a?s=96&d=mm&r=g\",\"caption\":\"CvNoticias\"},\"url\":\"https:\\\/\\\/cvnoticias.com\\\/nuevapagina\\\/index.php\\\/author\\\/gesner\\\/\"}]}<\/script>\n<!-- \/ Yoast SEO plugin. -->","yoast_head_json":{"title":"DIF Municipal de Oaxaca de Ju\u00e1rez lleva \u201cCobijando Corazones\u201d a Santa Rosa Panzacola - CV Noticias","robots":{"index":"index","follow":"follow","max-snippet":"max-snippet:-1","max-image-preview":"max-image-preview:large","max-video-preview":"max-video-preview:-1"},"canonical":"https:\/\/cvnoticias.com\/nuevapagina\/index.php\/2025\/12\/11\/dif-municipal-de-oaxaca-de-juarez-lleva-cobijando-corazones-a-santa-rosa-panzacola\/","og_locale":"es_ES","og_type":"article","og_title":"DIF Municipal de Oaxaca de Ju\u00e1rez lleva \u201cCobijando Corazones\u201d a Santa Rosa Panzacola - CV Noticias","og_description":"Oaxaca de Ju\u00e1rez, Oax., 10 de diciembre de 2025.\u2013 El DIF Municipal de Oaxaca de...","og_url":"https:\/\/cvnoticias.com\/nuevapagina\/index.php\/2025\/12\/11\/dif-municipal-de-oaxaca-de-juarez-lleva-cobijando-corazones-a-santa-rosa-panzacola\/","og_site_name":"CV Noticias","article_published_time":"2025-12-11T14:48:44+00:00","article_modified_time":"2025-12-11T14:51:10+00:00","og_image":[{"width":1280,"height":854,"url":"https:\/\/cvnoticias.com\/nuevapagina\/wp-content\/uploads\/2025\/12\/WhatsApp-Image-2025-12-10-at-8.38.37-PM.jpeg","type":"image\/jpeg"}],"author":"CvNoticias","twitter_card":"summary_large_image","twitter_misc":{"Escrito por":"CvNoticias","Tiempo de lectura":"2 minutos"},"schema":{"@context":"https:\/\/schema.org","@graph":[{"@type":"Article","@id":"https:\/\/cvnoticias.com\/nuevapagina\/index.php\/2025\/12\/11\/dif-municipal-de-oaxaca-de-juarez-lleva-cobijando-corazones-a-santa-rosa-panzacola\/#article","isPartOf":{"@id":"https:\/\/cvnoticias.com\/nuevapagina\/index.php\/2025\/12\/11\/dif-municipal-de-oaxaca-de-juarez-lleva-cobijando-corazones-a-santa-rosa-panzacola\/"},"author":{"name":"CvNoticias","@id":"https:\/\/cvnoticias.com\/nuevapagina\/#\/schema\/person\/19e35f246421a31486be7321065f7463"},"headline":"DIF Municipal de Oaxaca de Ju\u00e1rez lleva \u201cCobijando Corazones\u201d a Santa Rosa Panzacola","datePublished":"2025-12-11T14:48:44+00:00","dateModified":"2025-12-11T14:51:10+00:00","mainEntityOfPage":{"@id":"https:\/\/cvnoticias.com\/nuevapagina\/index.php\/2025\/12\/11\/dif-municipal-de-oaxaca-de-juarez-lleva-cobijando-corazones-a-santa-rosa-panzacola\/"},"wordCount":246,"commentCount":0,"publisher":{"@id":"https:\/\/cvnoticias.com\/nuevapagina\/#organization"},"image":{"@id":"https:\/\/cvnoticias.com\/nuevapagina\/index.php\/2025\/12\/11\/dif-municipal-de-oaxaca-de-juarez-lleva-cobijando-corazones-a-santa-rosa-panzacola\/#primaryimage"},"thumbnailUrl":"https:\/\/cvnoticias.com\/nuevapagina\/wp-content\/uploads\/2025\/12\/WhatsApp-Image-2025-12-10-at-8.38.37-PM.jpeg","articleSection":["Comunicados"],"inLanguage":"es","potentialAction":[{"@type":"CommentAction","name":"Comment","target":["https:\/\/cvnoticias.com\/nuevapagina\/index.php\/2025\/12\/11\/dif-municipal-de-oaxaca-de-juarez-lleva-cobijando-corazones-a-santa-rosa-panzacola\/#respond"]}]},{"@type":"WebPage","@id":"https:\/\/cvnoticias.com\/nuevapagina\/index.php\/2025\/12\/11\/dif-municipal-de-oaxaca-de-juarez-lleva-cobijando-corazones-a-santa-rosa-panzacola\/","url":"https:\/\/cvnoticias.com\/nuevapagina\/index.php\/2025\/12\/11\/dif-municipal-de-oaxaca-de-juarez-lleva-cobijando-corazones-a-santa-rosa-panzacola\/","name":"DIF Municipal de Oaxaca de Ju\u00e1rez lleva \u201cCobijando Corazones\u201d a Santa Rosa Panzacola - CV Noticias","isPartOf":{"@id":"https:\/\/cvnoticias.com\/nuevapagina\/#website"},"primaryImageOfPage":{"@id":"https:\/\/cvnoticias.com\/nuevapagina\/index.php\/2025\/12\/11\/dif-municipal-de-oaxaca-de-juarez-lleva-cobijando-corazones-a-santa-rosa-panzacola\/#primaryimage"},"image":{"@id":"https:\/\/cvnoticias.com\/nuevapagina\/index.php\/2025\/12\/11\/dif-municipal-de-oaxaca-de-juarez-lleva-cobijando-corazones-a-santa-rosa-panzacola\/#primaryimage"},"thumbnailUrl":"https:\/\/cvnoticias.com\/nuevapagina\/wp-content\/uploads\/2025\/12\/WhatsApp-Image-2025-12-10-at-8.38.37-PM.jpeg","datePublished":"2025-12-11T14:48:44+00:00","dateModified":"2025-12-11T14:51:10+00:00","breadcrumb":{"@id":"https:\/\/cvnoticias.com\/nuevapagina\/index.php\/2025\/12\/11\/dif-municipal-de-oaxaca-de-juarez-lleva-cobijando-corazones-a-santa-rosa-panzacola\/#breadcrumb"},"inLanguage":"es","potentialAction":[{"@type":"ReadAction","target":["https:\/\/cvnoticias.com\/nuevapagina\/index.php\/2025\/12\/11\/dif-municipal-de-oaxaca-de-juarez-lleva-cobijando-corazones-a-santa-rosa-panzacola\/"]}]},{"@type":"ImageObject","inLanguage":"es","@id":"https:\/\/cvnoticias.com\/nuevapagina\/index.php\/2025\/12\/11\/dif-municipal-de-oaxaca-de-juarez-lleva-cobijando-corazones-a-santa-rosa-panzacola\/#primaryimage","url":"https:\/\/cvnoticias.com\/nuevapagina\/wp-content\/uploads\/2025\/12\/WhatsApp-Image-2025-12-10-at-8.38.37-PM.jpeg","contentUrl":"https:\/\/cvnoticias.com\/nuevapagina\/wp-content\/uploads\/2025\/12\/WhatsApp-Image-2025-12-10-at-8.38.37-PM.jpeg","width":1280,"height":854},{"@type":"BreadcrumbList","@id":"https:\/\/cvnoticias.com\/nuevapagina\/index.php\/2025\/12\/11\/dif-municipal-de-oaxaca-de-juarez-lleva-cobijando-corazones-a-santa-rosa-panzacola\/#breadcrumb","itemListElement":[{"@type":"ListItem","position":1,"name":"Portada","item":"https:\/\/cvnoticias.com\/nuevapagina\/"},{"@type":"ListItem","position":2,"name":"DIF Municipal de Oaxaca de Ju\u00e1rez lleva \u201cCobijando Corazones\u201d a Santa Rosa Panzacola"}]},{"@type":"WebSite","@id":"https:\/\/cvnoticias.com\/nuevapagina\/#website","url":"https:\/\/cvnoticias.com\/nuevapagina\/","name":"CV Noticias","description":"Noticias de Oaxaca","publisher":{"@id":"https:\/\/cvnoticias.com\/nuevapagina\/#organization"},"potentialAction":[{"@type":"SearchAction","target":{"@type":"EntryPoint","urlTemplate":"https:\/\/cvnoticias.com\/nuevapagina\/?s={search_term_string}"},"query-input":{"@type":"PropertyValueSpecification","valueRequired":true,"valueName":"search_term_string"}}],"inLanguage":"es"},{"@type":"Organization","@id":"https:\/\/cvnoticias.com\/nuevapagina\/#organization","name":"CV Noticias","url":"https:\/\/cvnoticias.com\/nuevapagina\/","logo":{"@type":"ImageObject","inLanguage":"es","@id":"https:\/\/cvnoticias.com\/nuevapagina\/#\/schema\/logo\/image\/","url":"https:\/\/cvnoticias.com\/nuevapagina\/wp-content\/uploads\/2025\/05\/cropped-logo-1.png","contentUrl":"https:\/\/cvnoticias.com\/nuevapagina\/wp-content\/uploads\/2025\/05\/cropped-logo-1.png","width":320,"height":118,"caption":"CV Noticias"},"image":{"@id":"https:\/\/cvnoticias.com\/nuevapagina\/#\/schema\/logo\/image\/"}},{"@type":"Person","@id":"https:\/\/cvnoticias.com\/nuevapagina\/#\/schema\/person\/19e35f246421a31486be7321065f7463","name":"CvNoticias","image":{"@type":"ImageObject","inLanguage":"es","@id":"https:\/\/secure.gravatar.com\/avatar\/c3a4375d38fd8f9b34ac9e853cb706a079817c78f9a39e33b16a2b2b2e51688a?s=96&d=mm&r=g","url":"https:\/\/secure.gravatar.com\/avatar\/c3a4375d38fd8f9b34ac9e853cb706a079817c78f9a39e33b16a2b2b2e51688a?s=96&d=mm&r=g","contentUrl":"https:\/\/secure.gravatar.com\/avatar\/c3a4375d38fd8f9b34ac9e853cb706a079817c78f9a39e33b16a2b2b2e51688a?s=96&d=mm&r=g","caption":"CvNoticias"},"url":"https:\/\/cvnoticias.com\/nuevapagina\/index.php\/author\/gesner\/"}]}},"_links":{"self":[{"href":"https:\/\/cvnoticias.com\/nuevapagina\/index.php\/wp-json\/wp\/v2\/posts\/4331","targetHints":{"allow":["GET"]}}],"collection":[{"href":"https:\/\/cvnoticias.com\/nuevapagina\/index.php\/wp-json\/wp\/v2\/posts"}],"about":[{"href":"https:\/\/cvnoticias.com\/nuevapagina\/index.php\/wp-json\/wp\/v2\/types\/post"}],"author":[{"embeddable":true,"href":"https:\/\/cvnoticias.com\/nuevapagina\/index.php\/wp-json\/wp\/v2\/users\/2"}],"replies":[{"embeddable":true,"href":"https:\/\/cvnoticias.com\/nuevapagina\/index.php\/wp-json\/wp\/v2\/comments?post=4331"}],"version-history":[{"count":1,"href":"https:\/\/cvnoticias.com\/nuevapagina\/index.php\/wp-json\/wp\/v2\/posts\/4331\/revisions"}],"predecessor-version":[{"id":4336,"href":"https:\/\/cvnoticias.com\/nuevapagina\/index.php\/wp-json\/wp\/v2\/posts\/4331\/revisions\/4336"}],"wp:featuredmedia":[{"embeddable":true,"href":"https:\/\/cvnoticias.com\/nuevapagina\/index.php\/wp-json\/wp\/v2\/media\/4334"}],"wp:attachment":[{"href":"https:\/\/cvnoticias.com\/nuevapagina\/index.php\/wp-json\/wp\/v2\/media?parent=4331"}],"wp:term":[{"taxonomy":"category","embeddable":true,"href":"https:\/\/cvnoticias.com\/nuevapagina\/index.php\/wp-json\/wp\/v2\/categories?post=4331"},{"taxonomy":"post_tag","embeddable":true,"href":"https:\/\/cvnoticias.com\/nuevapagina\/index.php\/wp-json\/wp\/v2\/tags?post=4331"}],"curies":[{"name":"wp","href":"https:\/\/api.w.org\/{rel}","templated":true}]}}