{"id":4328,"date":"2025-12-11T02:23:51","date_gmt":"2025-12-11T02:23:51","guid":{"rendered":"https:\/\/cvnoticias.com\/nuevapagina\/?p=4328"},"modified":"2025-12-11T02:23:52","modified_gmt":"2025-12-11T02:23:52","slug":"destaca-blanca-martinez-participacion-juvenil-en-historica-eleccion-xaique-del-cecyte","status":"publish","type":"post","link":"https:\/\/cvnoticias.com\/nuevapagina\/index.php\/2025\/12\/11\/destaca-blanca-martinez-participacion-juvenil-en-historica-eleccion-xaique-del-cecyte\/","title":{"rendered":"Destaca Blanca Mart\u00ednez participaci\u00f3n juvenil en hist\u00f3rica elecci\u00f3n XAIQUE del CECyTE"},"content":{"rendered":"\n<p><\/p>\n\n\n\n<p>CECyTE Oaxaca renueva liderazgo estudiantil; Blanca Mart\u00ednez reconoce participaci\u00f3n hist\u00f3rica<br>Oaxaca de Ju\u00e1rez, Oax.\u2013 En un ambiente de participaci\u00f3n y respeto c\u00edvico, el Colegio de Estudios Cient\u00edficos y Tecnol\u00f3gicos del Estado de Oaxaca, llev\u00f3 a cabo este 10 de diciembre la elecci\u00f3n XAIQUE, proceso mediante el cual las y los estudiantes eligieron a sus nuevos representantes en los 106 planteles que integran la instituci\u00f3n.<br>La directora general del Colegio, Blanca Mart\u00ednez Guzm\u00e1n, destac\u00f3 que esta jornada fortalece la formaci\u00f3n ciudadana de las juventudes oaxaque\u00f1as, al permitirles ejercer de manera directa su derecho a participar en la vida p\u00fablica. \u201cOaxaca atraviesa un momento relevante en materia de participaci\u00f3n democr\u00e1tica, y en el CECyTE estamos convencidos de que educar tambi\u00e9n es abrir espacios para el ejercicio responsable de la ciudadan\u00eda\u201d, afirm\u00f3.<br>Mart\u00ednez Guzm\u00e1n subray\u00f3 que los 106 l\u00edderes electos asumir\u00e1n su responsabilidad del 15 de diciembre de 2024 al 23 de agosto de 2026, periodo en el que promover\u00e1n el di\u00e1logo, el trabajo colaborativo y el desarrollo de proyectos que beneficien a sus comunidades educativas. Destac\u00f3 que la ciudadan\u00eda se aprende practic\u00e1ndola, y que vincular la educaci\u00f3n con los valores democr\u00e1ticos es una tarea fundamental para el desarrollo integral de las y los j\u00f3venes.<br>Asimismo, se\u00f1al\u00f3 que la conformaci\u00f3n de la Comunidad XAIQUE fortalecer\u00e1 la participaci\u00f3n estudiantil desde un enfoque multicultural, \u00e9tico y comunitario, impulsando acciones que contribuyan al bienestar colectivo y al fortalecimiento de la vida institucional.<br>En este sentido, Blanca Mart\u00ednez reconoci\u00f3 el apoyo decidido del Gobernador Salom\u00f3n Jara Cruz, quien ha reiterado su respaldo al crecimiento del sistema educativo estatal y a la promoci\u00f3n de espacios donde las juventudes puedan incidir activamente en la construcci\u00f3n de una sociedad m\u00e1s justa y participativa.<br>De igual forma, la directora general enfatiz\u00f3 que el trabajo del CECyTE Oaxaca se alinea con las pol\u00edticas educativas del Gobierno del Estado, que impulsan la participaci\u00f3n de las y los estudiantes como agentes de transformaci\u00f3n social. Asegur\u00f3 que el acompa\u00f1amiento del Ejecutivo estatal refleja un compromiso firme con el fortalecimiento de la democracia y la formaci\u00f3n de l\u00edderes con visi\u00f3n comunitaria.<\/p>\n\n\n\n<p><\/p>\n","protected":false},"excerpt":{"rendered":"<p>CECyTE Oaxaca renueva liderazgo estudiantil; Blanca Mart\u00ednez reconoce participaci\u00f3n hist\u00f3ricaOaxaca de Ju\u00e1rez, Oax.\u2013 En un&#8230;<\/p>\n","protected":false},"author":2,"featured_media":4329,"comment_status":"open","ping_status":"closed","sticky":false,"template":"","format":"standard","meta":{"footnotes":""},"categories":[3],"tags":[],"class_list":["post-4328","post","type-post","status-publish","format-standard","has-post-thumbnail","hentry","category-comunicadosdeprensa"],"yoast_head":"<!-- This site is optimized with the Yoast SEO plugin v27.5 - https:\/\/yoast.com\/product\/yoast-seo-wordpress\/ -->\n<title>Destaca Blanca Mart\u00ednez participaci\u00f3n juvenil en hist\u00f3rica elecci\u00f3n XAIQUE del CECyTE - CV Noticias<\/title>\n<meta name=\"robots\" content=\"index, follow, max-snippet:-1, max-image-preview:large, max-video-preview:-1\" \/>\n<link rel=\"canonical\" href=\"https:\/\/cvnoticias.com\/nuevapagina\/index.php\/2025\/12\/11\/destaca-blanca-martinez-participacion-juvenil-en-historica-eleccion-xaique-del-cecyte\/\" \/>\n<meta property=\"og:locale\" content=\"es_ES\" \/>\n<meta property=\"og:type\" content=\"article\" \/>\n<meta property=\"og:title\" content=\"Destaca Blanca Mart\u00ednez participaci\u00f3n juvenil en hist\u00f3rica elecci\u00f3n XAIQUE del CECyTE - CV Noticias\" \/>\n<meta property=\"og:description\" content=\"CECyTE Oaxaca renueva liderazgo estudiantil; Blanca Mart\u00ednez reconoce participaci\u00f3n hist\u00f3ricaOaxaca de Ju\u00e1rez, Oax.\u2013 En un...\" \/>\n<meta property=\"og:url\" content=\"https:\/\/cvnoticias.com\/nuevapagina\/index.php\/2025\/12\/11\/destaca-blanca-martinez-participacion-juvenil-en-historica-eleccion-xaique-del-cecyte\/\" \/>\n<meta property=\"og:site_name\" content=\"CV Noticias\" \/>\n<meta property=\"article:published_time\" content=\"2025-12-11T02:23:51+00:00\" \/>\n<meta property=\"article:modified_time\" content=\"2025-12-11T02:23:52+00:00\" \/>\n<meta property=\"og:image\" content=\"https:\/\/cvnoticias.com\/nuevapagina\/wp-content\/uploads\/2025\/12\/42528d97-4042-4ca3-8332-c3e4f44eb815.jpeg\" \/>\n\t<meta property=\"og:image:width\" content=\"1599\" \/>\n\t<meta property=\"og:image:height\" content=\"1066\" \/>\n\t<meta property=\"og:image:type\" content=\"image\/jpeg\" \/>\n<meta name=\"author\" content=\"CvNoticias\" \/>\n<meta name=\"twitter:card\" content=\"summary_large_image\" \/>\n<meta name=\"twitter:label1\" content=\"Escrito por\" \/>\n\t<meta name=\"twitter:data1\" content=\"CvNoticias\" \/>\n\t<meta name=\"twitter:label2\" content=\"Tiempo de lectura\" \/>\n\t<meta name=\"twitter:data2\" content=\"2 minutos\" \/>\n<script type=\"application\/ld+json\" class=\"yoast-schema-graph\">{\"@context\":\"https:\\\/\\\/schema.org\",\"@graph\":[{\"@type\":\"Article\",\"@id\":\"https:\\\/\\\/cvnoticias.com\\\/nuevapagina\\\/index.php\\\/2025\\\/12\\\/11\\\/destaca-blanca-martinez-participacion-juvenil-en-historica-eleccion-xaique-del-cecyte\\\/#article\",\"isPartOf\":{\"@id\":\"https:\\\/\\\/cvnoticias.com\\\/nuevapagina\\\/index.php\\\/2025\\\/12\\\/11\\\/destaca-blanca-martinez-participacion-juvenil-en-historica-eleccion-xaique-del-cecyte\\\/\"},\"author\":{\"name\":\"CvNoticias\",\"@id\":\"https:\\\/\\\/cvnoticias.com\\\/nuevapagina\\\/#\\\/schema\\\/person\\\/19e35f246421a31486be7321065f7463\"},\"headline\":\"Destaca Blanca Mart\u00ednez participaci\u00f3n juvenil en hist\u00f3rica elecci\u00f3n XAIQUE del CECyTE\",\"datePublished\":\"2025-12-11T02:23:51+00:00\",\"dateModified\":\"2025-12-11T02:23:52+00:00\",\"mainEntityOfPage\":{\"@id\":\"https:\\\/\\\/cvnoticias.com\\\/nuevapagina\\\/index.php\\\/2025\\\/12\\\/11\\\/destaca-blanca-martinez-participacion-juvenil-en-historica-eleccion-xaique-del-cecyte\\\/\"},\"wordCount\":397,\"commentCount\":0,\"publisher\":{\"@id\":\"https:\\\/\\\/cvnoticias.com\\\/nuevapagina\\\/#organization\"},\"image\":{\"@id\":\"https:\\\/\\\/cvnoticias.com\\\/nuevapagina\\\/index.php\\\/2025\\\/12\\\/11\\\/destaca-blanca-martinez-participacion-juvenil-en-historica-eleccion-xaique-del-cecyte\\\/#primaryimage\"},\"thumbnailUrl\":\"https:\\\/\\\/cvnoticias.com\\\/nuevapagina\\\/wp-content\\\/uploads\\\/2025\\\/12\\\/42528d97-4042-4ca3-8332-c3e4f44eb815.jpeg\",\"articleSection\":[\"Comunicados\"],\"inLanguage\":\"es\",\"potentialAction\":[{\"@type\":\"CommentAction\",\"name\":\"Comment\",\"target\":[\"https:\\\/\\\/cvnoticias.com\\\/nuevapagina\\\/index.php\\\/2025\\\/12\\\/11\\\/destaca-blanca-martinez-participacion-juvenil-en-historica-eleccion-xaique-del-cecyte\\\/#respond\"]}]},{\"@type\":\"WebPage\",\"@id\":\"https:\\\/\\\/cvnoticias.com\\\/nuevapagina\\\/index.php\\\/2025\\\/12\\\/11\\\/destaca-blanca-martinez-participacion-juvenil-en-historica-eleccion-xaique-del-cecyte\\\/\",\"url\":\"https:\\\/\\\/cvnoticias.com\\\/nuevapagina\\\/index.php\\\/2025\\\/12\\\/11\\\/destaca-blanca-martinez-participacion-juvenil-en-historica-eleccion-xaique-del-cecyte\\\/\",\"name\":\"Destaca Blanca Mart\u00ednez participaci\u00f3n juvenil en hist\u00f3rica elecci\u00f3n XAIQUE del CECyTE - CV Noticias\",\"isPartOf\":{\"@id\":\"https:\\\/\\\/cvnoticias.com\\\/nuevapagina\\\/#website\"},\"primaryImageOfPage\":{\"@id\":\"https:\\\/\\\/cvnoticias.com\\\/nuevapagina\\\/index.php\\\/2025\\\/12\\\/11\\\/destaca-blanca-martinez-participacion-juvenil-en-historica-eleccion-xaique-del-cecyte\\\/#primaryimage\"},\"image\":{\"@id\":\"https:\\\/\\\/cvnoticias.com\\\/nuevapagina\\\/index.php\\\/2025\\\/12\\\/11\\\/destaca-blanca-martinez-participacion-juvenil-en-historica-eleccion-xaique-del-cecyte\\\/#primaryimage\"},\"thumbnailUrl\":\"https:\\\/\\\/cvnoticias.com\\\/nuevapagina\\\/wp-content\\\/uploads\\\/2025\\\/12\\\/42528d97-4042-4ca3-8332-c3e4f44eb815.jpeg\",\"datePublished\":\"2025-12-11T02:23:51+00:00\",\"dateModified\":\"2025-12-11T02:23:52+00:00\",\"breadcrumb\":{\"@id\":\"https:\\\/\\\/cvnoticias.com\\\/nuevapagina\\\/index.php\\\/2025\\\/12\\\/11\\\/destaca-blanca-martinez-participacion-juvenil-en-historica-eleccion-xaique-del-cecyte\\\/#breadcrumb\"},\"inLanguage\":\"es\",\"potentialAction\":[{\"@type\":\"ReadAction\",\"target\":[\"https:\\\/\\\/cvnoticias.com\\\/nuevapagina\\\/index.php\\\/2025\\\/12\\\/11\\\/destaca-blanca-martinez-participacion-juvenil-en-historica-eleccion-xaique-del-cecyte\\\/\"]}]},{\"@type\":\"ImageObject\",\"inLanguage\":\"es\",\"@id\":\"https:\\\/\\\/cvnoticias.com\\\/nuevapagina\\\/index.php\\\/2025\\\/12\\\/11\\\/destaca-blanca-martinez-participacion-juvenil-en-historica-eleccion-xaique-del-cecyte\\\/#primaryimage\",\"url\":\"https:\\\/\\\/cvnoticias.com\\\/nuevapagina\\\/wp-content\\\/uploads\\\/2025\\\/12\\\/42528d97-4042-4ca3-8332-c3e4f44eb815.jpeg\",\"contentUrl\":\"https:\\\/\\\/cvnoticias.com\\\/nuevapagina\\\/wp-content\\\/uploads\\\/2025\\\/12\\\/42528d97-4042-4ca3-8332-c3e4f44eb815.jpeg\",\"width\":1599,\"height\":1066},{\"@type\":\"BreadcrumbList\",\"@id\":\"https:\\\/\\\/cvnoticias.com\\\/nuevapagina\\\/index.php\\\/2025\\\/12\\\/11\\\/destaca-blanca-martinez-participacion-juvenil-en-historica-eleccion-xaique-del-cecyte\\\/#breadcrumb\",\"itemListElement\":[{\"@type\":\"ListItem\",\"position\":1,\"name\":\"Portada\",\"item\":\"https:\\\/\\\/cvnoticias.com\\\/nuevapagina\\\/\"},{\"@type\":\"ListItem\",\"position\":2,\"name\":\"Destaca Blanca Mart\u00ednez participaci\u00f3n juvenil en hist\u00f3rica elecci\u00f3n XAIQUE del CECyTE\"}]},{\"@type\":\"WebSite\",\"@id\":\"https:\\\/\\\/cvnoticias.com\\\/nuevapagina\\\/#website\",\"url\":\"https:\\\/\\\/cvnoticias.com\\\/nuevapagina\\\/\",\"name\":\"CV Noticias\",\"description\":\"Noticias de Oaxaca\",\"publisher\":{\"@id\":\"https:\\\/\\\/cvnoticias.com\\\/nuevapagina\\\/#organization\"},\"potentialAction\":[{\"@type\":\"SearchAction\",\"target\":{\"@type\":\"EntryPoint\",\"urlTemplate\":\"https:\\\/\\\/cvnoticias.com\\\/nuevapagina\\\/?s={search_term_string}\"},\"query-input\":{\"@type\":\"PropertyValueSpecification\",\"valueRequired\":true,\"valueName\":\"search_term_string\"}}],\"inLanguage\":\"es\"},{\"@type\":\"Organization\",\"@id\":\"https:\\\/\\\/cvnoticias.com\\\/nuevapagina\\\/#organization\",\"name\":\"CV Noticias\",\"url\":\"https:\\\/\\\/cvnoticias.com\\\/nuevapagina\\\/\",\"logo\":{\"@type\":\"ImageObject\",\"inLanguage\":\"es\",\"@id\":\"https:\\\/\\\/cvnoticias.com\\\/nuevapagina\\\/#\\\/schema\\\/logo\\\/image\\\/\",\"url\":\"https:\\\/\\\/cvnoticias.com\\\/nuevapagina\\\/wp-content\\\/uploads\\\/2025\\\/05\\\/cropped-logo-1.png\",\"contentUrl\":\"https:\\\/\\\/cvnoticias.com\\\/nuevapagina\\\/wp-content\\\/uploads\\\/2025\\\/05\\\/cropped-logo-1.png\",\"width\":320,\"height\":118,\"caption\":\"CV Noticias\"},\"image\":{\"@id\":\"https:\\\/\\\/cvnoticias.com\\\/nuevapagina\\\/#\\\/schema\\\/logo\\\/image\\\/\"}},{\"@type\":\"Person\",\"@id\":\"https:\\\/\\\/cvnoticias.com\\\/nuevapagina\\\/#\\\/schema\\\/person\\\/19e35f246421a31486be7321065f7463\",\"name\":\"CvNoticias\",\"image\":{\"@type\":\"ImageObject\",\"inLanguage\":\"es\",\"@id\":\"https:\\\/\\\/secure.gravatar.com\\\/avatar\\\/c3a4375d38fd8f9b34ac9e853cb706a079817c78f9a39e33b16a2b2b2e51688a?s=96&d=mm&r=g\",\"url\":\"https:\\\/\\\/secure.gravatar.com\\\/avatar\\\/c3a4375d38fd8f9b34ac9e853cb706a079817c78f9a39e33b16a2b2b2e51688a?s=96&d=mm&r=g\",\"contentUrl\":\"https:\\\/\\\/secure.gravatar.com\\\/avatar\\\/c3a4375d38fd8f9b34ac9e853cb706a079817c78f9a39e33b16a2b2b2e51688a?s=96&d=mm&r=g\",\"caption\":\"CvNoticias\"},\"url\":\"https:\\\/\\\/cvnoticias.com\\\/nuevapagina\\\/index.php\\\/author\\\/gesner\\\/\"}]}<\/script>\n<!-- \/ Yoast SEO plugin. -->","yoast_head_json":{"title":"Destaca Blanca Mart\u00ednez participaci\u00f3n juvenil en hist\u00f3rica elecci\u00f3n XAIQUE del CECyTE - CV Noticias","robots":{"index":"index","follow":"follow","max-snippet":"max-snippet:-1","max-image-preview":"max-image-preview:large","max-video-preview":"max-video-preview:-1"},"canonical":"https:\/\/cvnoticias.com\/nuevapagina\/index.php\/2025\/12\/11\/destaca-blanca-martinez-participacion-juvenil-en-historica-eleccion-xaique-del-cecyte\/","og_locale":"es_ES","og_type":"article","og_title":"Destaca Blanca Mart\u00ednez participaci\u00f3n juvenil en hist\u00f3rica elecci\u00f3n XAIQUE del CECyTE - CV Noticias","og_description":"CECyTE Oaxaca renueva liderazgo estudiantil; Blanca Mart\u00ednez reconoce participaci\u00f3n hist\u00f3ricaOaxaca de Ju\u00e1rez, Oax.\u2013 En un...","og_url":"https:\/\/cvnoticias.com\/nuevapagina\/index.php\/2025\/12\/11\/destaca-blanca-martinez-participacion-juvenil-en-historica-eleccion-xaique-del-cecyte\/","og_site_name":"CV Noticias","article_published_time":"2025-12-11T02:23:51+00:00","article_modified_time":"2025-12-11T02:23:52+00:00","og_image":[{"width":1599,"height":1066,"url":"https:\/\/cvnoticias.com\/nuevapagina\/wp-content\/uploads\/2025\/12\/42528d97-4042-4ca3-8332-c3e4f44eb815.jpeg","type":"image\/jpeg"}],"author":"CvNoticias","twitter_card":"summary_large_image","twitter_misc":{"Escrito por":"CvNoticias","Tiempo de lectura":"2 minutos"},"schema":{"@context":"https:\/\/schema.org","@graph":[{"@type":"Article","@id":"https:\/\/cvnoticias.com\/nuevapagina\/index.php\/2025\/12\/11\/destaca-blanca-martinez-participacion-juvenil-en-historica-eleccion-xaique-del-cecyte\/#article","isPartOf":{"@id":"https:\/\/cvnoticias.com\/nuevapagina\/index.php\/2025\/12\/11\/destaca-blanca-martinez-participacion-juvenil-en-historica-eleccion-xaique-del-cecyte\/"},"author":{"name":"CvNoticias","@id":"https:\/\/cvnoticias.com\/nuevapagina\/#\/schema\/person\/19e35f246421a31486be7321065f7463"},"headline":"Destaca Blanca Mart\u00ednez participaci\u00f3n juvenil en hist\u00f3rica elecci\u00f3n XAIQUE del CECyTE","datePublished":"2025-12-11T02:23:51+00:00","dateModified":"2025-12-11T02:23:52+00:00","mainEntityOfPage":{"@id":"https:\/\/cvnoticias.com\/nuevapagina\/index.php\/2025\/12\/11\/destaca-blanca-martinez-participacion-juvenil-en-historica-eleccion-xaique-del-cecyte\/"},"wordCount":397,"commentCount":0,"publisher":{"@id":"https:\/\/cvnoticias.com\/nuevapagina\/#organization"},"image":{"@id":"https:\/\/cvnoticias.com\/nuevapagina\/index.php\/2025\/12\/11\/destaca-blanca-martinez-participacion-juvenil-en-historica-eleccion-xaique-del-cecyte\/#primaryimage"},"thumbnailUrl":"https:\/\/cvnoticias.com\/nuevapagina\/wp-content\/uploads\/2025\/12\/42528d97-4042-4ca3-8332-c3e4f44eb815.jpeg","articleSection":["Comunicados"],"inLanguage":"es","potentialAction":[{"@type":"CommentAction","name":"Comment","target":["https:\/\/cvnoticias.com\/nuevapagina\/index.php\/2025\/12\/11\/destaca-blanca-martinez-participacion-juvenil-en-historica-eleccion-xaique-del-cecyte\/#respond"]}]},{"@type":"WebPage","@id":"https:\/\/cvnoticias.com\/nuevapagina\/index.php\/2025\/12\/11\/destaca-blanca-martinez-participacion-juvenil-en-historica-eleccion-xaique-del-cecyte\/","url":"https:\/\/cvnoticias.com\/nuevapagina\/index.php\/2025\/12\/11\/destaca-blanca-martinez-participacion-juvenil-en-historica-eleccion-xaique-del-cecyte\/","name":"Destaca Blanca Mart\u00ednez participaci\u00f3n juvenil en hist\u00f3rica elecci\u00f3n XAIQUE del CECyTE - CV Noticias","isPartOf":{"@id":"https:\/\/cvnoticias.com\/nuevapagina\/#website"},"primaryImageOfPage":{"@id":"https:\/\/cvnoticias.com\/nuevapagina\/index.php\/2025\/12\/11\/destaca-blanca-martinez-participacion-juvenil-en-historica-eleccion-xaique-del-cecyte\/#primaryimage"},"image":{"@id":"https:\/\/cvnoticias.com\/nuevapagina\/index.php\/2025\/12\/11\/destaca-blanca-martinez-participacion-juvenil-en-historica-eleccion-xaique-del-cecyte\/#primaryimage"},"thumbnailUrl":"https:\/\/cvnoticias.com\/nuevapagina\/wp-content\/uploads\/2025\/12\/42528d97-4042-4ca3-8332-c3e4f44eb815.jpeg","datePublished":"2025-12-11T02:23:51+00:00","dateModified":"2025-12-11T02:23:52+00:00","breadcrumb":{"@id":"https:\/\/cvnoticias.com\/nuevapagina\/index.php\/2025\/12\/11\/destaca-blanca-martinez-participacion-juvenil-en-historica-eleccion-xaique-del-cecyte\/#breadcrumb"},"inLanguage":"es","potentialAction":[{"@type":"ReadAction","target":["https:\/\/cvnoticias.com\/nuevapagina\/index.php\/2025\/12\/11\/destaca-blanca-martinez-participacion-juvenil-en-historica-eleccion-xaique-del-cecyte\/"]}]},{"@type":"ImageObject","inLanguage":"es","@id":"https:\/\/cvnoticias.com\/nuevapagina\/index.php\/2025\/12\/11\/destaca-blanca-martinez-participacion-juvenil-en-historica-eleccion-xaique-del-cecyte\/#primaryimage","url":"https:\/\/cvnoticias.com\/nuevapagina\/wp-content\/uploads\/2025\/12\/42528d97-4042-4ca3-8332-c3e4f44eb815.jpeg","contentUrl":"https:\/\/cvnoticias.com\/nuevapagina\/wp-content\/uploads\/2025\/12\/42528d97-4042-4ca3-8332-c3e4f44eb815.jpeg","width":1599,"height":1066},{"@type":"BreadcrumbList","@id":"https:\/\/cvnoticias.com\/nuevapagina\/index.php\/2025\/12\/11\/destaca-blanca-martinez-participacion-juvenil-en-historica-eleccion-xaique-del-cecyte\/#breadcrumb","itemListElement":[{"@type":"ListItem","position":1,"name":"Portada","item":"https:\/\/cvnoticias.com\/nuevapagina\/"},{"@type":"ListItem","position":2,"name":"Destaca Blanca Mart\u00ednez participaci\u00f3n juvenil en hist\u00f3rica elecci\u00f3n XAIQUE del CECyTE"}]},{"@type":"WebSite","@id":"https:\/\/cvnoticias.com\/nuevapagina\/#website","url":"https:\/\/cvnoticias.com\/nuevapagina\/","name":"CV Noticias","description":"Noticias de Oaxaca","publisher":{"@id":"https:\/\/cvnoticias.com\/nuevapagina\/#organization"},"potentialAction":[{"@type":"SearchAction","target":{"@type":"EntryPoint","urlTemplate":"https:\/\/cvnoticias.com\/nuevapagina\/?s={search_term_string}"},"query-input":{"@type":"PropertyValueSpecification","valueRequired":true,"valueName":"search_term_string"}}],"inLanguage":"es"},{"@type":"Organization","@id":"https:\/\/cvnoticias.com\/nuevapagina\/#organization","name":"CV Noticias","url":"https:\/\/cvnoticias.com\/nuevapagina\/","logo":{"@type":"ImageObject","inLanguage":"es","@id":"https:\/\/cvnoticias.com\/nuevapagina\/#\/schema\/logo\/image\/","url":"https:\/\/cvnoticias.com\/nuevapagina\/wp-content\/uploads\/2025\/05\/cropped-logo-1.png","contentUrl":"https:\/\/cvnoticias.com\/nuevapagina\/wp-content\/uploads\/2025\/05\/cropped-logo-1.png","width":320,"height":118,"caption":"CV Noticias"},"image":{"@id":"https:\/\/cvnoticias.com\/nuevapagina\/#\/schema\/logo\/image\/"}},{"@type":"Person","@id":"https:\/\/cvnoticias.com\/nuevapagina\/#\/schema\/person\/19e35f246421a31486be7321065f7463","name":"CvNoticias","image":{"@type":"ImageObject","inLanguage":"es","@id":"https:\/\/secure.gravatar.com\/avatar\/c3a4375d38fd8f9b34ac9e853cb706a079817c78f9a39e33b16a2b2b2e51688a?s=96&d=mm&r=g","url":"https:\/\/secure.gravatar.com\/avatar\/c3a4375d38fd8f9b34ac9e853cb706a079817c78f9a39e33b16a2b2b2e51688a?s=96&d=mm&r=g","contentUrl":"https:\/\/secure.gravatar.com\/avatar\/c3a4375d38fd8f9b34ac9e853cb706a079817c78f9a39e33b16a2b2b2e51688a?s=96&d=mm&r=g","caption":"CvNoticias"},"url":"https:\/\/cvnoticias.com\/nuevapagina\/index.php\/author\/gesner\/"}]}},"_links":{"self":[{"href":"https:\/\/cvnoticias.com\/nuevapagina\/index.php\/wp-json\/wp\/v2\/posts\/4328","targetHints":{"allow":["GET"]}}],"collection":[{"href":"https:\/\/cvnoticias.com\/nuevapagina\/index.php\/wp-json\/wp\/v2\/posts"}],"about":[{"href":"https:\/\/cvnoticias.com\/nuevapagina\/index.php\/wp-json\/wp\/v2\/types\/post"}],"author":[{"embeddable":true,"href":"https:\/\/cvnoticias.com\/nuevapagina\/index.php\/wp-json\/wp\/v2\/users\/2"}],"replies":[{"embeddable":true,"href":"https:\/\/cvnoticias.com\/nuevapagina\/index.php\/wp-json\/wp\/v2\/comments?post=4328"}],"version-history":[{"count":1,"href":"https:\/\/cvnoticias.com\/nuevapagina\/index.php\/wp-json\/wp\/v2\/posts\/4328\/revisions"}],"predecessor-version":[{"id":4330,"href":"https:\/\/cvnoticias.com\/nuevapagina\/index.php\/wp-json\/wp\/v2\/posts\/4328\/revisions\/4330"}],"wp:featuredmedia":[{"embeddable":true,"href":"https:\/\/cvnoticias.com\/nuevapagina\/index.php\/wp-json\/wp\/v2\/media\/4329"}],"wp:attachment":[{"href":"https:\/\/cvnoticias.com\/nuevapagina\/index.php\/wp-json\/wp\/v2\/media?parent=4328"}],"wp:term":[{"taxonomy":"category","embeddable":true,"href":"https:\/\/cvnoticias.com\/nuevapagina\/index.php\/wp-json\/wp\/v2\/categories?post=4328"},{"taxonomy":"post_tag","embeddable":true,"href":"https:\/\/cvnoticias.com\/nuevapagina\/index.php\/wp-json\/wp\/v2\/tags?post=4328"}],"curies":[{"name":"wp","href":"https:\/\/api.w.org\/{rel}","templated":true}]}}