{"id":4322,"date":"2025-12-11T00:25:46","date_gmt":"2025-12-11T00:25:46","guid":{"rendered":"https:\/\/cvnoticias.com\/nuevapagina\/?p=4322"},"modified":"2025-12-11T00:25:47","modified_gmt":"2025-12-11T00:25:47","slug":"celebra-cecyte-oaxaca-gran-fiesta-de-la-democracia-con-eleccion-xaique-blanca-martinez","status":"publish","type":"post","link":"https:\/\/cvnoticias.com\/nuevapagina\/index.php\/2025\/12\/11\/celebra-cecyte-oaxaca-gran-fiesta-de-la-democracia-con-eleccion-xaique-blanca-martinez\/","title":{"rendered":"Celebra CECyTE Oaxaca gran fiesta de la democracia con elecci\u00f3n XAIQUE: Blanca Mart\u00ednez"},"content":{"rendered":"\n<p><\/p>\n\n\n\n<p>Oaxaca de Ju\u00e1rez, Oax.- \u201cEn un ambiente de respeto a los valores democr\u00e1ticos es como se llev\u00f3 a cabo este d\u00eda, 10 de diciembre, la elecci\u00f3n XAIQUE l\u00edderes estudiantiles, en los 106 centros educativos que conforman toda la comunidad CECyTE Oaxaca\u201d, sostuvo Blanca Mart\u00ednez Guzm\u00e1n, directora general del Colegio.<br>En ese sentido, destac\u00f3: \u201cOaxaca vive un momento hist\u00f3rico en cuanto a participaci\u00f3n ciudadana y pol\u00edtica, de ah\u00ed la importancia de promover los valores democr\u00e1ticos entre las juventudes, y hoy en el CECyTE vivimos alguno \u00fanico con la elecci\u00f3n de 106 representantes estudiantiles, que fungir\u00e1n en el cargo del 15 de diciembre hasta el 23 agosto de 2026\u201d.<br>Agreg\u00f3: \u201cLa ciudadan\u00eda se pone en pr\u00e1ctica y se vive todos los d\u00edas, pues no es suficiente que las y los j\u00f3venes s\u00f3lo adquieran los conocimientos te\u00f3ricos; la educaci\u00f3n y la democracia van de la mano\u201d, recalc\u00f3.<br>Finalmente, enfatiz\u00f3 que las y los ganadores conformar\u00e1n la Comunidad XAIQUE el 15 de diciembre y tendr\u00e1n como responsabilidades contribuir desde su contexto en la diversidad cultural, participando en la vida p\u00fablica desde un sentido \u00e9tico y comunitario, promoviendo los aprendizajes obtenidos para que sean orientados al desarrollo \u00e9tico en la b\u00fasqueda del bien com\u00fan.<\/p>\n","protected":false},"excerpt":{"rendered":"<p>Oaxaca de Ju\u00e1rez, Oax.- \u201cEn un ambiente de respeto a los valores democr\u00e1ticos es como&#8230;<\/p>\n","protected":false},"author":2,"featured_media":4323,"comment_status":"open","ping_status":"closed","sticky":false,"template":"","format":"standard","meta":{"footnotes":""},"categories":[3],"tags":[],"class_list":["post-4322","post","type-post","status-publish","format-standard","has-post-thumbnail","hentry","category-comunicadosdeprensa"],"yoast_head":"<!-- This site is optimized with the Yoast SEO plugin v27.5 - https:\/\/yoast.com\/product\/yoast-seo-wordpress\/ -->\n<title>Celebra CECyTE Oaxaca gran fiesta de la democracia con elecci\u00f3n XAIQUE: Blanca Mart\u00ednez - CV Noticias<\/title>\n<meta name=\"robots\" content=\"index, follow, max-snippet:-1, max-image-preview:large, max-video-preview:-1\" \/>\n<link rel=\"canonical\" href=\"https:\/\/cvnoticias.com\/nuevapagina\/index.php\/2025\/12\/11\/celebra-cecyte-oaxaca-gran-fiesta-de-la-democracia-con-eleccion-xaique-blanca-martinez\/\" \/>\n<meta property=\"og:locale\" content=\"es_ES\" \/>\n<meta property=\"og:type\" content=\"article\" \/>\n<meta property=\"og:title\" content=\"Celebra CECyTE Oaxaca gran fiesta de la democracia con elecci\u00f3n XAIQUE: Blanca Mart\u00ednez - CV Noticias\" \/>\n<meta property=\"og:description\" content=\"Oaxaca de Ju\u00e1rez, Oax.- \u201cEn un ambiente de respeto a los valores democr\u00e1ticos es como...\" \/>\n<meta property=\"og:url\" content=\"https:\/\/cvnoticias.com\/nuevapagina\/index.php\/2025\/12\/11\/celebra-cecyte-oaxaca-gran-fiesta-de-la-democracia-con-eleccion-xaique-blanca-martinez\/\" \/>\n<meta property=\"og:site_name\" content=\"CV Noticias\" \/>\n<meta property=\"article:published_time\" content=\"2025-12-11T00:25:46+00:00\" \/>\n<meta property=\"article:modified_time\" content=\"2025-12-11T00:25:47+00:00\" \/>\n<meta property=\"og:image\" content=\"https:\/\/cvnoticias.com\/nuevapagina\/wp-content\/uploads\/2025\/12\/5d204d2f-6a15-4371-96ae-ace7580dfab2.jpeg\" \/>\n\t<meta property=\"og:image:width\" content=\"1599\" \/>\n\t<meta property=\"og:image:height\" content=\"1066\" \/>\n\t<meta property=\"og:image:type\" content=\"image\/jpeg\" \/>\n<meta name=\"author\" content=\"CvNoticias\" \/>\n<meta name=\"twitter:card\" content=\"summary_large_image\" \/>\n<meta name=\"twitter:label1\" content=\"Escrito por\" \/>\n\t<meta name=\"twitter:data1\" content=\"CvNoticias\" \/>\n\t<meta name=\"twitter:label2\" content=\"Tiempo de lectura\" \/>\n\t<meta name=\"twitter:data2\" content=\"2 minutos\" \/>\n<script type=\"application\/ld+json\" class=\"yoast-schema-graph\">{\"@context\":\"https:\\\/\\\/schema.org\",\"@graph\":[{\"@type\":\"Article\",\"@id\":\"https:\\\/\\\/cvnoticias.com\\\/nuevapagina\\\/index.php\\\/2025\\\/12\\\/11\\\/celebra-cecyte-oaxaca-gran-fiesta-de-la-democracia-con-eleccion-xaique-blanca-martinez\\\/#article\",\"isPartOf\":{\"@id\":\"https:\\\/\\\/cvnoticias.com\\\/nuevapagina\\\/index.php\\\/2025\\\/12\\\/11\\\/celebra-cecyte-oaxaca-gran-fiesta-de-la-democracia-con-eleccion-xaique-blanca-martinez\\\/\"},\"author\":{\"name\":\"CvNoticias\",\"@id\":\"https:\\\/\\\/cvnoticias.com\\\/nuevapagina\\\/#\\\/schema\\\/person\\\/19e35f246421a31486be7321065f7463\"},\"headline\":\"Celebra CECyTE Oaxaca gran fiesta de la democracia con elecci\u00f3n XAIQUE: Blanca Mart\u00ednez\",\"datePublished\":\"2025-12-11T00:25:46+00:00\",\"dateModified\":\"2025-12-11T00:25:47+00:00\",\"mainEntityOfPage\":{\"@id\":\"https:\\\/\\\/cvnoticias.com\\\/nuevapagina\\\/index.php\\\/2025\\\/12\\\/11\\\/celebra-cecyte-oaxaca-gran-fiesta-de-la-democracia-con-eleccion-xaique-blanca-martinez\\\/\"},\"wordCount\":233,\"commentCount\":0,\"publisher\":{\"@id\":\"https:\\\/\\\/cvnoticias.com\\\/nuevapagina\\\/#organization\"},\"image\":{\"@id\":\"https:\\\/\\\/cvnoticias.com\\\/nuevapagina\\\/index.php\\\/2025\\\/12\\\/11\\\/celebra-cecyte-oaxaca-gran-fiesta-de-la-democracia-con-eleccion-xaique-blanca-martinez\\\/#primaryimage\"},\"thumbnailUrl\":\"https:\\\/\\\/cvnoticias.com\\\/nuevapagina\\\/wp-content\\\/uploads\\\/2025\\\/12\\\/5d204d2f-6a15-4371-96ae-ace7580dfab2.jpeg\",\"articleSection\":[\"Comunicados\"],\"inLanguage\":\"es\",\"potentialAction\":[{\"@type\":\"CommentAction\",\"name\":\"Comment\",\"target\":[\"https:\\\/\\\/cvnoticias.com\\\/nuevapagina\\\/index.php\\\/2025\\\/12\\\/11\\\/celebra-cecyte-oaxaca-gran-fiesta-de-la-democracia-con-eleccion-xaique-blanca-martinez\\\/#respond\"]}]},{\"@type\":\"WebPage\",\"@id\":\"https:\\\/\\\/cvnoticias.com\\\/nuevapagina\\\/index.php\\\/2025\\\/12\\\/11\\\/celebra-cecyte-oaxaca-gran-fiesta-de-la-democracia-con-eleccion-xaique-blanca-martinez\\\/\",\"url\":\"https:\\\/\\\/cvnoticias.com\\\/nuevapagina\\\/index.php\\\/2025\\\/12\\\/11\\\/celebra-cecyte-oaxaca-gran-fiesta-de-la-democracia-con-eleccion-xaique-blanca-martinez\\\/\",\"name\":\"Celebra CECyTE Oaxaca gran fiesta de la democracia con elecci\u00f3n XAIQUE: Blanca Mart\u00ednez - CV Noticias\",\"isPartOf\":{\"@id\":\"https:\\\/\\\/cvnoticias.com\\\/nuevapagina\\\/#website\"},\"primaryImageOfPage\":{\"@id\":\"https:\\\/\\\/cvnoticias.com\\\/nuevapagina\\\/index.php\\\/2025\\\/12\\\/11\\\/celebra-cecyte-oaxaca-gran-fiesta-de-la-democracia-con-eleccion-xaique-blanca-martinez\\\/#primaryimage\"},\"image\":{\"@id\":\"https:\\\/\\\/cvnoticias.com\\\/nuevapagina\\\/index.php\\\/2025\\\/12\\\/11\\\/celebra-cecyte-oaxaca-gran-fiesta-de-la-democracia-con-eleccion-xaique-blanca-martinez\\\/#primaryimage\"},\"thumbnailUrl\":\"https:\\\/\\\/cvnoticias.com\\\/nuevapagina\\\/wp-content\\\/uploads\\\/2025\\\/12\\\/5d204d2f-6a15-4371-96ae-ace7580dfab2.jpeg\",\"datePublished\":\"2025-12-11T00:25:46+00:00\",\"dateModified\":\"2025-12-11T00:25:47+00:00\",\"breadcrumb\":{\"@id\":\"https:\\\/\\\/cvnoticias.com\\\/nuevapagina\\\/index.php\\\/2025\\\/12\\\/11\\\/celebra-cecyte-oaxaca-gran-fiesta-de-la-democracia-con-eleccion-xaique-blanca-martinez\\\/#breadcrumb\"},\"inLanguage\":\"es\",\"potentialAction\":[{\"@type\":\"ReadAction\",\"target\":[\"https:\\\/\\\/cvnoticias.com\\\/nuevapagina\\\/index.php\\\/2025\\\/12\\\/11\\\/celebra-cecyte-oaxaca-gran-fiesta-de-la-democracia-con-eleccion-xaique-blanca-martinez\\\/\"]}]},{\"@type\":\"ImageObject\",\"inLanguage\":\"es\",\"@id\":\"https:\\\/\\\/cvnoticias.com\\\/nuevapagina\\\/index.php\\\/2025\\\/12\\\/11\\\/celebra-cecyte-oaxaca-gran-fiesta-de-la-democracia-con-eleccion-xaique-blanca-martinez\\\/#primaryimage\",\"url\":\"https:\\\/\\\/cvnoticias.com\\\/nuevapagina\\\/wp-content\\\/uploads\\\/2025\\\/12\\\/5d204d2f-6a15-4371-96ae-ace7580dfab2.jpeg\",\"contentUrl\":\"https:\\\/\\\/cvnoticias.com\\\/nuevapagina\\\/wp-content\\\/uploads\\\/2025\\\/12\\\/5d204d2f-6a15-4371-96ae-ace7580dfab2.jpeg\",\"width\":1599,\"height\":1066},{\"@type\":\"BreadcrumbList\",\"@id\":\"https:\\\/\\\/cvnoticias.com\\\/nuevapagina\\\/index.php\\\/2025\\\/12\\\/11\\\/celebra-cecyte-oaxaca-gran-fiesta-de-la-democracia-con-eleccion-xaique-blanca-martinez\\\/#breadcrumb\",\"itemListElement\":[{\"@type\":\"ListItem\",\"position\":1,\"name\":\"Portada\",\"item\":\"https:\\\/\\\/cvnoticias.com\\\/nuevapagina\\\/\"},{\"@type\":\"ListItem\",\"position\":2,\"name\":\"Celebra CECyTE Oaxaca gran fiesta de la democracia con elecci\u00f3n XAIQUE: Blanca Mart\u00ednez\"}]},{\"@type\":\"WebSite\",\"@id\":\"https:\\\/\\\/cvnoticias.com\\\/nuevapagina\\\/#website\",\"url\":\"https:\\\/\\\/cvnoticias.com\\\/nuevapagina\\\/\",\"name\":\"CV Noticias\",\"description\":\"Noticias de Oaxaca\",\"publisher\":{\"@id\":\"https:\\\/\\\/cvnoticias.com\\\/nuevapagina\\\/#organization\"},\"potentialAction\":[{\"@type\":\"SearchAction\",\"target\":{\"@type\":\"EntryPoint\",\"urlTemplate\":\"https:\\\/\\\/cvnoticias.com\\\/nuevapagina\\\/?s={search_term_string}\"},\"query-input\":{\"@type\":\"PropertyValueSpecification\",\"valueRequired\":true,\"valueName\":\"search_term_string\"}}],\"inLanguage\":\"es\"},{\"@type\":\"Organization\",\"@id\":\"https:\\\/\\\/cvnoticias.com\\\/nuevapagina\\\/#organization\",\"name\":\"CV Noticias\",\"url\":\"https:\\\/\\\/cvnoticias.com\\\/nuevapagina\\\/\",\"logo\":{\"@type\":\"ImageObject\",\"inLanguage\":\"es\",\"@id\":\"https:\\\/\\\/cvnoticias.com\\\/nuevapagina\\\/#\\\/schema\\\/logo\\\/image\\\/\",\"url\":\"https:\\\/\\\/cvnoticias.com\\\/nuevapagina\\\/wp-content\\\/uploads\\\/2025\\\/05\\\/cropped-logo-1.png\",\"contentUrl\":\"https:\\\/\\\/cvnoticias.com\\\/nuevapagina\\\/wp-content\\\/uploads\\\/2025\\\/05\\\/cropped-logo-1.png\",\"width\":320,\"height\":118,\"caption\":\"CV Noticias\"},\"image\":{\"@id\":\"https:\\\/\\\/cvnoticias.com\\\/nuevapagina\\\/#\\\/schema\\\/logo\\\/image\\\/\"}},{\"@type\":\"Person\",\"@id\":\"https:\\\/\\\/cvnoticias.com\\\/nuevapagina\\\/#\\\/schema\\\/person\\\/19e35f246421a31486be7321065f7463\",\"name\":\"CvNoticias\",\"image\":{\"@type\":\"ImageObject\",\"inLanguage\":\"es\",\"@id\":\"https:\\\/\\\/secure.gravatar.com\\\/avatar\\\/c3a4375d38fd8f9b34ac9e853cb706a079817c78f9a39e33b16a2b2b2e51688a?s=96&d=mm&r=g\",\"url\":\"https:\\\/\\\/secure.gravatar.com\\\/avatar\\\/c3a4375d38fd8f9b34ac9e853cb706a079817c78f9a39e33b16a2b2b2e51688a?s=96&d=mm&r=g\",\"contentUrl\":\"https:\\\/\\\/secure.gravatar.com\\\/avatar\\\/c3a4375d38fd8f9b34ac9e853cb706a079817c78f9a39e33b16a2b2b2e51688a?s=96&d=mm&r=g\",\"caption\":\"CvNoticias\"},\"url\":\"https:\\\/\\\/cvnoticias.com\\\/nuevapagina\\\/index.php\\\/author\\\/gesner\\\/\"}]}<\/script>\n<!-- \/ Yoast SEO plugin. -->","yoast_head_json":{"title":"Celebra CECyTE Oaxaca gran fiesta de la democracia con elecci\u00f3n XAIQUE: Blanca Mart\u00ednez - CV Noticias","robots":{"index":"index","follow":"follow","max-snippet":"max-snippet:-1","max-image-preview":"max-image-preview:large","max-video-preview":"max-video-preview:-1"},"canonical":"https:\/\/cvnoticias.com\/nuevapagina\/index.php\/2025\/12\/11\/celebra-cecyte-oaxaca-gran-fiesta-de-la-democracia-con-eleccion-xaique-blanca-martinez\/","og_locale":"es_ES","og_type":"article","og_title":"Celebra CECyTE Oaxaca gran fiesta de la democracia con elecci\u00f3n XAIQUE: Blanca Mart\u00ednez - CV Noticias","og_description":"Oaxaca de Ju\u00e1rez, Oax.- \u201cEn un ambiente de respeto a los valores democr\u00e1ticos es como...","og_url":"https:\/\/cvnoticias.com\/nuevapagina\/index.php\/2025\/12\/11\/celebra-cecyte-oaxaca-gran-fiesta-de-la-democracia-con-eleccion-xaique-blanca-martinez\/","og_site_name":"CV Noticias","article_published_time":"2025-12-11T00:25:46+00:00","article_modified_time":"2025-12-11T00:25:47+00:00","og_image":[{"width":1599,"height":1066,"url":"https:\/\/cvnoticias.com\/nuevapagina\/wp-content\/uploads\/2025\/12\/5d204d2f-6a15-4371-96ae-ace7580dfab2.jpeg","type":"image\/jpeg"}],"author":"CvNoticias","twitter_card":"summary_large_image","twitter_misc":{"Escrito por":"CvNoticias","Tiempo de lectura":"2 minutos"},"schema":{"@context":"https:\/\/schema.org","@graph":[{"@type":"Article","@id":"https:\/\/cvnoticias.com\/nuevapagina\/index.php\/2025\/12\/11\/celebra-cecyte-oaxaca-gran-fiesta-de-la-democracia-con-eleccion-xaique-blanca-martinez\/#article","isPartOf":{"@id":"https:\/\/cvnoticias.com\/nuevapagina\/index.php\/2025\/12\/11\/celebra-cecyte-oaxaca-gran-fiesta-de-la-democracia-con-eleccion-xaique-blanca-martinez\/"},"author":{"name":"CvNoticias","@id":"https:\/\/cvnoticias.com\/nuevapagina\/#\/schema\/person\/19e35f246421a31486be7321065f7463"},"headline":"Celebra CECyTE Oaxaca gran fiesta de la democracia con elecci\u00f3n XAIQUE: Blanca Mart\u00ednez","datePublished":"2025-12-11T00:25:46+00:00","dateModified":"2025-12-11T00:25:47+00:00","mainEntityOfPage":{"@id":"https:\/\/cvnoticias.com\/nuevapagina\/index.php\/2025\/12\/11\/celebra-cecyte-oaxaca-gran-fiesta-de-la-democracia-con-eleccion-xaique-blanca-martinez\/"},"wordCount":233,"commentCount":0,"publisher":{"@id":"https:\/\/cvnoticias.com\/nuevapagina\/#organization"},"image":{"@id":"https:\/\/cvnoticias.com\/nuevapagina\/index.php\/2025\/12\/11\/celebra-cecyte-oaxaca-gran-fiesta-de-la-democracia-con-eleccion-xaique-blanca-martinez\/#primaryimage"},"thumbnailUrl":"https:\/\/cvnoticias.com\/nuevapagina\/wp-content\/uploads\/2025\/12\/5d204d2f-6a15-4371-96ae-ace7580dfab2.jpeg","articleSection":["Comunicados"],"inLanguage":"es","potentialAction":[{"@type":"CommentAction","name":"Comment","target":["https:\/\/cvnoticias.com\/nuevapagina\/index.php\/2025\/12\/11\/celebra-cecyte-oaxaca-gran-fiesta-de-la-democracia-con-eleccion-xaique-blanca-martinez\/#respond"]}]},{"@type":"WebPage","@id":"https:\/\/cvnoticias.com\/nuevapagina\/index.php\/2025\/12\/11\/celebra-cecyte-oaxaca-gran-fiesta-de-la-democracia-con-eleccion-xaique-blanca-martinez\/","url":"https:\/\/cvnoticias.com\/nuevapagina\/index.php\/2025\/12\/11\/celebra-cecyte-oaxaca-gran-fiesta-de-la-democracia-con-eleccion-xaique-blanca-martinez\/","name":"Celebra CECyTE Oaxaca gran fiesta de la democracia con elecci\u00f3n XAIQUE: Blanca Mart\u00ednez - CV Noticias","isPartOf":{"@id":"https:\/\/cvnoticias.com\/nuevapagina\/#website"},"primaryImageOfPage":{"@id":"https:\/\/cvnoticias.com\/nuevapagina\/index.php\/2025\/12\/11\/celebra-cecyte-oaxaca-gran-fiesta-de-la-democracia-con-eleccion-xaique-blanca-martinez\/#primaryimage"},"image":{"@id":"https:\/\/cvnoticias.com\/nuevapagina\/index.php\/2025\/12\/11\/celebra-cecyte-oaxaca-gran-fiesta-de-la-democracia-con-eleccion-xaique-blanca-martinez\/#primaryimage"},"thumbnailUrl":"https:\/\/cvnoticias.com\/nuevapagina\/wp-content\/uploads\/2025\/12\/5d204d2f-6a15-4371-96ae-ace7580dfab2.jpeg","datePublished":"2025-12-11T00:25:46+00:00","dateModified":"2025-12-11T00:25:47+00:00","breadcrumb":{"@id":"https:\/\/cvnoticias.com\/nuevapagina\/index.php\/2025\/12\/11\/celebra-cecyte-oaxaca-gran-fiesta-de-la-democracia-con-eleccion-xaique-blanca-martinez\/#breadcrumb"},"inLanguage":"es","potentialAction":[{"@type":"ReadAction","target":["https:\/\/cvnoticias.com\/nuevapagina\/index.php\/2025\/12\/11\/celebra-cecyte-oaxaca-gran-fiesta-de-la-democracia-con-eleccion-xaique-blanca-martinez\/"]}]},{"@type":"ImageObject","inLanguage":"es","@id":"https:\/\/cvnoticias.com\/nuevapagina\/index.php\/2025\/12\/11\/celebra-cecyte-oaxaca-gran-fiesta-de-la-democracia-con-eleccion-xaique-blanca-martinez\/#primaryimage","url":"https:\/\/cvnoticias.com\/nuevapagina\/wp-content\/uploads\/2025\/12\/5d204d2f-6a15-4371-96ae-ace7580dfab2.jpeg","contentUrl":"https:\/\/cvnoticias.com\/nuevapagina\/wp-content\/uploads\/2025\/12\/5d204d2f-6a15-4371-96ae-ace7580dfab2.jpeg","width":1599,"height":1066},{"@type":"BreadcrumbList","@id":"https:\/\/cvnoticias.com\/nuevapagina\/index.php\/2025\/12\/11\/celebra-cecyte-oaxaca-gran-fiesta-de-la-democracia-con-eleccion-xaique-blanca-martinez\/#breadcrumb","itemListElement":[{"@type":"ListItem","position":1,"name":"Portada","item":"https:\/\/cvnoticias.com\/nuevapagina\/"},{"@type":"ListItem","position":2,"name":"Celebra CECyTE Oaxaca gran fiesta de la democracia con elecci\u00f3n XAIQUE: Blanca Mart\u00ednez"}]},{"@type":"WebSite","@id":"https:\/\/cvnoticias.com\/nuevapagina\/#website","url":"https:\/\/cvnoticias.com\/nuevapagina\/","name":"CV Noticias","description":"Noticias de Oaxaca","publisher":{"@id":"https:\/\/cvnoticias.com\/nuevapagina\/#organization"},"potentialAction":[{"@type":"SearchAction","target":{"@type":"EntryPoint","urlTemplate":"https:\/\/cvnoticias.com\/nuevapagina\/?s={search_term_string}"},"query-input":{"@type":"PropertyValueSpecification","valueRequired":true,"valueName":"search_term_string"}}],"inLanguage":"es"},{"@type":"Organization","@id":"https:\/\/cvnoticias.com\/nuevapagina\/#organization","name":"CV Noticias","url":"https:\/\/cvnoticias.com\/nuevapagina\/","logo":{"@type":"ImageObject","inLanguage":"es","@id":"https:\/\/cvnoticias.com\/nuevapagina\/#\/schema\/logo\/image\/","url":"https:\/\/cvnoticias.com\/nuevapagina\/wp-content\/uploads\/2025\/05\/cropped-logo-1.png","contentUrl":"https:\/\/cvnoticias.com\/nuevapagina\/wp-content\/uploads\/2025\/05\/cropped-logo-1.png","width":320,"height":118,"caption":"CV Noticias"},"image":{"@id":"https:\/\/cvnoticias.com\/nuevapagina\/#\/schema\/logo\/image\/"}},{"@type":"Person","@id":"https:\/\/cvnoticias.com\/nuevapagina\/#\/schema\/person\/19e35f246421a31486be7321065f7463","name":"CvNoticias","image":{"@type":"ImageObject","inLanguage":"es","@id":"https:\/\/secure.gravatar.com\/avatar\/c3a4375d38fd8f9b34ac9e853cb706a079817c78f9a39e33b16a2b2b2e51688a?s=96&d=mm&r=g","url":"https:\/\/secure.gravatar.com\/avatar\/c3a4375d38fd8f9b34ac9e853cb706a079817c78f9a39e33b16a2b2b2e51688a?s=96&d=mm&r=g","contentUrl":"https:\/\/secure.gravatar.com\/avatar\/c3a4375d38fd8f9b34ac9e853cb706a079817c78f9a39e33b16a2b2b2e51688a?s=96&d=mm&r=g","caption":"CvNoticias"},"url":"https:\/\/cvnoticias.com\/nuevapagina\/index.php\/author\/gesner\/"}]}},"_links":{"self":[{"href":"https:\/\/cvnoticias.com\/nuevapagina\/index.php\/wp-json\/wp\/v2\/posts\/4322","targetHints":{"allow":["GET"]}}],"collection":[{"href":"https:\/\/cvnoticias.com\/nuevapagina\/index.php\/wp-json\/wp\/v2\/posts"}],"about":[{"href":"https:\/\/cvnoticias.com\/nuevapagina\/index.php\/wp-json\/wp\/v2\/types\/post"}],"author":[{"embeddable":true,"href":"https:\/\/cvnoticias.com\/nuevapagina\/index.php\/wp-json\/wp\/v2\/users\/2"}],"replies":[{"embeddable":true,"href":"https:\/\/cvnoticias.com\/nuevapagina\/index.php\/wp-json\/wp\/v2\/comments?post=4322"}],"version-history":[{"count":1,"href":"https:\/\/cvnoticias.com\/nuevapagina\/index.php\/wp-json\/wp\/v2\/posts\/4322\/revisions"}],"predecessor-version":[{"id":4324,"href":"https:\/\/cvnoticias.com\/nuevapagina\/index.php\/wp-json\/wp\/v2\/posts\/4322\/revisions\/4324"}],"wp:featuredmedia":[{"embeddable":true,"href":"https:\/\/cvnoticias.com\/nuevapagina\/index.php\/wp-json\/wp\/v2\/media\/4323"}],"wp:attachment":[{"href":"https:\/\/cvnoticias.com\/nuevapagina\/index.php\/wp-json\/wp\/v2\/media?parent=4322"}],"wp:term":[{"taxonomy":"category","embeddable":true,"href":"https:\/\/cvnoticias.com\/nuevapagina\/index.php\/wp-json\/wp\/v2\/categories?post=4322"},{"taxonomy":"post_tag","embeddable":true,"href":"https:\/\/cvnoticias.com\/nuevapagina\/index.php\/wp-json\/wp\/v2\/tags?post=4322"}],"curies":[{"name":"wp","href":"https:\/\/api.w.org\/{rel}","templated":true}]}}