{"id":4310,"date":"2025-12-10T19:21:19","date_gmt":"2025-12-10T19:21:19","guid":{"rendered":"https:\/\/cvnoticias.com\/nuevapagina\/?p=4310"},"modified":"2025-12-10T19:21:20","modified_gmt":"2025-12-10T19:21:20","slug":"reconoce-parlamento-local-a-deportistas-de-la-asociacion-de-medallistas-paralimpicos-mundialistas-y-panamericanos-del-estado","status":"publish","type":"post","link":"https:\/\/cvnoticias.com\/nuevapagina\/index.php\/2025\/12\/10\/reconoce-parlamento-local-a-deportistas-de-la-asociacion-de-medallistas-paralimpicos-mundialistas-y-panamericanos-del-estado\/","title":{"rendered":"Reconoce Parlamento local a deportistas de la Asociaci\u00f3n de Medallistas Paral\u00edmpicos Mundialistas y Panamericanos del Estado"},"content":{"rendered":"\n<p><\/p>\n\n\n\n<ul class=\"wp-block-list\">\n<li>La actividad se realiz\u00f3 en el marco de la Conmemoraci\u00f3n del D\u00eda Internacional de las Personas con Discapacidad<\/li>\n<\/ul>\n\n\n\n<p>San Raymundo Jalpan, Oaxaca, a 09 de diciembre de 2025.- Con el prop\u00f3sito de destacar la trayectoria de las y los atletas oaxaque\u00f1os que mediante el deporte adaptado han puesto en alto el nombre de la entidad, la LXVI Legislatura del Congreso del Estado de Oaxaca celebr\u00f3 una Sesi\u00f3n Solemne para entregar reconocimientos a la Asociaci\u00f3n de Medallistas Paral\u00edmpicos Mundialistas y Panamericanos del Estado.<\/p>\n\n\n\n<p>Durante la ceremonia, la presidenta de la Comisi\u00f3n Permanente de Atenci\u00f3n a Grupos en Situaci\u00f3n de Vulnerabilidad, diputada Cecilia Olivia Cruz Merl\u00edn, expres\u00f3 que este acto honra a mujeres y hombres cuya fuerza radica en la voluntad y no en la condici\u00f3n f\u00edsica.<\/p>\n\n\n\n<p>Subray\u00f3 que las y los deportistas paral\u00edmpicos han derribado barreras invisibles y demostrado que la discapacidad no limita, sino inspira a la ni\u00f1ez, a las familias y a toda la sociedad oaxaque\u00f1a, pues cada medalla y cada entrenamiento reflejan un esfuerzo que merece justicia.<\/p>\n\n\n\n<p>En este marco, se destac\u00f3 la carrera deportiva de Celso Abraham Gonz\u00e1lez Ib\u00e1\u00f1ez, Kevin Cruz Luj\u00e1n, Anaisa P\u00e9rez Pacheco, Vicente P\u00e9rez Concepci\u00f3n, Constantino \u00c1ngeles Mart\u00ednez, Edgar Nazario Cruz Luj\u00e1n y Elma \u00c1ngeles Mart\u00ednez<\/p>\n\n\n\n<p>De igual forma a Hugo Estrada Cruz, Vladimir Mart\u00ednez L\u00f3pez, Emma Rojas Mart\u00ednez, Laura Cerero Gabriel, Miguel \u00c1ngel Mijangos Vel\u00e1squez, Mart\u00edn Fernando Guzm\u00e1n L\u00f3pez, Abundio P\u00e9rez Santiago y Cornelio N\u00fa\u00f1ez Ordaz.<\/p>\n\n\n\n<p>Cada uno de ellos fue distinguido por su constancia, disciplina y aportaci\u00f3n al deporte adaptado, as\u00ed como por su contribuci\u00f3n a una cultura de inclusi\u00f3n y respeto.<\/p>\n\n\n\n<p>La entrega de esta distinci\u00f3n cont\u00f3 con la presencia de la presidenta de la Mesa Directiva, Eva Diego Cruz; de la diputada Cecilia Olivia Cruz Merl\u00edn; de las y los integrantes de la Junta de Coordinaci\u00f3n Pol\u00edtica (Jucopo), Dante Monta\u00f1o Montero, Antonia Natividad D\u00edaz Jim\u00e9nez y Melina Hern\u00e1ndez Sosa.<\/p>\n\n\n\n<p>As\u00ed como de la magistrada presidenta de la Sala Familiar, Flor de Mar\u00eda Arellanes Luna, en representaci\u00f3n de la magistrada presidenta del Poder Judicial del Estado, Erika Mar\u00eda Rodr\u00edguez Rodr\u00edguez; y el director del Instituto del Deporte (Indeporte), Arturo de Jes\u00fas Ch\u00e1vez Ram\u00edrez, en representaci\u00f3n del Poder Ejecutivo.<\/p>\n\n\n\n<p>La Sesi\u00f3n Solemne tuvo como antecedente la proposici\u00f3n presentada el pasado 21 de noviembre del presente a\u00f1o por la diputada Cruz Merl\u00edn.<\/p>\n","protected":false},"excerpt":{"rendered":"<p>San Raymundo Jalpan, Oaxaca, a 09 de diciembre de 2025.- Con el prop\u00f3sito de destacar&#8230;<\/p>\n","protected":false},"author":2,"featured_media":4307,"comment_status":"open","ping_status":"closed","sticky":false,"template":"","format":"standard","meta":{"footnotes":""},"categories":[3],"tags":[],"class_list":["post-4310","post","type-post","status-publish","format-standard","has-post-thumbnail","hentry","category-comunicadosdeprensa"],"yoast_head":"<!-- This site is optimized with the Yoast SEO plugin v27.5 - https:\/\/yoast.com\/product\/yoast-seo-wordpress\/ -->\n<title>Reconoce Parlamento local a deportistas de la Asociaci\u00f3n de Medallistas Paral\u00edmpicos Mundialistas y Panamericanos del Estado - CV Noticias<\/title>\n<meta name=\"robots\" content=\"index, follow, max-snippet:-1, max-image-preview:large, max-video-preview:-1\" \/>\n<link rel=\"canonical\" href=\"https:\/\/cvnoticias.com\/nuevapagina\/index.php\/2025\/12\/10\/reconoce-parlamento-local-a-deportistas-de-la-asociacion-de-medallistas-paralimpicos-mundialistas-y-panamericanos-del-estado\/\" \/>\n<meta property=\"og:locale\" content=\"es_ES\" \/>\n<meta property=\"og:type\" content=\"article\" \/>\n<meta property=\"og:title\" content=\"Reconoce Parlamento local a deportistas de la Asociaci\u00f3n de Medallistas Paral\u00edmpicos Mundialistas y Panamericanos del Estado - CV Noticias\" \/>\n<meta property=\"og:description\" content=\"San Raymundo Jalpan, Oaxaca, a 09 de diciembre de 2025.- Con el prop\u00f3sito de destacar...\" \/>\n<meta property=\"og:url\" content=\"https:\/\/cvnoticias.com\/nuevapagina\/index.php\/2025\/12\/10\/reconoce-parlamento-local-a-deportistas-de-la-asociacion-de-medallistas-paralimpicos-mundialistas-y-panamericanos-del-estado\/\" \/>\n<meta property=\"og:site_name\" content=\"CV Noticias\" \/>\n<meta property=\"article:published_time\" content=\"2025-12-10T19:21:19+00:00\" \/>\n<meta property=\"article:modified_time\" content=\"2025-12-10T19:21:20+00:00\" \/>\n<meta property=\"og:image\" content=\"https:\/\/cvnoticias.com\/nuevapagina\/wp-content\/uploads\/2025\/12\/WhatsApp-Image-2025-12-09-at-7.39.11-PM.jpeg\" \/>\n\t<meta property=\"og:image:width\" content=\"1280\" \/>\n\t<meta property=\"og:image:height\" content=\"853\" \/>\n\t<meta property=\"og:image:type\" content=\"image\/jpeg\" \/>\n<meta name=\"author\" content=\"CvNoticias\" \/>\n<meta name=\"twitter:card\" content=\"summary_large_image\" \/>\n<meta name=\"twitter:label1\" content=\"Escrito por\" \/>\n\t<meta name=\"twitter:data1\" content=\"CvNoticias\" \/>\n\t<meta name=\"twitter:label2\" content=\"Tiempo de lectura\" \/>\n\t<meta name=\"twitter:data2\" content=\"2 minutos\" \/>\n<script type=\"application\/ld+json\" class=\"yoast-schema-graph\">{\"@context\":\"https:\\\/\\\/schema.org\",\"@graph\":[{\"@type\":\"Article\",\"@id\":\"https:\\\/\\\/cvnoticias.com\\\/nuevapagina\\\/index.php\\\/2025\\\/12\\\/10\\\/reconoce-parlamento-local-a-deportistas-de-la-asociacion-de-medallistas-paralimpicos-mundialistas-y-panamericanos-del-estado\\\/#article\",\"isPartOf\":{\"@id\":\"https:\\\/\\\/cvnoticias.com\\\/nuevapagina\\\/index.php\\\/2025\\\/12\\\/10\\\/reconoce-parlamento-local-a-deportistas-de-la-asociacion-de-medallistas-paralimpicos-mundialistas-y-panamericanos-del-estado\\\/\"},\"author\":{\"name\":\"CvNoticias\",\"@id\":\"https:\\\/\\\/cvnoticias.com\\\/nuevapagina\\\/#\\\/schema\\\/person\\\/19e35f246421a31486be7321065f7463\"},\"headline\":\"Reconoce Parlamento local a deportistas de la Asociaci\u00f3n de Medallistas Paral\u00edmpicos Mundialistas y Panamericanos del Estado\",\"datePublished\":\"2025-12-10T19:21:19+00:00\",\"dateModified\":\"2025-12-10T19:21:20+00:00\",\"mainEntityOfPage\":{\"@id\":\"https:\\\/\\\/cvnoticias.com\\\/nuevapagina\\\/index.php\\\/2025\\\/12\\\/10\\\/reconoce-parlamento-local-a-deportistas-de-la-asociacion-de-medallistas-paralimpicos-mundialistas-y-panamericanos-del-estado\\\/\"},\"wordCount\":453,\"commentCount\":0,\"publisher\":{\"@id\":\"https:\\\/\\\/cvnoticias.com\\\/nuevapagina\\\/#organization\"},\"image\":{\"@id\":\"https:\\\/\\\/cvnoticias.com\\\/nuevapagina\\\/index.php\\\/2025\\\/12\\\/10\\\/reconoce-parlamento-local-a-deportistas-de-la-asociacion-de-medallistas-paralimpicos-mundialistas-y-panamericanos-del-estado\\\/#primaryimage\"},\"thumbnailUrl\":\"https:\\\/\\\/cvnoticias.com\\\/nuevapagina\\\/wp-content\\\/uploads\\\/2025\\\/12\\\/WhatsApp-Image-2025-12-09-at-7.39.11-PM.jpeg\",\"articleSection\":[\"Comunicados\"],\"inLanguage\":\"es\",\"potentialAction\":[{\"@type\":\"CommentAction\",\"name\":\"Comment\",\"target\":[\"https:\\\/\\\/cvnoticias.com\\\/nuevapagina\\\/index.php\\\/2025\\\/12\\\/10\\\/reconoce-parlamento-local-a-deportistas-de-la-asociacion-de-medallistas-paralimpicos-mundialistas-y-panamericanos-del-estado\\\/#respond\"]}]},{\"@type\":\"WebPage\",\"@id\":\"https:\\\/\\\/cvnoticias.com\\\/nuevapagina\\\/index.php\\\/2025\\\/12\\\/10\\\/reconoce-parlamento-local-a-deportistas-de-la-asociacion-de-medallistas-paralimpicos-mundialistas-y-panamericanos-del-estado\\\/\",\"url\":\"https:\\\/\\\/cvnoticias.com\\\/nuevapagina\\\/index.php\\\/2025\\\/12\\\/10\\\/reconoce-parlamento-local-a-deportistas-de-la-asociacion-de-medallistas-paralimpicos-mundialistas-y-panamericanos-del-estado\\\/\",\"name\":\"Reconoce Parlamento local a deportistas de la Asociaci\u00f3n de Medallistas Paral\u00edmpicos Mundialistas y Panamericanos del Estado - CV Noticias\",\"isPartOf\":{\"@id\":\"https:\\\/\\\/cvnoticias.com\\\/nuevapagina\\\/#website\"},\"primaryImageOfPage\":{\"@id\":\"https:\\\/\\\/cvnoticias.com\\\/nuevapagina\\\/index.php\\\/2025\\\/12\\\/10\\\/reconoce-parlamento-local-a-deportistas-de-la-asociacion-de-medallistas-paralimpicos-mundialistas-y-panamericanos-del-estado\\\/#primaryimage\"},\"image\":{\"@id\":\"https:\\\/\\\/cvnoticias.com\\\/nuevapagina\\\/index.php\\\/2025\\\/12\\\/10\\\/reconoce-parlamento-local-a-deportistas-de-la-asociacion-de-medallistas-paralimpicos-mundialistas-y-panamericanos-del-estado\\\/#primaryimage\"},\"thumbnailUrl\":\"https:\\\/\\\/cvnoticias.com\\\/nuevapagina\\\/wp-content\\\/uploads\\\/2025\\\/12\\\/WhatsApp-Image-2025-12-09-at-7.39.11-PM.jpeg\",\"datePublished\":\"2025-12-10T19:21:19+00:00\",\"dateModified\":\"2025-12-10T19:21:20+00:00\",\"breadcrumb\":{\"@id\":\"https:\\\/\\\/cvnoticias.com\\\/nuevapagina\\\/index.php\\\/2025\\\/12\\\/10\\\/reconoce-parlamento-local-a-deportistas-de-la-asociacion-de-medallistas-paralimpicos-mundialistas-y-panamericanos-del-estado\\\/#breadcrumb\"},\"inLanguage\":\"es\",\"potentialAction\":[{\"@type\":\"ReadAction\",\"target\":[\"https:\\\/\\\/cvnoticias.com\\\/nuevapagina\\\/index.php\\\/2025\\\/12\\\/10\\\/reconoce-parlamento-local-a-deportistas-de-la-asociacion-de-medallistas-paralimpicos-mundialistas-y-panamericanos-del-estado\\\/\"]}]},{\"@type\":\"ImageObject\",\"inLanguage\":\"es\",\"@id\":\"https:\\\/\\\/cvnoticias.com\\\/nuevapagina\\\/index.php\\\/2025\\\/12\\\/10\\\/reconoce-parlamento-local-a-deportistas-de-la-asociacion-de-medallistas-paralimpicos-mundialistas-y-panamericanos-del-estado\\\/#primaryimage\",\"url\":\"https:\\\/\\\/cvnoticias.com\\\/nuevapagina\\\/wp-content\\\/uploads\\\/2025\\\/12\\\/WhatsApp-Image-2025-12-09-at-7.39.11-PM.jpeg\",\"contentUrl\":\"https:\\\/\\\/cvnoticias.com\\\/nuevapagina\\\/wp-content\\\/uploads\\\/2025\\\/12\\\/WhatsApp-Image-2025-12-09-at-7.39.11-PM.jpeg\",\"width\":1280,\"height\":853},{\"@type\":\"BreadcrumbList\",\"@id\":\"https:\\\/\\\/cvnoticias.com\\\/nuevapagina\\\/index.php\\\/2025\\\/12\\\/10\\\/reconoce-parlamento-local-a-deportistas-de-la-asociacion-de-medallistas-paralimpicos-mundialistas-y-panamericanos-del-estado\\\/#breadcrumb\",\"itemListElement\":[{\"@type\":\"ListItem\",\"position\":1,\"name\":\"Portada\",\"item\":\"https:\\\/\\\/cvnoticias.com\\\/nuevapagina\\\/\"},{\"@type\":\"ListItem\",\"position\":2,\"name\":\"Reconoce Parlamento local a deportistas de la Asociaci\u00f3n de Medallistas Paral\u00edmpicos Mundialistas y Panamericanos del Estado\"}]},{\"@type\":\"WebSite\",\"@id\":\"https:\\\/\\\/cvnoticias.com\\\/nuevapagina\\\/#website\",\"url\":\"https:\\\/\\\/cvnoticias.com\\\/nuevapagina\\\/\",\"name\":\"CV Noticias\",\"description\":\"Noticias de Oaxaca\",\"publisher\":{\"@id\":\"https:\\\/\\\/cvnoticias.com\\\/nuevapagina\\\/#organization\"},\"potentialAction\":[{\"@type\":\"SearchAction\",\"target\":{\"@type\":\"EntryPoint\",\"urlTemplate\":\"https:\\\/\\\/cvnoticias.com\\\/nuevapagina\\\/?s={search_term_string}\"},\"query-input\":{\"@type\":\"PropertyValueSpecification\",\"valueRequired\":true,\"valueName\":\"search_term_string\"}}],\"inLanguage\":\"es\"},{\"@type\":\"Organization\",\"@id\":\"https:\\\/\\\/cvnoticias.com\\\/nuevapagina\\\/#organization\",\"name\":\"CV Noticias\",\"url\":\"https:\\\/\\\/cvnoticias.com\\\/nuevapagina\\\/\",\"logo\":{\"@type\":\"ImageObject\",\"inLanguage\":\"es\",\"@id\":\"https:\\\/\\\/cvnoticias.com\\\/nuevapagina\\\/#\\\/schema\\\/logo\\\/image\\\/\",\"url\":\"https:\\\/\\\/cvnoticias.com\\\/nuevapagina\\\/wp-content\\\/uploads\\\/2025\\\/05\\\/cropped-logo-1.png\",\"contentUrl\":\"https:\\\/\\\/cvnoticias.com\\\/nuevapagina\\\/wp-content\\\/uploads\\\/2025\\\/05\\\/cropped-logo-1.png\",\"width\":320,\"height\":118,\"caption\":\"CV Noticias\"},\"image\":{\"@id\":\"https:\\\/\\\/cvnoticias.com\\\/nuevapagina\\\/#\\\/schema\\\/logo\\\/image\\\/\"}},{\"@type\":\"Person\",\"@id\":\"https:\\\/\\\/cvnoticias.com\\\/nuevapagina\\\/#\\\/schema\\\/person\\\/19e35f246421a31486be7321065f7463\",\"name\":\"CvNoticias\",\"image\":{\"@type\":\"ImageObject\",\"inLanguage\":\"es\",\"@id\":\"https:\\\/\\\/secure.gravatar.com\\\/avatar\\\/c3a4375d38fd8f9b34ac9e853cb706a079817c78f9a39e33b16a2b2b2e51688a?s=96&d=mm&r=g\",\"url\":\"https:\\\/\\\/secure.gravatar.com\\\/avatar\\\/c3a4375d38fd8f9b34ac9e853cb706a079817c78f9a39e33b16a2b2b2e51688a?s=96&d=mm&r=g\",\"contentUrl\":\"https:\\\/\\\/secure.gravatar.com\\\/avatar\\\/c3a4375d38fd8f9b34ac9e853cb706a079817c78f9a39e33b16a2b2b2e51688a?s=96&d=mm&r=g\",\"caption\":\"CvNoticias\"},\"url\":\"https:\\\/\\\/cvnoticias.com\\\/nuevapagina\\\/index.php\\\/author\\\/gesner\\\/\"}]}<\/script>\n<!-- \/ Yoast SEO plugin. -->","yoast_head_json":{"title":"Reconoce Parlamento local a deportistas de la Asociaci\u00f3n de Medallistas Paral\u00edmpicos Mundialistas y Panamericanos del Estado - CV Noticias","robots":{"index":"index","follow":"follow","max-snippet":"max-snippet:-1","max-image-preview":"max-image-preview:large","max-video-preview":"max-video-preview:-1"},"canonical":"https:\/\/cvnoticias.com\/nuevapagina\/index.php\/2025\/12\/10\/reconoce-parlamento-local-a-deportistas-de-la-asociacion-de-medallistas-paralimpicos-mundialistas-y-panamericanos-del-estado\/","og_locale":"es_ES","og_type":"article","og_title":"Reconoce Parlamento local a deportistas de la Asociaci\u00f3n de Medallistas Paral\u00edmpicos Mundialistas y Panamericanos del Estado - CV Noticias","og_description":"San Raymundo Jalpan, Oaxaca, a 09 de diciembre de 2025.- Con el prop\u00f3sito de destacar...","og_url":"https:\/\/cvnoticias.com\/nuevapagina\/index.php\/2025\/12\/10\/reconoce-parlamento-local-a-deportistas-de-la-asociacion-de-medallistas-paralimpicos-mundialistas-y-panamericanos-del-estado\/","og_site_name":"CV Noticias","article_published_time":"2025-12-10T19:21:19+00:00","article_modified_time":"2025-12-10T19:21:20+00:00","og_image":[{"width":1280,"height":853,"url":"https:\/\/cvnoticias.com\/nuevapagina\/wp-content\/uploads\/2025\/12\/WhatsApp-Image-2025-12-09-at-7.39.11-PM.jpeg","type":"image\/jpeg"}],"author":"CvNoticias","twitter_card":"summary_large_image","twitter_misc":{"Escrito por":"CvNoticias","Tiempo de lectura":"2 minutos"},"schema":{"@context":"https:\/\/schema.org","@graph":[{"@type":"Article","@id":"https:\/\/cvnoticias.com\/nuevapagina\/index.php\/2025\/12\/10\/reconoce-parlamento-local-a-deportistas-de-la-asociacion-de-medallistas-paralimpicos-mundialistas-y-panamericanos-del-estado\/#article","isPartOf":{"@id":"https:\/\/cvnoticias.com\/nuevapagina\/index.php\/2025\/12\/10\/reconoce-parlamento-local-a-deportistas-de-la-asociacion-de-medallistas-paralimpicos-mundialistas-y-panamericanos-del-estado\/"},"author":{"name":"CvNoticias","@id":"https:\/\/cvnoticias.com\/nuevapagina\/#\/schema\/person\/19e35f246421a31486be7321065f7463"},"headline":"Reconoce Parlamento local a deportistas de la Asociaci\u00f3n de Medallistas Paral\u00edmpicos Mundialistas y Panamericanos del Estado","datePublished":"2025-12-10T19:21:19+00:00","dateModified":"2025-12-10T19:21:20+00:00","mainEntityOfPage":{"@id":"https:\/\/cvnoticias.com\/nuevapagina\/index.php\/2025\/12\/10\/reconoce-parlamento-local-a-deportistas-de-la-asociacion-de-medallistas-paralimpicos-mundialistas-y-panamericanos-del-estado\/"},"wordCount":453,"commentCount":0,"publisher":{"@id":"https:\/\/cvnoticias.com\/nuevapagina\/#organization"},"image":{"@id":"https:\/\/cvnoticias.com\/nuevapagina\/index.php\/2025\/12\/10\/reconoce-parlamento-local-a-deportistas-de-la-asociacion-de-medallistas-paralimpicos-mundialistas-y-panamericanos-del-estado\/#primaryimage"},"thumbnailUrl":"https:\/\/cvnoticias.com\/nuevapagina\/wp-content\/uploads\/2025\/12\/WhatsApp-Image-2025-12-09-at-7.39.11-PM.jpeg","articleSection":["Comunicados"],"inLanguage":"es","potentialAction":[{"@type":"CommentAction","name":"Comment","target":["https:\/\/cvnoticias.com\/nuevapagina\/index.php\/2025\/12\/10\/reconoce-parlamento-local-a-deportistas-de-la-asociacion-de-medallistas-paralimpicos-mundialistas-y-panamericanos-del-estado\/#respond"]}]},{"@type":"WebPage","@id":"https:\/\/cvnoticias.com\/nuevapagina\/index.php\/2025\/12\/10\/reconoce-parlamento-local-a-deportistas-de-la-asociacion-de-medallistas-paralimpicos-mundialistas-y-panamericanos-del-estado\/","url":"https:\/\/cvnoticias.com\/nuevapagina\/index.php\/2025\/12\/10\/reconoce-parlamento-local-a-deportistas-de-la-asociacion-de-medallistas-paralimpicos-mundialistas-y-panamericanos-del-estado\/","name":"Reconoce Parlamento local a deportistas de la Asociaci\u00f3n de Medallistas Paral\u00edmpicos Mundialistas y Panamericanos del Estado - CV Noticias","isPartOf":{"@id":"https:\/\/cvnoticias.com\/nuevapagina\/#website"},"primaryImageOfPage":{"@id":"https:\/\/cvnoticias.com\/nuevapagina\/index.php\/2025\/12\/10\/reconoce-parlamento-local-a-deportistas-de-la-asociacion-de-medallistas-paralimpicos-mundialistas-y-panamericanos-del-estado\/#primaryimage"},"image":{"@id":"https:\/\/cvnoticias.com\/nuevapagina\/index.php\/2025\/12\/10\/reconoce-parlamento-local-a-deportistas-de-la-asociacion-de-medallistas-paralimpicos-mundialistas-y-panamericanos-del-estado\/#primaryimage"},"thumbnailUrl":"https:\/\/cvnoticias.com\/nuevapagina\/wp-content\/uploads\/2025\/12\/WhatsApp-Image-2025-12-09-at-7.39.11-PM.jpeg","datePublished":"2025-12-10T19:21:19+00:00","dateModified":"2025-12-10T19:21:20+00:00","breadcrumb":{"@id":"https:\/\/cvnoticias.com\/nuevapagina\/index.php\/2025\/12\/10\/reconoce-parlamento-local-a-deportistas-de-la-asociacion-de-medallistas-paralimpicos-mundialistas-y-panamericanos-del-estado\/#breadcrumb"},"inLanguage":"es","potentialAction":[{"@type":"ReadAction","target":["https:\/\/cvnoticias.com\/nuevapagina\/index.php\/2025\/12\/10\/reconoce-parlamento-local-a-deportistas-de-la-asociacion-de-medallistas-paralimpicos-mundialistas-y-panamericanos-del-estado\/"]}]},{"@type":"ImageObject","inLanguage":"es","@id":"https:\/\/cvnoticias.com\/nuevapagina\/index.php\/2025\/12\/10\/reconoce-parlamento-local-a-deportistas-de-la-asociacion-de-medallistas-paralimpicos-mundialistas-y-panamericanos-del-estado\/#primaryimage","url":"https:\/\/cvnoticias.com\/nuevapagina\/wp-content\/uploads\/2025\/12\/WhatsApp-Image-2025-12-09-at-7.39.11-PM.jpeg","contentUrl":"https:\/\/cvnoticias.com\/nuevapagina\/wp-content\/uploads\/2025\/12\/WhatsApp-Image-2025-12-09-at-7.39.11-PM.jpeg","width":1280,"height":853},{"@type":"BreadcrumbList","@id":"https:\/\/cvnoticias.com\/nuevapagina\/index.php\/2025\/12\/10\/reconoce-parlamento-local-a-deportistas-de-la-asociacion-de-medallistas-paralimpicos-mundialistas-y-panamericanos-del-estado\/#breadcrumb","itemListElement":[{"@type":"ListItem","position":1,"name":"Portada","item":"https:\/\/cvnoticias.com\/nuevapagina\/"},{"@type":"ListItem","position":2,"name":"Reconoce Parlamento local a deportistas de la Asociaci\u00f3n de Medallistas Paral\u00edmpicos Mundialistas y Panamericanos del Estado"}]},{"@type":"WebSite","@id":"https:\/\/cvnoticias.com\/nuevapagina\/#website","url":"https:\/\/cvnoticias.com\/nuevapagina\/","name":"CV Noticias","description":"Noticias de Oaxaca","publisher":{"@id":"https:\/\/cvnoticias.com\/nuevapagina\/#organization"},"potentialAction":[{"@type":"SearchAction","target":{"@type":"EntryPoint","urlTemplate":"https:\/\/cvnoticias.com\/nuevapagina\/?s={search_term_string}"},"query-input":{"@type":"PropertyValueSpecification","valueRequired":true,"valueName":"search_term_string"}}],"inLanguage":"es"},{"@type":"Organization","@id":"https:\/\/cvnoticias.com\/nuevapagina\/#organization","name":"CV Noticias","url":"https:\/\/cvnoticias.com\/nuevapagina\/","logo":{"@type":"ImageObject","inLanguage":"es","@id":"https:\/\/cvnoticias.com\/nuevapagina\/#\/schema\/logo\/image\/","url":"https:\/\/cvnoticias.com\/nuevapagina\/wp-content\/uploads\/2025\/05\/cropped-logo-1.png","contentUrl":"https:\/\/cvnoticias.com\/nuevapagina\/wp-content\/uploads\/2025\/05\/cropped-logo-1.png","width":320,"height":118,"caption":"CV Noticias"},"image":{"@id":"https:\/\/cvnoticias.com\/nuevapagina\/#\/schema\/logo\/image\/"}},{"@type":"Person","@id":"https:\/\/cvnoticias.com\/nuevapagina\/#\/schema\/person\/19e35f246421a31486be7321065f7463","name":"CvNoticias","image":{"@type":"ImageObject","inLanguage":"es","@id":"https:\/\/secure.gravatar.com\/avatar\/c3a4375d38fd8f9b34ac9e853cb706a079817c78f9a39e33b16a2b2b2e51688a?s=96&d=mm&r=g","url":"https:\/\/secure.gravatar.com\/avatar\/c3a4375d38fd8f9b34ac9e853cb706a079817c78f9a39e33b16a2b2b2e51688a?s=96&d=mm&r=g","contentUrl":"https:\/\/secure.gravatar.com\/avatar\/c3a4375d38fd8f9b34ac9e853cb706a079817c78f9a39e33b16a2b2b2e51688a?s=96&d=mm&r=g","caption":"CvNoticias"},"url":"https:\/\/cvnoticias.com\/nuevapagina\/index.php\/author\/gesner\/"}]}},"_links":{"self":[{"href":"https:\/\/cvnoticias.com\/nuevapagina\/index.php\/wp-json\/wp\/v2\/posts\/4310","targetHints":{"allow":["GET"]}}],"collection":[{"href":"https:\/\/cvnoticias.com\/nuevapagina\/index.php\/wp-json\/wp\/v2\/posts"}],"about":[{"href":"https:\/\/cvnoticias.com\/nuevapagina\/index.php\/wp-json\/wp\/v2\/types\/post"}],"author":[{"embeddable":true,"href":"https:\/\/cvnoticias.com\/nuevapagina\/index.php\/wp-json\/wp\/v2\/users\/2"}],"replies":[{"embeddable":true,"href":"https:\/\/cvnoticias.com\/nuevapagina\/index.php\/wp-json\/wp\/v2\/comments?post=4310"}],"version-history":[{"count":1,"href":"https:\/\/cvnoticias.com\/nuevapagina\/index.php\/wp-json\/wp\/v2\/posts\/4310\/revisions"}],"predecessor-version":[{"id":4311,"href":"https:\/\/cvnoticias.com\/nuevapagina\/index.php\/wp-json\/wp\/v2\/posts\/4310\/revisions\/4311"}],"wp:featuredmedia":[{"embeddable":true,"href":"https:\/\/cvnoticias.com\/nuevapagina\/index.php\/wp-json\/wp\/v2\/media\/4307"}],"wp:attachment":[{"href":"https:\/\/cvnoticias.com\/nuevapagina\/index.php\/wp-json\/wp\/v2\/media?parent=4310"}],"wp:term":[{"taxonomy":"category","embeddable":true,"href":"https:\/\/cvnoticias.com\/nuevapagina\/index.php\/wp-json\/wp\/v2\/categories?post=4310"},{"taxonomy":"post_tag","embeddable":true,"href":"https:\/\/cvnoticias.com\/nuevapagina\/index.php\/wp-json\/wp\/v2\/tags?post=4310"}],"curies":[{"name":"wp","href":"https:\/\/api.w.org\/{rel}","templated":true}]}}