{"id":4298,"date":"2025-12-10T01:34:41","date_gmt":"2025-12-10T01:34:41","guid":{"rendered":"https:\/\/cvnoticias.com\/nuevapagina\/?p=4298"},"modified":"2025-12-10T01:34:42","modified_gmt":"2025-12-10T01:34:42","slug":"fortalece-blanca-martinez-infraestructura-educativa-en-emsad-05-de-tepetlapa","status":"publish","type":"post","link":"https:\/\/cvnoticias.com\/nuevapagina\/index.php\/2025\/12\/10\/fortalece-blanca-martinez-infraestructura-educativa-en-emsad-05-de-tepetlapa\/","title":{"rendered":"Fortalece Blanca Mart\u00ednez infraestructura educativa en EMSaD 05 de Tepetlapa."},"content":{"rendered":"\n<p><\/p>\n\n\n\n<p>Transformaci\u00f3n educativa se consolida en Oaxaca con nuevas acciones del CECyTEO<\/p>\n\n\n\n<p>Con el objetivo de mejorar las condiciones educativas en las comunidades de la Costa oaxaque\u00f1a, la Directora General del Colegio de Estudios Cient\u00edficos y Tecnol\u00f3gicos del Estado de Oaxaca (CECyTEO), Blanca Mart\u00ednez, realiz\u00f3 una visita oficial al plantel EMSaD 05 de Tepetlapa.<\/p>\n\n\n\n<p>Durante su intervenci\u00f3n, la Directora General record\u00f3 que, desde su creaci\u00f3n, el EMSaD 05 no hab\u00eda recibido una renovaci\u00f3n de su equipo de c\u00f3mputo. Por ello, anunci\u00f3 la entrega de 20 computadoras, proyectores, una pantalla plana, 20 pupitres, as\u00ed como pintura y un kit de mantenimiento, insumos que fortalecer\u00e1n la infraestructura y los procesos de ense\u00f1anza en el plantel.<\/p>\n\n\n\n<p>\u201cHoy, en un acto de justicia social, venimos a entregar equipamiento digno como parte de la Guelaguetza Digital, iniciativa impulsada por nuestro Gobernador Salom\u00f3n Jara Cruz. En educaci\u00f3n estamos haciendo lo que nunca se hab\u00eda hecho por nuestras juventudes\u201d, afirm\u00f3.<\/p>\n\n\n\n<p>Con estas acciones, el Gobierno del Estado y el CECyTEO refrendan su compromiso con la transformaci\u00f3n educativa, garantizando herramientas modernas que impulsen la formaci\u00f3n de las y los estudiantes en comunidades de dif\u00edcil acceso.<\/p>\n\n\n\n<p><\/p>\n","protected":false},"excerpt":{"rendered":"<p>Transformaci\u00f3n educativa se consolida en Oaxaca con nuevas acciones del CECyTEO Con el objetivo de&#8230;<\/p>\n","protected":false},"author":2,"featured_media":4299,"comment_status":"open","ping_status":"closed","sticky":false,"template":"","format":"standard","meta":{"footnotes":""},"categories":[3],"tags":[],"class_list":["post-4298","post","type-post","status-publish","format-standard","has-post-thumbnail","hentry","category-comunicadosdeprensa"],"yoast_head":"<!-- This site is optimized with the Yoast SEO plugin v27.5 - https:\/\/yoast.com\/product\/yoast-seo-wordpress\/ -->\n<title>Fortalece Blanca Mart\u00ednez infraestructura educativa en EMSaD 05 de Tepetlapa. - CV Noticias<\/title>\n<meta name=\"robots\" content=\"index, follow, max-snippet:-1, max-image-preview:large, max-video-preview:-1\" \/>\n<link rel=\"canonical\" href=\"https:\/\/cvnoticias.com\/nuevapagina\/index.php\/2025\/12\/10\/fortalece-blanca-martinez-infraestructura-educativa-en-emsad-05-de-tepetlapa\/\" \/>\n<meta property=\"og:locale\" content=\"es_ES\" \/>\n<meta property=\"og:type\" content=\"article\" \/>\n<meta property=\"og:title\" content=\"Fortalece Blanca Mart\u00ednez infraestructura educativa en EMSaD 05 de Tepetlapa. - CV Noticias\" \/>\n<meta property=\"og:description\" content=\"Transformaci\u00f3n educativa se consolida en Oaxaca con nuevas acciones del CECyTEO Con el objetivo de...\" \/>\n<meta property=\"og:url\" content=\"https:\/\/cvnoticias.com\/nuevapagina\/index.php\/2025\/12\/10\/fortalece-blanca-martinez-infraestructura-educativa-en-emsad-05-de-tepetlapa\/\" \/>\n<meta property=\"og:site_name\" content=\"CV Noticias\" \/>\n<meta property=\"article:published_time\" content=\"2025-12-10T01:34:41+00:00\" \/>\n<meta property=\"article:modified_time\" content=\"2025-12-10T01:34:42+00:00\" \/>\n<meta property=\"og:image\" content=\"https:\/\/cvnoticias.com\/nuevapagina\/wp-content\/uploads\/2025\/12\/4705149c-b068-4039-a20f-0d6d7fc74b6c.jpeg\" \/>\n\t<meta property=\"og:image:width\" content=\"1599\" \/>\n\t<meta property=\"og:image:height\" content=\"1066\" \/>\n\t<meta property=\"og:image:type\" content=\"image\/jpeg\" \/>\n<meta name=\"author\" content=\"CvNoticias\" \/>\n<meta name=\"twitter:card\" content=\"summary_large_image\" \/>\n<meta name=\"twitter:label1\" content=\"Escrito por\" \/>\n\t<meta name=\"twitter:data1\" content=\"CvNoticias\" \/>\n\t<meta name=\"twitter:label2\" content=\"Tiempo de lectura\" \/>\n\t<meta name=\"twitter:data2\" content=\"2 minutos\" \/>\n<script type=\"application\/ld+json\" class=\"yoast-schema-graph\">{\"@context\":\"https:\\\/\\\/schema.org\",\"@graph\":[{\"@type\":\"Article\",\"@id\":\"https:\\\/\\\/cvnoticias.com\\\/nuevapagina\\\/index.php\\\/2025\\\/12\\\/10\\\/fortalece-blanca-martinez-infraestructura-educativa-en-emsad-05-de-tepetlapa\\\/#article\",\"isPartOf\":{\"@id\":\"https:\\\/\\\/cvnoticias.com\\\/nuevapagina\\\/index.php\\\/2025\\\/12\\\/10\\\/fortalece-blanca-martinez-infraestructura-educativa-en-emsad-05-de-tepetlapa\\\/\"},\"author\":{\"name\":\"CvNoticias\",\"@id\":\"https:\\\/\\\/cvnoticias.com\\\/nuevapagina\\\/#\\\/schema\\\/person\\\/19e35f246421a31486be7321065f7463\"},\"headline\":\"Fortalece Blanca Mart\u00ednez infraestructura educativa en EMSaD 05 de Tepetlapa.\",\"datePublished\":\"2025-12-10T01:34:41+00:00\",\"dateModified\":\"2025-12-10T01:34:42+00:00\",\"mainEntityOfPage\":{\"@id\":\"https:\\\/\\\/cvnoticias.com\\\/nuevapagina\\\/index.php\\\/2025\\\/12\\\/10\\\/fortalece-blanca-martinez-infraestructura-educativa-en-emsad-05-de-tepetlapa\\\/\"},\"wordCount\":210,\"commentCount\":0,\"publisher\":{\"@id\":\"https:\\\/\\\/cvnoticias.com\\\/nuevapagina\\\/#organization\"},\"image\":{\"@id\":\"https:\\\/\\\/cvnoticias.com\\\/nuevapagina\\\/index.php\\\/2025\\\/12\\\/10\\\/fortalece-blanca-martinez-infraestructura-educativa-en-emsad-05-de-tepetlapa\\\/#primaryimage\"},\"thumbnailUrl\":\"https:\\\/\\\/cvnoticias.com\\\/nuevapagina\\\/wp-content\\\/uploads\\\/2025\\\/12\\\/4705149c-b068-4039-a20f-0d6d7fc74b6c.jpeg\",\"articleSection\":[\"Comunicados\"],\"inLanguage\":\"es\",\"potentialAction\":[{\"@type\":\"CommentAction\",\"name\":\"Comment\",\"target\":[\"https:\\\/\\\/cvnoticias.com\\\/nuevapagina\\\/index.php\\\/2025\\\/12\\\/10\\\/fortalece-blanca-martinez-infraestructura-educativa-en-emsad-05-de-tepetlapa\\\/#respond\"]}]},{\"@type\":\"WebPage\",\"@id\":\"https:\\\/\\\/cvnoticias.com\\\/nuevapagina\\\/index.php\\\/2025\\\/12\\\/10\\\/fortalece-blanca-martinez-infraestructura-educativa-en-emsad-05-de-tepetlapa\\\/\",\"url\":\"https:\\\/\\\/cvnoticias.com\\\/nuevapagina\\\/index.php\\\/2025\\\/12\\\/10\\\/fortalece-blanca-martinez-infraestructura-educativa-en-emsad-05-de-tepetlapa\\\/\",\"name\":\"Fortalece Blanca Mart\u00ednez infraestructura educativa en EMSaD 05 de Tepetlapa. - CV Noticias\",\"isPartOf\":{\"@id\":\"https:\\\/\\\/cvnoticias.com\\\/nuevapagina\\\/#website\"},\"primaryImageOfPage\":{\"@id\":\"https:\\\/\\\/cvnoticias.com\\\/nuevapagina\\\/index.php\\\/2025\\\/12\\\/10\\\/fortalece-blanca-martinez-infraestructura-educativa-en-emsad-05-de-tepetlapa\\\/#primaryimage\"},\"image\":{\"@id\":\"https:\\\/\\\/cvnoticias.com\\\/nuevapagina\\\/index.php\\\/2025\\\/12\\\/10\\\/fortalece-blanca-martinez-infraestructura-educativa-en-emsad-05-de-tepetlapa\\\/#primaryimage\"},\"thumbnailUrl\":\"https:\\\/\\\/cvnoticias.com\\\/nuevapagina\\\/wp-content\\\/uploads\\\/2025\\\/12\\\/4705149c-b068-4039-a20f-0d6d7fc74b6c.jpeg\",\"datePublished\":\"2025-12-10T01:34:41+00:00\",\"dateModified\":\"2025-12-10T01:34:42+00:00\",\"breadcrumb\":{\"@id\":\"https:\\\/\\\/cvnoticias.com\\\/nuevapagina\\\/index.php\\\/2025\\\/12\\\/10\\\/fortalece-blanca-martinez-infraestructura-educativa-en-emsad-05-de-tepetlapa\\\/#breadcrumb\"},\"inLanguage\":\"es\",\"potentialAction\":[{\"@type\":\"ReadAction\",\"target\":[\"https:\\\/\\\/cvnoticias.com\\\/nuevapagina\\\/index.php\\\/2025\\\/12\\\/10\\\/fortalece-blanca-martinez-infraestructura-educativa-en-emsad-05-de-tepetlapa\\\/\"]}]},{\"@type\":\"ImageObject\",\"inLanguage\":\"es\",\"@id\":\"https:\\\/\\\/cvnoticias.com\\\/nuevapagina\\\/index.php\\\/2025\\\/12\\\/10\\\/fortalece-blanca-martinez-infraestructura-educativa-en-emsad-05-de-tepetlapa\\\/#primaryimage\",\"url\":\"https:\\\/\\\/cvnoticias.com\\\/nuevapagina\\\/wp-content\\\/uploads\\\/2025\\\/12\\\/4705149c-b068-4039-a20f-0d6d7fc74b6c.jpeg\",\"contentUrl\":\"https:\\\/\\\/cvnoticias.com\\\/nuevapagina\\\/wp-content\\\/uploads\\\/2025\\\/12\\\/4705149c-b068-4039-a20f-0d6d7fc74b6c.jpeg\",\"width\":1599,\"height\":1066},{\"@type\":\"BreadcrumbList\",\"@id\":\"https:\\\/\\\/cvnoticias.com\\\/nuevapagina\\\/index.php\\\/2025\\\/12\\\/10\\\/fortalece-blanca-martinez-infraestructura-educativa-en-emsad-05-de-tepetlapa\\\/#breadcrumb\",\"itemListElement\":[{\"@type\":\"ListItem\",\"position\":1,\"name\":\"Portada\",\"item\":\"https:\\\/\\\/cvnoticias.com\\\/nuevapagina\\\/\"},{\"@type\":\"ListItem\",\"position\":2,\"name\":\"Fortalece Blanca Mart\u00ednez infraestructura educativa en EMSaD 05 de Tepetlapa.\"}]},{\"@type\":\"WebSite\",\"@id\":\"https:\\\/\\\/cvnoticias.com\\\/nuevapagina\\\/#website\",\"url\":\"https:\\\/\\\/cvnoticias.com\\\/nuevapagina\\\/\",\"name\":\"CV Noticias\",\"description\":\"Noticias de Oaxaca\",\"publisher\":{\"@id\":\"https:\\\/\\\/cvnoticias.com\\\/nuevapagina\\\/#organization\"},\"potentialAction\":[{\"@type\":\"SearchAction\",\"target\":{\"@type\":\"EntryPoint\",\"urlTemplate\":\"https:\\\/\\\/cvnoticias.com\\\/nuevapagina\\\/?s={search_term_string}\"},\"query-input\":{\"@type\":\"PropertyValueSpecification\",\"valueRequired\":true,\"valueName\":\"search_term_string\"}}],\"inLanguage\":\"es\"},{\"@type\":\"Organization\",\"@id\":\"https:\\\/\\\/cvnoticias.com\\\/nuevapagina\\\/#organization\",\"name\":\"CV Noticias\",\"url\":\"https:\\\/\\\/cvnoticias.com\\\/nuevapagina\\\/\",\"logo\":{\"@type\":\"ImageObject\",\"inLanguage\":\"es\",\"@id\":\"https:\\\/\\\/cvnoticias.com\\\/nuevapagina\\\/#\\\/schema\\\/logo\\\/image\\\/\",\"url\":\"https:\\\/\\\/cvnoticias.com\\\/nuevapagina\\\/wp-content\\\/uploads\\\/2025\\\/05\\\/cropped-logo-1.png\",\"contentUrl\":\"https:\\\/\\\/cvnoticias.com\\\/nuevapagina\\\/wp-content\\\/uploads\\\/2025\\\/05\\\/cropped-logo-1.png\",\"width\":320,\"height\":118,\"caption\":\"CV Noticias\"},\"image\":{\"@id\":\"https:\\\/\\\/cvnoticias.com\\\/nuevapagina\\\/#\\\/schema\\\/logo\\\/image\\\/\"}},{\"@type\":\"Person\",\"@id\":\"https:\\\/\\\/cvnoticias.com\\\/nuevapagina\\\/#\\\/schema\\\/person\\\/19e35f246421a31486be7321065f7463\",\"name\":\"CvNoticias\",\"image\":{\"@type\":\"ImageObject\",\"inLanguage\":\"es\",\"@id\":\"https:\\\/\\\/secure.gravatar.com\\\/avatar\\\/c3a4375d38fd8f9b34ac9e853cb706a079817c78f9a39e33b16a2b2b2e51688a?s=96&d=mm&r=g\",\"url\":\"https:\\\/\\\/secure.gravatar.com\\\/avatar\\\/c3a4375d38fd8f9b34ac9e853cb706a079817c78f9a39e33b16a2b2b2e51688a?s=96&d=mm&r=g\",\"contentUrl\":\"https:\\\/\\\/secure.gravatar.com\\\/avatar\\\/c3a4375d38fd8f9b34ac9e853cb706a079817c78f9a39e33b16a2b2b2e51688a?s=96&d=mm&r=g\",\"caption\":\"CvNoticias\"},\"url\":\"https:\\\/\\\/cvnoticias.com\\\/nuevapagina\\\/index.php\\\/author\\\/gesner\\\/\"}]}<\/script>\n<!-- \/ Yoast SEO plugin. -->","yoast_head_json":{"title":"Fortalece Blanca Mart\u00ednez infraestructura educativa en EMSaD 05 de Tepetlapa. - CV Noticias","robots":{"index":"index","follow":"follow","max-snippet":"max-snippet:-1","max-image-preview":"max-image-preview:large","max-video-preview":"max-video-preview:-1"},"canonical":"https:\/\/cvnoticias.com\/nuevapagina\/index.php\/2025\/12\/10\/fortalece-blanca-martinez-infraestructura-educativa-en-emsad-05-de-tepetlapa\/","og_locale":"es_ES","og_type":"article","og_title":"Fortalece Blanca Mart\u00ednez infraestructura educativa en EMSaD 05 de Tepetlapa. - CV Noticias","og_description":"Transformaci\u00f3n educativa se consolida en Oaxaca con nuevas acciones del CECyTEO Con el objetivo de...","og_url":"https:\/\/cvnoticias.com\/nuevapagina\/index.php\/2025\/12\/10\/fortalece-blanca-martinez-infraestructura-educativa-en-emsad-05-de-tepetlapa\/","og_site_name":"CV Noticias","article_published_time":"2025-12-10T01:34:41+00:00","article_modified_time":"2025-12-10T01:34:42+00:00","og_image":[{"width":1599,"height":1066,"url":"https:\/\/cvnoticias.com\/nuevapagina\/wp-content\/uploads\/2025\/12\/4705149c-b068-4039-a20f-0d6d7fc74b6c.jpeg","type":"image\/jpeg"}],"author":"CvNoticias","twitter_card":"summary_large_image","twitter_misc":{"Escrito por":"CvNoticias","Tiempo de lectura":"2 minutos"},"schema":{"@context":"https:\/\/schema.org","@graph":[{"@type":"Article","@id":"https:\/\/cvnoticias.com\/nuevapagina\/index.php\/2025\/12\/10\/fortalece-blanca-martinez-infraestructura-educativa-en-emsad-05-de-tepetlapa\/#article","isPartOf":{"@id":"https:\/\/cvnoticias.com\/nuevapagina\/index.php\/2025\/12\/10\/fortalece-blanca-martinez-infraestructura-educativa-en-emsad-05-de-tepetlapa\/"},"author":{"name":"CvNoticias","@id":"https:\/\/cvnoticias.com\/nuevapagina\/#\/schema\/person\/19e35f246421a31486be7321065f7463"},"headline":"Fortalece Blanca Mart\u00ednez infraestructura educativa en EMSaD 05 de Tepetlapa.","datePublished":"2025-12-10T01:34:41+00:00","dateModified":"2025-12-10T01:34:42+00:00","mainEntityOfPage":{"@id":"https:\/\/cvnoticias.com\/nuevapagina\/index.php\/2025\/12\/10\/fortalece-blanca-martinez-infraestructura-educativa-en-emsad-05-de-tepetlapa\/"},"wordCount":210,"commentCount":0,"publisher":{"@id":"https:\/\/cvnoticias.com\/nuevapagina\/#organization"},"image":{"@id":"https:\/\/cvnoticias.com\/nuevapagina\/index.php\/2025\/12\/10\/fortalece-blanca-martinez-infraestructura-educativa-en-emsad-05-de-tepetlapa\/#primaryimage"},"thumbnailUrl":"https:\/\/cvnoticias.com\/nuevapagina\/wp-content\/uploads\/2025\/12\/4705149c-b068-4039-a20f-0d6d7fc74b6c.jpeg","articleSection":["Comunicados"],"inLanguage":"es","potentialAction":[{"@type":"CommentAction","name":"Comment","target":["https:\/\/cvnoticias.com\/nuevapagina\/index.php\/2025\/12\/10\/fortalece-blanca-martinez-infraestructura-educativa-en-emsad-05-de-tepetlapa\/#respond"]}]},{"@type":"WebPage","@id":"https:\/\/cvnoticias.com\/nuevapagina\/index.php\/2025\/12\/10\/fortalece-blanca-martinez-infraestructura-educativa-en-emsad-05-de-tepetlapa\/","url":"https:\/\/cvnoticias.com\/nuevapagina\/index.php\/2025\/12\/10\/fortalece-blanca-martinez-infraestructura-educativa-en-emsad-05-de-tepetlapa\/","name":"Fortalece Blanca Mart\u00ednez infraestructura educativa en EMSaD 05 de Tepetlapa. - CV Noticias","isPartOf":{"@id":"https:\/\/cvnoticias.com\/nuevapagina\/#website"},"primaryImageOfPage":{"@id":"https:\/\/cvnoticias.com\/nuevapagina\/index.php\/2025\/12\/10\/fortalece-blanca-martinez-infraestructura-educativa-en-emsad-05-de-tepetlapa\/#primaryimage"},"image":{"@id":"https:\/\/cvnoticias.com\/nuevapagina\/index.php\/2025\/12\/10\/fortalece-blanca-martinez-infraestructura-educativa-en-emsad-05-de-tepetlapa\/#primaryimage"},"thumbnailUrl":"https:\/\/cvnoticias.com\/nuevapagina\/wp-content\/uploads\/2025\/12\/4705149c-b068-4039-a20f-0d6d7fc74b6c.jpeg","datePublished":"2025-12-10T01:34:41+00:00","dateModified":"2025-12-10T01:34:42+00:00","breadcrumb":{"@id":"https:\/\/cvnoticias.com\/nuevapagina\/index.php\/2025\/12\/10\/fortalece-blanca-martinez-infraestructura-educativa-en-emsad-05-de-tepetlapa\/#breadcrumb"},"inLanguage":"es","potentialAction":[{"@type":"ReadAction","target":["https:\/\/cvnoticias.com\/nuevapagina\/index.php\/2025\/12\/10\/fortalece-blanca-martinez-infraestructura-educativa-en-emsad-05-de-tepetlapa\/"]}]},{"@type":"ImageObject","inLanguage":"es","@id":"https:\/\/cvnoticias.com\/nuevapagina\/index.php\/2025\/12\/10\/fortalece-blanca-martinez-infraestructura-educativa-en-emsad-05-de-tepetlapa\/#primaryimage","url":"https:\/\/cvnoticias.com\/nuevapagina\/wp-content\/uploads\/2025\/12\/4705149c-b068-4039-a20f-0d6d7fc74b6c.jpeg","contentUrl":"https:\/\/cvnoticias.com\/nuevapagina\/wp-content\/uploads\/2025\/12\/4705149c-b068-4039-a20f-0d6d7fc74b6c.jpeg","width":1599,"height":1066},{"@type":"BreadcrumbList","@id":"https:\/\/cvnoticias.com\/nuevapagina\/index.php\/2025\/12\/10\/fortalece-blanca-martinez-infraestructura-educativa-en-emsad-05-de-tepetlapa\/#breadcrumb","itemListElement":[{"@type":"ListItem","position":1,"name":"Portada","item":"https:\/\/cvnoticias.com\/nuevapagina\/"},{"@type":"ListItem","position":2,"name":"Fortalece Blanca Mart\u00ednez infraestructura educativa en EMSaD 05 de Tepetlapa."}]},{"@type":"WebSite","@id":"https:\/\/cvnoticias.com\/nuevapagina\/#website","url":"https:\/\/cvnoticias.com\/nuevapagina\/","name":"CV Noticias","description":"Noticias de Oaxaca","publisher":{"@id":"https:\/\/cvnoticias.com\/nuevapagina\/#organization"},"potentialAction":[{"@type":"SearchAction","target":{"@type":"EntryPoint","urlTemplate":"https:\/\/cvnoticias.com\/nuevapagina\/?s={search_term_string}"},"query-input":{"@type":"PropertyValueSpecification","valueRequired":true,"valueName":"search_term_string"}}],"inLanguage":"es"},{"@type":"Organization","@id":"https:\/\/cvnoticias.com\/nuevapagina\/#organization","name":"CV Noticias","url":"https:\/\/cvnoticias.com\/nuevapagina\/","logo":{"@type":"ImageObject","inLanguage":"es","@id":"https:\/\/cvnoticias.com\/nuevapagina\/#\/schema\/logo\/image\/","url":"https:\/\/cvnoticias.com\/nuevapagina\/wp-content\/uploads\/2025\/05\/cropped-logo-1.png","contentUrl":"https:\/\/cvnoticias.com\/nuevapagina\/wp-content\/uploads\/2025\/05\/cropped-logo-1.png","width":320,"height":118,"caption":"CV Noticias"},"image":{"@id":"https:\/\/cvnoticias.com\/nuevapagina\/#\/schema\/logo\/image\/"}},{"@type":"Person","@id":"https:\/\/cvnoticias.com\/nuevapagina\/#\/schema\/person\/19e35f246421a31486be7321065f7463","name":"CvNoticias","image":{"@type":"ImageObject","inLanguage":"es","@id":"https:\/\/secure.gravatar.com\/avatar\/c3a4375d38fd8f9b34ac9e853cb706a079817c78f9a39e33b16a2b2b2e51688a?s=96&d=mm&r=g","url":"https:\/\/secure.gravatar.com\/avatar\/c3a4375d38fd8f9b34ac9e853cb706a079817c78f9a39e33b16a2b2b2e51688a?s=96&d=mm&r=g","contentUrl":"https:\/\/secure.gravatar.com\/avatar\/c3a4375d38fd8f9b34ac9e853cb706a079817c78f9a39e33b16a2b2b2e51688a?s=96&d=mm&r=g","caption":"CvNoticias"},"url":"https:\/\/cvnoticias.com\/nuevapagina\/index.php\/author\/gesner\/"}]}},"_links":{"self":[{"href":"https:\/\/cvnoticias.com\/nuevapagina\/index.php\/wp-json\/wp\/v2\/posts\/4298","targetHints":{"allow":["GET"]}}],"collection":[{"href":"https:\/\/cvnoticias.com\/nuevapagina\/index.php\/wp-json\/wp\/v2\/posts"}],"about":[{"href":"https:\/\/cvnoticias.com\/nuevapagina\/index.php\/wp-json\/wp\/v2\/types\/post"}],"author":[{"embeddable":true,"href":"https:\/\/cvnoticias.com\/nuevapagina\/index.php\/wp-json\/wp\/v2\/users\/2"}],"replies":[{"embeddable":true,"href":"https:\/\/cvnoticias.com\/nuevapagina\/index.php\/wp-json\/wp\/v2\/comments?post=4298"}],"version-history":[{"count":1,"href":"https:\/\/cvnoticias.com\/nuevapagina\/index.php\/wp-json\/wp\/v2\/posts\/4298\/revisions"}],"predecessor-version":[{"id":4300,"href":"https:\/\/cvnoticias.com\/nuevapagina\/index.php\/wp-json\/wp\/v2\/posts\/4298\/revisions\/4300"}],"wp:featuredmedia":[{"embeddable":true,"href":"https:\/\/cvnoticias.com\/nuevapagina\/index.php\/wp-json\/wp\/v2\/media\/4299"}],"wp:attachment":[{"href":"https:\/\/cvnoticias.com\/nuevapagina\/index.php\/wp-json\/wp\/v2\/media?parent=4298"}],"wp:term":[{"taxonomy":"category","embeddable":true,"href":"https:\/\/cvnoticias.com\/nuevapagina\/index.php\/wp-json\/wp\/v2\/categories?post=4298"},{"taxonomy":"post_tag","embeddable":true,"href":"https:\/\/cvnoticias.com\/nuevapagina\/index.php\/wp-json\/wp\/v2\/tags?post=4298"}],"curies":[{"name":"wp","href":"https:\/\/api.w.org\/{rel}","templated":true}]}}