{"id":4287,"date":"2025-12-09T13:27:51","date_gmt":"2025-12-09T13:27:51","guid":{"rendered":"https:\/\/cvnoticias.com\/nuevapagina\/?p=4287"},"modified":"2025-12-09T13:27:52","modified_gmt":"2025-12-09T13:27:52","slug":"emprendedores-de-xoxocotlan-reciben-planes-de-negocio-y-apoyos-de-capital-semilla","status":"publish","type":"post","link":"https:\/\/cvnoticias.com\/nuevapagina\/index.php\/2025\/12\/09\/emprendedores-de-xoxocotlan-reciben-planes-de-negocio-y-apoyos-de-capital-semilla\/","title":{"rendered":"Emprendedores de Xoxocotl\u00e1n reciben planes de negocio y apoyos de Capital Semilla"},"content":{"rendered":"\n<p><\/p>\n\n\n\n<p>\u2022 En el evento tambi\u00e9n se otorgaron reconocimientos del Proyecto Minerva<\/p>\n\n\n\n<p>Santa Cruz Xoxocotl\u00e1n, Oax. 08 de dic. de 2025.\u2014 En un impulso por fortalecer las alianzas estrat\u00e9gicas y la econom\u00eda local, se llev\u00f3 a cabo la clausura del Programa de Fomento al Desarrollo del Sector Productivo de Santa Cruz Xoxocotl\u00e1n, donde micro y peque\u00f1as empresas recibieron planes de negocio.<\/p>\n\n\n\n<p>Este esfuerzo, encabezado por la Regidur\u00eda de Desarrollo Econ\u00f3mico del Ayuntamiento de Santa Cruz Xoxocotl\u00e1n, en coordinaci\u00f3n con la Universidad Tecnol\u00f3gica de los Valles Centrales de Oaxaca (UTVCO), busca brindar herramientas reales para el crecimiento de emprendedores y Mipymes del municipio.<\/p>\n\n\n\n<p>Durante el evento, tambi\u00e9n se entregaron cheques representativos del programa Capital Semilla, iniciativa de la Fundaci\u00f3n Coppel en alianza con la Secretar\u00eda de Desarrollo Econ\u00f3mico y la Fundaci\u00f3n Comunitaria Oaxaca A.C. Este programa ofrece capacitaci\u00f3n gratuita, apoyos en especie y acceso a formaci\u00f3n en l\u00ednea.<\/p>\n\n\n\n<p>Asimismo, se otorgaron reconocimientos a mujeres participantes del Proyecto Minerva, impulsado por la CONDUSEF, un curso especializado en educaci\u00f3n financiera que promueve la autonom\u00eda econ\u00f3mica.<\/p>\n\n\n\n<p>En el acto, la presidenta municipal, Nancy Ben\u00edtez Z\u00e1rate, frente a su Cabildo, el rector de la UTVCO, Sa\u00fal del Toro Zapi\u00e9n; el regidor de Desarrollo Econ\u00f3mico, Johnny Ram\u00edrez Cruz y decenas de estudiantes, resalt\u00f3 que, \u201cla suma de esfuerzos entre academia, gobierno y sociedad civil, fortalecen el camino de las y los emprendedores\u201d.<\/p>\n\n\n\n<p>En el evento tambi\u00e9n estuvieron presentes la subsecretaria de Crecimiento y Desarrollo Econ\u00f3mico, Miriam Anjuly Saavedra Cortez; la directora de Fondos y Proyectos Especiales de la Fundaci\u00f3n Comunitaria Oaxaca A.C., Otilia Noriega Cisneros; y el titular de la CONDUSEF en Oaxaca, Jaime Ar\u00e9valo Cardoso.<\/p>\n","protected":false},"excerpt":{"rendered":"<p>\u2022 En el evento tambi\u00e9n se otorgaron reconocimientos del Proyecto Minerva Santa Cruz Xoxocotl\u00e1n, Oax&#8230;.<\/p>\n","protected":false},"author":2,"featured_media":4277,"comment_status":"open","ping_status":"closed","sticky":false,"template":"","format":"standard","meta":{"footnotes":""},"categories":[3],"tags":[],"class_list":["post-4287","post","type-post","status-publish","format-standard","has-post-thumbnail","hentry","category-comunicadosdeprensa"],"yoast_head":"<!-- This site is optimized with the Yoast SEO plugin v27.5 - https:\/\/yoast.com\/product\/yoast-seo-wordpress\/ -->\n<title>Emprendedores de Xoxocotl\u00e1n reciben planes de negocio y apoyos de Capital Semilla - CV Noticias<\/title>\n<meta name=\"robots\" content=\"index, follow, max-snippet:-1, max-image-preview:large, max-video-preview:-1\" \/>\n<link rel=\"canonical\" href=\"https:\/\/cvnoticias.com\/nuevapagina\/index.php\/2025\/12\/09\/emprendedores-de-xoxocotlan-reciben-planes-de-negocio-y-apoyos-de-capital-semilla\/\" \/>\n<meta property=\"og:locale\" content=\"es_ES\" \/>\n<meta property=\"og:type\" content=\"article\" \/>\n<meta property=\"og:title\" content=\"Emprendedores de Xoxocotl\u00e1n reciben planes de negocio y apoyos de Capital Semilla - CV Noticias\" \/>\n<meta property=\"og:description\" content=\"\u2022 En el evento tambi\u00e9n se otorgaron reconocimientos del Proyecto Minerva Santa Cruz Xoxocotl\u00e1n, Oax....\" \/>\n<meta property=\"og:url\" content=\"https:\/\/cvnoticias.com\/nuevapagina\/index.php\/2025\/12\/09\/emprendedores-de-xoxocotlan-reciben-planes-de-negocio-y-apoyos-de-capital-semilla\/\" \/>\n<meta property=\"og:site_name\" content=\"CV Noticias\" \/>\n<meta property=\"article:published_time\" content=\"2025-12-09T13:27:51+00:00\" \/>\n<meta property=\"article:modified_time\" content=\"2025-12-09T13:27:52+00:00\" \/>\n<meta property=\"og:image\" content=\"https:\/\/cvnoticias.com\/nuevapagina\/wp-content\/uploads\/2025\/12\/WhatsApp-Image-2025-12-08-at-9.22.57-PM.jpeg\" \/>\n\t<meta property=\"og:image:width\" content=\"1280\" \/>\n\t<meta property=\"og:image:height\" content=\"854\" \/>\n\t<meta property=\"og:image:type\" content=\"image\/jpeg\" \/>\n<meta name=\"author\" content=\"CvNoticias\" \/>\n<meta name=\"twitter:card\" content=\"summary_large_image\" \/>\n<meta name=\"twitter:label1\" content=\"Escrito por\" \/>\n\t<meta name=\"twitter:data1\" content=\"CvNoticias\" \/>\n\t<meta name=\"twitter:label2\" content=\"Tiempo de lectura\" \/>\n\t<meta name=\"twitter:data2\" content=\"2 minutos\" \/>\n<script type=\"application\/ld+json\" class=\"yoast-schema-graph\">{\"@context\":\"https:\\\/\\\/schema.org\",\"@graph\":[{\"@type\":\"Article\",\"@id\":\"https:\\\/\\\/cvnoticias.com\\\/nuevapagina\\\/index.php\\\/2025\\\/12\\\/09\\\/emprendedores-de-xoxocotlan-reciben-planes-de-negocio-y-apoyos-de-capital-semilla\\\/#article\",\"isPartOf\":{\"@id\":\"https:\\\/\\\/cvnoticias.com\\\/nuevapagina\\\/index.php\\\/2025\\\/12\\\/09\\\/emprendedores-de-xoxocotlan-reciben-planes-de-negocio-y-apoyos-de-capital-semilla\\\/\"},\"author\":{\"name\":\"CvNoticias\",\"@id\":\"https:\\\/\\\/cvnoticias.com\\\/nuevapagina\\\/#\\\/schema\\\/person\\\/19e35f246421a31486be7321065f7463\"},\"headline\":\"Emprendedores de Xoxocotl\u00e1n reciben planes de negocio y apoyos de Capital Semilla\",\"datePublished\":\"2025-12-09T13:27:51+00:00\",\"dateModified\":\"2025-12-09T13:27:52+00:00\",\"mainEntityOfPage\":{\"@id\":\"https:\\\/\\\/cvnoticias.com\\\/nuevapagina\\\/index.php\\\/2025\\\/12\\\/09\\\/emprendedores-de-xoxocotlan-reciben-planes-de-negocio-y-apoyos-de-capital-semilla\\\/\"},\"wordCount\":313,\"commentCount\":0,\"publisher\":{\"@id\":\"https:\\\/\\\/cvnoticias.com\\\/nuevapagina\\\/#organization\"},\"image\":{\"@id\":\"https:\\\/\\\/cvnoticias.com\\\/nuevapagina\\\/index.php\\\/2025\\\/12\\\/09\\\/emprendedores-de-xoxocotlan-reciben-planes-de-negocio-y-apoyos-de-capital-semilla\\\/#primaryimage\"},\"thumbnailUrl\":\"https:\\\/\\\/cvnoticias.com\\\/nuevapagina\\\/wp-content\\\/uploads\\\/2025\\\/12\\\/WhatsApp-Image-2025-12-08-at-9.22.57-PM.jpeg\",\"articleSection\":[\"Comunicados\"],\"inLanguage\":\"es\",\"potentialAction\":[{\"@type\":\"CommentAction\",\"name\":\"Comment\",\"target\":[\"https:\\\/\\\/cvnoticias.com\\\/nuevapagina\\\/index.php\\\/2025\\\/12\\\/09\\\/emprendedores-de-xoxocotlan-reciben-planes-de-negocio-y-apoyos-de-capital-semilla\\\/#respond\"]}]},{\"@type\":\"WebPage\",\"@id\":\"https:\\\/\\\/cvnoticias.com\\\/nuevapagina\\\/index.php\\\/2025\\\/12\\\/09\\\/emprendedores-de-xoxocotlan-reciben-planes-de-negocio-y-apoyos-de-capital-semilla\\\/\",\"url\":\"https:\\\/\\\/cvnoticias.com\\\/nuevapagina\\\/index.php\\\/2025\\\/12\\\/09\\\/emprendedores-de-xoxocotlan-reciben-planes-de-negocio-y-apoyos-de-capital-semilla\\\/\",\"name\":\"Emprendedores de Xoxocotl\u00e1n reciben planes de negocio y apoyos de Capital Semilla - CV Noticias\",\"isPartOf\":{\"@id\":\"https:\\\/\\\/cvnoticias.com\\\/nuevapagina\\\/#website\"},\"primaryImageOfPage\":{\"@id\":\"https:\\\/\\\/cvnoticias.com\\\/nuevapagina\\\/index.php\\\/2025\\\/12\\\/09\\\/emprendedores-de-xoxocotlan-reciben-planes-de-negocio-y-apoyos-de-capital-semilla\\\/#primaryimage\"},\"image\":{\"@id\":\"https:\\\/\\\/cvnoticias.com\\\/nuevapagina\\\/index.php\\\/2025\\\/12\\\/09\\\/emprendedores-de-xoxocotlan-reciben-planes-de-negocio-y-apoyos-de-capital-semilla\\\/#primaryimage\"},\"thumbnailUrl\":\"https:\\\/\\\/cvnoticias.com\\\/nuevapagina\\\/wp-content\\\/uploads\\\/2025\\\/12\\\/WhatsApp-Image-2025-12-08-at-9.22.57-PM.jpeg\",\"datePublished\":\"2025-12-09T13:27:51+00:00\",\"dateModified\":\"2025-12-09T13:27:52+00:00\",\"breadcrumb\":{\"@id\":\"https:\\\/\\\/cvnoticias.com\\\/nuevapagina\\\/index.php\\\/2025\\\/12\\\/09\\\/emprendedores-de-xoxocotlan-reciben-planes-de-negocio-y-apoyos-de-capital-semilla\\\/#breadcrumb\"},\"inLanguage\":\"es\",\"potentialAction\":[{\"@type\":\"ReadAction\",\"target\":[\"https:\\\/\\\/cvnoticias.com\\\/nuevapagina\\\/index.php\\\/2025\\\/12\\\/09\\\/emprendedores-de-xoxocotlan-reciben-planes-de-negocio-y-apoyos-de-capital-semilla\\\/\"]}]},{\"@type\":\"ImageObject\",\"inLanguage\":\"es\",\"@id\":\"https:\\\/\\\/cvnoticias.com\\\/nuevapagina\\\/index.php\\\/2025\\\/12\\\/09\\\/emprendedores-de-xoxocotlan-reciben-planes-de-negocio-y-apoyos-de-capital-semilla\\\/#primaryimage\",\"url\":\"https:\\\/\\\/cvnoticias.com\\\/nuevapagina\\\/wp-content\\\/uploads\\\/2025\\\/12\\\/WhatsApp-Image-2025-12-08-at-9.22.57-PM.jpeg\",\"contentUrl\":\"https:\\\/\\\/cvnoticias.com\\\/nuevapagina\\\/wp-content\\\/uploads\\\/2025\\\/12\\\/WhatsApp-Image-2025-12-08-at-9.22.57-PM.jpeg\",\"width\":1280,\"height\":854},{\"@type\":\"BreadcrumbList\",\"@id\":\"https:\\\/\\\/cvnoticias.com\\\/nuevapagina\\\/index.php\\\/2025\\\/12\\\/09\\\/emprendedores-de-xoxocotlan-reciben-planes-de-negocio-y-apoyos-de-capital-semilla\\\/#breadcrumb\",\"itemListElement\":[{\"@type\":\"ListItem\",\"position\":1,\"name\":\"Portada\",\"item\":\"https:\\\/\\\/cvnoticias.com\\\/nuevapagina\\\/\"},{\"@type\":\"ListItem\",\"position\":2,\"name\":\"Emprendedores de Xoxocotl\u00e1n reciben planes de negocio y apoyos de Capital Semilla\"}]},{\"@type\":\"WebSite\",\"@id\":\"https:\\\/\\\/cvnoticias.com\\\/nuevapagina\\\/#website\",\"url\":\"https:\\\/\\\/cvnoticias.com\\\/nuevapagina\\\/\",\"name\":\"CV Noticias\",\"description\":\"Noticias de Oaxaca\",\"publisher\":{\"@id\":\"https:\\\/\\\/cvnoticias.com\\\/nuevapagina\\\/#organization\"},\"potentialAction\":[{\"@type\":\"SearchAction\",\"target\":{\"@type\":\"EntryPoint\",\"urlTemplate\":\"https:\\\/\\\/cvnoticias.com\\\/nuevapagina\\\/?s={search_term_string}\"},\"query-input\":{\"@type\":\"PropertyValueSpecification\",\"valueRequired\":true,\"valueName\":\"search_term_string\"}}],\"inLanguage\":\"es\"},{\"@type\":\"Organization\",\"@id\":\"https:\\\/\\\/cvnoticias.com\\\/nuevapagina\\\/#organization\",\"name\":\"CV Noticias\",\"url\":\"https:\\\/\\\/cvnoticias.com\\\/nuevapagina\\\/\",\"logo\":{\"@type\":\"ImageObject\",\"inLanguage\":\"es\",\"@id\":\"https:\\\/\\\/cvnoticias.com\\\/nuevapagina\\\/#\\\/schema\\\/logo\\\/image\\\/\",\"url\":\"https:\\\/\\\/cvnoticias.com\\\/nuevapagina\\\/wp-content\\\/uploads\\\/2025\\\/05\\\/cropped-logo-1.png\",\"contentUrl\":\"https:\\\/\\\/cvnoticias.com\\\/nuevapagina\\\/wp-content\\\/uploads\\\/2025\\\/05\\\/cropped-logo-1.png\",\"width\":320,\"height\":118,\"caption\":\"CV Noticias\"},\"image\":{\"@id\":\"https:\\\/\\\/cvnoticias.com\\\/nuevapagina\\\/#\\\/schema\\\/logo\\\/image\\\/\"}},{\"@type\":\"Person\",\"@id\":\"https:\\\/\\\/cvnoticias.com\\\/nuevapagina\\\/#\\\/schema\\\/person\\\/19e35f246421a31486be7321065f7463\",\"name\":\"CvNoticias\",\"image\":{\"@type\":\"ImageObject\",\"inLanguage\":\"es\",\"@id\":\"https:\\\/\\\/secure.gravatar.com\\\/avatar\\\/c3a4375d38fd8f9b34ac9e853cb706a079817c78f9a39e33b16a2b2b2e51688a?s=96&d=mm&r=g\",\"url\":\"https:\\\/\\\/secure.gravatar.com\\\/avatar\\\/c3a4375d38fd8f9b34ac9e853cb706a079817c78f9a39e33b16a2b2b2e51688a?s=96&d=mm&r=g\",\"contentUrl\":\"https:\\\/\\\/secure.gravatar.com\\\/avatar\\\/c3a4375d38fd8f9b34ac9e853cb706a079817c78f9a39e33b16a2b2b2e51688a?s=96&d=mm&r=g\",\"caption\":\"CvNoticias\"},\"url\":\"https:\\\/\\\/cvnoticias.com\\\/nuevapagina\\\/index.php\\\/author\\\/gesner\\\/\"}]}<\/script>\n<!-- \/ Yoast SEO plugin. -->","yoast_head_json":{"title":"Emprendedores de Xoxocotl\u00e1n reciben planes de negocio y apoyos de Capital Semilla - CV Noticias","robots":{"index":"index","follow":"follow","max-snippet":"max-snippet:-1","max-image-preview":"max-image-preview:large","max-video-preview":"max-video-preview:-1"},"canonical":"https:\/\/cvnoticias.com\/nuevapagina\/index.php\/2025\/12\/09\/emprendedores-de-xoxocotlan-reciben-planes-de-negocio-y-apoyos-de-capital-semilla\/","og_locale":"es_ES","og_type":"article","og_title":"Emprendedores de Xoxocotl\u00e1n reciben planes de negocio y apoyos de Capital Semilla - CV Noticias","og_description":"\u2022 En el evento tambi\u00e9n se otorgaron reconocimientos del Proyecto Minerva Santa Cruz Xoxocotl\u00e1n, Oax....","og_url":"https:\/\/cvnoticias.com\/nuevapagina\/index.php\/2025\/12\/09\/emprendedores-de-xoxocotlan-reciben-planes-de-negocio-y-apoyos-de-capital-semilla\/","og_site_name":"CV Noticias","article_published_time":"2025-12-09T13:27:51+00:00","article_modified_time":"2025-12-09T13:27:52+00:00","og_image":[{"width":1280,"height":854,"url":"https:\/\/cvnoticias.com\/nuevapagina\/wp-content\/uploads\/2025\/12\/WhatsApp-Image-2025-12-08-at-9.22.57-PM.jpeg","type":"image\/jpeg"}],"author":"CvNoticias","twitter_card":"summary_large_image","twitter_misc":{"Escrito por":"CvNoticias","Tiempo de lectura":"2 minutos"},"schema":{"@context":"https:\/\/schema.org","@graph":[{"@type":"Article","@id":"https:\/\/cvnoticias.com\/nuevapagina\/index.php\/2025\/12\/09\/emprendedores-de-xoxocotlan-reciben-planes-de-negocio-y-apoyos-de-capital-semilla\/#article","isPartOf":{"@id":"https:\/\/cvnoticias.com\/nuevapagina\/index.php\/2025\/12\/09\/emprendedores-de-xoxocotlan-reciben-planes-de-negocio-y-apoyos-de-capital-semilla\/"},"author":{"name":"CvNoticias","@id":"https:\/\/cvnoticias.com\/nuevapagina\/#\/schema\/person\/19e35f246421a31486be7321065f7463"},"headline":"Emprendedores de Xoxocotl\u00e1n reciben planes de negocio y apoyos de Capital Semilla","datePublished":"2025-12-09T13:27:51+00:00","dateModified":"2025-12-09T13:27:52+00:00","mainEntityOfPage":{"@id":"https:\/\/cvnoticias.com\/nuevapagina\/index.php\/2025\/12\/09\/emprendedores-de-xoxocotlan-reciben-planes-de-negocio-y-apoyos-de-capital-semilla\/"},"wordCount":313,"commentCount":0,"publisher":{"@id":"https:\/\/cvnoticias.com\/nuevapagina\/#organization"},"image":{"@id":"https:\/\/cvnoticias.com\/nuevapagina\/index.php\/2025\/12\/09\/emprendedores-de-xoxocotlan-reciben-planes-de-negocio-y-apoyos-de-capital-semilla\/#primaryimage"},"thumbnailUrl":"https:\/\/cvnoticias.com\/nuevapagina\/wp-content\/uploads\/2025\/12\/WhatsApp-Image-2025-12-08-at-9.22.57-PM.jpeg","articleSection":["Comunicados"],"inLanguage":"es","potentialAction":[{"@type":"CommentAction","name":"Comment","target":["https:\/\/cvnoticias.com\/nuevapagina\/index.php\/2025\/12\/09\/emprendedores-de-xoxocotlan-reciben-planes-de-negocio-y-apoyos-de-capital-semilla\/#respond"]}]},{"@type":"WebPage","@id":"https:\/\/cvnoticias.com\/nuevapagina\/index.php\/2025\/12\/09\/emprendedores-de-xoxocotlan-reciben-planes-de-negocio-y-apoyos-de-capital-semilla\/","url":"https:\/\/cvnoticias.com\/nuevapagina\/index.php\/2025\/12\/09\/emprendedores-de-xoxocotlan-reciben-planes-de-negocio-y-apoyos-de-capital-semilla\/","name":"Emprendedores de Xoxocotl\u00e1n reciben planes de negocio y apoyos de Capital Semilla - CV Noticias","isPartOf":{"@id":"https:\/\/cvnoticias.com\/nuevapagina\/#website"},"primaryImageOfPage":{"@id":"https:\/\/cvnoticias.com\/nuevapagina\/index.php\/2025\/12\/09\/emprendedores-de-xoxocotlan-reciben-planes-de-negocio-y-apoyos-de-capital-semilla\/#primaryimage"},"image":{"@id":"https:\/\/cvnoticias.com\/nuevapagina\/index.php\/2025\/12\/09\/emprendedores-de-xoxocotlan-reciben-planes-de-negocio-y-apoyos-de-capital-semilla\/#primaryimage"},"thumbnailUrl":"https:\/\/cvnoticias.com\/nuevapagina\/wp-content\/uploads\/2025\/12\/WhatsApp-Image-2025-12-08-at-9.22.57-PM.jpeg","datePublished":"2025-12-09T13:27:51+00:00","dateModified":"2025-12-09T13:27:52+00:00","breadcrumb":{"@id":"https:\/\/cvnoticias.com\/nuevapagina\/index.php\/2025\/12\/09\/emprendedores-de-xoxocotlan-reciben-planes-de-negocio-y-apoyos-de-capital-semilla\/#breadcrumb"},"inLanguage":"es","potentialAction":[{"@type":"ReadAction","target":["https:\/\/cvnoticias.com\/nuevapagina\/index.php\/2025\/12\/09\/emprendedores-de-xoxocotlan-reciben-planes-de-negocio-y-apoyos-de-capital-semilla\/"]}]},{"@type":"ImageObject","inLanguage":"es","@id":"https:\/\/cvnoticias.com\/nuevapagina\/index.php\/2025\/12\/09\/emprendedores-de-xoxocotlan-reciben-planes-de-negocio-y-apoyos-de-capital-semilla\/#primaryimage","url":"https:\/\/cvnoticias.com\/nuevapagina\/wp-content\/uploads\/2025\/12\/WhatsApp-Image-2025-12-08-at-9.22.57-PM.jpeg","contentUrl":"https:\/\/cvnoticias.com\/nuevapagina\/wp-content\/uploads\/2025\/12\/WhatsApp-Image-2025-12-08-at-9.22.57-PM.jpeg","width":1280,"height":854},{"@type":"BreadcrumbList","@id":"https:\/\/cvnoticias.com\/nuevapagina\/index.php\/2025\/12\/09\/emprendedores-de-xoxocotlan-reciben-planes-de-negocio-y-apoyos-de-capital-semilla\/#breadcrumb","itemListElement":[{"@type":"ListItem","position":1,"name":"Portada","item":"https:\/\/cvnoticias.com\/nuevapagina\/"},{"@type":"ListItem","position":2,"name":"Emprendedores de Xoxocotl\u00e1n reciben planes de negocio y apoyos de Capital Semilla"}]},{"@type":"WebSite","@id":"https:\/\/cvnoticias.com\/nuevapagina\/#website","url":"https:\/\/cvnoticias.com\/nuevapagina\/","name":"CV Noticias","description":"Noticias de Oaxaca","publisher":{"@id":"https:\/\/cvnoticias.com\/nuevapagina\/#organization"},"potentialAction":[{"@type":"SearchAction","target":{"@type":"EntryPoint","urlTemplate":"https:\/\/cvnoticias.com\/nuevapagina\/?s={search_term_string}"},"query-input":{"@type":"PropertyValueSpecification","valueRequired":true,"valueName":"search_term_string"}}],"inLanguage":"es"},{"@type":"Organization","@id":"https:\/\/cvnoticias.com\/nuevapagina\/#organization","name":"CV Noticias","url":"https:\/\/cvnoticias.com\/nuevapagina\/","logo":{"@type":"ImageObject","inLanguage":"es","@id":"https:\/\/cvnoticias.com\/nuevapagina\/#\/schema\/logo\/image\/","url":"https:\/\/cvnoticias.com\/nuevapagina\/wp-content\/uploads\/2025\/05\/cropped-logo-1.png","contentUrl":"https:\/\/cvnoticias.com\/nuevapagina\/wp-content\/uploads\/2025\/05\/cropped-logo-1.png","width":320,"height":118,"caption":"CV Noticias"},"image":{"@id":"https:\/\/cvnoticias.com\/nuevapagina\/#\/schema\/logo\/image\/"}},{"@type":"Person","@id":"https:\/\/cvnoticias.com\/nuevapagina\/#\/schema\/person\/19e35f246421a31486be7321065f7463","name":"CvNoticias","image":{"@type":"ImageObject","inLanguage":"es","@id":"https:\/\/secure.gravatar.com\/avatar\/c3a4375d38fd8f9b34ac9e853cb706a079817c78f9a39e33b16a2b2b2e51688a?s=96&d=mm&r=g","url":"https:\/\/secure.gravatar.com\/avatar\/c3a4375d38fd8f9b34ac9e853cb706a079817c78f9a39e33b16a2b2b2e51688a?s=96&d=mm&r=g","contentUrl":"https:\/\/secure.gravatar.com\/avatar\/c3a4375d38fd8f9b34ac9e853cb706a079817c78f9a39e33b16a2b2b2e51688a?s=96&d=mm&r=g","caption":"CvNoticias"},"url":"https:\/\/cvnoticias.com\/nuevapagina\/index.php\/author\/gesner\/"}]}},"_links":{"self":[{"href":"https:\/\/cvnoticias.com\/nuevapagina\/index.php\/wp-json\/wp\/v2\/posts\/4287","targetHints":{"allow":["GET"]}}],"collection":[{"href":"https:\/\/cvnoticias.com\/nuevapagina\/index.php\/wp-json\/wp\/v2\/posts"}],"about":[{"href":"https:\/\/cvnoticias.com\/nuevapagina\/index.php\/wp-json\/wp\/v2\/types\/post"}],"author":[{"embeddable":true,"href":"https:\/\/cvnoticias.com\/nuevapagina\/index.php\/wp-json\/wp\/v2\/users\/2"}],"replies":[{"embeddable":true,"href":"https:\/\/cvnoticias.com\/nuevapagina\/index.php\/wp-json\/wp\/v2\/comments?post=4287"}],"version-history":[{"count":1,"href":"https:\/\/cvnoticias.com\/nuevapagina\/index.php\/wp-json\/wp\/v2\/posts\/4287\/revisions"}],"predecessor-version":[{"id":4288,"href":"https:\/\/cvnoticias.com\/nuevapagina\/index.php\/wp-json\/wp\/v2\/posts\/4287\/revisions\/4288"}],"wp:featuredmedia":[{"embeddable":true,"href":"https:\/\/cvnoticias.com\/nuevapagina\/index.php\/wp-json\/wp\/v2\/media\/4277"}],"wp:attachment":[{"href":"https:\/\/cvnoticias.com\/nuevapagina\/index.php\/wp-json\/wp\/v2\/media?parent=4287"}],"wp:term":[{"taxonomy":"category","embeddable":true,"href":"https:\/\/cvnoticias.com\/nuevapagina\/index.php\/wp-json\/wp\/v2\/categories?post=4287"},{"taxonomy":"post_tag","embeddable":true,"href":"https:\/\/cvnoticias.com\/nuevapagina\/index.php\/wp-json\/wp\/v2\/tags?post=4287"}],"curies":[{"name":"wp","href":"https:\/\/api.w.org\/{rel}","templated":true}]}}