{"id":4285,"date":"2025-12-09T13:18:54","date_gmt":"2025-12-09T13:18:54","guid":{"rendered":"https:\/\/cvnoticias.com\/nuevapagina\/?p=4285"},"modified":"2025-12-09T13:18:57","modified_gmt":"2025-12-09T13:18:57","slug":"rinden-protesta-las-y-los-integrantes-de-la-comision-permanente-instructora-de-la-lxvi-legislatura","status":"publish","type":"post","link":"https:\/\/cvnoticias.com\/nuevapagina\/index.php\/2025\/12\/09\/rinden-protesta-las-y-los-integrantes-de-la-comision-permanente-instructora-de-la-lxvi-legislatura\/","title":{"rendered":"Rinden protesta las y los integrantes de la Comisi\u00f3n Permanente Instructora de la LXVI Legislatura"},"content":{"rendered":"\n<p><\/p>\n\n\n\n<ul class=\"wp-block-list\">\n<li>La legisladora Elvia Gabriela P\u00e9rez L\u00f3pez fungir\u00e1 como presidenta de esta comisi\u00f3n<\/li>\n<\/ul>\n\n\n\n<p>San Raymundo Jalpan, Oax., a 08 de diciembre de 2025.- En cumplimiento al Acuerdo Parlamentario aprobado por el Pleno el pasado 26 de noviembre del a\u00f1o en curso y conforme a lo establecido en el art\u00edculo 24 del Reglamento Interior del Congreso del Estado, se declar\u00f3 formalmente instalada la Comisi\u00f3n Permanente Instructora, \u00f3rgano encargado de prevenir, contener, erradicar y sancionar la corrupci\u00f3n, el abuso de poder y cualquier conducta indebida cometida por servidoras y servidores p\u00fablicos.<\/p>\n\n\n\n<p>Durante la sesi\u00f3n, la legisladora Elvia Gabriela P\u00e9rez L\u00f3pez rindi\u00f3 protesta como presidenta de la Comisi\u00f3n, junto con sus integrantes: las diputadas Cecilia Olivia Cruz Merl\u00edn y M\u00f3nica Bel\u00e9n L\u00f3pez Javier, as\u00ed como los diputados C\u00e9sar David Mateos Ben\u00edtez y Zeferino Garc\u00eda Jer\u00f3nimo, quienes se comprometieron a cumplir leal y patri\u00f3ticamente con las responsabilidades conferidas. Asimismo, Paola Rend\u00f3n Garc\u00eda tom\u00f3 protesta como secretaria t\u00e9cnica.<\/p>\n\n\n\n<p>En este acto, las y los legisladores destacaron la relevancia del trabajo que emprender\u00e1 este \u00f3rgano legislativo. El diputado Mateos Ben\u00edtez y la diputada L\u00f3pez Javier subrayaron la importancia de desarrollar las tareas con profesionalismo, responsabilidad y estricto apego a la ley. Desde una conexi\u00f3n a distancia, el diputado Garc\u00eda Jer\u00f3nimo reconoci\u00f3 el papel fundamental que esta instancia desempe\u00f1ar\u00e1 para el fortalecimiento institucional.<\/p>\n\n\n\n<p>Por su parte, la presidenta P\u00e9rez L\u00f3pez agradeci\u00f3 la colaboraci\u00f3n de quienes integran este \u00f3rgano legislativo y afirm\u00f3 que su desempe\u00f1o ser\u00e1 clave para fortalecer la confianza ciudadana en el servicio p\u00fablico y en las tareas de fiscalizaci\u00f3n y responsabilidad administrativa.<\/p>\n\n\n\n<p>Finalmente, informaron que se llevar\u00e1n a cabo diversas sesiones con la finalidad de garantizar mecanismos eficaces para sancionar a quienes, desde el servicio p\u00fablico, afecten gravemente los intereses del pueblo. Con ello, se busca consolidar pol\u00edticas orientadas a erradicar pr\u00e1cticas que debiliten los procesos administrativos, bajo los principios de legalidad, transparencia y respeto.<\/p>\n","protected":false},"excerpt":{"rendered":"<p>San Raymundo Jalpan, Oax., a 08 de diciembre de 2025.- En cumplimiento al Acuerdo Parlamentario&#8230;<\/p>\n","protected":false},"author":2,"featured_media":4278,"comment_status":"open","ping_status":"closed","sticky":false,"template":"","format":"standard","meta":{"footnotes":""},"categories":[3],"tags":[],"class_list":["post-4285","post","type-post","status-publish","format-standard","has-post-thumbnail","hentry","category-comunicadosdeprensa"],"yoast_head":"<!-- This site is optimized with the Yoast SEO plugin v27.5 - https:\/\/yoast.com\/product\/yoast-seo-wordpress\/ -->\n<title>Rinden protesta las y los integrantes de la Comisi\u00f3n Permanente Instructora de la LXVI Legislatura - CV Noticias<\/title>\n<meta name=\"robots\" content=\"index, follow, max-snippet:-1, max-image-preview:large, max-video-preview:-1\" \/>\n<link rel=\"canonical\" href=\"https:\/\/cvnoticias.com\/nuevapagina\/index.php\/2025\/12\/09\/rinden-protesta-las-y-los-integrantes-de-la-comision-permanente-instructora-de-la-lxvi-legislatura\/\" \/>\n<meta property=\"og:locale\" content=\"es_ES\" \/>\n<meta property=\"og:type\" content=\"article\" \/>\n<meta property=\"og:title\" content=\"Rinden protesta las y los integrantes de la Comisi\u00f3n Permanente Instructora de la LXVI Legislatura - CV Noticias\" \/>\n<meta property=\"og:description\" content=\"San Raymundo Jalpan, Oax., a 08 de diciembre de 2025.- En cumplimiento al Acuerdo Parlamentario...\" \/>\n<meta property=\"og:url\" content=\"https:\/\/cvnoticias.com\/nuevapagina\/index.php\/2025\/12\/09\/rinden-protesta-las-y-los-integrantes-de-la-comision-permanente-instructora-de-la-lxvi-legislatura\/\" \/>\n<meta property=\"og:site_name\" content=\"CV Noticias\" \/>\n<meta property=\"article:published_time\" content=\"2025-12-09T13:18:54+00:00\" \/>\n<meta property=\"article:modified_time\" content=\"2025-12-09T13:18:57+00:00\" \/>\n<meta property=\"og:image\" content=\"https:\/\/cvnoticias.com\/nuevapagina\/wp-content\/uploads\/2025\/12\/WhatsApp-Image-2025-12-08-at-9.09.11-PM.jpeg\" \/>\n\t<meta property=\"og:image:width\" content=\"1280\" \/>\n\t<meta property=\"og:image:height\" content=\"865\" \/>\n\t<meta property=\"og:image:type\" content=\"image\/jpeg\" \/>\n<meta name=\"author\" content=\"CvNoticias\" \/>\n<meta name=\"twitter:card\" content=\"summary_large_image\" \/>\n<meta name=\"twitter:label1\" content=\"Escrito por\" \/>\n\t<meta name=\"twitter:data1\" content=\"CvNoticias\" \/>\n\t<meta name=\"twitter:label2\" content=\"Tiempo de lectura\" \/>\n\t<meta name=\"twitter:data2\" content=\"2 minutos\" \/>\n<script type=\"application\/ld+json\" class=\"yoast-schema-graph\">{\"@context\":\"https:\\\/\\\/schema.org\",\"@graph\":[{\"@type\":\"Article\",\"@id\":\"https:\\\/\\\/cvnoticias.com\\\/nuevapagina\\\/index.php\\\/2025\\\/12\\\/09\\\/rinden-protesta-las-y-los-integrantes-de-la-comision-permanente-instructora-de-la-lxvi-legislatura\\\/#article\",\"isPartOf\":{\"@id\":\"https:\\\/\\\/cvnoticias.com\\\/nuevapagina\\\/index.php\\\/2025\\\/12\\\/09\\\/rinden-protesta-las-y-los-integrantes-de-la-comision-permanente-instructora-de-la-lxvi-legislatura\\\/\"},\"author\":{\"name\":\"CvNoticias\",\"@id\":\"https:\\\/\\\/cvnoticias.com\\\/nuevapagina\\\/#\\\/schema\\\/person\\\/19e35f246421a31486be7321065f7463\"},\"headline\":\"Rinden protesta las y los integrantes de la Comisi\u00f3n Permanente Instructora de la LXVI Legislatura\",\"datePublished\":\"2025-12-09T13:18:54+00:00\",\"dateModified\":\"2025-12-09T13:18:57+00:00\",\"mainEntityOfPage\":{\"@id\":\"https:\\\/\\\/cvnoticias.com\\\/nuevapagina\\\/index.php\\\/2025\\\/12\\\/09\\\/rinden-protesta-las-y-los-integrantes-de-la-comision-permanente-instructora-de-la-lxvi-legislatura\\\/\"},\"wordCount\":362,\"commentCount\":0,\"publisher\":{\"@id\":\"https:\\\/\\\/cvnoticias.com\\\/nuevapagina\\\/#organization\"},\"image\":{\"@id\":\"https:\\\/\\\/cvnoticias.com\\\/nuevapagina\\\/index.php\\\/2025\\\/12\\\/09\\\/rinden-protesta-las-y-los-integrantes-de-la-comision-permanente-instructora-de-la-lxvi-legislatura\\\/#primaryimage\"},\"thumbnailUrl\":\"https:\\\/\\\/cvnoticias.com\\\/nuevapagina\\\/wp-content\\\/uploads\\\/2025\\\/12\\\/WhatsApp-Image-2025-12-08-at-9.09.11-PM.jpeg\",\"articleSection\":[\"Comunicados\"],\"inLanguage\":\"es\",\"potentialAction\":[{\"@type\":\"CommentAction\",\"name\":\"Comment\",\"target\":[\"https:\\\/\\\/cvnoticias.com\\\/nuevapagina\\\/index.php\\\/2025\\\/12\\\/09\\\/rinden-protesta-las-y-los-integrantes-de-la-comision-permanente-instructora-de-la-lxvi-legislatura\\\/#respond\"]}]},{\"@type\":\"WebPage\",\"@id\":\"https:\\\/\\\/cvnoticias.com\\\/nuevapagina\\\/index.php\\\/2025\\\/12\\\/09\\\/rinden-protesta-las-y-los-integrantes-de-la-comision-permanente-instructora-de-la-lxvi-legislatura\\\/\",\"url\":\"https:\\\/\\\/cvnoticias.com\\\/nuevapagina\\\/index.php\\\/2025\\\/12\\\/09\\\/rinden-protesta-las-y-los-integrantes-de-la-comision-permanente-instructora-de-la-lxvi-legislatura\\\/\",\"name\":\"Rinden protesta las y los integrantes de la Comisi\u00f3n Permanente Instructora de la LXVI Legislatura - CV Noticias\",\"isPartOf\":{\"@id\":\"https:\\\/\\\/cvnoticias.com\\\/nuevapagina\\\/#website\"},\"primaryImageOfPage\":{\"@id\":\"https:\\\/\\\/cvnoticias.com\\\/nuevapagina\\\/index.php\\\/2025\\\/12\\\/09\\\/rinden-protesta-las-y-los-integrantes-de-la-comision-permanente-instructora-de-la-lxvi-legislatura\\\/#primaryimage\"},\"image\":{\"@id\":\"https:\\\/\\\/cvnoticias.com\\\/nuevapagina\\\/index.php\\\/2025\\\/12\\\/09\\\/rinden-protesta-las-y-los-integrantes-de-la-comision-permanente-instructora-de-la-lxvi-legislatura\\\/#primaryimage\"},\"thumbnailUrl\":\"https:\\\/\\\/cvnoticias.com\\\/nuevapagina\\\/wp-content\\\/uploads\\\/2025\\\/12\\\/WhatsApp-Image-2025-12-08-at-9.09.11-PM.jpeg\",\"datePublished\":\"2025-12-09T13:18:54+00:00\",\"dateModified\":\"2025-12-09T13:18:57+00:00\",\"breadcrumb\":{\"@id\":\"https:\\\/\\\/cvnoticias.com\\\/nuevapagina\\\/index.php\\\/2025\\\/12\\\/09\\\/rinden-protesta-las-y-los-integrantes-de-la-comision-permanente-instructora-de-la-lxvi-legislatura\\\/#breadcrumb\"},\"inLanguage\":\"es\",\"potentialAction\":[{\"@type\":\"ReadAction\",\"target\":[\"https:\\\/\\\/cvnoticias.com\\\/nuevapagina\\\/index.php\\\/2025\\\/12\\\/09\\\/rinden-protesta-las-y-los-integrantes-de-la-comision-permanente-instructora-de-la-lxvi-legislatura\\\/\"]}]},{\"@type\":\"ImageObject\",\"inLanguage\":\"es\",\"@id\":\"https:\\\/\\\/cvnoticias.com\\\/nuevapagina\\\/index.php\\\/2025\\\/12\\\/09\\\/rinden-protesta-las-y-los-integrantes-de-la-comision-permanente-instructora-de-la-lxvi-legislatura\\\/#primaryimage\",\"url\":\"https:\\\/\\\/cvnoticias.com\\\/nuevapagina\\\/wp-content\\\/uploads\\\/2025\\\/12\\\/WhatsApp-Image-2025-12-08-at-9.09.11-PM.jpeg\",\"contentUrl\":\"https:\\\/\\\/cvnoticias.com\\\/nuevapagina\\\/wp-content\\\/uploads\\\/2025\\\/12\\\/WhatsApp-Image-2025-12-08-at-9.09.11-PM.jpeg\",\"width\":1280,\"height\":865},{\"@type\":\"BreadcrumbList\",\"@id\":\"https:\\\/\\\/cvnoticias.com\\\/nuevapagina\\\/index.php\\\/2025\\\/12\\\/09\\\/rinden-protesta-las-y-los-integrantes-de-la-comision-permanente-instructora-de-la-lxvi-legislatura\\\/#breadcrumb\",\"itemListElement\":[{\"@type\":\"ListItem\",\"position\":1,\"name\":\"Portada\",\"item\":\"https:\\\/\\\/cvnoticias.com\\\/nuevapagina\\\/\"},{\"@type\":\"ListItem\",\"position\":2,\"name\":\"Rinden protesta las y los integrantes de la Comisi\u00f3n Permanente Instructora de la LXVI Legislatura\"}]},{\"@type\":\"WebSite\",\"@id\":\"https:\\\/\\\/cvnoticias.com\\\/nuevapagina\\\/#website\",\"url\":\"https:\\\/\\\/cvnoticias.com\\\/nuevapagina\\\/\",\"name\":\"CV Noticias\",\"description\":\"Noticias de Oaxaca\",\"publisher\":{\"@id\":\"https:\\\/\\\/cvnoticias.com\\\/nuevapagina\\\/#organization\"},\"potentialAction\":[{\"@type\":\"SearchAction\",\"target\":{\"@type\":\"EntryPoint\",\"urlTemplate\":\"https:\\\/\\\/cvnoticias.com\\\/nuevapagina\\\/?s={search_term_string}\"},\"query-input\":{\"@type\":\"PropertyValueSpecification\",\"valueRequired\":true,\"valueName\":\"search_term_string\"}}],\"inLanguage\":\"es\"},{\"@type\":\"Organization\",\"@id\":\"https:\\\/\\\/cvnoticias.com\\\/nuevapagina\\\/#organization\",\"name\":\"CV Noticias\",\"url\":\"https:\\\/\\\/cvnoticias.com\\\/nuevapagina\\\/\",\"logo\":{\"@type\":\"ImageObject\",\"inLanguage\":\"es\",\"@id\":\"https:\\\/\\\/cvnoticias.com\\\/nuevapagina\\\/#\\\/schema\\\/logo\\\/image\\\/\",\"url\":\"https:\\\/\\\/cvnoticias.com\\\/nuevapagina\\\/wp-content\\\/uploads\\\/2025\\\/05\\\/cropped-logo-1.png\",\"contentUrl\":\"https:\\\/\\\/cvnoticias.com\\\/nuevapagina\\\/wp-content\\\/uploads\\\/2025\\\/05\\\/cropped-logo-1.png\",\"width\":320,\"height\":118,\"caption\":\"CV Noticias\"},\"image\":{\"@id\":\"https:\\\/\\\/cvnoticias.com\\\/nuevapagina\\\/#\\\/schema\\\/logo\\\/image\\\/\"}},{\"@type\":\"Person\",\"@id\":\"https:\\\/\\\/cvnoticias.com\\\/nuevapagina\\\/#\\\/schema\\\/person\\\/19e35f246421a31486be7321065f7463\",\"name\":\"CvNoticias\",\"image\":{\"@type\":\"ImageObject\",\"inLanguage\":\"es\",\"@id\":\"https:\\\/\\\/secure.gravatar.com\\\/avatar\\\/c3a4375d38fd8f9b34ac9e853cb706a079817c78f9a39e33b16a2b2b2e51688a?s=96&d=mm&r=g\",\"url\":\"https:\\\/\\\/secure.gravatar.com\\\/avatar\\\/c3a4375d38fd8f9b34ac9e853cb706a079817c78f9a39e33b16a2b2b2e51688a?s=96&d=mm&r=g\",\"contentUrl\":\"https:\\\/\\\/secure.gravatar.com\\\/avatar\\\/c3a4375d38fd8f9b34ac9e853cb706a079817c78f9a39e33b16a2b2b2e51688a?s=96&d=mm&r=g\",\"caption\":\"CvNoticias\"},\"url\":\"https:\\\/\\\/cvnoticias.com\\\/nuevapagina\\\/index.php\\\/author\\\/gesner\\\/\"}]}<\/script>\n<!-- \/ Yoast SEO plugin. -->","yoast_head_json":{"title":"Rinden protesta las y los integrantes de la Comisi\u00f3n Permanente Instructora de la LXVI Legislatura - CV Noticias","robots":{"index":"index","follow":"follow","max-snippet":"max-snippet:-1","max-image-preview":"max-image-preview:large","max-video-preview":"max-video-preview:-1"},"canonical":"https:\/\/cvnoticias.com\/nuevapagina\/index.php\/2025\/12\/09\/rinden-protesta-las-y-los-integrantes-de-la-comision-permanente-instructora-de-la-lxvi-legislatura\/","og_locale":"es_ES","og_type":"article","og_title":"Rinden protesta las y los integrantes de la Comisi\u00f3n Permanente Instructora de la LXVI Legislatura - CV Noticias","og_description":"San Raymundo Jalpan, Oax., a 08 de diciembre de 2025.- En cumplimiento al Acuerdo Parlamentario...","og_url":"https:\/\/cvnoticias.com\/nuevapagina\/index.php\/2025\/12\/09\/rinden-protesta-las-y-los-integrantes-de-la-comision-permanente-instructora-de-la-lxvi-legislatura\/","og_site_name":"CV Noticias","article_published_time":"2025-12-09T13:18:54+00:00","article_modified_time":"2025-12-09T13:18:57+00:00","og_image":[{"width":1280,"height":865,"url":"https:\/\/cvnoticias.com\/nuevapagina\/wp-content\/uploads\/2025\/12\/WhatsApp-Image-2025-12-08-at-9.09.11-PM.jpeg","type":"image\/jpeg"}],"author":"CvNoticias","twitter_card":"summary_large_image","twitter_misc":{"Escrito por":"CvNoticias","Tiempo de lectura":"2 minutos"},"schema":{"@context":"https:\/\/schema.org","@graph":[{"@type":"Article","@id":"https:\/\/cvnoticias.com\/nuevapagina\/index.php\/2025\/12\/09\/rinden-protesta-las-y-los-integrantes-de-la-comision-permanente-instructora-de-la-lxvi-legislatura\/#article","isPartOf":{"@id":"https:\/\/cvnoticias.com\/nuevapagina\/index.php\/2025\/12\/09\/rinden-protesta-las-y-los-integrantes-de-la-comision-permanente-instructora-de-la-lxvi-legislatura\/"},"author":{"name":"CvNoticias","@id":"https:\/\/cvnoticias.com\/nuevapagina\/#\/schema\/person\/19e35f246421a31486be7321065f7463"},"headline":"Rinden protesta las y los integrantes de la Comisi\u00f3n Permanente Instructora de la LXVI Legislatura","datePublished":"2025-12-09T13:18:54+00:00","dateModified":"2025-12-09T13:18:57+00:00","mainEntityOfPage":{"@id":"https:\/\/cvnoticias.com\/nuevapagina\/index.php\/2025\/12\/09\/rinden-protesta-las-y-los-integrantes-de-la-comision-permanente-instructora-de-la-lxvi-legislatura\/"},"wordCount":362,"commentCount":0,"publisher":{"@id":"https:\/\/cvnoticias.com\/nuevapagina\/#organization"},"image":{"@id":"https:\/\/cvnoticias.com\/nuevapagina\/index.php\/2025\/12\/09\/rinden-protesta-las-y-los-integrantes-de-la-comision-permanente-instructora-de-la-lxvi-legislatura\/#primaryimage"},"thumbnailUrl":"https:\/\/cvnoticias.com\/nuevapagina\/wp-content\/uploads\/2025\/12\/WhatsApp-Image-2025-12-08-at-9.09.11-PM.jpeg","articleSection":["Comunicados"],"inLanguage":"es","potentialAction":[{"@type":"CommentAction","name":"Comment","target":["https:\/\/cvnoticias.com\/nuevapagina\/index.php\/2025\/12\/09\/rinden-protesta-las-y-los-integrantes-de-la-comision-permanente-instructora-de-la-lxvi-legislatura\/#respond"]}]},{"@type":"WebPage","@id":"https:\/\/cvnoticias.com\/nuevapagina\/index.php\/2025\/12\/09\/rinden-protesta-las-y-los-integrantes-de-la-comision-permanente-instructora-de-la-lxvi-legislatura\/","url":"https:\/\/cvnoticias.com\/nuevapagina\/index.php\/2025\/12\/09\/rinden-protesta-las-y-los-integrantes-de-la-comision-permanente-instructora-de-la-lxvi-legislatura\/","name":"Rinden protesta las y los integrantes de la Comisi\u00f3n Permanente Instructora de la LXVI Legislatura - CV Noticias","isPartOf":{"@id":"https:\/\/cvnoticias.com\/nuevapagina\/#website"},"primaryImageOfPage":{"@id":"https:\/\/cvnoticias.com\/nuevapagina\/index.php\/2025\/12\/09\/rinden-protesta-las-y-los-integrantes-de-la-comision-permanente-instructora-de-la-lxvi-legislatura\/#primaryimage"},"image":{"@id":"https:\/\/cvnoticias.com\/nuevapagina\/index.php\/2025\/12\/09\/rinden-protesta-las-y-los-integrantes-de-la-comision-permanente-instructora-de-la-lxvi-legislatura\/#primaryimage"},"thumbnailUrl":"https:\/\/cvnoticias.com\/nuevapagina\/wp-content\/uploads\/2025\/12\/WhatsApp-Image-2025-12-08-at-9.09.11-PM.jpeg","datePublished":"2025-12-09T13:18:54+00:00","dateModified":"2025-12-09T13:18:57+00:00","breadcrumb":{"@id":"https:\/\/cvnoticias.com\/nuevapagina\/index.php\/2025\/12\/09\/rinden-protesta-las-y-los-integrantes-de-la-comision-permanente-instructora-de-la-lxvi-legislatura\/#breadcrumb"},"inLanguage":"es","potentialAction":[{"@type":"ReadAction","target":["https:\/\/cvnoticias.com\/nuevapagina\/index.php\/2025\/12\/09\/rinden-protesta-las-y-los-integrantes-de-la-comision-permanente-instructora-de-la-lxvi-legislatura\/"]}]},{"@type":"ImageObject","inLanguage":"es","@id":"https:\/\/cvnoticias.com\/nuevapagina\/index.php\/2025\/12\/09\/rinden-protesta-las-y-los-integrantes-de-la-comision-permanente-instructora-de-la-lxvi-legislatura\/#primaryimage","url":"https:\/\/cvnoticias.com\/nuevapagina\/wp-content\/uploads\/2025\/12\/WhatsApp-Image-2025-12-08-at-9.09.11-PM.jpeg","contentUrl":"https:\/\/cvnoticias.com\/nuevapagina\/wp-content\/uploads\/2025\/12\/WhatsApp-Image-2025-12-08-at-9.09.11-PM.jpeg","width":1280,"height":865},{"@type":"BreadcrumbList","@id":"https:\/\/cvnoticias.com\/nuevapagina\/index.php\/2025\/12\/09\/rinden-protesta-las-y-los-integrantes-de-la-comision-permanente-instructora-de-la-lxvi-legislatura\/#breadcrumb","itemListElement":[{"@type":"ListItem","position":1,"name":"Portada","item":"https:\/\/cvnoticias.com\/nuevapagina\/"},{"@type":"ListItem","position":2,"name":"Rinden protesta las y los integrantes de la Comisi\u00f3n Permanente Instructora de la LXVI Legislatura"}]},{"@type":"WebSite","@id":"https:\/\/cvnoticias.com\/nuevapagina\/#website","url":"https:\/\/cvnoticias.com\/nuevapagina\/","name":"CV Noticias","description":"Noticias de Oaxaca","publisher":{"@id":"https:\/\/cvnoticias.com\/nuevapagina\/#organization"},"potentialAction":[{"@type":"SearchAction","target":{"@type":"EntryPoint","urlTemplate":"https:\/\/cvnoticias.com\/nuevapagina\/?s={search_term_string}"},"query-input":{"@type":"PropertyValueSpecification","valueRequired":true,"valueName":"search_term_string"}}],"inLanguage":"es"},{"@type":"Organization","@id":"https:\/\/cvnoticias.com\/nuevapagina\/#organization","name":"CV Noticias","url":"https:\/\/cvnoticias.com\/nuevapagina\/","logo":{"@type":"ImageObject","inLanguage":"es","@id":"https:\/\/cvnoticias.com\/nuevapagina\/#\/schema\/logo\/image\/","url":"https:\/\/cvnoticias.com\/nuevapagina\/wp-content\/uploads\/2025\/05\/cropped-logo-1.png","contentUrl":"https:\/\/cvnoticias.com\/nuevapagina\/wp-content\/uploads\/2025\/05\/cropped-logo-1.png","width":320,"height":118,"caption":"CV Noticias"},"image":{"@id":"https:\/\/cvnoticias.com\/nuevapagina\/#\/schema\/logo\/image\/"}},{"@type":"Person","@id":"https:\/\/cvnoticias.com\/nuevapagina\/#\/schema\/person\/19e35f246421a31486be7321065f7463","name":"CvNoticias","image":{"@type":"ImageObject","inLanguage":"es","@id":"https:\/\/secure.gravatar.com\/avatar\/c3a4375d38fd8f9b34ac9e853cb706a079817c78f9a39e33b16a2b2b2e51688a?s=96&d=mm&r=g","url":"https:\/\/secure.gravatar.com\/avatar\/c3a4375d38fd8f9b34ac9e853cb706a079817c78f9a39e33b16a2b2b2e51688a?s=96&d=mm&r=g","contentUrl":"https:\/\/secure.gravatar.com\/avatar\/c3a4375d38fd8f9b34ac9e853cb706a079817c78f9a39e33b16a2b2b2e51688a?s=96&d=mm&r=g","caption":"CvNoticias"},"url":"https:\/\/cvnoticias.com\/nuevapagina\/index.php\/author\/gesner\/"}]}},"_links":{"self":[{"href":"https:\/\/cvnoticias.com\/nuevapagina\/index.php\/wp-json\/wp\/v2\/posts\/4285","targetHints":{"allow":["GET"]}}],"collection":[{"href":"https:\/\/cvnoticias.com\/nuevapagina\/index.php\/wp-json\/wp\/v2\/posts"}],"about":[{"href":"https:\/\/cvnoticias.com\/nuevapagina\/index.php\/wp-json\/wp\/v2\/types\/post"}],"author":[{"embeddable":true,"href":"https:\/\/cvnoticias.com\/nuevapagina\/index.php\/wp-json\/wp\/v2\/users\/2"}],"replies":[{"embeddable":true,"href":"https:\/\/cvnoticias.com\/nuevapagina\/index.php\/wp-json\/wp\/v2\/comments?post=4285"}],"version-history":[{"count":1,"href":"https:\/\/cvnoticias.com\/nuevapagina\/index.php\/wp-json\/wp\/v2\/posts\/4285\/revisions"}],"predecessor-version":[{"id":4286,"href":"https:\/\/cvnoticias.com\/nuevapagina\/index.php\/wp-json\/wp\/v2\/posts\/4285\/revisions\/4286"}],"wp:featuredmedia":[{"embeddable":true,"href":"https:\/\/cvnoticias.com\/nuevapagina\/index.php\/wp-json\/wp\/v2\/media\/4278"}],"wp:attachment":[{"href":"https:\/\/cvnoticias.com\/nuevapagina\/index.php\/wp-json\/wp\/v2\/media?parent=4285"}],"wp:term":[{"taxonomy":"category","embeddable":true,"href":"https:\/\/cvnoticias.com\/nuevapagina\/index.php\/wp-json\/wp\/v2\/categories?post=4285"},{"taxonomy":"post_tag","embeddable":true,"href":"https:\/\/cvnoticias.com\/nuevapagina\/index.php\/wp-json\/wp\/v2\/tags?post=4285"}],"curies":[{"name":"wp","href":"https:\/\/api.w.org\/{rel}","templated":true}]}}