{"id":4269,"date":"2025-12-09T13:07:13","date_gmt":"2025-12-09T13:07:13","guid":{"rendered":"https:\/\/cvnoticias.com\/nuevapagina\/?p=4269"},"modified":"2025-12-09T13:07:14","modified_gmt":"2025-12-09T13:07:14","slug":"el-poder-preventivo-del-conocimiento-hacia-una-universidad-comprometida-con-su-comunidad","status":"publish","type":"post","link":"https:\/\/cvnoticias.com\/nuevapagina\/index.php\/2025\/12\/09\/el-poder-preventivo-del-conocimiento-hacia-una-universidad-comprometida-con-su-comunidad\/","title":{"rendered":"El poder preventivo del conocimiento: hacia una universidad comprometida con su comunidad"},"content":{"rendered":"\n<p><\/p>\n\n\n\n<p><strong>Por: <\/strong><strong>Dr. Taurino Am\u00edlcar Sosa Velasco. <\/strong><strong>Profesor-Investigador UABJO<\/strong><\/p>\n\n\n\n<p>En la vida universitaria, la generaci\u00f3n de conocimiento tiene un valor que va m\u00e1s all\u00e1 de la publicaci\u00f3n acad\u00e9mica o la estad\u00edstica institucional. Cuando la ciencia se vincula con la realidad social, adquiere un sentido distinto: se convierte en la herramienta m\u00e1s efectiva para prevenir desigualdades, mejorar la salud p\u00fablica y fortalecer el tejido comunitario. Esa ha sido una de las lecciones centrales en mi propio trabajo como docente, investigador y servidor universitario, especialmente en el \u00e1mbito de las ciencias de la salud, donde cada indicador, cada hallazgo y cada intervenci\u00f3n tiene consecuencias palpables en la vida de las personas.<\/p>\n\n\n\n<p>La experiencia en investigaci\u00f3n epidemiol\u00f3gica, como la relacionada con la evaluaci\u00f3n de caries en primeros molares permanentes, demuestra que la ciencia universitaria tiene un enorme potencial para incidir en la prevenci\u00f3n. El an\u00e1lisis riguroso de datos, la identificaci\u00f3n de patrones de riesgo y la correlaci\u00f3n de indicadores cl\u00ednicos no son ejercicios abstractos. Son insumos que permiten actuar a tiempo, orientar estrategias de salud p\u00fablica y dise\u00f1ar programas de educaci\u00f3n preventiva que pueden evitar complicaciones futuras. En el caso de la salud oral infantil, por ejemplo, el diagn\u00f3stico temprano y las intervenciones adecuadas pueden cambiar por completo la calidad de vida de un ni\u00f1o, impactando su nutrici\u00f3n, su desarrollo personal y su bienestar emocional.<\/p>\n\n\n\n<p>Esa dimensi\u00f3n preventiva del conocimiento es clave para entender el valor de la universidad en Oaxaca. Nuestro estado enfrenta desaf\u00edos complejos en materia de salud, educaci\u00f3n y desigualdad social. La universidad, por tanto, no puede limitarse a formar profesionales; tiene que formar agentes capaces de responder con evidencia, \u00e9tica y compromiso a las necesidades de nuestras comunidades. Cada facultad, cada centro y cada cuerpo acad\u00e9mico debe reconocer que la investigaci\u00f3n es tambi\u00e9n responsabilidad social.<\/p>\n\n\n\n<p>Sin embargo, la prevenci\u00f3n no se limita a lo cl\u00ednico o lo epidemiol\u00f3gico. Tambi\u00e9n es institucional. Una universidad fuerte cuida sus procesos, anticipa problemas, genera mecanismos de coordinaci\u00f3n y fomenta entornos de respeto donde el trabajo acad\u00e9mico pueda prosperar. En mi paso por distintos espacios de gesti\u00f3n universitaria he constatado que la estabilidad no se logra por decreto, sino con direcci\u00f3n clara, di\u00e1logo permanente y decisiones basadas en conocimiento. La prevenci\u00f3n, vista desde la administraci\u00f3n, significa evitar conflictos antes de que escalen, consolidar estructuras que funcionen, profesionalizar la toma de decisiones y garantizar que los esfuerzos individuales se alineen con un proyecto com\u00fan.<\/p>\n\n\n\n<p>El verdadero reto para una universidad p\u00fablica es integrar estas dos dimensiones: la preventiva en salud y la preventiva en gesti\u00f3n. La primera mejora la vida de las familias; la segunda fortalece la vida institucional. Cuando ambas avanzan en conjunto, la universidad gana legitimidad, capacidad operativa y sentido de prop\u00f3sito.<\/p>\n\n\n\n<p>Adem\u00e1s, la ciencia universitaria tiene la obligaci\u00f3n de conectar sus hallazgos con las pol\u00edticas p\u00fablicas. Una investigaci\u00f3n no est\u00e1 completa cuando concluye, sino cuando se traduce en acciones que benefician a la sociedad. Para ello, es necesario fortalecer los v\u00ednculos con instituciones de salud, gobiernos locales, organizaciones civiles y espacios comunitarios. La universidad tiene el conocimiento; las comunidades, la experiencia y las necesidades reales. Juntas pueden construir soluciones integrales que respondan a los problemas m\u00e1s urgentes del estado.<\/p>\n\n\n\n<p>Oaxaca tiene un enorme capital humano que, bien orientado, puede convertirse en un motor de transformaci\u00f3n. La UABJO es un punto de encuentro entre j\u00f3venes talentosos, docentes comprometidos y cient\u00edficos capaces de dialogar con las grandes tendencias globales de investigaci\u00f3n sin perder de vista el contexto local. Pero ese potencial debe organizarse, sistematizarse y proyectarse con visi\u00f3n de largo plazo.<\/p>\n\n\n\n<p>Si queremos una universidad que est\u00e9 verdaderamente comprometida con su comunidad, debemos fortalecer la cultura del conocimiento que anticipa, previene y act\u00faa antes de que los problemas se conviertan en crisis. Esto exige investigaci\u00f3n s\u00f3lida, docencia responsable y gesti\u00f3n inteligente. Cuando el conocimiento se utiliza para cuidar y la ciencia se orienta a servir, la universidad deja de ser un espacio aislado y se convierte en un actor central del desarrollo. Ese es el camino para que la UABJO responda a los desaf\u00edos de su tiempo y acompa\u00f1e a Oaxaca hacia un futuro m\u00e1s justo, m\u00e1s sano y m\u00e1s digno para todos. <strong>Liderar es prevenir: donde otros ven problemas, debemos construir soluciones.<\/strong><\/p>\n\n\n\n<p><strong>Dr. Taurino Am\u00edlcar Sosa Velasco<\/strong><br><strong>Profesor-Investigavor de Tiempo Completo en la Facultad de Odontolog\u00eda de la UABJO y Secretario particular de la oficina de Rectoria de la UABJO.<\/strong><\/p>\n\n\n\n<p><strong>Email: <\/strong><a href=\"mailto:asosa.faeo@uabjo.mx\"><strong>asosa.faeo@uabjo.mx<\/strong><\/a><strong><\/strong><\/p>\n","protected":false},"excerpt":{"rendered":"<p>Por: Dr. Taurino Am\u00edlcar Sosa Velasco. Profesor-Investigador UABJO En la vida universitaria, la generaci\u00f3n de&#8230;<\/p>\n","protected":false},"author":2,"featured_media":4260,"comment_status":"open","ping_status":"closed","sticky":false,"template":"","format":"standard","meta":{"footnotes":""},"categories":[3],"tags":[],"class_list":["post-4269","post","type-post","status-publish","format-standard","has-post-thumbnail","hentry","category-comunicadosdeprensa"],"yoast_head":"<!-- This site is optimized with the Yoast SEO plugin v27.5 - https:\/\/yoast.com\/product\/yoast-seo-wordpress\/ -->\n<title>El poder preventivo del conocimiento: hacia una universidad comprometida con su comunidad - CV Noticias<\/title>\n<meta name=\"robots\" content=\"index, follow, max-snippet:-1, max-image-preview:large, max-video-preview:-1\" \/>\n<link rel=\"canonical\" href=\"https:\/\/cvnoticias.com\/nuevapagina\/index.php\/2025\/12\/09\/el-poder-preventivo-del-conocimiento-hacia-una-universidad-comprometida-con-su-comunidad\/\" \/>\n<meta property=\"og:locale\" content=\"es_ES\" \/>\n<meta property=\"og:type\" content=\"article\" \/>\n<meta property=\"og:title\" content=\"El poder preventivo del conocimiento: hacia una universidad comprometida con su comunidad - CV Noticias\" \/>\n<meta property=\"og:description\" content=\"Por: Dr. Taurino Am\u00edlcar Sosa Velasco. Profesor-Investigador UABJO En la vida universitaria, la generaci\u00f3n de...\" \/>\n<meta property=\"og:url\" content=\"https:\/\/cvnoticias.com\/nuevapagina\/index.php\/2025\/12\/09\/el-poder-preventivo-del-conocimiento-hacia-una-universidad-comprometida-con-su-comunidad\/\" \/>\n<meta property=\"og:site_name\" content=\"CV Noticias\" \/>\n<meta property=\"article:published_time\" content=\"2025-12-09T13:07:13+00:00\" \/>\n<meta property=\"article:modified_time\" content=\"2025-12-09T13:07:14+00:00\" \/>\n<meta property=\"og:image\" content=\"https:\/\/cvnoticias.com\/nuevapagina\/wp-content\/uploads\/2025\/12\/WhatsApp-Image-2025-12-08-at-12.20.52-PM.jpeg\" \/>\n\t<meta property=\"og:image:width\" content=\"724\" \/>\n\t<meta property=\"og:image:height\" content=\"853\" \/>\n\t<meta property=\"og:image:type\" content=\"image\/jpeg\" \/>\n<meta name=\"author\" content=\"CvNoticias\" \/>\n<meta name=\"twitter:card\" content=\"summary_large_image\" \/>\n<meta name=\"twitter:label1\" content=\"Escrito por\" \/>\n\t<meta name=\"twitter:data1\" content=\"CvNoticias\" \/>\n\t<meta name=\"twitter:label2\" content=\"Tiempo de lectura\" \/>\n\t<meta name=\"twitter:data2\" content=\"4 minutos\" \/>\n<script type=\"application\/ld+json\" class=\"yoast-schema-graph\">{\"@context\":\"https:\\\/\\\/schema.org\",\"@graph\":[{\"@type\":\"Article\",\"@id\":\"https:\\\/\\\/cvnoticias.com\\\/nuevapagina\\\/index.php\\\/2025\\\/12\\\/09\\\/el-poder-preventivo-del-conocimiento-hacia-una-universidad-comprometida-con-su-comunidad\\\/#article\",\"isPartOf\":{\"@id\":\"https:\\\/\\\/cvnoticias.com\\\/nuevapagina\\\/index.php\\\/2025\\\/12\\\/09\\\/el-poder-preventivo-del-conocimiento-hacia-una-universidad-comprometida-con-su-comunidad\\\/\"},\"author\":{\"name\":\"CvNoticias\",\"@id\":\"https:\\\/\\\/cvnoticias.com\\\/nuevapagina\\\/#\\\/schema\\\/person\\\/19e35f246421a31486be7321065f7463\"},\"headline\":\"El poder preventivo del conocimiento: hacia una universidad comprometida con su comunidad\",\"datePublished\":\"2025-12-09T13:07:13+00:00\",\"dateModified\":\"2025-12-09T13:07:14+00:00\",\"mainEntityOfPage\":{\"@id\":\"https:\\\/\\\/cvnoticias.com\\\/nuevapagina\\\/index.php\\\/2025\\\/12\\\/09\\\/el-poder-preventivo-del-conocimiento-hacia-una-universidad-comprometida-con-su-comunidad\\\/\"},\"wordCount\":810,\"commentCount\":0,\"publisher\":{\"@id\":\"https:\\\/\\\/cvnoticias.com\\\/nuevapagina\\\/#organization\"},\"image\":{\"@id\":\"https:\\\/\\\/cvnoticias.com\\\/nuevapagina\\\/index.php\\\/2025\\\/12\\\/09\\\/el-poder-preventivo-del-conocimiento-hacia-una-universidad-comprometida-con-su-comunidad\\\/#primaryimage\"},\"thumbnailUrl\":\"https:\\\/\\\/cvnoticias.com\\\/nuevapagina\\\/wp-content\\\/uploads\\\/2025\\\/12\\\/WhatsApp-Image-2025-12-08-at-12.20.52-PM.jpeg\",\"articleSection\":[\"Comunicados\"],\"inLanguage\":\"es\",\"potentialAction\":[{\"@type\":\"CommentAction\",\"name\":\"Comment\",\"target\":[\"https:\\\/\\\/cvnoticias.com\\\/nuevapagina\\\/index.php\\\/2025\\\/12\\\/09\\\/el-poder-preventivo-del-conocimiento-hacia-una-universidad-comprometida-con-su-comunidad\\\/#respond\"]}]},{\"@type\":\"WebPage\",\"@id\":\"https:\\\/\\\/cvnoticias.com\\\/nuevapagina\\\/index.php\\\/2025\\\/12\\\/09\\\/el-poder-preventivo-del-conocimiento-hacia-una-universidad-comprometida-con-su-comunidad\\\/\",\"url\":\"https:\\\/\\\/cvnoticias.com\\\/nuevapagina\\\/index.php\\\/2025\\\/12\\\/09\\\/el-poder-preventivo-del-conocimiento-hacia-una-universidad-comprometida-con-su-comunidad\\\/\",\"name\":\"El poder preventivo del conocimiento: hacia una universidad comprometida con su comunidad - CV Noticias\",\"isPartOf\":{\"@id\":\"https:\\\/\\\/cvnoticias.com\\\/nuevapagina\\\/#website\"},\"primaryImageOfPage\":{\"@id\":\"https:\\\/\\\/cvnoticias.com\\\/nuevapagina\\\/index.php\\\/2025\\\/12\\\/09\\\/el-poder-preventivo-del-conocimiento-hacia-una-universidad-comprometida-con-su-comunidad\\\/#primaryimage\"},\"image\":{\"@id\":\"https:\\\/\\\/cvnoticias.com\\\/nuevapagina\\\/index.php\\\/2025\\\/12\\\/09\\\/el-poder-preventivo-del-conocimiento-hacia-una-universidad-comprometida-con-su-comunidad\\\/#primaryimage\"},\"thumbnailUrl\":\"https:\\\/\\\/cvnoticias.com\\\/nuevapagina\\\/wp-content\\\/uploads\\\/2025\\\/12\\\/WhatsApp-Image-2025-12-08-at-12.20.52-PM.jpeg\",\"datePublished\":\"2025-12-09T13:07:13+00:00\",\"dateModified\":\"2025-12-09T13:07:14+00:00\",\"breadcrumb\":{\"@id\":\"https:\\\/\\\/cvnoticias.com\\\/nuevapagina\\\/index.php\\\/2025\\\/12\\\/09\\\/el-poder-preventivo-del-conocimiento-hacia-una-universidad-comprometida-con-su-comunidad\\\/#breadcrumb\"},\"inLanguage\":\"es\",\"potentialAction\":[{\"@type\":\"ReadAction\",\"target\":[\"https:\\\/\\\/cvnoticias.com\\\/nuevapagina\\\/index.php\\\/2025\\\/12\\\/09\\\/el-poder-preventivo-del-conocimiento-hacia-una-universidad-comprometida-con-su-comunidad\\\/\"]}]},{\"@type\":\"ImageObject\",\"inLanguage\":\"es\",\"@id\":\"https:\\\/\\\/cvnoticias.com\\\/nuevapagina\\\/index.php\\\/2025\\\/12\\\/09\\\/el-poder-preventivo-del-conocimiento-hacia-una-universidad-comprometida-con-su-comunidad\\\/#primaryimage\",\"url\":\"https:\\\/\\\/cvnoticias.com\\\/nuevapagina\\\/wp-content\\\/uploads\\\/2025\\\/12\\\/WhatsApp-Image-2025-12-08-at-12.20.52-PM.jpeg\",\"contentUrl\":\"https:\\\/\\\/cvnoticias.com\\\/nuevapagina\\\/wp-content\\\/uploads\\\/2025\\\/12\\\/WhatsApp-Image-2025-12-08-at-12.20.52-PM.jpeg\",\"width\":724,\"height\":853},{\"@type\":\"BreadcrumbList\",\"@id\":\"https:\\\/\\\/cvnoticias.com\\\/nuevapagina\\\/index.php\\\/2025\\\/12\\\/09\\\/el-poder-preventivo-del-conocimiento-hacia-una-universidad-comprometida-con-su-comunidad\\\/#breadcrumb\",\"itemListElement\":[{\"@type\":\"ListItem\",\"position\":1,\"name\":\"Portada\",\"item\":\"https:\\\/\\\/cvnoticias.com\\\/nuevapagina\\\/\"},{\"@type\":\"ListItem\",\"position\":2,\"name\":\"El poder preventivo del conocimiento: hacia una universidad comprometida con su comunidad\"}]},{\"@type\":\"WebSite\",\"@id\":\"https:\\\/\\\/cvnoticias.com\\\/nuevapagina\\\/#website\",\"url\":\"https:\\\/\\\/cvnoticias.com\\\/nuevapagina\\\/\",\"name\":\"CV Noticias\",\"description\":\"Noticias de Oaxaca\",\"publisher\":{\"@id\":\"https:\\\/\\\/cvnoticias.com\\\/nuevapagina\\\/#organization\"},\"potentialAction\":[{\"@type\":\"SearchAction\",\"target\":{\"@type\":\"EntryPoint\",\"urlTemplate\":\"https:\\\/\\\/cvnoticias.com\\\/nuevapagina\\\/?s={search_term_string}\"},\"query-input\":{\"@type\":\"PropertyValueSpecification\",\"valueRequired\":true,\"valueName\":\"search_term_string\"}}],\"inLanguage\":\"es\"},{\"@type\":\"Organization\",\"@id\":\"https:\\\/\\\/cvnoticias.com\\\/nuevapagina\\\/#organization\",\"name\":\"CV Noticias\",\"url\":\"https:\\\/\\\/cvnoticias.com\\\/nuevapagina\\\/\",\"logo\":{\"@type\":\"ImageObject\",\"inLanguage\":\"es\",\"@id\":\"https:\\\/\\\/cvnoticias.com\\\/nuevapagina\\\/#\\\/schema\\\/logo\\\/image\\\/\",\"url\":\"https:\\\/\\\/cvnoticias.com\\\/nuevapagina\\\/wp-content\\\/uploads\\\/2025\\\/05\\\/cropped-logo-1.png\",\"contentUrl\":\"https:\\\/\\\/cvnoticias.com\\\/nuevapagina\\\/wp-content\\\/uploads\\\/2025\\\/05\\\/cropped-logo-1.png\",\"width\":320,\"height\":118,\"caption\":\"CV Noticias\"},\"image\":{\"@id\":\"https:\\\/\\\/cvnoticias.com\\\/nuevapagina\\\/#\\\/schema\\\/logo\\\/image\\\/\"}},{\"@type\":\"Person\",\"@id\":\"https:\\\/\\\/cvnoticias.com\\\/nuevapagina\\\/#\\\/schema\\\/person\\\/19e35f246421a31486be7321065f7463\",\"name\":\"CvNoticias\",\"image\":{\"@type\":\"ImageObject\",\"inLanguage\":\"es\",\"@id\":\"https:\\\/\\\/secure.gravatar.com\\\/avatar\\\/c3a4375d38fd8f9b34ac9e853cb706a079817c78f9a39e33b16a2b2b2e51688a?s=96&d=mm&r=g\",\"url\":\"https:\\\/\\\/secure.gravatar.com\\\/avatar\\\/c3a4375d38fd8f9b34ac9e853cb706a079817c78f9a39e33b16a2b2b2e51688a?s=96&d=mm&r=g\",\"contentUrl\":\"https:\\\/\\\/secure.gravatar.com\\\/avatar\\\/c3a4375d38fd8f9b34ac9e853cb706a079817c78f9a39e33b16a2b2b2e51688a?s=96&d=mm&r=g\",\"caption\":\"CvNoticias\"},\"url\":\"https:\\\/\\\/cvnoticias.com\\\/nuevapagina\\\/index.php\\\/author\\\/gesner\\\/\"}]}<\/script>\n<!-- \/ Yoast SEO plugin. -->","yoast_head_json":{"title":"El poder preventivo del conocimiento: hacia una universidad comprometida con su comunidad - CV Noticias","robots":{"index":"index","follow":"follow","max-snippet":"max-snippet:-1","max-image-preview":"max-image-preview:large","max-video-preview":"max-video-preview:-1"},"canonical":"https:\/\/cvnoticias.com\/nuevapagina\/index.php\/2025\/12\/09\/el-poder-preventivo-del-conocimiento-hacia-una-universidad-comprometida-con-su-comunidad\/","og_locale":"es_ES","og_type":"article","og_title":"El poder preventivo del conocimiento: hacia una universidad comprometida con su comunidad - CV Noticias","og_description":"Por: Dr. Taurino Am\u00edlcar Sosa Velasco. Profesor-Investigador UABJO En la vida universitaria, la generaci\u00f3n de...","og_url":"https:\/\/cvnoticias.com\/nuevapagina\/index.php\/2025\/12\/09\/el-poder-preventivo-del-conocimiento-hacia-una-universidad-comprometida-con-su-comunidad\/","og_site_name":"CV Noticias","article_published_time":"2025-12-09T13:07:13+00:00","article_modified_time":"2025-12-09T13:07:14+00:00","og_image":[{"width":724,"height":853,"url":"https:\/\/cvnoticias.com\/nuevapagina\/wp-content\/uploads\/2025\/12\/WhatsApp-Image-2025-12-08-at-12.20.52-PM.jpeg","type":"image\/jpeg"}],"author":"CvNoticias","twitter_card":"summary_large_image","twitter_misc":{"Escrito por":"CvNoticias","Tiempo de lectura":"4 minutos"},"schema":{"@context":"https:\/\/schema.org","@graph":[{"@type":"Article","@id":"https:\/\/cvnoticias.com\/nuevapagina\/index.php\/2025\/12\/09\/el-poder-preventivo-del-conocimiento-hacia-una-universidad-comprometida-con-su-comunidad\/#article","isPartOf":{"@id":"https:\/\/cvnoticias.com\/nuevapagina\/index.php\/2025\/12\/09\/el-poder-preventivo-del-conocimiento-hacia-una-universidad-comprometida-con-su-comunidad\/"},"author":{"name":"CvNoticias","@id":"https:\/\/cvnoticias.com\/nuevapagina\/#\/schema\/person\/19e35f246421a31486be7321065f7463"},"headline":"El poder preventivo del conocimiento: hacia una universidad comprometida con su comunidad","datePublished":"2025-12-09T13:07:13+00:00","dateModified":"2025-12-09T13:07:14+00:00","mainEntityOfPage":{"@id":"https:\/\/cvnoticias.com\/nuevapagina\/index.php\/2025\/12\/09\/el-poder-preventivo-del-conocimiento-hacia-una-universidad-comprometida-con-su-comunidad\/"},"wordCount":810,"commentCount":0,"publisher":{"@id":"https:\/\/cvnoticias.com\/nuevapagina\/#organization"},"image":{"@id":"https:\/\/cvnoticias.com\/nuevapagina\/index.php\/2025\/12\/09\/el-poder-preventivo-del-conocimiento-hacia-una-universidad-comprometida-con-su-comunidad\/#primaryimage"},"thumbnailUrl":"https:\/\/cvnoticias.com\/nuevapagina\/wp-content\/uploads\/2025\/12\/WhatsApp-Image-2025-12-08-at-12.20.52-PM.jpeg","articleSection":["Comunicados"],"inLanguage":"es","potentialAction":[{"@type":"CommentAction","name":"Comment","target":["https:\/\/cvnoticias.com\/nuevapagina\/index.php\/2025\/12\/09\/el-poder-preventivo-del-conocimiento-hacia-una-universidad-comprometida-con-su-comunidad\/#respond"]}]},{"@type":"WebPage","@id":"https:\/\/cvnoticias.com\/nuevapagina\/index.php\/2025\/12\/09\/el-poder-preventivo-del-conocimiento-hacia-una-universidad-comprometida-con-su-comunidad\/","url":"https:\/\/cvnoticias.com\/nuevapagina\/index.php\/2025\/12\/09\/el-poder-preventivo-del-conocimiento-hacia-una-universidad-comprometida-con-su-comunidad\/","name":"El poder preventivo del conocimiento: hacia una universidad comprometida con su comunidad - CV Noticias","isPartOf":{"@id":"https:\/\/cvnoticias.com\/nuevapagina\/#website"},"primaryImageOfPage":{"@id":"https:\/\/cvnoticias.com\/nuevapagina\/index.php\/2025\/12\/09\/el-poder-preventivo-del-conocimiento-hacia-una-universidad-comprometida-con-su-comunidad\/#primaryimage"},"image":{"@id":"https:\/\/cvnoticias.com\/nuevapagina\/index.php\/2025\/12\/09\/el-poder-preventivo-del-conocimiento-hacia-una-universidad-comprometida-con-su-comunidad\/#primaryimage"},"thumbnailUrl":"https:\/\/cvnoticias.com\/nuevapagina\/wp-content\/uploads\/2025\/12\/WhatsApp-Image-2025-12-08-at-12.20.52-PM.jpeg","datePublished":"2025-12-09T13:07:13+00:00","dateModified":"2025-12-09T13:07:14+00:00","breadcrumb":{"@id":"https:\/\/cvnoticias.com\/nuevapagina\/index.php\/2025\/12\/09\/el-poder-preventivo-del-conocimiento-hacia-una-universidad-comprometida-con-su-comunidad\/#breadcrumb"},"inLanguage":"es","potentialAction":[{"@type":"ReadAction","target":["https:\/\/cvnoticias.com\/nuevapagina\/index.php\/2025\/12\/09\/el-poder-preventivo-del-conocimiento-hacia-una-universidad-comprometida-con-su-comunidad\/"]}]},{"@type":"ImageObject","inLanguage":"es","@id":"https:\/\/cvnoticias.com\/nuevapagina\/index.php\/2025\/12\/09\/el-poder-preventivo-del-conocimiento-hacia-una-universidad-comprometida-con-su-comunidad\/#primaryimage","url":"https:\/\/cvnoticias.com\/nuevapagina\/wp-content\/uploads\/2025\/12\/WhatsApp-Image-2025-12-08-at-12.20.52-PM.jpeg","contentUrl":"https:\/\/cvnoticias.com\/nuevapagina\/wp-content\/uploads\/2025\/12\/WhatsApp-Image-2025-12-08-at-12.20.52-PM.jpeg","width":724,"height":853},{"@type":"BreadcrumbList","@id":"https:\/\/cvnoticias.com\/nuevapagina\/index.php\/2025\/12\/09\/el-poder-preventivo-del-conocimiento-hacia-una-universidad-comprometida-con-su-comunidad\/#breadcrumb","itemListElement":[{"@type":"ListItem","position":1,"name":"Portada","item":"https:\/\/cvnoticias.com\/nuevapagina\/"},{"@type":"ListItem","position":2,"name":"El poder preventivo del conocimiento: hacia una universidad comprometida con su comunidad"}]},{"@type":"WebSite","@id":"https:\/\/cvnoticias.com\/nuevapagina\/#website","url":"https:\/\/cvnoticias.com\/nuevapagina\/","name":"CV Noticias","description":"Noticias de Oaxaca","publisher":{"@id":"https:\/\/cvnoticias.com\/nuevapagina\/#organization"},"potentialAction":[{"@type":"SearchAction","target":{"@type":"EntryPoint","urlTemplate":"https:\/\/cvnoticias.com\/nuevapagina\/?s={search_term_string}"},"query-input":{"@type":"PropertyValueSpecification","valueRequired":true,"valueName":"search_term_string"}}],"inLanguage":"es"},{"@type":"Organization","@id":"https:\/\/cvnoticias.com\/nuevapagina\/#organization","name":"CV Noticias","url":"https:\/\/cvnoticias.com\/nuevapagina\/","logo":{"@type":"ImageObject","inLanguage":"es","@id":"https:\/\/cvnoticias.com\/nuevapagina\/#\/schema\/logo\/image\/","url":"https:\/\/cvnoticias.com\/nuevapagina\/wp-content\/uploads\/2025\/05\/cropped-logo-1.png","contentUrl":"https:\/\/cvnoticias.com\/nuevapagina\/wp-content\/uploads\/2025\/05\/cropped-logo-1.png","width":320,"height":118,"caption":"CV Noticias"},"image":{"@id":"https:\/\/cvnoticias.com\/nuevapagina\/#\/schema\/logo\/image\/"}},{"@type":"Person","@id":"https:\/\/cvnoticias.com\/nuevapagina\/#\/schema\/person\/19e35f246421a31486be7321065f7463","name":"CvNoticias","image":{"@type":"ImageObject","inLanguage":"es","@id":"https:\/\/secure.gravatar.com\/avatar\/c3a4375d38fd8f9b34ac9e853cb706a079817c78f9a39e33b16a2b2b2e51688a?s=96&d=mm&r=g","url":"https:\/\/secure.gravatar.com\/avatar\/c3a4375d38fd8f9b34ac9e853cb706a079817c78f9a39e33b16a2b2b2e51688a?s=96&d=mm&r=g","contentUrl":"https:\/\/secure.gravatar.com\/avatar\/c3a4375d38fd8f9b34ac9e853cb706a079817c78f9a39e33b16a2b2b2e51688a?s=96&d=mm&r=g","caption":"CvNoticias"},"url":"https:\/\/cvnoticias.com\/nuevapagina\/index.php\/author\/gesner\/"}]}},"_links":{"self":[{"href":"https:\/\/cvnoticias.com\/nuevapagina\/index.php\/wp-json\/wp\/v2\/posts\/4269","targetHints":{"allow":["GET"]}}],"collection":[{"href":"https:\/\/cvnoticias.com\/nuevapagina\/index.php\/wp-json\/wp\/v2\/posts"}],"about":[{"href":"https:\/\/cvnoticias.com\/nuevapagina\/index.php\/wp-json\/wp\/v2\/types\/post"}],"author":[{"embeddable":true,"href":"https:\/\/cvnoticias.com\/nuevapagina\/index.php\/wp-json\/wp\/v2\/users\/2"}],"replies":[{"embeddable":true,"href":"https:\/\/cvnoticias.com\/nuevapagina\/index.php\/wp-json\/wp\/v2\/comments?post=4269"}],"version-history":[{"count":1,"href":"https:\/\/cvnoticias.com\/nuevapagina\/index.php\/wp-json\/wp\/v2\/posts\/4269\/revisions"}],"predecessor-version":[{"id":4270,"href":"https:\/\/cvnoticias.com\/nuevapagina\/index.php\/wp-json\/wp\/v2\/posts\/4269\/revisions\/4270"}],"wp:featuredmedia":[{"embeddable":true,"href":"https:\/\/cvnoticias.com\/nuevapagina\/index.php\/wp-json\/wp\/v2\/media\/4260"}],"wp:attachment":[{"href":"https:\/\/cvnoticias.com\/nuevapagina\/index.php\/wp-json\/wp\/v2\/media?parent=4269"}],"wp:term":[{"taxonomy":"category","embeddable":true,"href":"https:\/\/cvnoticias.com\/nuevapagina\/index.php\/wp-json\/wp\/v2\/categories?post=4269"},{"taxonomy":"post_tag","embeddable":true,"href":"https:\/\/cvnoticias.com\/nuevapagina\/index.php\/wp-json\/wp\/v2\/tags?post=4269"}],"curies":[{"name":"wp","href":"https:\/\/api.w.org\/{rel}","templated":true}]}}