{"id":4265,"date":"2025-12-09T12:58:59","date_gmt":"2025-12-09T12:58:59","guid":{"rendered":"https:\/\/cvnoticias.com\/nuevapagina\/?p=4265"},"modified":"2025-12-09T12:59:00","modified_gmt":"2025-12-09T12:59:00","slug":"municipio-de-oaxaca-de-juarez-refuerza-la-seguridad-con-entrega-de-patrullas","status":"publish","type":"post","link":"https:\/\/cvnoticias.com\/nuevapagina\/index.php\/2025\/12\/09\/municipio-de-oaxaca-de-juarez-refuerza-la-seguridad-con-entrega-de-patrullas\/","title":{"rendered":"Municipio de Oaxaca de Ju\u00e1rez refuerza la seguridad con entrega de patrullas"},"content":{"rendered":"\n<p><\/p>\n\n\n\n<ul class=\"wp-block-list\">\n<li>Inversi\u00f3n hist\u00f3rica fortalece la capacidad operativa y la presencia preventiva en la capital<\/li>\n<\/ul>\n\n\n\n<p>Oaxaca de Ju\u00e1rez, Oax., 7 de diciembre de 2025.\u2014Junto al gobernador Salom\u00f3n Jara Cruz, el presidente municipal Ray Chagoya encabez\u00f3 la entrega de nuevas patrullas para fortalecer la seguridad p\u00fablica en la capital, como parte de una inversi\u00f3n hist\u00f3rica que permitir\u00e1 mejorar la cobertura, los tiempos de respuesta y las tareas de vigilancia en agencias, colonias y el Centro Hist\u00f3rico.<\/p>\n\n\n\n<p>Durante el evento celebrado este s\u00e1bado en el Jard\u00edn El Pa\u00f1uelito \u2014espacio recientemente recuperado para el disfrute de vecinas y vecinos\u2014 el edil destac\u00f3 que la seguridad \u201cse construye en equipo, con presencia, disciplina institucional y con una visi\u00f3n territorial que gu\u00eda toda pol\u00edtica p\u00fablica\u201d.<\/p>\n\n\n\n<p>Con la presencia de autoridades estatales, federales y mandos de las fuerzas armadas, Chagoya subray\u00f3 que cada unidad entregada representa \u201cun refuerzo directo a la vida cotidiana de miles de familias\u201d, al mejorar la operatividad policial y fortalecer la proximidad con la ciudadan\u00eda.<\/p>\n\n\n\n<p>El presidente municipal se\u00f1al\u00f3 que Oaxaca de Ju\u00e1rez avanza en un momento clave, con reducciones en delitos de alto impacto, un fortalecimiento de los operativos coordinados y la consolidaci\u00f3n de estrategias sociales como Latidos Vecinales, que atiende las causas de la violencia.<\/p>\n\n\n\n<p>Asimismo, reconoci\u00f3 el respaldo del Gobierno del Estado y afirm\u00f3 que el municipio continuar\u00e1 actuando con disciplina policial, operatividad eficiente y respeto irrestricto a los derechos humanos, en sinton\u00eda con la estrategia nacional de seguridad que impulsa la presidenta Claudia Sheinbaum Pardo.<\/p>\n\n\n\n<p>\u201cQue siga el trabajo en equipo, que siga la construcci\u00f3n de la paz y que siga la Primavera Oaxaque\u00f1a\u201d, expres\u00f3 el edil al cierre del acto.<\/p>\n","protected":false},"excerpt":{"rendered":"<p>Oaxaca de Ju\u00e1rez, Oax., 7 de diciembre de 2025.\u2014Junto al gobernador Salom\u00f3n Jara Cruz, el&#8230;<\/p>\n","protected":false},"author":2,"featured_media":4262,"comment_status":"open","ping_status":"closed","sticky":false,"template":"","format":"standard","meta":{"footnotes":""},"categories":[3],"tags":[],"class_list":["post-4265","post","type-post","status-publish","format-standard","has-post-thumbnail","hentry","category-comunicadosdeprensa"],"yoast_head":"<!-- This site is optimized with the Yoast SEO plugin v27.5 - https:\/\/yoast.com\/product\/yoast-seo-wordpress\/ -->\n<title>Municipio de Oaxaca de Ju\u00e1rez refuerza la seguridad con entrega de patrullas - CV Noticias<\/title>\n<meta name=\"robots\" content=\"index, follow, max-snippet:-1, max-image-preview:large, max-video-preview:-1\" \/>\n<link rel=\"canonical\" href=\"https:\/\/cvnoticias.com\/nuevapagina\/index.php\/2025\/12\/09\/municipio-de-oaxaca-de-juarez-refuerza-la-seguridad-con-entrega-de-patrullas\/\" \/>\n<meta property=\"og:locale\" content=\"es_ES\" \/>\n<meta property=\"og:type\" content=\"article\" \/>\n<meta property=\"og:title\" content=\"Municipio de Oaxaca de Ju\u00e1rez refuerza la seguridad con entrega de patrullas - CV Noticias\" \/>\n<meta property=\"og:description\" content=\"Oaxaca de Ju\u00e1rez, Oax., 7 de diciembre de 2025.\u2014Junto al gobernador Salom\u00f3n Jara Cruz, el...\" \/>\n<meta property=\"og:url\" content=\"https:\/\/cvnoticias.com\/nuevapagina\/index.php\/2025\/12\/09\/municipio-de-oaxaca-de-juarez-refuerza-la-seguridad-con-entrega-de-patrullas\/\" \/>\n<meta property=\"og:site_name\" content=\"CV Noticias\" \/>\n<meta property=\"article:published_time\" content=\"2025-12-09T12:58:59+00:00\" \/>\n<meta property=\"article:modified_time\" content=\"2025-12-09T12:59:00+00:00\" \/>\n<meta property=\"og:image\" content=\"https:\/\/cvnoticias.com\/nuevapagina\/wp-content\/uploads\/2025\/12\/WhatsApp-Image-2025-12-08-at-12.20.24-PM.jpeg\" \/>\n\t<meta property=\"og:image:width\" content=\"1440\" \/>\n\t<meta property=\"og:image:height\" content=\"959\" \/>\n\t<meta property=\"og:image:type\" content=\"image\/jpeg\" \/>\n<meta name=\"author\" content=\"CvNoticias\" \/>\n<meta name=\"twitter:card\" content=\"summary_large_image\" \/>\n<meta name=\"twitter:label1\" content=\"Escrito por\" \/>\n\t<meta name=\"twitter:data1\" content=\"CvNoticias\" \/>\n\t<meta name=\"twitter:label2\" content=\"Tiempo de lectura\" \/>\n\t<meta name=\"twitter:data2\" content=\"2 minutos\" \/>\n<script type=\"application\/ld+json\" class=\"yoast-schema-graph\">{\"@context\":\"https:\\\/\\\/schema.org\",\"@graph\":[{\"@type\":\"Article\",\"@id\":\"https:\\\/\\\/cvnoticias.com\\\/nuevapagina\\\/index.php\\\/2025\\\/12\\\/09\\\/municipio-de-oaxaca-de-juarez-refuerza-la-seguridad-con-entrega-de-patrullas\\\/#article\",\"isPartOf\":{\"@id\":\"https:\\\/\\\/cvnoticias.com\\\/nuevapagina\\\/index.php\\\/2025\\\/12\\\/09\\\/municipio-de-oaxaca-de-juarez-refuerza-la-seguridad-con-entrega-de-patrullas\\\/\"},\"author\":{\"name\":\"CvNoticias\",\"@id\":\"https:\\\/\\\/cvnoticias.com\\\/nuevapagina\\\/#\\\/schema\\\/person\\\/19e35f246421a31486be7321065f7463\"},\"headline\":\"Municipio de Oaxaca de Ju\u00e1rez refuerza la seguridad con entrega de patrullas\",\"datePublished\":\"2025-12-09T12:58:59+00:00\",\"dateModified\":\"2025-12-09T12:59:00+00:00\",\"mainEntityOfPage\":{\"@id\":\"https:\\\/\\\/cvnoticias.com\\\/nuevapagina\\\/index.php\\\/2025\\\/12\\\/09\\\/municipio-de-oaxaca-de-juarez-refuerza-la-seguridad-con-entrega-de-patrullas\\\/\"},\"wordCount\":305,\"commentCount\":0,\"publisher\":{\"@id\":\"https:\\\/\\\/cvnoticias.com\\\/nuevapagina\\\/#organization\"},\"image\":{\"@id\":\"https:\\\/\\\/cvnoticias.com\\\/nuevapagina\\\/index.php\\\/2025\\\/12\\\/09\\\/municipio-de-oaxaca-de-juarez-refuerza-la-seguridad-con-entrega-de-patrullas\\\/#primaryimage\"},\"thumbnailUrl\":\"https:\\\/\\\/cvnoticias.com\\\/nuevapagina\\\/wp-content\\\/uploads\\\/2025\\\/12\\\/WhatsApp-Image-2025-12-08-at-12.20.24-PM.jpeg\",\"articleSection\":[\"Comunicados\"],\"inLanguage\":\"es\",\"potentialAction\":[{\"@type\":\"CommentAction\",\"name\":\"Comment\",\"target\":[\"https:\\\/\\\/cvnoticias.com\\\/nuevapagina\\\/index.php\\\/2025\\\/12\\\/09\\\/municipio-de-oaxaca-de-juarez-refuerza-la-seguridad-con-entrega-de-patrullas\\\/#respond\"]}]},{\"@type\":\"WebPage\",\"@id\":\"https:\\\/\\\/cvnoticias.com\\\/nuevapagina\\\/index.php\\\/2025\\\/12\\\/09\\\/municipio-de-oaxaca-de-juarez-refuerza-la-seguridad-con-entrega-de-patrullas\\\/\",\"url\":\"https:\\\/\\\/cvnoticias.com\\\/nuevapagina\\\/index.php\\\/2025\\\/12\\\/09\\\/municipio-de-oaxaca-de-juarez-refuerza-la-seguridad-con-entrega-de-patrullas\\\/\",\"name\":\"Municipio de Oaxaca de Ju\u00e1rez refuerza la seguridad con entrega de patrullas - CV Noticias\",\"isPartOf\":{\"@id\":\"https:\\\/\\\/cvnoticias.com\\\/nuevapagina\\\/#website\"},\"primaryImageOfPage\":{\"@id\":\"https:\\\/\\\/cvnoticias.com\\\/nuevapagina\\\/index.php\\\/2025\\\/12\\\/09\\\/municipio-de-oaxaca-de-juarez-refuerza-la-seguridad-con-entrega-de-patrullas\\\/#primaryimage\"},\"image\":{\"@id\":\"https:\\\/\\\/cvnoticias.com\\\/nuevapagina\\\/index.php\\\/2025\\\/12\\\/09\\\/municipio-de-oaxaca-de-juarez-refuerza-la-seguridad-con-entrega-de-patrullas\\\/#primaryimage\"},\"thumbnailUrl\":\"https:\\\/\\\/cvnoticias.com\\\/nuevapagina\\\/wp-content\\\/uploads\\\/2025\\\/12\\\/WhatsApp-Image-2025-12-08-at-12.20.24-PM.jpeg\",\"datePublished\":\"2025-12-09T12:58:59+00:00\",\"dateModified\":\"2025-12-09T12:59:00+00:00\",\"breadcrumb\":{\"@id\":\"https:\\\/\\\/cvnoticias.com\\\/nuevapagina\\\/index.php\\\/2025\\\/12\\\/09\\\/municipio-de-oaxaca-de-juarez-refuerza-la-seguridad-con-entrega-de-patrullas\\\/#breadcrumb\"},\"inLanguage\":\"es\",\"potentialAction\":[{\"@type\":\"ReadAction\",\"target\":[\"https:\\\/\\\/cvnoticias.com\\\/nuevapagina\\\/index.php\\\/2025\\\/12\\\/09\\\/municipio-de-oaxaca-de-juarez-refuerza-la-seguridad-con-entrega-de-patrullas\\\/\"]}]},{\"@type\":\"ImageObject\",\"inLanguage\":\"es\",\"@id\":\"https:\\\/\\\/cvnoticias.com\\\/nuevapagina\\\/index.php\\\/2025\\\/12\\\/09\\\/municipio-de-oaxaca-de-juarez-refuerza-la-seguridad-con-entrega-de-patrullas\\\/#primaryimage\",\"url\":\"https:\\\/\\\/cvnoticias.com\\\/nuevapagina\\\/wp-content\\\/uploads\\\/2025\\\/12\\\/WhatsApp-Image-2025-12-08-at-12.20.24-PM.jpeg\",\"contentUrl\":\"https:\\\/\\\/cvnoticias.com\\\/nuevapagina\\\/wp-content\\\/uploads\\\/2025\\\/12\\\/WhatsApp-Image-2025-12-08-at-12.20.24-PM.jpeg\",\"width\":1440,\"height\":959},{\"@type\":\"BreadcrumbList\",\"@id\":\"https:\\\/\\\/cvnoticias.com\\\/nuevapagina\\\/index.php\\\/2025\\\/12\\\/09\\\/municipio-de-oaxaca-de-juarez-refuerza-la-seguridad-con-entrega-de-patrullas\\\/#breadcrumb\",\"itemListElement\":[{\"@type\":\"ListItem\",\"position\":1,\"name\":\"Portada\",\"item\":\"https:\\\/\\\/cvnoticias.com\\\/nuevapagina\\\/\"},{\"@type\":\"ListItem\",\"position\":2,\"name\":\"Municipio de Oaxaca de Ju\u00e1rez refuerza la seguridad con entrega de patrullas\"}]},{\"@type\":\"WebSite\",\"@id\":\"https:\\\/\\\/cvnoticias.com\\\/nuevapagina\\\/#website\",\"url\":\"https:\\\/\\\/cvnoticias.com\\\/nuevapagina\\\/\",\"name\":\"CV Noticias\",\"description\":\"Noticias de Oaxaca\",\"publisher\":{\"@id\":\"https:\\\/\\\/cvnoticias.com\\\/nuevapagina\\\/#organization\"},\"potentialAction\":[{\"@type\":\"SearchAction\",\"target\":{\"@type\":\"EntryPoint\",\"urlTemplate\":\"https:\\\/\\\/cvnoticias.com\\\/nuevapagina\\\/?s={search_term_string}\"},\"query-input\":{\"@type\":\"PropertyValueSpecification\",\"valueRequired\":true,\"valueName\":\"search_term_string\"}}],\"inLanguage\":\"es\"},{\"@type\":\"Organization\",\"@id\":\"https:\\\/\\\/cvnoticias.com\\\/nuevapagina\\\/#organization\",\"name\":\"CV Noticias\",\"url\":\"https:\\\/\\\/cvnoticias.com\\\/nuevapagina\\\/\",\"logo\":{\"@type\":\"ImageObject\",\"inLanguage\":\"es\",\"@id\":\"https:\\\/\\\/cvnoticias.com\\\/nuevapagina\\\/#\\\/schema\\\/logo\\\/image\\\/\",\"url\":\"https:\\\/\\\/cvnoticias.com\\\/nuevapagina\\\/wp-content\\\/uploads\\\/2025\\\/05\\\/cropped-logo-1.png\",\"contentUrl\":\"https:\\\/\\\/cvnoticias.com\\\/nuevapagina\\\/wp-content\\\/uploads\\\/2025\\\/05\\\/cropped-logo-1.png\",\"width\":320,\"height\":118,\"caption\":\"CV Noticias\"},\"image\":{\"@id\":\"https:\\\/\\\/cvnoticias.com\\\/nuevapagina\\\/#\\\/schema\\\/logo\\\/image\\\/\"}},{\"@type\":\"Person\",\"@id\":\"https:\\\/\\\/cvnoticias.com\\\/nuevapagina\\\/#\\\/schema\\\/person\\\/19e35f246421a31486be7321065f7463\",\"name\":\"CvNoticias\",\"image\":{\"@type\":\"ImageObject\",\"inLanguage\":\"es\",\"@id\":\"https:\\\/\\\/secure.gravatar.com\\\/avatar\\\/c3a4375d38fd8f9b34ac9e853cb706a079817c78f9a39e33b16a2b2b2e51688a?s=96&d=mm&r=g\",\"url\":\"https:\\\/\\\/secure.gravatar.com\\\/avatar\\\/c3a4375d38fd8f9b34ac9e853cb706a079817c78f9a39e33b16a2b2b2e51688a?s=96&d=mm&r=g\",\"contentUrl\":\"https:\\\/\\\/secure.gravatar.com\\\/avatar\\\/c3a4375d38fd8f9b34ac9e853cb706a079817c78f9a39e33b16a2b2b2e51688a?s=96&d=mm&r=g\",\"caption\":\"CvNoticias\"},\"url\":\"https:\\\/\\\/cvnoticias.com\\\/nuevapagina\\\/index.php\\\/author\\\/gesner\\\/\"}]}<\/script>\n<!-- \/ Yoast SEO plugin. -->","yoast_head_json":{"title":"Municipio de Oaxaca de Ju\u00e1rez refuerza la seguridad con entrega de patrullas - CV Noticias","robots":{"index":"index","follow":"follow","max-snippet":"max-snippet:-1","max-image-preview":"max-image-preview:large","max-video-preview":"max-video-preview:-1"},"canonical":"https:\/\/cvnoticias.com\/nuevapagina\/index.php\/2025\/12\/09\/municipio-de-oaxaca-de-juarez-refuerza-la-seguridad-con-entrega-de-patrullas\/","og_locale":"es_ES","og_type":"article","og_title":"Municipio de Oaxaca de Ju\u00e1rez refuerza la seguridad con entrega de patrullas - CV Noticias","og_description":"Oaxaca de Ju\u00e1rez, Oax., 7 de diciembre de 2025.\u2014Junto al gobernador Salom\u00f3n Jara Cruz, el...","og_url":"https:\/\/cvnoticias.com\/nuevapagina\/index.php\/2025\/12\/09\/municipio-de-oaxaca-de-juarez-refuerza-la-seguridad-con-entrega-de-patrullas\/","og_site_name":"CV Noticias","article_published_time":"2025-12-09T12:58:59+00:00","article_modified_time":"2025-12-09T12:59:00+00:00","og_image":[{"width":1440,"height":959,"url":"https:\/\/cvnoticias.com\/nuevapagina\/wp-content\/uploads\/2025\/12\/WhatsApp-Image-2025-12-08-at-12.20.24-PM.jpeg","type":"image\/jpeg"}],"author":"CvNoticias","twitter_card":"summary_large_image","twitter_misc":{"Escrito por":"CvNoticias","Tiempo de lectura":"2 minutos"},"schema":{"@context":"https:\/\/schema.org","@graph":[{"@type":"Article","@id":"https:\/\/cvnoticias.com\/nuevapagina\/index.php\/2025\/12\/09\/municipio-de-oaxaca-de-juarez-refuerza-la-seguridad-con-entrega-de-patrullas\/#article","isPartOf":{"@id":"https:\/\/cvnoticias.com\/nuevapagina\/index.php\/2025\/12\/09\/municipio-de-oaxaca-de-juarez-refuerza-la-seguridad-con-entrega-de-patrullas\/"},"author":{"name":"CvNoticias","@id":"https:\/\/cvnoticias.com\/nuevapagina\/#\/schema\/person\/19e35f246421a31486be7321065f7463"},"headline":"Municipio de Oaxaca de Ju\u00e1rez refuerza la seguridad con entrega de patrullas","datePublished":"2025-12-09T12:58:59+00:00","dateModified":"2025-12-09T12:59:00+00:00","mainEntityOfPage":{"@id":"https:\/\/cvnoticias.com\/nuevapagina\/index.php\/2025\/12\/09\/municipio-de-oaxaca-de-juarez-refuerza-la-seguridad-con-entrega-de-patrullas\/"},"wordCount":305,"commentCount":0,"publisher":{"@id":"https:\/\/cvnoticias.com\/nuevapagina\/#organization"},"image":{"@id":"https:\/\/cvnoticias.com\/nuevapagina\/index.php\/2025\/12\/09\/municipio-de-oaxaca-de-juarez-refuerza-la-seguridad-con-entrega-de-patrullas\/#primaryimage"},"thumbnailUrl":"https:\/\/cvnoticias.com\/nuevapagina\/wp-content\/uploads\/2025\/12\/WhatsApp-Image-2025-12-08-at-12.20.24-PM.jpeg","articleSection":["Comunicados"],"inLanguage":"es","potentialAction":[{"@type":"CommentAction","name":"Comment","target":["https:\/\/cvnoticias.com\/nuevapagina\/index.php\/2025\/12\/09\/municipio-de-oaxaca-de-juarez-refuerza-la-seguridad-con-entrega-de-patrullas\/#respond"]}]},{"@type":"WebPage","@id":"https:\/\/cvnoticias.com\/nuevapagina\/index.php\/2025\/12\/09\/municipio-de-oaxaca-de-juarez-refuerza-la-seguridad-con-entrega-de-patrullas\/","url":"https:\/\/cvnoticias.com\/nuevapagina\/index.php\/2025\/12\/09\/municipio-de-oaxaca-de-juarez-refuerza-la-seguridad-con-entrega-de-patrullas\/","name":"Municipio de Oaxaca de Ju\u00e1rez refuerza la seguridad con entrega de patrullas - CV Noticias","isPartOf":{"@id":"https:\/\/cvnoticias.com\/nuevapagina\/#website"},"primaryImageOfPage":{"@id":"https:\/\/cvnoticias.com\/nuevapagina\/index.php\/2025\/12\/09\/municipio-de-oaxaca-de-juarez-refuerza-la-seguridad-con-entrega-de-patrullas\/#primaryimage"},"image":{"@id":"https:\/\/cvnoticias.com\/nuevapagina\/index.php\/2025\/12\/09\/municipio-de-oaxaca-de-juarez-refuerza-la-seguridad-con-entrega-de-patrullas\/#primaryimage"},"thumbnailUrl":"https:\/\/cvnoticias.com\/nuevapagina\/wp-content\/uploads\/2025\/12\/WhatsApp-Image-2025-12-08-at-12.20.24-PM.jpeg","datePublished":"2025-12-09T12:58:59+00:00","dateModified":"2025-12-09T12:59:00+00:00","breadcrumb":{"@id":"https:\/\/cvnoticias.com\/nuevapagina\/index.php\/2025\/12\/09\/municipio-de-oaxaca-de-juarez-refuerza-la-seguridad-con-entrega-de-patrullas\/#breadcrumb"},"inLanguage":"es","potentialAction":[{"@type":"ReadAction","target":["https:\/\/cvnoticias.com\/nuevapagina\/index.php\/2025\/12\/09\/municipio-de-oaxaca-de-juarez-refuerza-la-seguridad-con-entrega-de-patrullas\/"]}]},{"@type":"ImageObject","inLanguage":"es","@id":"https:\/\/cvnoticias.com\/nuevapagina\/index.php\/2025\/12\/09\/municipio-de-oaxaca-de-juarez-refuerza-la-seguridad-con-entrega-de-patrullas\/#primaryimage","url":"https:\/\/cvnoticias.com\/nuevapagina\/wp-content\/uploads\/2025\/12\/WhatsApp-Image-2025-12-08-at-12.20.24-PM.jpeg","contentUrl":"https:\/\/cvnoticias.com\/nuevapagina\/wp-content\/uploads\/2025\/12\/WhatsApp-Image-2025-12-08-at-12.20.24-PM.jpeg","width":1440,"height":959},{"@type":"BreadcrumbList","@id":"https:\/\/cvnoticias.com\/nuevapagina\/index.php\/2025\/12\/09\/municipio-de-oaxaca-de-juarez-refuerza-la-seguridad-con-entrega-de-patrullas\/#breadcrumb","itemListElement":[{"@type":"ListItem","position":1,"name":"Portada","item":"https:\/\/cvnoticias.com\/nuevapagina\/"},{"@type":"ListItem","position":2,"name":"Municipio de Oaxaca de Ju\u00e1rez refuerza la seguridad con entrega de patrullas"}]},{"@type":"WebSite","@id":"https:\/\/cvnoticias.com\/nuevapagina\/#website","url":"https:\/\/cvnoticias.com\/nuevapagina\/","name":"CV Noticias","description":"Noticias de Oaxaca","publisher":{"@id":"https:\/\/cvnoticias.com\/nuevapagina\/#organization"},"potentialAction":[{"@type":"SearchAction","target":{"@type":"EntryPoint","urlTemplate":"https:\/\/cvnoticias.com\/nuevapagina\/?s={search_term_string}"},"query-input":{"@type":"PropertyValueSpecification","valueRequired":true,"valueName":"search_term_string"}}],"inLanguage":"es"},{"@type":"Organization","@id":"https:\/\/cvnoticias.com\/nuevapagina\/#organization","name":"CV Noticias","url":"https:\/\/cvnoticias.com\/nuevapagina\/","logo":{"@type":"ImageObject","inLanguage":"es","@id":"https:\/\/cvnoticias.com\/nuevapagina\/#\/schema\/logo\/image\/","url":"https:\/\/cvnoticias.com\/nuevapagina\/wp-content\/uploads\/2025\/05\/cropped-logo-1.png","contentUrl":"https:\/\/cvnoticias.com\/nuevapagina\/wp-content\/uploads\/2025\/05\/cropped-logo-1.png","width":320,"height":118,"caption":"CV Noticias"},"image":{"@id":"https:\/\/cvnoticias.com\/nuevapagina\/#\/schema\/logo\/image\/"}},{"@type":"Person","@id":"https:\/\/cvnoticias.com\/nuevapagina\/#\/schema\/person\/19e35f246421a31486be7321065f7463","name":"CvNoticias","image":{"@type":"ImageObject","inLanguage":"es","@id":"https:\/\/secure.gravatar.com\/avatar\/c3a4375d38fd8f9b34ac9e853cb706a079817c78f9a39e33b16a2b2b2e51688a?s=96&d=mm&r=g","url":"https:\/\/secure.gravatar.com\/avatar\/c3a4375d38fd8f9b34ac9e853cb706a079817c78f9a39e33b16a2b2b2e51688a?s=96&d=mm&r=g","contentUrl":"https:\/\/secure.gravatar.com\/avatar\/c3a4375d38fd8f9b34ac9e853cb706a079817c78f9a39e33b16a2b2b2e51688a?s=96&d=mm&r=g","caption":"CvNoticias"},"url":"https:\/\/cvnoticias.com\/nuevapagina\/index.php\/author\/gesner\/"}]}},"_links":{"self":[{"href":"https:\/\/cvnoticias.com\/nuevapagina\/index.php\/wp-json\/wp\/v2\/posts\/4265","targetHints":{"allow":["GET"]}}],"collection":[{"href":"https:\/\/cvnoticias.com\/nuevapagina\/index.php\/wp-json\/wp\/v2\/posts"}],"about":[{"href":"https:\/\/cvnoticias.com\/nuevapagina\/index.php\/wp-json\/wp\/v2\/types\/post"}],"author":[{"embeddable":true,"href":"https:\/\/cvnoticias.com\/nuevapagina\/index.php\/wp-json\/wp\/v2\/users\/2"}],"replies":[{"embeddable":true,"href":"https:\/\/cvnoticias.com\/nuevapagina\/index.php\/wp-json\/wp\/v2\/comments?post=4265"}],"version-history":[{"count":1,"href":"https:\/\/cvnoticias.com\/nuevapagina\/index.php\/wp-json\/wp\/v2\/posts\/4265\/revisions"}],"predecessor-version":[{"id":4266,"href":"https:\/\/cvnoticias.com\/nuevapagina\/index.php\/wp-json\/wp\/v2\/posts\/4265\/revisions\/4266"}],"wp:featuredmedia":[{"embeddable":true,"href":"https:\/\/cvnoticias.com\/nuevapagina\/index.php\/wp-json\/wp\/v2\/media\/4262"}],"wp:attachment":[{"href":"https:\/\/cvnoticias.com\/nuevapagina\/index.php\/wp-json\/wp\/v2\/media?parent=4265"}],"wp:term":[{"taxonomy":"category","embeddable":true,"href":"https:\/\/cvnoticias.com\/nuevapagina\/index.php\/wp-json\/wp\/v2\/categories?post=4265"},{"taxonomy":"post_tag","embeddable":true,"href":"https:\/\/cvnoticias.com\/nuevapagina\/index.php\/wp-json\/wp\/v2\/tags?post=4265"}],"curies":[{"name":"wp","href":"https:\/\/api.w.org\/{rel}","templated":true}]}}