{"id":4253,"date":"2025-12-08T23:00:31","date_gmt":"2025-12-08T23:00:31","guid":{"rendered":"https:\/\/cvnoticias.com\/nuevapagina\/?p=4253"},"modified":"2025-12-08T23:00:32","modified_gmt":"2025-12-08T23:00:32","slug":"movimiento-civico-de-xoxocotlan-participa-en-la-conmemoracion-por-los-siete-anos-de-la-cuarta-transformacion","status":"publish","type":"post","link":"https:\/\/cvnoticias.com\/nuevapagina\/index.php\/2025\/12\/08\/movimiento-civico-de-xoxocotlan-participa-en-la-conmemoracion-por-los-siete-anos-de-la-cuarta-transformacion\/","title":{"rendered":"Movimiento c\u00edvico de Xoxocotl\u00e1n participa en la conmemoraci\u00f3n por los siete a\u00f1os de la Cuarta Transformaci\u00f3n"},"content":{"rendered":"\n<p><\/p>\n\n\n\n<p>Ciudad de M\u00e9xico, 06 de diciembre del 2025.- Integrantes del movimiento c\u00edvico de Xoxocotl\u00e1n participaron este d\u00eda en la conmemoraci\u00f3n por los siete a\u00f1os de la Cuarta Transformaci\u00f3n realizada en el Z\u00f3calo de la Ciudad de M\u00e9xico, donde miles de personas de distintos estados acudieron para ser testigos de los resultados expuestos por la presidenta Claudia Sheinbaum.<\/p>\n\n\n\n<p>Durante la jornada se present\u00f3 informaci\u00f3n sobre los avances registrados en el primer a\u00f1o de la actual administraci\u00f3n federal, as\u00ed como un recuento de los resultados obtenidos en los seis a\u00f1os anteriores. El evento gener\u00f3 un ambiente de amplia participaci\u00f3n ciudadana e inter\u00e9s por los temas abordados.<\/p>\n\n\n\n<p>Desde Xoxocotl\u00e1n, las y los integrantes del movimiento c\u00edvico asistieron a este encuentro con el prop\u00f3sito de mantenerse informados sobre el desarrollo de las pol\u00edticas p\u00fablicas y el proceso de transformaci\u00f3n que ha marcado los \u00faltimos a\u00f1os.<\/p>\n\n\n\n<p>Como diputada local, Tania L\u00f3pez L\u00f3pez reconoci\u00f3 la presencia y participaci\u00f3n de las y los ciudadanos de Xoxocotl\u00e1n, destacando la importancia de que la poblaci\u00f3n tenga acceso a espacios donde se presenta informaci\u00f3n p\u00fablica de alcance nacional. Se\u00f1al\u00f3 que este tipo de actividades facilita el di\u00e1logo con la ciudadan\u00eda y permite conocer sus perspectivas sobre los temas expuestos.<\/p>\n\n\n\n<p>Tambi\u00e9n se destacaron acciones impulsadas por el gobernador Salom\u00f3n Jara, reconocido por su trabajo en territorio y su presencia constante en las comunidades del estado. Estos esfuerzos forman parte del seguimiento legislativo que se realiza desde el Congreso del Estado.<\/p>\n\n\n\n<p>La diputada L\u00f3pez L\u00f3pez reiter\u00f3 que desde su labor legislativa mantiene el compromiso de analizar y dar seguimiento a iniciativas que impactan directamente en las familias oaxaque\u00f1as, reconociendo el inter\u00e9s del movimiento c\u00edvico de Xoxocotl\u00e1n en continuar informados y participativos en los asuntos p\u00fablicos.<\/p>\n\n\n\n<p><\/p>\n","protected":false},"excerpt":{"rendered":"<p>Ciudad de M\u00e9xico, 06 de diciembre del 2025.- Integrantes del movimiento c\u00edvico de Xoxocotl\u00e1n participaron&#8230;<\/p>\n","protected":false},"author":2,"featured_media":4254,"comment_status":"open","ping_status":"closed","sticky":false,"template":"","format":"standard","meta":{"footnotes":""},"categories":[3],"tags":[],"class_list":["post-4253","post","type-post","status-publish","format-standard","has-post-thumbnail","hentry","category-comunicadosdeprensa"],"yoast_head":"<!-- This site is optimized with the Yoast SEO plugin v27.5 - https:\/\/yoast.com\/product\/yoast-seo-wordpress\/ -->\n<title>Movimiento c\u00edvico de Xoxocotl\u00e1n participa en la conmemoraci\u00f3n por los siete a\u00f1os de la Cuarta Transformaci\u00f3n - CV Noticias<\/title>\n<meta name=\"robots\" content=\"index, follow, max-snippet:-1, max-image-preview:large, max-video-preview:-1\" \/>\n<link rel=\"canonical\" href=\"https:\/\/cvnoticias.com\/nuevapagina\/index.php\/2025\/12\/08\/movimiento-civico-de-xoxocotlan-participa-en-la-conmemoracion-por-los-siete-anos-de-la-cuarta-transformacion\/\" \/>\n<meta property=\"og:locale\" content=\"es_ES\" \/>\n<meta property=\"og:type\" content=\"article\" \/>\n<meta property=\"og:title\" content=\"Movimiento c\u00edvico de Xoxocotl\u00e1n participa en la conmemoraci\u00f3n por los siete a\u00f1os de la Cuarta Transformaci\u00f3n - CV Noticias\" \/>\n<meta property=\"og:description\" content=\"Ciudad de M\u00e9xico, 06 de diciembre del 2025.- Integrantes del movimiento c\u00edvico de Xoxocotl\u00e1n participaron...\" \/>\n<meta property=\"og:url\" content=\"https:\/\/cvnoticias.com\/nuevapagina\/index.php\/2025\/12\/08\/movimiento-civico-de-xoxocotlan-participa-en-la-conmemoracion-por-los-siete-anos-de-la-cuarta-transformacion\/\" \/>\n<meta property=\"og:site_name\" content=\"CV Noticias\" \/>\n<meta property=\"article:published_time\" content=\"2025-12-08T23:00:31+00:00\" \/>\n<meta property=\"article:modified_time\" content=\"2025-12-08T23:00:32+00:00\" \/>\n<meta property=\"og:image\" content=\"https:\/\/cvnoticias.com\/nuevapagina\/wp-content\/uploads\/2025\/12\/87e709ea-3623-46af-9a53-71fe56b5099a.jpeg\" \/>\n\t<meta property=\"og:image:width\" content=\"1179\" \/>\n\t<meta property=\"og:image:height\" content=\"685\" \/>\n\t<meta property=\"og:image:type\" content=\"image\/jpeg\" \/>\n<meta name=\"author\" content=\"CvNoticias\" \/>\n<meta name=\"twitter:card\" content=\"summary_large_image\" \/>\n<meta name=\"twitter:label1\" content=\"Escrito por\" \/>\n\t<meta name=\"twitter:data1\" content=\"CvNoticias\" \/>\n\t<meta name=\"twitter:label2\" content=\"Tiempo de lectura\" \/>\n\t<meta name=\"twitter:data2\" content=\"2 minutos\" \/>\n<script type=\"application\/ld+json\" class=\"yoast-schema-graph\">{\"@context\":\"https:\\\/\\\/schema.org\",\"@graph\":[{\"@type\":\"Article\",\"@id\":\"https:\\\/\\\/cvnoticias.com\\\/nuevapagina\\\/index.php\\\/2025\\\/12\\\/08\\\/movimiento-civico-de-xoxocotlan-participa-en-la-conmemoracion-por-los-siete-anos-de-la-cuarta-transformacion\\\/#article\",\"isPartOf\":{\"@id\":\"https:\\\/\\\/cvnoticias.com\\\/nuevapagina\\\/index.php\\\/2025\\\/12\\\/08\\\/movimiento-civico-de-xoxocotlan-participa-en-la-conmemoracion-por-los-siete-anos-de-la-cuarta-transformacion\\\/\"},\"author\":{\"name\":\"CvNoticias\",\"@id\":\"https:\\\/\\\/cvnoticias.com\\\/nuevapagina\\\/#\\\/schema\\\/person\\\/19e35f246421a31486be7321065f7463\"},\"headline\":\"Movimiento c\u00edvico de Xoxocotl\u00e1n participa en la conmemoraci\u00f3n por los siete a\u00f1os de la Cuarta Transformaci\u00f3n\",\"datePublished\":\"2025-12-08T23:00:31+00:00\",\"dateModified\":\"2025-12-08T23:00:32+00:00\",\"mainEntityOfPage\":{\"@id\":\"https:\\\/\\\/cvnoticias.com\\\/nuevapagina\\\/index.php\\\/2025\\\/12\\\/08\\\/movimiento-civico-de-xoxocotlan-participa-en-la-conmemoracion-por-los-siete-anos-de-la-cuarta-transformacion\\\/\"},\"wordCount\":344,\"commentCount\":0,\"publisher\":{\"@id\":\"https:\\\/\\\/cvnoticias.com\\\/nuevapagina\\\/#organization\"},\"image\":{\"@id\":\"https:\\\/\\\/cvnoticias.com\\\/nuevapagina\\\/index.php\\\/2025\\\/12\\\/08\\\/movimiento-civico-de-xoxocotlan-participa-en-la-conmemoracion-por-los-siete-anos-de-la-cuarta-transformacion\\\/#primaryimage\"},\"thumbnailUrl\":\"https:\\\/\\\/cvnoticias.com\\\/nuevapagina\\\/wp-content\\\/uploads\\\/2025\\\/12\\\/87e709ea-3623-46af-9a53-71fe56b5099a.jpeg\",\"articleSection\":[\"Comunicados\"],\"inLanguage\":\"es\",\"potentialAction\":[{\"@type\":\"CommentAction\",\"name\":\"Comment\",\"target\":[\"https:\\\/\\\/cvnoticias.com\\\/nuevapagina\\\/index.php\\\/2025\\\/12\\\/08\\\/movimiento-civico-de-xoxocotlan-participa-en-la-conmemoracion-por-los-siete-anos-de-la-cuarta-transformacion\\\/#respond\"]}]},{\"@type\":\"WebPage\",\"@id\":\"https:\\\/\\\/cvnoticias.com\\\/nuevapagina\\\/index.php\\\/2025\\\/12\\\/08\\\/movimiento-civico-de-xoxocotlan-participa-en-la-conmemoracion-por-los-siete-anos-de-la-cuarta-transformacion\\\/\",\"url\":\"https:\\\/\\\/cvnoticias.com\\\/nuevapagina\\\/index.php\\\/2025\\\/12\\\/08\\\/movimiento-civico-de-xoxocotlan-participa-en-la-conmemoracion-por-los-siete-anos-de-la-cuarta-transformacion\\\/\",\"name\":\"Movimiento c\u00edvico de Xoxocotl\u00e1n participa en la conmemoraci\u00f3n por los siete a\u00f1os de la Cuarta Transformaci\u00f3n - CV Noticias\",\"isPartOf\":{\"@id\":\"https:\\\/\\\/cvnoticias.com\\\/nuevapagina\\\/#website\"},\"primaryImageOfPage\":{\"@id\":\"https:\\\/\\\/cvnoticias.com\\\/nuevapagina\\\/index.php\\\/2025\\\/12\\\/08\\\/movimiento-civico-de-xoxocotlan-participa-en-la-conmemoracion-por-los-siete-anos-de-la-cuarta-transformacion\\\/#primaryimage\"},\"image\":{\"@id\":\"https:\\\/\\\/cvnoticias.com\\\/nuevapagina\\\/index.php\\\/2025\\\/12\\\/08\\\/movimiento-civico-de-xoxocotlan-participa-en-la-conmemoracion-por-los-siete-anos-de-la-cuarta-transformacion\\\/#primaryimage\"},\"thumbnailUrl\":\"https:\\\/\\\/cvnoticias.com\\\/nuevapagina\\\/wp-content\\\/uploads\\\/2025\\\/12\\\/87e709ea-3623-46af-9a53-71fe56b5099a.jpeg\",\"datePublished\":\"2025-12-08T23:00:31+00:00\",\"dateModified\":\"2025-12-08T23:00:32+00:00\",\"breadcrumb\":{\"@id\":\"https:\\\/\\\/cvnoticias.com\\\/nuevapagina\\\/index.php\\\/2025\\\/12\\\/08\\\/movimiento-civico-de-xoxocotlan-participa-en-la-conmemoracion-por-los-siete-anos-de-la-cuarta-transformacion\\\/#breadcrumb\"},\"inLanguage\":\"es\",\"potentialAction\":[{\"@type\":\"ReadAction\",\"target\":[\"https:\\\/\\\/cvnoticias.com\\\/nuevapagina\\\/index.php\\\/2025\\\/12\\\/08\\\/movimiento-civico-de-xoxocotlan-participa-en-la-conmemoracion-por-los-siete-anos-de-la-cuarta-transformacion\\\/\"]}]},{\"@type\":\"ImageObject\",\"inLanguage\":\"es\",\"@id\":\"https:\\\/\\\/cvnoticias.com\\\/nuevapagina\\\/index.php\\\/2025\\\/12\\\/08\\\/movimiento-civico-de-xoxocotlan-participa-en-la-conmemoracion-por-los-siete-anos-de-la-cuarta-transformacion\\\/#primaryimage\",\"url\":\"https:\\\/\\\/cvnoticias.com\\\/nuevapagina\\\/wp-content\\\/uploads\\\/2025\\\/12\\\/87e709ea-3623-46af-9a53-71fe56b5099a.jpeg\",\"contentUrl\":\"https:\\\/\\\/cvnoticias.com\\\/nuevapagina\\\/wp-content\\\/uploads\\\/2025\\\/12\\\/87e709ea-3623-46af-9a53-71fe56b5099a.jpeg\",\"width\":1179,\"height\":685},{\"@type\":\"BreadcrumbList\",\"@id\":\"https:\\\/\\\/cvnoticias.com\\\/nuevapagina\\\/index.php\\\/2025\\\/12\\\/08\\\/movimiento-civico-de-xoxocotlan-participa-en-la-conmemoracion-por-los-siete-anos-de-la-cuarta-transformacion\\\/#breadcrumb\",\"itemListElement\":[{\"@type\":\"ListItem\",\"position\":1,\"name\":\"Portada\",\"item\":\"https:\\\/\\\/cvnoticias.com\\\/nuevapagina\\\/\"},{\"@type\":\"ListItem\",\"position\":2,\"name\":\"Movimiento c\u00edvico de Xoxocotl\u00e1n participa en la conmemoraci\u00f3n por los siete a\u00f1os de la Cuarta Transformaci\u00f3n\"}]},{\"@type\":\"WebSite\",\"@id\":\"https:\\\/\\\/cvnoticias.com\\\/nuevapagina\\\/#website\",\"url\":\"https:\\\/\\\/cvnoticias.com\\\/nuevapagina\\\/\",\"name\":\"CV Noticias\",\"description\":\"Noticias de Oaxaca\",\"publisher\":{\"@id\":\"https:\\\/\\\/cvnoticias.com\\\/nuevapagina\\\/#organization\"},\"potentialAction\":[{\"@type\":\"SearchAction\",\"target\":{\"@type\":\"EntryPoint\",\"urlTemplate\":\"https:\\\/\\\/cvnoticias.com\\\/nuevapagina\\\/?s={search_term_string}\"},\"query-input\":{\"@type\":\"PropertyValueSpecification\",\"valueRequired\":true,\"valueName\":\"search_term_string\"}}],\"inLanguage\":\"es\"},{\"@type\":\"Organization\",\"@id\":\"https:\\\/\\\/cvnoticias.com\\\/nuevapagina\\\/#organization\",\"name\":\"CV Noticias\",\"url\":\"https:\\\/\\\/cvnoticias.com\\\/nuevapagina\\\/\",\"logo\":{\"@type\":\"ImageObject\",\"inLanguage\":\"es\",\"@id\":\"https:\\\/\\\/cvnoticias.com\\\/nuevapagina\\\/#\\\/schema\\\/logo\\\/image\\\/\",\"url\":\"https:\\\/\\\/cvnoticias.com\\\/nuevapagina\\\/wp-content\\\/uploads\\\/2025\\\/05\\\/cropped-logo-1.png\",\"contentUrl\":\"https:\\\/\\\/cvnoticias.com\\\/nuevapagina\\\/wp-content\\\/uploads\\\/2025\\\/05\\\/cropped-logo-1.png\",\"width\":320,\"height\":118,\"caption\":\"CV Noticias\"},\"image\":{\"@id\":\"https:\\\/\\\/cvnoticias.com\\\/nuevapagina\\\/#\\\/schema\\\/logo\\\/image\\\/\"}},{\"@type\":\"Person\",\"@id\":\"https:\\\/\\\/cvnoticias.com\\\/nuevapagina\\\/#\\\/schema\\\/person\\\/19e35f246421a31486be7321065f7463\",\"name\":\"CvNoticias\",\"image\":{\"@type\":\"ImageObject\",\"inLanguage\":\"es\",\"@id\":\"https:\\\/\\\/secure.gravatar.com\\\/avatar\\\/c3a4375d38fd8f9b34ac9e853cb706a079817c78f9a39e33b16a2b2b2e51688a?s=96&d=mm&r=g\",\"url\":\"https:\\\/\\\/secure.gravatar.com\\\/avatar\\\/c3a4375d38fd8f9b34ac9e853cb706a079817c78f9a39e33b16a2b2b2e51688a?s=96&d=mm&r=g\",\"contentUrl\":\"https:\\\/\\\/secure.gravatar.com\\\/avatar\\\/c3a4375d38fd8f9b34ac9e853cb706a079817c78f9a39e33b16a2b2b2e51688a?s=96&d=mm&r=g\",\"caption\":\"CvNoticias\"},\"url\":\"https:\\\/\\\/cvnoticias.com\\\/nuevapagina\\\/index.php\\\/author\\\/gesner\\\/\"}]}<\/script>\n<!-- \/ Yoast SEO plugin. -->","yoast_head_json":{"title":"Movimiento c\u00edvico de Xoxocotl\u00e1n participa en la conmemoraci\u00f3n por los siete a\u00f1os de la Cuarta Transformaci\u00f3n - CV Noticias","robots":{"index":"index","follow":"follow","max-snippet":"max-snippet:-1","max-image-preview":"max-image-preview:large","max-video-preview":"max-video-preview:-1"},"canonical":"https:\/\/cvnoticias.com\/nuevapagina\/index.php\/2025\/12\/08\/movimiento-civico-de-xoxocotlan-participa-en-la-conmemoracion-por-los-siete-anos-de-la-cuarta-transformacion\/","og_locale":"es_ES","og_type":"article","og_title":"Movimiento c\u00edvico de Xoxocotl\u00e1n participa en la conmemoraci\u00f3n por los siete a\u00f1os de la Cuarta Transformaci\u00f3n - CV Noticias","og_description":"Ciudad de M\u00e9xico, 06 de diciembre del 2025.- Integrantes del movimiento c\u00edvico de Xoxocotl\u00e1n participaron...","og_url":"https:\/\/cvnoticias.com\/nuevapagina\/index.php\/2025\/12\/08\/movimiento-civico-de-xoxocotlan-participa-en-la-conmemoracion-por-los-siete-anos-de-la-cuarta-transformacion\/","og_site_name":"CV Noticias","article_published_time":"2025-12-08T23:00:31+00:00","article_modified_time":"2025-12-08T23:00:32+00:00","og_image":[{"width":1179,"height":685,"url":"https:\/\/cvnoticias.com\/nuevapagina\/wp-content\/uploads\/2025\/12\/87e709ea-3623-46af-9a53-71fe56b5099a.jpeg","type":"image\/jpeg"}],"author":"CvNoticias","twitter_card":"summary_large_image","twitter_misc":{"Escrito por":"CvNoticias","Tiempo de lectura":"2 minutos"},"schema":{"@context":"https:\/\/schema.org","@graph":[{"@type":"Article","@id":"https:\/\/cvnoticias.com\/nuevapagina\/index.php\/2025\/12\/08\/movimiento-civico-de-xoxocotlan-participa-en-la-conmemoracion-por-los-siete-anos-de-la-cuarta-transformacion\/#article","isPartOf":{"@id":"https:\/\/cvnoticias.com\/nuevapagina\/index.php\/2025\/12\/08\/movimiento-civico-de-xoxocotlan-participa-en-la-conmemoracion-por-los-siete-anos-de-la-cuarta-transformacion\/"},"author":{"name":"CvNoticias","@id":"https:\/\/cvnoticias.com\/nuevapagina\/#\/schema\/person\/19e35f246421a31486be7321065f7463"},"headline":"Movimiento c\u00edvico de Xoxocotl\u00e1n participa en la conmemoraci\u00f3n por los siete a\u00f1os de la Cuarta Transformaci\u00f3n","datePublished":"2025-12-08T23:00:31+00:00","dateModified":"2025-12-08T23:00:32+00:00","mainEntityOfPage":{"@id":"https:\/\/cvnoticias.com\/nuevapagina\/index.php\/2025\/12\/08\/movimiento-civico-de-xoxocotlan-participa-en-la-conmemoracion-por-los-siete-anos-de-la-cuarta-transformacion\/"},"wordCount":344,"commentCount":0,"publisher":{"@id":"https:\/\/cvnoticias.com\/nuevapagina\/#organization"},"image":{"@id":"https:\/\/cvnoticias.com\/nuevapagina\/index.php\/2025\/12\/08\/movimiento-civico-de-xoxocotlan-participa-en-la-conmemoracion-por-los-siete-anos-de-la-cuarta-transformacion\/#primaryimage"},"thumbnailUrl":"https:\/\/cvnoticias.com\/nuevapagina\/wp-content\/uploads\/2025\/12\/87e709ea-3623-46af-9a53-71fe56b5099a.jpeg","articleSection":["Comunicados"],"inLanguage":"es","potentialAction":[{"@type":"CommentAction","name":"Comment","target":["https:\/\/cvnoticias.com\/nuevapagina\/index.php\/2025\/12\/08\/movimiento-civico-de-xoxocotlan-participa-en-la-conmemoracion-por-los-siete-anos-de-la-cuarta-transformacion\/#respond"]}]},{"@type":"WebPage","@id":"https:\/\/cvnoticias.com\/nuevapagina\/index.php\/2025\/12\/08\/movimiento-civico-de-xoxocotlan-participa-en-la-conmemoracion-por-los-siete-anos-de-la-cuarta-transformacion\/","url":"https:\/\/cvnoticias.com\/nuevapagina\/index.php\/2025\/12\/08\/movimiento-civico-de-xoxocotlan-participa-en-la-conmemoracion-por-los-siete-anos-de-la-cuarta-transformacion\/","name":"Movimiento c\u00edvico de Xoxocotl\u00e1n participa en la conmemoraci\u00f3n por los siete a\u00f1os de la Cuarta Transformaci\u00f3n - CV Noticias","isPartOf":{"@id":"https:\/\/cvnoticias.com\/nuevapagina\/#website"},"primaryImageOfPage":{"@id":"https:\/\/cvnoticias.com\/nuevapagina\/index.php\/2025\/12\/08\/movimiento-civico-de-xoxocotlan-participa-en-la-conmemoracion-por-los-siete-anos-de-la-cuarta-transformacion\/#primaryimage"},"image":{"@id":"https:\/\/cvnoticias.com\/nuevapagina\/index.php\/2025\/12\/08\/movimiento-civico-de-xoxocotlan-participa-en-la-conmemoracion-por-los-siete-anos-de-la-cuarta-transformacion\/#primaryimage"},"thumbnailUrl":"https:\/\/cvnoticias.com\/nuevapagina\/wp-content\/uploads\/2025\/12\/87e709ea-3623-46af-9a53-71fe56b5099a.jpeg","datePublished":"2025-12-08T23:00:31+00:00","dateModified":"2025-12-08T23:00:32+00:00","breadcrumb":{"@id":"https:\/\/cvnoticias.com\/nuevapagina\/index.php\/2025\/12\/08\/movimiento-civico-de-xoxocotlan-participa-en-la-conmemoracion-por-los-siete-anos-de-la-cuarta-transformacion\/#breadcrumb"},"inLanguage":"es","potentialAction":[{"@type":"ReadAction","target":["https:\/\/cvnoticias.com\/nuevapagina\/index.php\/2025\/12\/08\/movimiento-civico-de-xoxocotlan-participa-en-la-conmemoracion-por-los-siete-anos-de-la-cuarta-transformacion\/"]}]},{"@type":"ImageObject","inLanguage":"es","@id":"https:\/\/cvnoticias.com\/nuevapagina\/index.php\/2025\/12\/08\/movimiento-civico-de-xoxocotlan-participa-en-la-conmemoracion-por-los-siete-anos-de-la-cuarta-transformacion\/#primaryimage","url":"https:\/\/cvnoticias.com\/nuevapagina\/wp-content\/uploads\/2025\/12\/87e709ea-3623-46af-9a53-71fe56b5099a.jpeg","contentUrl":"https:\/\/cvnoticias.com\/nuevapagina\/wp-content\/uploads\/2025\/12\/87e709ea-3623-46af-9a53-71fe56b5099a.jpeg","width":1179,"height":685},{"@type":"BreadcrumbList","@id":"https:\/\/cvnoticias.com\/nuevapagina\/index.php\/2025\/12\/08\/movimiento-civico-de-xoxocotlan-participa-en-la-conmemoracion-por-los-siete-anos-de-la-cuarta-transformacion\/#breadcrumb","itemListElement":[{"@type":"ListItem","position":1,"name":"Portada","item":"https:\/\/cvnoticias.com\/nuevapagina\/"},{"@type":"ListItem","position":2,"name":"Movimiento c\u00edvico de Xoxocotl\u00e1n participa en la conmemoraci\u00f3n por los siete a\u00f1os de la Cuarta Transformaci\u00f3n"}]},{"@type":"WebSite","@id":"https:\/\/cvnoticias.com\/nuevapagina\/#website","url":"https:\/\/cvnoticias.com\/nuevapagina\/","name":"CV Noticias","description":"Noticias de Oaxaca","publisher":{"@id":"https:\/\/cvnoticias.com\/nuevapagina\/#organization"},"potentialAction":[{"@type":"SearchAction","target":{"@type":"EntryPoint","urlTemplate":"https:\/\/cvnoticias.com\/nuevapagina\/?s={search_term_string}"},"query-input":{"@type":"PropertyValueSpecification","valueRequired":true,"valueName":"search_term_string"}}],"inLanguage":"es"},{"@type":"Organization","@id":"https:\/\/cvnoticias.com\/nuevapagina\/#organization","name":"CV Noticias","url":"https:\/\/cvnoticias.com\/nuevapagina\/","logo":{"@type":"ImageObject","inLanguage":"es","@id":"https:\/\/cvnoticias.com\/nuevapagina\/#\/schema\/logo\/image\/","url":"https:\/\/cvnoticias.com\/nuevapagina\/wp-content\/uploads\/2025\/05\/cropped-logo-1.png","contentUrl":"https:\/\/cvnoticias.com\/nuevapagina\/wp-content\/uploads\/2025\/05\/cropped-logo-1.png","width":320,"height":118,"caption":"CV Noticias"},"image":{"@id":"https:\/\/cvnoticias.com\/nuevapagina\/#\/schema\/logo\/image\/"}},{"@type":"Person","@id":"https:\/\/cvnoticias.com\/nuevapagina\/#\/schema\/person\/19e35f246421a31486be7321065f7463","name":"CvNoticias","image":{"@type":"ImageObject","inLanguage":"es","@id":"https:\/\/secure.gravatar.com\/avatar\/c3a4375d38fd8f9b34ac9e853cb706a079817c78f9a39e33b16a2b2b2e51688a?s=96&d=mm&r=g","url":"https:\/\/secure.gravatar.com\/avatar\/c3a4375d38fd8f9b34ac9e853cb706a079817c78f9a39e33b16a2b2b2e51688a?s=96&d=mm&r=g","contentUrl":"https:\/\/secure.gravatar.com\/avatar\/c3a4375d38fd8f9b34ac9e853cb706a079817c78f9a39e33b16a2b2b2e51688a?s=96&d=mm&r=g","caption":"CvNoticias"},"url":"https:\/\/cvnoticias.com\/nuevapagina\/index.php\/author\/gesner\/"}]}},"_links":{"self":[{"href":"https:\/\/cvnoticias.com\/nuevapagina\/index.php\/wp-json\/wp\/v2\/posts\/4253","targetHints":{"allow":["GET"]}}],"collection":[{"href":"https:\/\/cvnoticias.com\/nuevapagina\/index.php\/wp-json\/wp\/v2\/posts"}],"about":[{"href":"https:\/\/cvnoticias.com\/nuevapagina\/index.php\/wp-json\/wp\/v2\/types\/post"}],"author":[{"embeddable":true,"href":"https:\/\/cvnoticias.com\/nuevapagina\/index.php\/wp-json\/wp\/v2\/users\/2"}],"replies":[{"embeddable":true,"href":"https:\/\/cvnoticias.com\/nuevapagina\/index.php\/wp-json\/wp\/v2\/comments?post=4253"}],"version-history":[{"count":1,"href":"https:\/\/cvnoticias.com\/nuevapagina\/index.php\/wp-json\/wp\/v2\/posts\/4253\/revisions"}],"predecessor-version":[{"id":4255,"href":"https:\/\/cvnoticias.com\/nuevapagina\/index.php\/wp-json\/wp\/v2\/posts\/4253\/revisions\/4255"}],"wp:featuredmedia":[{"embeddable":true,"href":"https:\/\/cvnoticias.com\/nuevapagina\/index.php\/wp-json\/wp\/v2\/media\/4254"}],"wp:attachment":[{"href":"https:\/\/cvnoticias.com\/nuevapagina\/index.php\/wp-json\/wp\/v2\/media?parent=4253"}],"wp:term":[{"taxonomy":"category","embeddable":true,"href":"https:\/\/cvnoticias.com\/nuevapagina\/index.php\/wp-json\/wp\/v2\/categories?post=4253"},{"taxonomy":"post_tag","embeddable":true,"href":"https:\/\/cvnoticias.com\/nuevapagina\/index.php\/wp-json\/wp\/v2\/tags?post=4253"}],"curies":[{"name":"wp","href":"https:\/\/api.w.org\/{rel}","templated":true}]}}