{"id":4245,"date":"2025-12-06T21:06:37","date_gmt":"2025-12-06T21:06:37","guid":{"rendered":"https:\/\/cvnoticias.com\/nuevapagina\/?p=4245"},"modified":"2025-12-06T21:06:38","modified_gmt":"2025-12-06T21:06:38","slug":"fortalece-xoxocotlan-abasto-de-agua-e-infraestructura-social","status":"publish","type":"post","link":"https:\/\/cvnoticias.com\/nuevapagina\/index.php\/2025\/12\/06\/fortalece-xoxocotlan-abasto-de-agua-e-infraestructura-social\/","title":{"rendered":"Fortalece Xoxocotl\u00e1n abasto de agua e infraestructura social"},"content":{"rendered":"\n<p><\/p>\n\n\n\n<p>Santa Cruz Xoxocotl\u00e1n, Oax., 5 de dic.\u2013 Con el compromiso de atender servicios esenciales para las familias xoxe\u00f1as, la presidenta municipal Nancy Ben\u00edtez Z\u00e1rate contin\u00faa el arranque de obras de infraestructura b\u00e1sica en nueve colonias de la demarcaci\u00f3n, acciones que en su conjunto beneficiar\u00e1n a m\u00e1s de 900 habitantes.<\/p>\n\n\n\n<p>Un punto fundamental para el bienestar de la ciudadan\u00eda es el abasto de agua potable. En este sentido, la edil arranc\u00f3 en la colonia Los Nogales los trabajos de mantenimiento del pozo noria, mientras que en la colonia Rufino Tamayo se dio arranque a los trabajos del pozo profundo de agua entubada.<\/p>\n\n\n\n<p>Las obras de pavimentaci\u00f3n tambi\u00e9n avanzan en distintos puntos del municipio. En S\u00edmbolos Patrios se inici\u00f3 el adoquinado de una vialidad principal, y en las colonias Agust\u00edn Melgar y Guelaguetza comenzaron los trabajos con concreto hidr\u00e1ulico.<\/p>\n\n\n\n<p>En materia de saneamiento, se arranc\u00f3 la rehabilitaci\u00f3n del drenaje sanitario en Lomas de Buenos Aires y en el barrio La Ermita, atendiendo afectaciones que impactaban la salud y movilidad de la poblaci\u00f3n. De manera complementaria, en la colonia 2 de Febrero inici\u00f3 la ampliaci\u00f3n del servicio de drenaje, dando respuesta a una demanda constante de los habitantes.<\/p>\n\n\n\n<p>Al concluir la jornada, la presidenta Nancy Ben\u00edtez, acompa\u00f1ada de integrantes del Cabildo y habitantes de las colonias, destac\u00f3 que todas estas obras nacen de las solicitudes directas de la ciudadan\u00eda.<\/p>\n\n\n\n<p>\u201cEstamos atendiendo necesidades reales. Cada colonia tiene sus propias urgencias y nuestro compromiso es dar soluciones que mejoren la vida diaria de las familias\u201d, se\u00f1al\u00f3.<\/p>\n","protected":false},"excerpt":{"rendered":"<p>Santa Cruz Xoxocotl\u00e1n, Oax., 5 de dic.\u2013 Con el compromiso de atender servicios esenciales para&#8230;<\/p>\n","protected":false},"author":2,"featured_media":4230,"comment_status":"open","ping_status":"closed","sticky":false,"template":"","format":"standard","meta":{"footnotes":""},"categories":[3],"tags":[],"class_list":["post-4245","post","type-post","status-publish","format-standard","has-post-thumbnail","hentry","category-comunicadosdeprensa"],"yoast_head":"<!-- This site is optimized with the Yoast SEO plugin v27.5 - https:\/\/yoast.com\/product\/yoast-seo-wordpress\/ -->\n<title>Fortalece Xoxocotl\u00e1n abasto de agua e infraestructura social - CV Noticias<\/title>\n<meta name=\"robots\" content=\"index, follow, max-snippet:-1, max-image-preview:large, max-video-preview:-1\" \/>\n<link rel=\"canonical\" href=\"https:\/\/cvnoticias.com\/nuevapagina\/index.php\/2025\/12\/06\/fortalece-xoxocotlan-abasto-de-agua-e-infraestructura-social\/\" \/>\n<meta property=\"og:locale\" content=\"es_ES\" \/>\n<meta property=\"og:type\" content=\"article\" \/>\n<meta property=\"og:title\" content=\"Fortalece Xoxocotl\u00e1n abasto de agua e infraestructura social - CV Noticias\" \/>\n<meta property=\"og:description\" content=\"Santa Cruz Xoxocotl\u00e1n, Oax., 5 de dic.\u2013 Con el compromiso de atender servicios esenciales para...\" \/>\n<meta property=\"og:url\" content=\"https:\/\/cvnoticias.com\/nuevapagina\/index.php\/2025\/12\/06\/fortalece-xoxocotlan-abasto-de-agua-e-infraestructura-social\/\" \/>\n<meta property=\"og:site_name\" content=\"CV Noticias\" \/>\n<meta property=\"article:published_time\" content=\"2025-12-06T21:06:37+00:00\" \/>\n<meta property=\"article:modified_time\" content=\"2025-12-06T21:06:38+00:00\" \/>\n<meta property=\"og:image\" content=\"https:\/\/cvnoticias.com\/nuevapagina\/wp-content\/uploads\/2025\/12\/WhatsApp-Image-2025-12-06-at-12.57.14-PM.jpeg\" \/>\n\t<meta property=\"og:image:width\" content=\"1280\" \/>\n\t<meta property=\"og:image:height\" content=\"854\" \/>\n\t<meta property=\"og:image:type\" content=\"image\/jpeg\" \/>\n<meta name=\"author\" content=\"CvNoticias\" \/>\n<meta name=\"twitter:card\" content=\"summary_large_image\" \/>\n<meta name=\"twitter:label1\" content=\"Escrito por\" \/>\n\t<meta name=\"twitter:data1\" content=\"CvNoticias\" \/>\n\t<meta name=\"twitter:label2\" content=\"Tiempo de lectura\" \/>\n\t<meta name=\"twitter:data2\" content=\"2 minutos\" \/>\n<script type=\"application\/ld+json\" class=\"yoast-schema-graph\">{\"@context\":\"https:\\\/\\\/schema.org\",\"@graph\":[{\"@type\":\"Article\",\"@id\":\"https:\\\/\\\/cvnoticias.com\\\/nuevapagina\\\/index.php\\\/2025\\\/12\\\/06\\\/fortalece-xoxocotlan-abasto-de-agua-e-infraestructura-social\\\/#article\",\"isPartOf\":{\"@id\":\"https:\\\/\\\/cvnoticias.com\\\/nuevapagina\\\/index.php\\\/2025\\\/12\\\/06\\\/fortalece-xoxocotlan-abasto-de-agua-e-infraestructura-social\\\/\"},\"author\":{\"name\":\"CvNoticias\",\"@id\":\"https:\\\/\\\/cvnoticias.com\\\/nuevapagina\\\/#\\\/schema\\\/person\\\/19e35f246421a31486be7321065f7463\"},\"headline\":\"Fortalece Xoxocotl\u00e1n abasto de agua e infraestructura social\",\"datePublished\":\"2025-12-06T21:06:37+00:00\",\"dateModified\":\"2025-12-06T21:06:38+00:00\",\"mainEntityOfPage\":{\"@id\":\"https:\\\/\\\/cvnoticias.com\\\/nuevapagina\\\/index.php\\\/2025\\\/12\\\/06\\\/fortalece-xoxocotlan-abasto-de-agua-e-infraestructura-social\\\/\"},\"wordCount\":279,\"commentCount\":0,\"publisher\":{\"@id\":\"https:\\\/\\\/cvnoticias.com\\\/nuevapagina\\\/#organization\"},\"image\":{\"@id\":\"https:\\\/\\\/cvnoticias.com\\\/nuevapagina\\\/index.php\\\/2025\\\/12\\\/06\\\/fortalece-xoxocotlan-abasto-de-agua-e-infraestructura-social\\\/#primaryimage\"},\"thumbnailUrl\":\"https:\\\/\\\/cvnoticias.com\\\/nuevapagina\\\/wp-content\\\/uploads\\\/2025\\\/12\\\/WhatsApp-Image-2025-12-06-at-12.57.14-PM.jpeg\",\"articleSection\":[\"Comunicados\"],\"inLanguage\":\"es\",\"potentialAction\":[{\"@type\":\"CommentAction\",\"name\":\"Comment\",\"target\":[\"https:\\\/\\\/cvnoticias.com\\\/nuevapagina\\\/index.php\\\/2025\\\/12\\\/06\\\/fortalece-xoxocotlan-abasto-de-agua-e-infraestructura-social\\\/#respond\"]}]},{\"@type\":\"WebPage\",\"@id\":\"https:\\\/\\\/cvnoticias.com\\\/nuevapagina\\\/index.php\\\/2025\\\/12\\\/06\\\/fortalece-xoxocotlan-abasto-de-agua-e-infraestructura-social\\\/\",\"url\":\"https:\\\/\\\/cvnoticias.com\\\/nuevapagina\\\/index.php\\\/2025\\\/12\\\/06\\\/fortalece-xoxocotlan-abasto-de-agua-e-infraestructura-social\\\/\",\"name\":\"Fortalece Xoxocotl\u00e1n abasto de agua e infraestructura social - CV Noticias\",\"isPartOf\":{\"@id\":\"https:\\\/\\\/cvnoticias.com\\\/nuevapagina\\\/#website\"},\"primaryImageOfPage\":{\"@id\":\"https:\\\/\\\/cvnoticias.com\\\/nuevapagina\\\/index.php\\\/2025\\\/12\\\/06\\\/fortalece-xoxocotlan-abasto-de-agua-e-infraestructura-social\\\/#primaryimage\"},\"image\":{\"@id\":\"https:\\\/\\\/cvnoticias.com\\\/nuevapagina\\\/index.php\\\/2025\\\/12\\\/06\\\/fortalece-xoxocotlan-abasto-de-agua-e-infraestructura-social\\\/#primaryimage\"},\"thumbnailUrl\":\"https:\\\/\\\/cvnoticias.com\\\/nuevapagina\\\/wp-content\\\/uploads\\\/2025\\\/12\\\/WhatsApp-Image-2025-12-06-at-12.57.14-PM.jpeg\",\"datePublished\":\"2025-12-06T21:06:37+00:00\",\"dateModified\":\"2025-12-06T21:06:38+00:00\",\"breadcrumb\":{\"@id\":\"https:\\\/\\\/cvnoticias.com\\\/nuevapagina\\\/index.php\\\/2025\\\/12\\\/06\\\/fortalece-xoxocotlan-abasto-de-agua-e-infraestructura-social\\\/#breadcrumb\"},\"inLanguage\":\"es\",\"potentialAction\":[{\"@type\":\"ReadAction\",\"target\":[\"https:\\\/\\\/cvnoticias.com\\\/nuevapagina\\\/index.php\\\/2025\\\/12\\\/06\\\/fortalece-xoxocotlan-abasto-de-agua-e-infraestructura-social\\\/\"]}]},{\"@type\":\"ImageObject\",\"inLanguage\":\"es\",\"@id\":\"https:\\\/\\\/cvnoticias.com\\\/nuevapagina\\\/index.php\\\/2025\\\/12\\\/06\\\/fortalece-xoxocotlan-abasto-de-agua-e-infraestructura-social\\\/#primaryimage\",\"url\":\"https:\\\/\\\/cvnoticias.com\\\/nuevapagina\\\/wp-content\\\/uploads\\\/2025\\\/12\\\/WhatsApp-Image-2025-12-06-at-12.57.14-PM.jpeg\",\"contentUrl\":\"https:\\\/\\\/cvnoticias.com\\\/nuevapagina\\\/wp-content\\\/uploads\\\/2025\\\/12\\\/WhatsApp-Image-2025-12-06-at-12.57.14-PM.jpeg\",\"width\":1280,\"height\":854},{\"@type\":\"BreadcrumbList\",\"@id\":\"https:\\\/\\\/cvnoticias.com\\\/nuevapagina\\\/index.php\\\/2025\\\/12\\\/06\\\/fortalece-xoxocotlan-abasto-de-agua-e-infraestructura-social\\\/#breadcrumb\",\"itemListElement\":[{\"@type\":\"ListItem\",\"position\":1,\"name\":\"Portada\",\"item\":\"https:\\\/\\\/cvnoticias.com\\\/nuevapagina\\\/\"},{\"@type\":\"ListItem\",\"position\":2,\"name\":\"Fortalece Xoxocotl\u00e1n abasto de agua e infraestructura social\"}]},{\"@type\":\"WebSite\",\"@id\":\"https:\\\/\\\/cvnoticias.com\\\/nuevapagina\\\/#website\",\"url\":\"https:\\\/\\\/cvnoticias.com\\\/nuevapagina\\\/\",\"name\":\"CV Noticias\",\"description\":\"Noticias de Oaxaca\",\"publisher\":{\"@id\":\"https:\\\/\\\/cvnoticias.com\\\/nuevapagina\\\/#organization\"},\"potentialAction\":[{\"@type\":\"SearchAction\",\"target\":{\"@type\":\"EntryPoint\",\"urlTemplate\":\"https:\\\/\\\/cvnoticias.com\\\/nuevapagina\\\/?s={search_term_string}\"},\"query-input\":{\"@type\":\"PropertyValueSpecification\",\"valueRequired\":true,\"valueName\":\"search_term_string\"}}],\"inLanguage\":\"es\"},{\"@type\":\"Organization\",\"@id\":\"https:\\\/\\\/cvnoticias.com\\\/nuevapagina\\\/#organization\",\"name\":\"CV Noticias\",\"url\":\"https:\\\/\\\/cvnoticias.com\\\/nuevapagina\\\/\",\"logo\":{\"@type\":\"ImageObject\",\"inLanguage\":\"es\",\"@id\":\"https:\\\/\\\/cvnoticias.com\\\/nuevapagina\\\/#\\\/schema\\\/logo\\\/image\\\/\",\"url\":\"https:\\\/\\\/cvnoticias.com\\\/nuevapagina\\\/wp-content\\\/uploads\\\/2025\\\/05\\\/cropped-logo-1.png\",\"contentUrl\":\"https:\\\/\\\/cvnoticias.com\\\/nuevapagina\\\/wp-content\\\/uploads\\\/2025\\\/05\\\/cropped-logo-1.png\",\"width\":320,\"height\":118,\"caption\":\"CV Noticias\"},\"image\":{\"@id\":\"https:\\\/\\\/cvnoticias.com\\\/nuevapagina\\\/#\\\/schema\\\/logo\\\/image\\\/\"}},{\"@type\":\"Person\",\"@id\":\"https:\\\/\\\/cvnoticias.com\\\/nuevapagina\\\/#\\\/schema\\\/person\\\/19e35f246421a31486be7321065f7463\",\"name\":\"CvNoticias\",\"image\":{\"@type\":\"ImageObject\",\"inLanguage\":\"es\",\"@id\":\"https:\\\/\\\/secure.gravatar.com\\\/avatar\\\/c3a4375d38fd8f9b34ac9e853cb706a079817c78f9a39e33b16a2b2b2e51688a?s=96&d=mm&r=g\",\"url\":\"https:\\\/\\\/secure.gravatar.com\\\/avatar\\\/c3a4375d38fd8f9b34ac9e853cb706a079817c78f9a39e33b16a2b2b2e51688a?s=96&d=mm&r=g\",\"contentUrl\":\"https:\\\/\\\/secure.gravatar.com\\\/avatar\\\/c3a4375d38fd8f9b34ac9e853cb706a079817c78f9a39e33b16a2b2b2e51688a?s=96&d=mm&r=g\",\"caption\":\"CvNoticias\"},\"url\":\"https:\\\/\\\/cvnoticias.com\\\/nuevapagina\\\/index.php\\\/author\\\/gesner\\\/\"}]}<\/script>\n<!-- \/ Yoast SEO plugin. -->","yoast_head_json":{"title":"Fortalece Xoxocotl\u00e1n abasto de agua e infraestructura social - CV Noticias","robots":{"index":"index","follow":"follow","max-snippet":"max-snippet:-1","max-image-preview":"max-image-preview:large","max-video-preview":"max-video-preview:-1"},"canonical":"https:\/\/cvnoticias.com\/nuevapagina\/index.php\/2025\/12\/06\/fortalece-xoxocotlan-abasto-de-agua-e-infraestructura-social\/","og_locale":"es_ES","og_type":"article","og_title":"Fortalece Xoxocotl\u00e1n abasto de agua e infraestructura social - CV Noticias","og_description":"Santa Cruz Xoxocotl\u00e1n, Oax., 5 de dic.\u2013 Con el compromiso de atender servicios esenciales para...","og_url":"https:\/\/cvnoticias.com\/nuevapagina\/index.php\/2025\/12\/06\/fortalece-xoxocotlan-abasto-de-agua-e-infraestructura-social\/","og_site_name":"CV Noticias","article_published_time":"2025-12-06T21:06:37+00:00","article_modified_time":"2025-12-06T21:06:38+00:00","og_image":[{"width":1280,"height":854,"url":"https:\/\/cvnoticias.com\/nuevapagina\/wp-content\/uploads\/2025\/12\/WhatsApp-Image-2025-12-06-at-12.57.14-PM.jpeg","type":"image\/jpeg"}],"author":"CvNoticias","twitter_card":"summary_large_image","twitter_misc":{"Escrito por":"CvNoticias","Tiempo de lectura":"2 minutos"},"schema":{"@context":"https:\/\/schema.org","@graph":[{"@type":"Article","@id":"https:\/\/cvnoticias.com\/nuevapagina\/index.php\/2025\/12\/06\/fortalece-xoxocotlan-abasto-de-agua-e-infraestructura-social\/#article","isPartOf":{"@id":"https:\/\/cvnoticias.com\/nuevapagina\/index.php\/2025\/12\/06\/fortalece-xoxocotlan-abasto-de-agua-e-infraestructura-social\/"},"author":{"name":"CvNoticias","@id":"https:\/\/cvnoticias.com\/nuevapagina\/#\/schema\/person\/19e35f246421a31486be7321065f7463"},"headline":"Fortalece Xoxocotl\u00e1n abasto de agua e infraestructura social","datePublished":"2025-12-06T21:06:37+00:00","dateModified":"2025-12-06T21:06:38+00:00","mainEntityOfPage":{"@id":"https:\/\/cvnoticias.com\/nuevapagina\/index.php\/2025\/12\/06\/fortalece-xoxocotlan-abasto-de-agua-e-infraestructura-social\/"},"wordCount":279,"commentCount":0,"publisher":{"@id":"https:\/\/cvnoticias.com\/nuevapagina\/#organization"},"image":{"@id":"https:\/\/cvnoticias.com\/nuevapagina\/index.php\/2025\/12\/06\/fortalece-xoxocotlan-abasto-de-agua-e-infraestructura-social\/#primaryimage"},"thumbnailUrl":"https:\/\/cvnoticias.com\/nuevapagina\/wp-content\/uploads\/2025\/12\/WhatsApp-Image-2025-12-06-at-12.57.14-PM.jpeg","articleSection":["Comunicados"],"inLanguage":"es","potentialAction":[{"@type":"CommentAction","name":"Comment","target":["https:\/\/cvnoticias.com\/nuevapagina\/index.php\/2025\/12\/06\/fortalece-xoxocotlan-abasto-de-agua-e-infraestructura-social\/#respond"]}]},{"@type":"WebPage","@id":"https:\/\/cvnoticias.com\/nuevapagina\/index.php\/2025\/12\/06\/fortalece-xoxocotlan-abasto-de-agua-e-infraestructura-social\/","url":"https:\/\/cvnoticias.com\/nuevapagina\/index.php\/2025\/12\/06\/fortalece-xoxocotlan-abasto-de-agua-e-infraestructura-social\/","name":"Fortalece Xoxocotl\u00e1n abasto de agua e infraestructura social - CV Noticias","isPartOf":{"@id":"https:\/\/cvnoticias.com\/nuevapagina\/#website"},"primaryImageOfPage":{"@id":"https:\/\/cvnoticias.com\/nuevapagina\/index.php\/2025\/12\/06\/fortalece-xoxocotlan-abasto-de-agua-e-infraestructura-social\/#primaryimage"},"image":{"@id":"https:\/\/cvnoticias.com\/nuevapagina\/index.php\/2025\/12\/06\/fortalece-xoxocotlan-abasto-de-agua-e-infraestructura-social\/#primaryimage"},"thumbnailUrl":"https:\/\/cvnoticias.com\/nuevapagina\/wp-content\/uploads\/2025\/12\/WhatsApp-Image-2025-12-06-at-12.57.14-PM.jpeg","datePublished":"2025-12-06T21:06:37+00:00","dateModified":"2025-12-06T21:06:38+00:00","breadcrumb":{"@id":"https:\/\/cvnoticias.com\/nuevapagina\/index.php\/2025\/12\/06\/fortalece-xoxocotlan-abasto-de-agua-e-infraestructura-social\/#breadcrumb"},"inLanguage":"es","potentialAction":[{"@type":"ReadAction","target":["https:\/\/cvnoticias.com\/nuevapagina\/index.php\/2025\/12\/06\/fortalece-xoxocotlan-abasto-de-agua-e-infraestructura-social\/"]}]},{"@type":"ImageObject","inLanguage":"es","@id":"https:\/\/cvnoticias.com\/nuevapagina\/index.php\/2025\/12\/06\/fortalece-xoxocotlan-abasto-de-agua-e-infraestructura-social\/#primaryimage","url":"https:\/\/cvnoticias.com\/nuevapagina\/wp-content\/uploads\/2025\/12\/WhatsApp-Image-2025-12-06-at-12.57.14-PM.jpeg","contentUrl":"https:\/\/cvnoticias.com\/nuevapagina\/wp-content\/uploads\/2025\/12\/WhatsApp-Image-2025-12-06-at-12.57.14-PM.jpeg","width":1280,"height":854},{"@type":"BreadcrumbList","@id":"https:\/\/cvnoticias.com\/nuevapagina\/index.php\/2025\/12\/06\/fortalece-xoxocotlan-abasto-de-agua-e-infraestructura-social\/#breadcrumb","itemListElement":[{"@type":"ListItem","position":1,"name":"Portada","item":"https:\/\/cvnoticias.com\/nuevapagina\/"},{"@type":"ListItem","position":2,"name":"Fortalece Xoxocotl\u00e1n abasto de agua e infraestructura social"}]},{"@type":"WebSite","@id":"https:\/\/cvnoticias.com\/nuevapagina\/#website","url":"https:\/\/cvnoticias.com\/nuevapagina\/","name":"CV Noticias","description":"Noticias de Oaxaca","publisher":{"@id":"https:\/\/cvnoticias.com\/nuevapagina\/#organization"},"potentialAction":[{"@type":"SearchAction","target":{"@type":"EntryPoint","urlTemplate":"https:\/\/cvnoticias.com\/nuevapagina\/?s={search_term_string}"},"query-input":{"@type":"PropertyValueSpecification","valueRequired":true,"valueName":"search_term_string"}}],"inLanguage":"es"},{"@type":"Organization","@id":"https:\/\/cvnoticias.com\/nuevapagina\/#organization","name":"CV Noticias","url":"https:\/\/cvnoticias.com\/nuevapagina\/","logo":{"@type":"ImageObject","inLanguage":"es","@id":"https:\/\/cvnoticias.com\/nuevapagina\/#\/schema\/logo\/image\/","url":"https:\/\/cvnoticias.com\/nuevapagina\/wp-content\/uploads\/2025\/05\/cropped-logo-1.png","contentUrl":"https:\/\/cvnoticias.com\/nuevapagina\/wp-content\/uploads\/2025\/05\/cropped-logo-1.png","width":320,"height":118,"caption":"CV Noticias"},"image":{"@id":"https:\/\/cvnoticias.com\/nuevapagina\/#\/schema\/logo\/image\/"}},{"@type":"Person","@id":"https:\/\/cvnoticias.com\/nuevapagina\/#\/schema\/person\/19e35f246421a31486be7321065f7463","name":"CvNoticias","image":{"@type":"ImageObject","inLanguage":"es","@id":"https:\/\/secure.gravatar.com\/avatar\/c3a4375d38fd8f9b34ac9e853cb706a079817c78f9a39e33b16a2b2b2e51688a?s=96&d=mm&r=g","url":"https:\/\/secure.gravatar.com\/avatar\/c3a4375d38fd8f9b34ac9e853cb706a079817c78f9a39e33b16a2b2b2e51688a?s=96&d=mm&r=g","contentUrl":"https:\/\/secure.gravatar.com\/avatar\/c3a4375d38fd8f9b34ac9e853cb706a079817c78f9a39e33b16a2b2b2e51688a?s=96&d=mm&r=g","caption":"CvNoticias"},"url":"https:\/\/cvnoticias.com\/nuevapagina\/index.php\/author\/gesner\/"}]}},"_links":{"self":[{"href":"https:\/\/cvnoticias.com\/nuevapagina\/index.php\/wp-json\/wp\/v2\/posts\/4245","targetHints":{"allow":["GET"]}}],"collection":[{"href":"https:\/\/cvnoticias.com\/nuevapagina\/index.php\/wp-json\/wp\/v2\/posts"}],"about":[{"href":"https:\/\/cvnoticias.com\/nuevapagina\/index.php\/wp-json\/wp\/v2\/types\/post"}],"author":[{"embeddable":true,"href":"https:\/\/cvnoticias.com\/nuevapagina\/index.php\/wp-json\/wp\/v2\/users\/2"}],"replies":[{"embeddable":true,"href":"https:\/\/cvnoticias.com\/nuevapagina\/index.php\/wp-json\/wp\/v2\/comments?post=4245"}],"version-history":[{"count":1,"href":"https:\/\/cvnoticias.com\/nuevapagina\/index.php\/wp-json\/wp\/v2\/posts\/4245\/revisions"}],"predecessor-version":[{"id":4246,"href":"https:\/\/cvnoticias.com\/nuevapagina\/index.php\/wp-json\/wp\/v2\/posts\/4245\/revisions\/4246"}],"wp:featuredmedia":[{"embeddable":true,"href":"https:\/\/cvnoticias.com\/nuevapagina\/index.php\/wp-json\/wp\/v2\/media\/4230"}],"wp:attachment":[{"href":"https:\/\/cvnoticias.com\/nuevapagina\/index.php\/wp-json\/wp\/v2\/media?parent=4245"}],"wp:term":[{"taxonomy":"category","embeddable":true,"href":"https:\/\/cvnoticias.com\/nuevapagina\/index.php\/wp-json\/wp\/v2\/categories?post=4245"},{"taxonomy":"post_tag","embeddable":true,"href":"https:\/\/cvnoticias.com\/nuevapagina\/index.php\/wp-json\/wp\/v2\/tags?post=4245"}],"curies":[{"name":"wp","href":"https:\/\/api.w.org\/{rel}","templated":true}]}}