{"id":4241,"date":"2025-12-06T21:04:13","date_gmt":"2025-12-06T21:04:13","guid":{"rendered":"https:\/\/cvnoticias.com\/nuevapagina\/?p=4241"},"modified":"2025-12-06T21:04:15","modified_gmt":"2025-12-06T21:04:15","slug":"refuerzan-limpieza-en-el-centro-historico-con-intervencion-en-la-alameda-de-leon","status":"publish","type":"post","link":"https:\/\/cvnoticias.com\/nuevapagina\/index.php\/2025\/12\/06\/refuerzan-limpieza-en-el-centro-historico-con-intervencion-en-la-alameda-de-leon\/","title":{"rendered":"Refuerzan limpieza en el Centro Hist\u00f3rico con intervenci\u00f3n en la Alameda de Le\u00f3n"},"content":{"rendered":"\n<p><\/p>\n\n\n\n<ul class=\"wp-block-list\">\n<li>Cuadrillas de Centro Hist\u00f3rico y Parques y Jardines realizan lavado integral con agua tratada y retiro de estensiles<\/li>\n<\/ul>\n\n\n\n<p>Oaxaca de Ju\u00e1rez, Oax. 5 de diciembre de 2025.- Como parte de las acciones permanentes para mantener una ciudad limpia, ordenada y segura, el Municipio de Oaxaca de Ju\u00e1rez realiz\u00f3 un operativo de limpieza profunda en la Alameda de Le\u00f3n, uno de los espacios m\u00e1s emblem\u00e1ticos y concurridos del Centro Hist\u00f3rico.<\/p>\n\n\n\n<p>En esta intervenci\u00f3n participaron las cuadrillas del Centro Hist\u00f3rico y del \u00e1rea de Parques y Jardines, que de manera coordinada llevaron a cabo el lavado integral del \u00e1rea utilizando agua tratada, reafirmando el compromiso ambiental de esta administraci\u00f3n. Los trabajos incluyeron la remoci\u00f3n de suciedad, el saneamiento de pisos y el retiro de estensiles colocados de manera irregular, como se viene realizando en otros puntos del Centro Hist\u00f3rico.<\/p>\n\n\n\n<p>Estas labores forman parte del programa continuo para preservar el patrimonio hist\u00f3rico, mantener en \u00f3ptimas condiciones los espacios p\u00fablicos y garantizar \u00e1reas limpias, seguras y ordenadas para vecinas, vecinos y visitantes, en seguimiento a las instrucciones del Presidente Municipal Ray Chagoya.<\/p>\n\n\n\n<p>Con este tipo de acciones, el Gobierno Municipal contin\u00faa transformando juntos la capital, fortaleciendo el cuidado del coraz\u00f3n de Oaxaca de Ju\u00e1rez.<\/p>\n","protected":false},"excerpt":{"rendered":"<p>Oaxaca de Ju\u00e1rez, Oax. 5 de diciembre de 2025.- Como parte de las acciones permanentes&#8230;<\/p>\n","protected":false},"author":2,"featured_media":4232,"comment_status":"open","ping_status":"closed","sticky":false,"template":"","format":"standard","meta":{"footnotes":""},"categories":[3],"tags":[],"class_list":["post-4241","post","type-post","status-publish","format-standard","has-post-thumbnail","hentry","category-comunicadosdeprensa"],"yoast_head":"<!-- This site is optimized with the Yoast SEO plugin v27.5 - https:\/\/yoast.com\/product\/yoast-seo-wordpress\/ -->\n<title>Refuerzan limpieza en el Centro Hist\u00f3rico con intervenci\u00f3n en la Alameda de Le\u00f3n - CV Noticias<\/title>\n<meta name=\"robots\" content=\"index, follow, max-snippet:-1, max-image-preview:large, max-video-preview:-1\" \/>\n<link rel=\"canonical\" href=\"https:\/\/cvnoticias.com\/nuevapagina\/index.php\/2025\/12\/06\/refuerzan-limpieza-en-el-centro-historico-con-intervencion-en-la-alameda-de-leon\/\" \/>\n<meta property=\"og:locale\" content=\"es_ES\" \/>\n<meta property=\"og:type\" content=\"article\" \/>\n<meta property=\"og:title\" content=\"Refuerzan limpieza en el Centro Hist\u00f3rico con intervenci\u00f3n en la Alameda de Le\u00f3n - CV Noticias\" \/>\n<meta property=\"og:description\" content=\"Oaxaca de Ju\u00e1rez, Oax. 5 de diciembre de 2025.- Como parte de las acciones permanentes...\" \/>\n<meta property=\"og:url\" content=\"https:\/\/cvnoticias.com\/nuevapagina\/index.php\/2025\/12\/06\/refuerzan-limpieza-en-el-centro-historico-con-intervencion-en-la-alameda-de-leon\/\" \/>\n<meta property=\"og:site_name\" content=\"CV Noticias\" \/>\n<meta property=\"article:published_time\" content=\"2025-12-06T21:04:13+00:00\" \/>\n<meta property=\"article:modified_time\" content=\"2025-12-06T21:04:15+00:00\" \/>\n<meta property=\"og:image\" content=\"https:\/\/cvnoticias.com\/nuevapagina\/wp-content\/uploads\/2025\/12\/WhatsApp-Image-2025-12-06-at-12.55.19-PM.jpeg\" \/>\n\t<meta property=\"og:image:width\" content=\"1440\" \/>\n\t<meta property=\"og:image:height\" content=\"959\" \/>\n\t<meta property=\"og:image:type\" content=\"image\/jpeg\" \/>\n<meta name=\"author\" content=\"CvNoticias\" \/>\n<meta name=\"twitter:card\" content=\"summary_large_image\" \/>\n<meta name=\"twitter:label1\" content=\"Escrito por\" \/>\n\t<meta name=\"twitter:data1\" content=\"CvNoticias\" \/>\n\t<meta name=\"twitter:label2\" content=\"Tiempo de lectura\" \/>\n\t<meta name=\"twitter:data2\" content=\"2 minutos\" \/>\n<script type=\"application\/ld+json\" class=\"yoast-schema-graph\">{\"@context\":\"https:\\\/\\\/schema.org\",\"@graph\":[{\"@type\":\"Article\",\"@id\":\"https:\\\/\\\/cvnoticias.com\\\/nuevapagina\\\/index.php\\\/2025\\\/12\\\/06\\\/refuerzan-limpieza-en-el-centro-historico-con-intervencion-en-la-alameda-de-leon\\\/#article\",\"isPartOf\":{\"@id\":\"https:\\\/\\\/cvnoticias.com\\\/nuevapagina\\\/index.php\\\/2025\\\/12\\\/06\\\/refuerzan-limpieza-en-el-centro-historico-con-intervencion-en-la-alameda-de-leon\\\/\"},\"author\":{\"name\":\"CvNoticias\",\"@id\":\"https:\\\/\\\/cvnoticias.com\\\/nuevapagina\\\/#\\\/schema\\\/person\\\/19e35f246421a31486be7321065f7463\"},\"headline\":\"Refuerzan limpieza en el Centro Hist\u00f3rico con intervenci\u00f3n en la Alameda de Le\u00f3n\",\"datePublished\":\"2025-12-06T21:04:13+00:00\",\"dateModified\":\"2025-12-06T21:04:15+00:00\",\"mainEntityOfPage\":{\"@id\":\"https:\\\/\\\/cvnoticias.com\\\/nuevapagina\\\/index.php\\\/2025\\\/12\\\/06\\\/refuerzan-limpieza-en-el-centro-historico-con-intervencion-en-la-alameda-de-leon\\\/\"},\"wordCount\":232,\"commentCount\":0,\"publisher\":{\"@id\":\"https:\\\/\\\/cvnoticias.com\\\/nuevapagina\\\/#organization\"},\"image\":{\"@id\":\"https:\\\/\\\/cvnoticias.com\\\/nuevapagina\\\/index.php\\\/2025\\\/12\\\/06\\\/refuerzan-limpieza-en-el-centro-historico-con-intervencion-en-la-alameda-de-leon\\\/#primaryimage\"},\"thumbnailUrl\":\"https:\\\/\\\/cvnoticias.com\\\/nuevapagina\\\/wp-content\\\/uploads\\\/2025\\\/12\\\/WhatsApp-Image-2025-12-06-at-12.55.19-PM.jpeg\",\"articleSection\":[\"Comunicados\"],\"inLanguage\":\"es\",\"potentialAction\":[{\"@type\":\"CommentAction\",\"name\":\"Comment\",\"target\":[\"https:\\\/\\\/cvnoticias.com\\\/nuevapagina\\\/index.php\\\/2025\\\/12\\\/06\\\/refuerzan-limpieza-en-el-centro-historico-con-intervencion-en-la-alameda-de-leon\\\/#respond\"]}]},{\"@type\":\"WebPage\",\"@id\":\"https:\\\/\\\/cvnoticias.com\\\/nuevapagina\\\/index.php\\\/2025\\\/12\\\/06\\\/refuerzan-limpieza-en-el-centro-historico-con-intervencion-en-la-alameda-de-leon\\\/\",\"url\":\"https:\\\/\\\/cvnoticias.com\\\/nuevapagina\\\/index.php\\\/2025\\\/12\\\/06\\\/refuerzan-limpieza-en-el-centro-historico-con-intervencion-en-la-alameda-de-leon\\\/\",\"name\":\"Refuerzan limpieza en el Centro Hist\u00f3rico con intervenci\u00f3n en la Alameda de Le\u00f3n - CV Noticias\",\"isPartOf\":{\"@id\":\"https:\\\/\\\/cvnoticias.com\\\/nuevapagina\\\/#website\"},\"primaryImageOfPage\":{\"@id\":\"https:\\\/\\\/cvnoticias.com\\\/nuevapagina\\\/index.php\\\/2025\\\/12\\\/06\\\/refuerzan-limpieza-en-el-centro-historico-con-intervencion-en-la-alameda-de-leon\\\/#primaryimage\"},\"image\":{\"@id\":\"https:\\\/\\\/cvnoticias.com\\\/nuevapagina\\\/index.php\\\/2025\\\/12\\\/06\\\/refuerzan-limpieza-en-el-centro-historico-con-intervencion-en-la-alameda-de-leon\\\/#primaryimage\"},\"thumbnailUrl\":\"https:\\\/\\\/cvnoticias.com\\\/nuevapagina\\\/wp-content\\\/uploads\\\/2025\\\/12\\\/WhatsApp-Image-2025-12-06-at-12.55.19-PM.jpeg\",\"datePublished\":\"2025-12-06T21:04:13+00:00\",\"dateModified\":\"2025-12-06T21:04:15+00:00\",\"breadcrumb\":{\"@id\":\"https:\\\/\\\/cvnoticias.com\\\/nuevapagina\\\/index.php\\\/2025\\\/12\\\/06\\\/refuerzan-limpieza-en-el-centro-historico-con-intervencion-en-la-alameda-de-leon\\\/#breadcrumb\"},\"inLanguage\":\"es\",\"potentialAction\":[{\"@type\":\"ReadAction\",\"target\":[\"https:\\\/\\\/cvnoticias.com\\\/nuevapagina\\\/index.php\\\/2025\\\/12\\\/06\\\/refuerzan-limpieza-en-el-centro-historico-con-intervencion-en-la-alameda-de-leon\\\/\"]}]},{\"@type\":\"ImageObject\",\"inLanguage\":\"es\",\"@id\":\"https:\\\/\\\/cvnoticias.com\\\/nuevapagina\\\/index.php\\\/2025\\\/12\\\/06\\\/refuerzan-limpieza-en-el-centro-historico-con-intervencion-en-la-alameda-de-leon\\\/#primaryimage\",\"url\":\"https:\\\/\\\/cvnoticias.com\\\/nuevapagina\\\/wp-content\\\/uploads\\\/2025\\\/12\\\/WhatsApp-Image-2025-12-06-at-12.55.19-PM.jpeg\",\"contentUrl\":\"https:\\\/\\\/cvnoticias.com\\\/nuevapagina\\\/wp-content\\\/uploads\\\/2025\\\/12\\\/WhatsApp-Image-2025-12-06-at-12.55.19-PM.jpeg\",\"width\":1440,\"height\":959},{\"@type\":\"BreadcrumbList\",\"@id\":\"https:\\\/\\\/cvnoticias.com\\\/nuevapagina\\\/index.php\\\/2025\\\/12\\\/06\\\/refuerzan-limpieza-en-el-centro-historico-con-intervencion-en-la-alameda-de-leon\\\/#breadcrumb\",\"itemListElement\":[{\"@type\":\"ListItem\",\"position\":1,\"name\":\"Portada\",\"item\":\"https:\\\/\\\/cvnoticias.com\\\/nuevapagina\\\/\"},{\"@type\":\"ListItem\",\"position\":2,\"name\":\"Refuerzan limpieza en el Centro Hist\u00f3rico con intervenci\u00f3n en la Alameda de Le\u00f3n\"}]},{\"@type\":\"WebSite\",\"@id\":\"https:\\\/\\\/cvnoticias.com\\\/nuevapagina\\\/#website\",\"url\":\"https:\\\/\\\/cvnoticias.com\\\/nuevapagina\\\/\",\"name\":\"CV Noticias\",\"description\":\"Noticias de Oaxaca\",\"publisher\":{\"@id\":\"https:\\\/\\\/cvnoticias.com\\\/nuevapagina\\\/#organization\"},\"potentialAction\":[{\"@type\":\"SearchAction\",\"target\":{\"@type\":\"EntryPoint\",\"urlTemplate\":\"https:\\\/\\\/cvnoticias.com\\\/nuevapagina\\\/?s={search_term_string}\"},\"query-input\":{\"@type\":\"PropertyValueSpecification\",\"valueRequired\":true,\"valueName\":\"search_term_string\"}}],\"inLanguage\":\"es\"},{\"@type\":\"Organization\",\"@id\":\"https:\\\/\\\/cvnoticias.com\\\/nuevapagina\\\/#organization\",\"name\":\"CV Noticias\",\"url\":\"https:\\\/\\\/cvnoticias.com\\\/nuevapagina\\\/\",\"logo\":{\"@type\":\"ImageObject\",\"inLanguage\":\"es\",\"@id\":\"https:\\\/\\\/cvnoticias.com\\\/nuevapagina\\\/#\\\/schema\\\/logo\\\/image\\\/\",\"url\":\"https:\\\/\\\/cvnoticias.com\\\/nuevapagina\\\/wp-content\\\/uploads\\\/2025\\\/05\\\/cropped-logo-1.png\",\"contentUrl\":\"https:\\\/\\\/cvnoticias.com\\\/nuevapagina\\\/wp-content\\\/uploads\\\/2025\\\/05\\\/cropped-logo-1.png\",\"width\":320,\"height\":118,\"caption\":\"CV Noticias\"},\"image\":{\"@id\":\"https:\\\/\\\/cvnoticias.com\\\/nuevapagina\\\/#\\\/schema\\\/logo\\\/image\\\/\"}},{\"@type\":\"Person\",\"@id\":\"https:\\\/\\\/cvnoticias.com\\\/nuevapagina\\\/#\\\/schema\\\/person\\\/19e35f246421a31486be7321065f7463\",\"name\":\"CvNoticias\",\"image\":{\"@type\":\"ImageObject\",\"inLanguage\":\"es\",\"@id\":\"https:\\\/\\\/secure.gravatar.com\\\/avatar\\\/c3a4375d38fd8f9b34ac9e853cb706a079817c78f9a39e33b16a2b2b2e51688a?s=96&d=mm&r=g\",\"url\":\"https:\\\/\\\/secure.gravatar.com\\\/avatar\\\/c3a4375d38fd8f9b34ac9e853cb706a079817c78f9a39e33b16a2b2b2e51688a?s=96&d=mm&r=g\",\"contentUrl\":\"https:\\\/\\\/secure.gravatar.com\\\/avatar\\\/c3a4375d38fd8f9b34ac9e853cb706a079817c78f9a39e33b16a2b2b2e51688a?s=96&d=mm&r=g\",\"caption\":\"CvNoticias\"},\"url\":\"https:\\\/\\\/cvnoticias.com\\\/nuevapagina\\\/index.php\\\/author\\\/gesner\\\/\"}]}<\/script>\n<!-- \/ Yoast SEO plugin. -->","yoast_head_json":{"title":"Refuerzan limpieza en el Centro Hist\u00f3rico con intervenci\u00f3n en la Alameda de Le\u00f3n - CV Noticias","robots":{"index":"index","follow":"follow","max-snippet":"max-snippet:-1","max-image-preview":"max-image-preview:large","max-video-preview":"max-video-preview:-1"},"canonical":"https:\/\/cvnoticias.com\/nuevapagina\/index.php\/2025\/12\/06\/refuerzan-limpieza-en-el-centro-historico-con-intervencion-en-la-alameda-de-leon\/","og_locale":"es_ES","og_type":"article","og_title":"Refuerzan limpieza en el Centro Hist\u00f3rico con intervenci\u00f3n en la Alameda de Le\u00f3n - CV Noticias","og_description":"Oaxaca de Ju\u00e1rez, Oax. 5 de diciembre de 2025.- Como parte de las acciones permanentes...","og_url":"https:\/\/cvnoticias.com\/nuevapagina\/index.php\/2025\/12\/06\/refuerzan-limpieza-en-el-centro-historico-con-intervencion-en-la-alameda-de-leon\/","og_site_name":"CV Noticias","article_published_time":"2025-12-06T21:04:13+00:00","article_modified_time":"2025-12-06T21:04:15+00:00","og_image":[{"width":1440,"height":959,"url":"https:\/\/cvnoticias.com\/nuevapagina\/wp-content\/uploads\/2025\/12\/WhatsApp-Image-2025-12-06-at-12.55.19-PM.jpeg","type":"image\/jpeg"}],"author":"CvNoticias","twitter_card":"summary_large_image","twitter_misc":{"Escrito por":"CvNoticias","Tiempo de lectura":"2 minutos"},"schema":{"@context":"https:\/\/schema.org","@graph":[{"@type":"Article","@id":"https:\/\/cvnoticias.com\/nuevapagina\/index.php\/2025\/12\/06\/refuerzan-limpieza-en-el-centro-historico-con-intervencion-en-la-alameda-de-leon\/#article","isPartOf":{"@id":"https:\/\/cvnoticias.com\/nuevapagina\/index.php\/2025\/12\/06\/refuerzan-limpieza-en-el-centro-historico-con-intervencion-en-la-alameda-de-leon\/"},"author":{"name":"CvNoticias","@id":"https:\/\/cvnoticias.com\/nuevapagina\/#\/schema\/person\/19e35f246421a31486be7321065f7463"},"headline":"Refuerzan limpieza en el Centro Hist\u00f3rico con intervenci\u00f3n en la Alameda de Le\u00f3n","datePublished":"2025-12-06T21:04:13+00:00","dateModified":"2025-12-06T21:04:15+00:00","mainEntityOfPage":{"@id":"https:\/\/cvnoticias.com\/nuevapagina\/index.php\/2025\/12\/06\/refuerzan-limpieza-en-el-centro-historico-con-intervencion-en-la-alameda-de-leon\/"},"wordCount":232,"commentCount":0,"publisher":{"@id":"https:\/\/cvnoticias.com\/nuevapagina\/#organization"},"image":{"@id":"https:\/\/cvnoticias.com\/nuevapagina\/index.php\/2025\/12\/06\/refuerzan-limpieza-en-el-centro-historico-con-intervencion-en-la-alameda-de-leon\/#primaryimage"},"thumbnailUrl":"https:\/\/cvnoticias.com\/nuevapagina\/wp-content\/uploads\/2025\/12\/WhatsApp-Image-2025-12-06-at-12.55.19-PM.jpeg","articleSection":["Comunicados"],"inLanguage":"es","potentialAction":[{"@type":"CommentAction","name":"Comment","target":["https:\/\/cvnoticias.com\/nuevapagina\/index.php\/2025\/12\/06\/refuerzan-limpieza-en-el-centro-historico-con-intervencion-en-la-alameda-de-leon\/#respond"]}]},{"@type":"WebPage","@id":"https:\/\/cvnoticias.com\/nuevapagina\/index.php\/2025\/12\/06\/refuerzan-limpieza-en-el-centro-historico-con-intervencion-en-la-alameda-de-leon\/","url":"https:\/\/cvnoticias.com\/nuevapagina\/index.php\/2025\/12\/06\/refuerzan-limpieza-en-el-centro-historico-con-intervencion-en-la-alameda-de-leon\/","name":"Refuerzan limpieza en el Centro Hist\u00f3rico con intervenci\u00f3n en la Alameda de Le\u00f3n - CV Noticias","isPartOf":{"@id":"https:\/\/cvnoticias.com\/nuevapagina\/#website"},"primaryImageOfPage":{"@id":"https:\/\/cvnoticias.com\/nuevapagina\/index.php\/2025\/12\/06\/refuerzan-limpieza-en-el-centro-historico-con-intervencion-en-la-alameda-de-leon\/#primaryimage"},"image":{"@id":"https:\/\/cvnoticias.com\/nuevapagina\/index.php\/2025\/12\/06\/refuerzan-limpieza-en-el-centro-historico-con-intervencion-en-la-alameda-de-leon\/#primaryimage"},"thumbnailUrl":"https:\/\/cvnoticias.com\/nuevapagina\/wp-content\/uploads\/2025\/12\/WhatsApp-Image-2025-12-06-at-12.55.19-PM.jpeg","datePublished":"2025-12-06T21:04:13+00:00","dateModified":"2025-12-06T21:04:15+00:00","breadcrumb":{"@id":"https:\/\/cvnoticias.com\/nuevapagina\/index.php\/2025\/12\/06\/refuerzan-limpieza-en-el-centro-historico-con-intervencion-en-la-alameda-de-leon\/#breadcrumb"},"inLanguage":"es","potentialAction":[{"@type":"ReadAction","target":["https:\/\/cvnoticias.com\/nuevapagina\/index.php\/2025\/12\/06\/refuerzan-limpieza-en-el-centro-historico-con-intervencion-en-la-alameda-de-leon\/"]}]},{"@type":"ImageObject","inLanguage":"es","@id":"https:\/\/cvnoticias.com\/nuevapagina\/index.php\/2025\/12\/06\/refuerzan-limpieza-en-el-centro-historico-con-intervencion-en-la-alameda-de-leon\/#primaryimage","url":"https:\/\/cvnoticias.com\/nuevapagina\/wp-content\/uploads\/2025\/12\/WhatsApp-Image-2025-12-06-at-12.55.19-PM.jpeg","contentUrl":"https:\/\/cvnoticias.com\/nuevapagina\/wp-content\/uploads\/2025\/12\/WhatsApp-Image-2025-12-06-at-12.55.19-PM.jpeg","width":1440,"height":959},{"@type":"BreadcrumbList","@id":"https:\/\/cvnoticias.com\/nuevapagina\/index.php\/2025\/12\/06\/refuerzan-limpieza-en-el-centro-historico-con-intervencion-en-la-alameda-de-leon\/#breadcrumb","itemListElement":[{"@type":"ListItem","position":1,"name":"Portada","item":"https:\/\/cvnoticias.com\/nuevapagina\/"},{"@type":"ListItem","position":2,"name":"Refuerzan limpieza en el Centro Hist\u00f3rico con intervenci\u00f3n en la Alameda de Le\u00f3n"}]},{"@type":"WebSite","@id":"https:\/\/cvnoticias.com\/nuevapagina\/#website","url":"https:\/\/cvnoticias.com\/nuevapagina\/","name":"CV Noticias","description":"Noticias de Oaxaca","publisher":{"@id":"https:\/\/cvnoticias.com\/nuevapagina\/#organization"},"potentialAction":[{"@type":"SearchAction","target":{"@type":"EntryPoint","urlTemplate":"https:\/\/cvnoticias.com\/nuevapagina\/?s={search_term_string}"},"query-input":{"@type":"PropertyValueSpecification","valueRequired":true,"valueName":"search_term_string"}}],"inLanguage":"es"},{"@type":"Organization","@id":"https:\/\/cvnoticias.com\/nuevapagina\/#organization","name":"CV Noticias","url":"https:\/\/cvnoticias.com\/nuevapagina\/","logo":{"@type":"ImageObject","inLanguage":"es","@id":"https:\/\/cvnoticias.com\/nuevapagina\/#\/schema\/logo\/image\/","url":"https:\/\/cvnoticias.com\/nuevapagina\/wp-content\/uploads\/2025\/05\/cropped-logo-1.png","contentUrl":"https:\/\/cvnoticias.com\/nuevapagina\/wp-content\/uploads\/2025\/05\/cropped-logo-1.png","width":320,"height":118,"caption":"CV Noticias"},"image":{"@id":"https:\/\/cvnoticias.com\/nuevapagina\/#\/schema\/logo\/image\/"}},{"@type":"Person","@id":"https:\/\/cvnoticias.com\/nuevapagina\/#\/schema\/person\/19e35f246421a31486be7321065f7463","name":"CvNoticias","image":{"@type":"ImageObject","inLanguage":"es","@id":"https:\/\/secure.gravatar.com\/avatar\/c3a4375d38fd8f9b34ac9e853cb706a079817c78f9a39e33b16a2b2b2e51688a?s=96&d=mm&r=g","url":"https:\/\/secure.gravatar.com\/avatar\/c3a4375d38fd8f9b34ac9e853cb706a079817c78f9a39e33b16a2b2b2e51688a?s=96&d=mm&r=g","contentUrl":"https:\/\/secure.gravatar.com\/avatar\/c3a4375d38fd8f9b34ac9e853cb706a079817c78f9a39e33b16a2b2b2e51688a?s=96&d=mm&r=g","caption":"CvNoticias"},"url":"https:\/\/cvnoticias.com\/nuevapagina\/index.php\/author\/gesner\/"}]}},"_links":{"self":[{"href":"https:\/\/cvnoticias.com\/nuevapagina\/index.php\/wp-json\/wp\/v2\/posts\/4241","targetHints":{"allow":["GET"]}}],"collection":[{"href":"https:\/\/cvnoticias.com\/nuevapagina\/index.php\/wp-json\/wp\/v2\/posts"}],"about":[{"href":"https:\/\/cvnoticias.com\/nuevapagina\/index.php\/wp-json\/wp\/v2\/types\/post"}],"author":[{"embeddable":true,"href":"https:\/\/cvnoticias.com\/nuevapagina\/index.php\/wp-json\/wp\/v2\/users\/2"}],"replies":[{"embeddable":true,"href":"https:\/\/cvnoticias.com\/nuevapagina\/index.php\/wp-json\/wp\/v2\/comments?post=4241"}],"version-history":[{"count":1,"href":"https:\/\/cvnoticias.com\/nuevapagina\/index.php\/wp-json\/wp\/v2\/posts\/4241\/revisions"}],"predecessor-version":[{"id":4242,"href":"https:\/\/cvnoticias.com\/nuevapagina\/index.php\/wp-json\/wp\/v2\/posts\/4241\/revisions\/4242"}],"wp:featuredmedia":[{"embeddable":true,"href":"https:\/\/cvnoticias.com\/nuevapagina\/index.php\/wp-json\/wp\/v2\/media\/4232"}],"wp:attachment":[{"href":"https:\/\/cvnoticias.com\/nuevapagina\/index.php\/wp-json\/wp\/v2\/media?parent=4241"}],"wp:term":[{"taxonomy":"category","embeddable":true,"href":"https:\/\/cvnoticias.com\/nuevapagina\/index.php\/wp-json\/wp\/v2\/categories?post=4241"},{"taxonomy":"post_tag","embeddable":true,"href":"https:\/\/cvnoticias.com\/nuevapagina\/index.php\/wp-json\/wp\/v2\/tags?post=4241"}],"curies":[{"name":"wp","href":"https:\/\/api.w.org\/{rel}","templated":true}]}}