{"id":4239,"date":"2025-12-06T21:02:48","date_gmt":"2025-12-06T21:02:48","guid":{"rendered":"https:\/\/cvnoticias.com\/nuevapagina\/?p=4239"},"modified":"2025-12-06T21:02:49","modified_gmt":"2025-12-06T21:02:49","slug":"congreso-local-garantiza-el-derecho-a-la-asesoria-juridica-para-la-proteccion-y-atencion-integral-de-victimas","status":"publish","type":"post","link":"https:\/\/cvnoticias.com\/nuevapagina\/index.php\/2025\/12\/06\/congreso-local-garantiza-el-derecho-a-la-asesoria-juridica-para-la-proteccion-y-atencion-integral-de-victimas\/","title":{"rendered":"Congreso local garantiza el derecho a la asesor\u00eda jur\u00eddica para la protecci\u00f3n y atenci\u00f3n integral de v\u00edctimas"},"content":{"rendered":"\n<p><\/p>\n\n\n\n<ul class=\"wp-block-list\">\n<li>La iniciativa de legisladora Analy Peral Vivar propone mejorar el acceso oportuno, sensible y eficaz a los mecanismos de apoyo<\/li>\n<\/ul>\n\n\n\n<p>San Raymundo Jalpan, Oax., a 06 de diciembre de 2025.- En Sesi\u00f3n Ordinaria, el Congreso del Estado aprob\u00f3 con 32 votos el dictamen de la Comisi\u00f3n Permanente de Administraci\u00f3n P\u00fablica y Procuraci\u00f3n de Justicia para reformar la Ley de V\u00edctimas del Estado, con el objetivo de fortalecer el derecho a la asesor\u00eda jur\u00eddica, garantizando el acceso efectivo a la justicia y la protecci\u00f3n de los derechos humanos de las v\u00edctimas.<\/p>\n\n\n\n<p>Las reformas aprobadas adicionan la fracci\u00f3n VII al Art\u00edculo 126, que establece como obligaci\u00f3n del Asesor Jur\u00eddico, elaborar un plan estrat\u00e9gico para garantizar la protecci\u00f3n efectiva de los derechos de las v\u00edctimas en los procedimientos judiciales o administrativos.<\/p>\n\n\n\n<p>As\u00ed como el Art\u00edculo 180, mediante el cual la Asesor\u00eda Jur\u00eddica Estatal asume la responsabilidad de supervisar el desempe\u00f1o de los asesores jur\u00eddicos designados, solicitando para cada caso que se le asigne la elaboraci\u00f3n de un plan estrat\u00e9gico y evaluando su cumplimiento para asegurar una intervenci\u00f3n profesional y eficaz.<\/p>\n\n\n\n<p>La Iniciativa con Proyecto de Decreto, presentada por la legisladora Analy Peral Vivar del Grupo Parlamentario de Morena, propone actualizar el marco jur\u00eddico vigente para mejorar la implementaci\u00f3n de los derechos de las v\u00edctimas y asegurar un acceso m\u00e1s oportuno, sensible y eficaz a los mecanismos de apoyo, al tiempo que se armoniza la legislaci\u00f3n estatal con la Ley General de V\u00edctimas.<\/p>\n\n\n\n<p>De acuerdo con la diputada, la consolidaci\u00f3n del rol del asesor jur\u00eddico representa un paso decisivo para evitar que las v\u00edctimas y personas ofendidas queden en estado de indefensi\u00f3n frente a las decisiones del Ministerio P\u00fablico o de las autoridades judiciales.<\/p>\n\n\n\n<p>Por ello, este fortalecimiento institucional garantiza que la designaci\u00f3n de un asesor jur\u00eddico no se limite a un tr\u00e1mite formal, sino que responda a la defensa real y efectiva de los derechos a la protecci\u00f3n, la verdad, la justicia y la reparaci\u00f3n integral.<\/p>\n","protected":false},"excerpt":{"rendered":"<p>San Raymundo Jalpan, Oax., a 06 de diciembre de 2025.- En Sesi\u00f3n Ordinaria, el Congreso&#8230;<\/p>\n","protected":false},"author":2,"featured_media":4233,"comment_status":"open","ping_status":"closed","sticky":false,"template":"","format":"standard","meta":{"footnotes":""},"categories":[3],"tags":[],"class_list":["post-4239","post","type-post","status-publish","format-standard","has-post-thumbnail","hentry","category-comunicadosdeprensa"],"yoast_head":"<!-- This site is optimized with the Yoast SEO plugin v27.5 - https:\/\/yoast.com\/product\/yoast-seo-wordpress\/ -->\n<title>Congreso local garantiza el derecho a la asesor\u00eda jur\u00eddica para la protecci\u00f3n y atenci\u00f3n integral de v\u00edctimas - CV Noticias<\/title>\n<meta name=\"robots\" content=\"index, follow, max-snippet:-1, max-image-preview:large, max-video-preview:-1\" \/>\n<link rel=\"canonical\" href=\"https:\/\/cvnoticias.com\/nuevapagina\/index.php\/2025\/12\/06\/congreso-local-garantiza-el-derecho-a-la-asesoria-juridica-para-la-proteccion-y-atencion-integral-de-victimas\/\" \/>\n<meta property=\"og:locale\" content=\"es_ES\" \/>\n<meta property=\"og:type\" content=\"article\" \/>\n<meta property=\"og:title\" content=\"Congreso local garantiza el derecho a la asesor\u00eda jur\u00eddica para la protecci\u00f3n y atenci\u00f3n integral de v\u00edctimas - CV Noticias\" \/>\n<meta property=\"og:description\" content=\"San Raymundo Jalpan, Oax., a 06 de diciembre de 2025.- En Sesi\u00f3n Ordinaria, el Congreso...\" \/>\n<meta property=\"og:url\" content=\"https:\/\/cvnoticias.com\/nuevapagina\/index.php\/2025\/12\/06\/congreso-local-garantiza-el-derecho-a-la-asesoria-juridica-para-la-proteccion-y-atencion-integral-de-victimas\/\" \/>\n<meta property=\"og:site_name\" content=\"CV Noticias\" \/>\n<meta property=\"article:published_time\" content=\"2025-12-06T21:02:48+00:00\" \/>\n<meta property=\"article:modified_time\" content=\"2025-12-06T21:02:49+00:00\" \/>\n<meta property=\"og:image\" content=\"https:\/\/cvnoticias.com\/nuevapagina\/wp-content\/uploads\/2025\/12\/WhatsApp-Image-2025-12-06-at-12.54.50-PM.jpeg\" \/>\n\t<meta property=\"og:image:width\" content=\"1280\" \/>\n\t<meta property=\"og:image:height\" content=\"853\" \/>\n\t<meta property=\"og:image:type\" content=\"image\/jpeg\" \/>\n<meta name=\"author\" content=\"CvNoticias\" \/>\n<meta name=\"twitter:card\" content=\"summary_large_image\" \/>\n<meta name=\"twitter:label1\" content=\"Escrito por\" \/>\n\t<meta name=\"twitter:data1\" content=\"CvNoticias\" \/>\n\t<meta name=\"twitter:label2\" content=\"Tiempo de lectura\" \/>\n\t<meta name=\"twitter:data2\" content=\"2 minutos\" \/>\n<script type=\"application\/ld+json\" class=\"yoast-schema-graph\">{\"@context\":\"https:\\\/\\\/schema.org\",\"@graph\":[{\"@type\":\"Article\",\"@id\":\"https:\\\/\\\/cvnoticias.com\\\/nuevapagina\\\/index.php\\\/2025\\\/12\\\/06\\\/congreso-local-garantiza-el-derecho-a-la-asesoria-juridica-para-la-proteccion-y-atencion-integral-de-victimas\\\/#article\",\"isPartOf\":{\"@id\":\"https:\\\/\\\/cvnoticias.com\\\/nuevapagina\\\/index.php\\\/2025\\\/12\\\/06\\\/congreso-local-garantiza-el-derecho-a-la-asesoria-juridica-para-la-proteccion-y-atencion-integral-de-victimas\\\/\"},\"author\":{\"name\":\"CvNoticias\",\"@id\":\"https:\\\/\\\/cvnoticias.com\\\/nuevapagina\\\/#\\\/schema\\\/person\\\/19e35f246421a31486be7321065f7463\"},\"headline\":\"Congreso local garantiza el derecho a la asesor\u00eda jur\u00eddica para la protecci\u00f3n y atenci\u00f3n integral de v\u00edctimas\",\"datePublished\":\"2025-12-06T21:02:48+00:00\",\"dateModified\":\"2025-12-06T21:02:49+00:00\",\"mainEntityOfPage\":{\"@id\":\"https:\\\/\\\/cvnoticias.com\\\/nuevapagina\\\/index.php\\\/2025\\\/12\\\/06\\\/congreso-local-garantiza-el-derecho-a-la-asesoria-juridica-para-la-proteccion-y-atencion-integral-de-victimas\\\/\"},\"wordCount\":382,\"commentCount\":0,\"publisher\":{\"@id\":\"https:\\\/\\\/cvnoticias.com\\\/nuevapagina\\\/#organization\"},\"image\":{\"@id\":\"https:\\\/\\\/cvnoticias.com\\\/nuevapagina\\\/index.php\\\/2025\\\/12\\\/06\\\/congreso-local-garantiza-el-derecho-a-la-asesoria-juridica-para-la-proteccion-y-atencion-integral-de-victimas\\\/#primaryimage\"},\"thumbnailUrl\":\"https:\\\/\\\/cvnoticias.com\\\/nuevapagina\\\/wp-content\\\/uploads\\\/2025\\\/12\\\/WhatsApp-Image-2025-12-06-at-12.54.50-PM.jpeg\",\"articleSection\":[\"Comunicados\"],\"inLanguage\":\"es\",\"potentialAction\":[{\"@type\":\"CommentAction\",\"name\":\"Comment\",\"target\":[\"https:\\\/\\\/cvnoticias.com\\\/nuevapagina\\\/index.php\\\/2025\\\/12\\\/06\\\/congreso-local-garantiza-el-derecho-a-la-asesoria-juridica-para-la-proteccion-y-atencion-integral-de-victimas\\\/#respond\"]}]},{\"@type\":\"WebPage\",\"@id\":\"https:\\\/\\\/cvnoticias.com\\\/nuevapagina\\\/index.php\\\/2025\\\/12\\\/06\\\/congreso-local-garantiza-el-derecho-a-la-asesoria-juridica-para-la-proteccion-y-atencion-integral-de-victimas\\\/\",\"url\":\"https:\\\/\\\/cvnoticias.com\\\/nuevapagina\\\/index.php\\\/2025\\\/12\\\/06\\\/congreso-local-garantiza-el-derecho-a-la-asesoria-juridica-para-la-proteccion-y-atencion-integral-de-victimas\\\/\",\"name\":\"Congreso local garantiza el derecho a la asesor\u00eda jur\u00eddica para la protecci\u00f3n y atenci\u00f3n integral de v\u00edctimas - CV Noticias\",\"isPartOf\":{\"@id\":\"https:\\\/\\\/cvnoticias.com\\\/nuevapagina\\\/#website\"},\"primaryImageOfPage\":{\"@id\":\"https:\\\/\\\/cvnoticias.com\\\/nuevapagina\\\/index.php\\\/2025\\\/12\\\/06\\\/congreso-local-garantiza-el-derecho-a-la-asesoria-juridica-para-la-proteccion-y-atencion-integral-de-victimas\\\/#primaryimage\"},\"image\":{\"@id\":\"https:\\\/\\\/cvnoticias.com\\\/nuevapagina\\\/index.php\\\/2025\\\/12\\\/06\\\/congreso-local-garantiza-el-derecho-a-la-asesoria-juridica-para-la-proteccion-y-atencion-integral-de-victimas\\\/#primaryimage\"},\"thumbnailUrl\":\"https:\\\/\\\/cvnoticias.com\\\/nuevapagina\\\/wp-content\\\/uploads\\\/2025\\\/12\\\/WhatsApp-Image-2025-12-06-at-12.54.50-PM.jpeg\",\"datePublished\":\"2025-12-06T21:02:48+00:00\",\"dateModified\":\"2025-12-06T21:02:49+00:00\",\"breadcrumb\":{\"@id\":\"https:\\\/\\\/cvnoticias.com\\\/nuevapagina\\\/index.php\\\/2025\\\/12\\\/06\\\/congreso-local-garantiza-el-derecho-a-la-asesoria-juridica-para-la-proteccion-y-atencion-integral-de-victimas\\\/#breadcrumb\"},\"inLanguage\":\"es\",\"potentialAction\":[{\"@type\":\"ReadAction\",\"target\":[\"https:\\\/\\\/cvnoticias.com\\\/nuevapagina\\\/index.php\\\/2025\\\/12\\\/06\\\/congreso-local-garantiza-el-derecho-a-la-asesoria-juridica-para-la-proteccion-y-atencion-integral-de-victimas\\\/\"]}]},{\"@type\":\"ImageObject\",\"inLanguage\":\"es\",\"@id\":\"https:\\\/\\\/cvnoticias.com\\\/nuevapagina\\\/index.php\\\/2025\\\/12\\\/06\\\/congreso-local-garantiza-el-derecho-a-la-asesoria-juridica-para-la-proteccion-y-atencion-integral-de-victimas\\\/#primaryimage\",\"url\":\"https:\\\/\\\/cvnoticias.com\\\/nuevapagina\\\/wp-content\\\/uploads\\\/2025\\\/12\\\/WhatsApp-Image-2025-12-06-at-12.54.50-PM.jpeg\",\"contentUrl\":\"https:\\\/\\\/cvnoticias.com\\\/nuevapagina\\\/wp-content\\\/uploads\\\/2025\\\/12\\\/WhatsApp-Image-2025-12-06-at-12.54.50-PM.jpeg\",\"width\":1280,\"height\":853},{\"@type\":\"BreadcrumbList\",\"@id\":\"https:\\\/\\\/cvnoticias.com\\\/nuevapagina\\\/index.php\\\/2025\\\/12\\\/06\\\/congreso-local-garantiza-el-derecho-a-la-asesoria-juridica-para-la-proteccion-y-atencion-integral-de-victimas\\\/#breadcrumb\",\"itemListElement\":[{\"@type\":\"ListItem\",\"position\":1,\"name\":\"Portada\",\"item\":\"https:\\\/\\\/cvnoticias.com\\\/nuevapagina\\\/\"},{\"@type\":\"ListItem\",\"position\":2,\"name\":\"Congreso local garantiza el derecho a la asesor\u00eda jur\u00eddica para la protecci\u00f3n y atenci\u00f3n integral de v\u00edctimas\"}]},{\"@type\":\"WebSite\",\"@id\":\"https:\\\/\\\/cvnoticias.com\\\/nuevapagina\\\/#website\",\"url\":\"https:\\\/\\\/cvnoticias.com\\\/nuevapagina\\\/\",\"name\":\"CV Noticias\",\"description\":\"Noticias de Oaxaca\",\"publisher\":{\"@id\":\"https:\\\/\\\/cvnoticias.com\\\/nuevapagina\\\/#organization\"},\"potentialAction\":[{\"@type\":\"SearchAction\",\"target\":{\"@type\":\"EntryPoint\",\"urlTemplate\":\"https:\\\/\\\/cvnoticias.com\\\/nuevapagina\\\/?s={search_term_string}\"},\"query-input\":{\"@type\":\"PropertyValueSpecification\",\"valueRequired\":true,\"valueName\":\"search_term_string\"}}],\"inLanguage\":\"es\"},{\"@type\":\"Organization\",\"@id\":\"https:\\\/\\\/cvnoticias.com\\\/nuevapagina\\\/#organization\",\"name\":\"CV Noticias\",\"url\":\"https:\\\/\\\/cvnoticias.com\\\/nuevapagina\\\/\",\"logo\":{\"@type\":\"ImageObject\",\"inLanguage\":\"es\",\"@id\":\"https:\\\/\\\/cvnoticias.com\\\/nuevapagina\\\/#\\\/schema\\\/logo\\\/image\\\/\",\"url\":\"https:\\\/\\\/cvnoticias.com\\\/nuevapagina\\\/wp-content\\\/uploads\\\/2025\\\/05\\\/cropped-logo-1.png\",\"contentUrl\":\"https:\\\/\\\/cvnoticias.com\\\/nuevapagina\\\/wp-content\\\/uploads\\\/2025\\\/05\\\/cropped-logo-1.png\",\"width\":320,\"height\":118,\"caption\":\"CV Noticias\"},\"image\":{\"@id\":\"https:\\\/\\\/cvnoticias.com\\\/nuevapagina\\\/#\\\/schema\\\/logo\\\/image\\\/\"}},{\"@type\":\"Person\",\"@id\":\"https:\\\/\\\/cvnoticias.com\\\/nuevapagina\\\/#\\\/schema\\\/person\\\/19e35f246421a31486be7321065f7463\",\"name\":\"CvNoticias\",\"image\":{\"@type\":\"ImageObject\",\"inLanguage\":\"es\",\"@id\":\"https:\\\/\\\/secure.gravatar.com\\\/avatar\\\/c3a4375d38fd8f9b34ac9e853cb706a079817c78f9a39e33b16a2b2b2e51688a?s=96&d=mm&r=g\",\"url\":\"https:\\\/\\\/secure.gravatar.com\\\/avatar\\\/c3a4375d38fd8f9b34ac9e853cb706a079817c78f9a39e33b16a2b2b2e51688a?s=96&d=mm&r=g\",\"contentUrl\":\"https:\\\/\\\/secure.gravatar.com\\\/avatar\\\/c3a4375d38fd8f9b34ac9e853cb706a079817c78f9a39e33b16a2b2b2e51688a?s=96&d=mm&r=g\",\"caption\":\"CvNoticias\"},\"url\":\"https:\\\/\\\/cvnoticias.com\\\/nuevapagina\\\/index.php\\\/author\\\/gesner\\\/\"}]}<\/script>\n<!-- \/ Yoast SEO plugin. -->","yoast_head_json":{"title":"Congreso local garantiza el derecho a la asesor\u00eda jur\u00eddica para la protecci\u00f3n y atenci\u00f3n integral de v\u00edctimas - CV Noticias","robots":{"index":"index","follow":"follow","max-snippet":"max-snippet:-1","max-image-preview":"max-image-preview:large","max-video-preview":"max-video-preview:-1"},"canonical":"https:\/\/cvnoticias.com\/nuevapagina\/index.php\/2025\/12\/06\/congreso-local-garantiza-el-derecho-a-la-asesoria-juridica-para-la-proteccion-y-atencion-integral-de-victimas\/","og_locale":"es_ES","og_type":"article","og_title":"Congreso local garantiza el derecho a la asesor\u00eda jur\u00eddica para la protecci\u00f3n y atenci\u00f3n integral de v\u00edctimas - CV Noticias","og_description":"San Raymundo Jalpan, Oax., a 06 de diciembre de 2025.- En Sesi\u00f3n Ordinaria, el Congreso...","og_url":"https:\/\/cvnoticias.com\/nuevapagina\/index.php\/2025\/12\/06\/congreso-local-garantiza-el-derecho-a-la-asesoria-juridica-para-la-proteccion-y-atencion-integral-de-victimas\/","og_site_name":"CV Noticias","article_published_time":"2025-12-06T21:02:48+00:00","article_modified_time":"2025-12-06T21:02:49+00:00","og_image":[{"width":1280,"height":853,"url":"https:\/\/cvnoticias.com\/nuevapagina\/wp-content\/uploads\/2025\/12\/WhatsApp-Image-2025-12-06-at-12.54.50-PM.jpeg","type":"image\/jpeg"}],"author":"CvNoticias","twitter_card":"summary_large_image","twitter_misc":{"Escrito por":"CvNoticias","Tiempo de lectura":"2 minutos"},"schema":{"@context":"https:\/\/schema.org","@graph":[{"@type":"Article","@id":"https:\/\/cvnoticias.com\/nuevapagina\/index.php\/2025\/12\/06\/congreso-local-garantiza-el-derecho-a-la-asesoria-juridica-para-la-proteccion-y-atencion-integral-de-victimas\/#article","isPartOf":{"@id":"https:\/\/cvnoticias.com\/nuevapagina\/index.php\/2025\/12\/06\/congreso-local-garantiza-el-derecho-a-la-asesoria-juridica-para-la-proteccion-y-atencion-integral-de-victimas\/"},"author":{"name":"CvNoticias","@id":"https:\/\/cvnoticias.com\/nuevapagina\/#\/schema\/person\/19e35f246421a31486be7321065f7463"},"headline":"Congreso local garantiza el derecho a la asesor\u00eda jur\u00eddica para la protecci\u00f3n y atenci\u00f3n integral de v\u00edctimas","datePublished":"2025-12-06T21:02:48+00:00","dateModified":"2025-12-06T21:02:49+00:00","mainEntityOfPage":{"@id":"https:\/\/cvnoticias.com\/nuevapagina\/index.php\/2025\/12\/06\/congreso-local-garantiza-el-derecho-a-la-asesoria-juridica-para-la-proteccion-y-atencion-integral-de-victimas\/"},"wordCount":382,"commentCount":0,"publisher":{"@id":"https:\/\/cvnoticias.com\/nuevapagina\/#organization"},"image":{"@id":"https:\/\/cvnoticias.com\/nuevapagina\/index.php\/2025\/12\/06\/congreso-local-garantiza-el-derecho-a-la-asesoria-juridica-para-la-proteccion-y-atencion-integral-de-victimas\/#primaryimage"},"thumbnailUrl":"https:\/\/cvnoticias.com\/nuevapagina\/wp-content\/uploads\/2025\/12\/WhatsApp-Image-2025-12-06-at-12.54.50-PM.jpeg","articleSection":["Comunicados"],"inLanguage":"es","potentialAction":[{"@type":"CommentAction","name":"Comment","target":["https:\/\/cvnoticias.com\/nuevapagina\/index.php\/2025\/12\/06\/congreso-local-garantiza-el-derecho-a-la-asesoria-juridica-para-la-proteccion-y-atencion-integral-de-victimas\/#respond"]}]},{"@type":"WebPage","@id":"https:\/\/cvnoticias.com\/nuevapagina\/index.php\/2025\/12\/06\/congreso-local-garantiza-el-derecho-a-la-asesoria-juridica-para-la-proteccion-y-atencion-integral-de-victimas\/","url":"https:\/\/cvnoticias.com\/nuevapagina\/index.php\/2025\/12\/06\/congreso-local-garantiza-el-derecho-a-la-asesoria-juridica-para-la-proteccion-y-atencion-integral-de-victimas\/","name":"Congreso local garantiza el derecho a la asesor\u00eda jur\u00eddica para la protecci\u00f3n y atenci\u00f3n integral de v\u00edctimas - CV Noticias","isPartOf":{"@id":"https:\/\/cvnoticias.com\/nuevapagina\/#website"},"primaryImageOfPage":{"@id":"https:\/\/cvnoticias.com\/nuevapagina\/index.php\/2025\/12\/06\/congreso-local-garantiza-el-derecho-a-la-asesoria-juridica-para-la-proteccion-y-atencion-integral-de-victimas\/#primaryimage"},"image":{"@id":"https:\/\/cvnoticias.com\/nuevapagina\/index.php\/2025\/12\/06\/congreso-local-garantiza-el-derecho-a-la-asesoria-juridica-para-la-proteccion-y-atencion-integral-de-victimas\/#primaryimage"},"thumbnailUrl":"https:\/\/cvnoticias.com\/nuevapagina\/wp-content\/uploads\/2025\/12\/WhatsApp-Image-2025-12-06-at-12.54.50-PM.jpeg","datePublished":"2025-12-06T21:02:48+00:00","dateModified":"2025-12-06T21:02:49+00:00","breadcrumb":{"@id":"https:\/\/cvnoticias.com\/nuevapagina\/index.php\/2025\/12\/06\/congreso-local-garantiza-el-derecho-a-la-asesoria-juridica-para-la-proteccion-y-atencion-integral-de-victimas\/#breadcrumb"},"inLanguage":"es","potentialAction":[{"@type":"ReadAction","target":["https:\/\/cvnoticias.com\/nuevapagina\/index.php\/2025\/12\/06\/congreso-local-garantiza-el-derecho-a-la-asesoria-juridica-para-la-proteccion-y-atencion-integral-de-victimas\/"]}]},{"@type":"ImageObject","inLanguage":"es","@id":"https:\/\/cvnoticias.com\/nuevapagina\/index.php\/2025\/12\/06\/congreso-local-garantiza-el-derecho-a-la-asesoria-juridica-para-la-proteccion-y-atencion-integral-de-victimas\/#primaryimage","url":"https:\/\/cvnoticias.com\/nuevapagina\/wp-content\/uploads\/2025\/12\/WhatsApp-Image-2025-12-06-at-12.54.50-PM.jpeg","contentUrl":"https:\/\/cvnoticias.com\/nuevapagina\/wp-content\/uploads\/2025\/12\/WhatsApp-Image-2025-12-06-at-12.54.50-PM.jpeg","width":1280,"height":853},{"@type":"BreadcrumbList","@id":"https:\/\/cvnoticias.com\/nuevapagina\/index.php\/2025\/12\/06\/congreso-local-garantiza-el-derecho-a-la-asesoria-juridica-para-la-proteccion-y-atencion-integral-de-victimas\/#breadcrumb","itemListElement":[{"@type":"ListItem","position":1,"name":"Portada","item":"https:\/\/cvnoticias.com\/nuevapagina\/"},{"@type":"ListItem","position":2,"name":"Congreso local garantiza el derecho a la asesor\u00eda jur\u00eddica para la protecci\u00f3n y atenci\u00f3n integral de v\u00edctimas"}]},{"@type":"WebSite","@id":"https:\/\/cvnoticias.com\/nuevapagina\/#website","url":"https:\/\/cvnoticias.com\/nuevapagina\/","name":"CV Noticias","description":"Noticias de Oaxaca","publisher":{"@id":"https:\/\/cvnoticias.com\/nuevapagina\/#organization"},"potentialAction":[{"@type":"SearchAction","target":{"@type":"EntryPoint","urlTemplate":"https:\/\/cvnoticias.com\/nuevapagina\/?s={search_term_string}"},"query-input":{"@type":"PropertyValueSpecification","valueRequired":true,"valueName":"search_term_string"}}],"inLanguage":"es"},{"@type":"Organization","@id":"https:\/\/cvnoticias.com\/nuevapagina\/#organization","name":"CV Noticias","url":"https:\/\/cvnoticias.com\/nuevapagina\/","logo":{"@type":"ImageObject","inLanguage":"es","@id":"https:\/\/cvnoticias.com\/nuevapagina\/#\/schema\/logo\/image\/","url":"https:\/\/cvnoticias.com\/nuevapagina\/wp-content\/uploads\/2025\/05\/cropped-logo-1.png","contentUrl":"https:\/\/cvnoticias.com\/nuevapagina\/wp-content\/uploads\/2025\/05\/cropped-logo-1.png","width":320,"height":118,"caption":"CV Noticias"},"image":{"@id":"https:\/\/cvnoticias.com\/nuevapagina\/#\/schema\/logo\/image\/"}},{"@type":"Person","@id":"https:\/\/cvnoticias.com\/nuevapagina\/#\/schema\/person\/19e35f246421a31486be7321065f7463","name":"CvNoticias","image":{"@type":"ImageObject","inLanguage":"es","@id":"https:\/\/secure.gravatar.com\/avatar\/c3a4375d38fd8f9b34ac9e853cb706a079817c78f9a39e33b16a2b2b2e51688a?s=96&d=mm&r=g","url":"https:\/\/secure.gravatar.com\/avatar\/c3a4375d38fd8f9b34ac9e853cb706a079817c78f9a39e33b16a2b2b2e51688a?s=96&d=mm&r=g","contentUrl":"https:\/\/secure.gravatar.com\/avatar\/c3a4375d38fd8f9b34ac9e853cb706a079817c78f9a39e33b16a2b2b2e51688a?s=96&d=mm&r=g","caption":"CvNoticias"},"url":"https:\/\/cvnoticias.com\/nuevapagina\/index.php\/author\/gesner\/"}]}},"_links":{"self":[{"href":"https:\/\/cvnoticias.com\/nuevapagina\/index.php\/wp-json\/wp\/v2\/posts\/4239","targetHints":{"allow":["GET"]}}],"collection":[{"href":"https:\/\/cvnoticias.com\/nuevapagina\/index.php\/wp-json\/wp\/v2\/posts"}],"about":[{"href":"https:\/\/cvnoticias.com\/nuevapagina\/index.php\/wp-json\/wp\/v2\/types\/post"}],"author":[{"embeddable":true,"href":"https:\/\/cvnoticias.com\/nuevapagina\/index.php\/wp-json\/wp\/v2\/users\/2"}],"replies":[{"embeddable":true,"href":"https:\/\/cvnoticias.com\/nuevapagina\/index.php\/wp-json\/wp\/v2\/comments?post=4239"}],"version-history":[{"count":1,"href":"https:\/\/cvnoticias.com\/nuevapagina\/index.php\/wp-json\/wp\/v2\/posts\/4239\/revisions"}],"predecessor-version":[{"id":4240,"href":"https:\/\/cvnoticias.com\/nuevapagina\/index.php\/wp-json\/wp\/v2\/posts\/4239\/revisions\/4240"}],"wp:featuredmedia":[{"embeddable":true,"href":"https:\/\/cvnoticias.com\/nuevapagina\/index.php\/wp-json\/wp\/v2\/media\/4233"}],"wp:attachment":[{"href":"https:\/\/cvnoticias.com\/nuevapagina\/index.php\/wp-json\/wp\/v2\/media?parent=4239"}],"wp:term":[{"taxonomy":"category","embeddable":true,"href":"https:\/\/cvnoticias.com\/nuevapagina\/index.php\/wp-json\/wp\/v2\/categories?post=4239"},{"taxonomy":"post_tag","embeddable":true,"href":"https:\/\/cvnoticias.com\/nuevapagina\/index.php\/wp-json\/wp\/v2\/tags?post=4239"}],"curies":[{"name":"wp","href":"https:\/\/api.w.org\/{rel}","templated":true}]}}