{"id":4237,"date":"2025-12-06T21:01:37","date_gmt":"2025-12-06T21:01:37","guid":{"rendered":"https:\/\/cvnoticias.com\/nuevapagina\/?p=4237"},"modified":"2025-12-06T21:01:39","modified_gmt":"2025-12-06T21:01:39","slug":"diputada-tania-caballero-asiste-a-gira-estatal-de-rendicion-de-cuentas-en-la-mixteca","status":"publish","type":"post","link":"https:\/\/cvnoticias.com\/nuevapagina\/index.php\/2025\/12\/06\/diputada-tania-caballero-asiste-a-gira-estatal-de-rendicion-de-cuentas-en-la-mixteca\/","title":{"rendered":"Diputada Tania Caballero asiste a Gira Estatal de Rendici\u00f3n de Cuentas en la Mixteca"},"content":{"rendered":"\n<p><\/p>\n\n\n\n<ul class=\"wp-block-list\">\n<li>Destac\u00f3 la inversi\u00f3n de mil 800 millones de pesos destinados a impulsar el bienestar de las familias de la regi\u00f3n<\/li>\n<\/ul>\n\n\n\n<p>Asunci\u00f3n Nochixtl\u00e1n, Oax., a 05 de diciembre de 2025.- La presidenta de la Junta de Coordinaci\u00f3n Pol\u00edtica (Jucopo) y diputada por el Distrito V con cabecera en Asunci\u00f3n Nochixtl\u00e1n, Tania Caballero Navarro, acompa\u00f1\u00f3 al Gobernador Salom\u00f3n Jara Cruz durante la Gira Estatal de Rendici\u00f3n de Cuentas en la regi\u00f3n de la Mixteca, donde reiter\u00f3 su compromiso con el desarrollo de esta zona y reconoci\u00f3 los avances logrados a favor del pueblo mixteco.<\/p>\n\n\n\n<p>En este recorrido, la representante popular destac\u00f3 que los resultados de estos tres a\u00f1os de gobierno se reflejan en acciones concretas y en beneficios visibles para las comunidades, poniendo especial \u00e9nfasis en los m\u00e1s de mil 800 millones de pesos destinados a impulsar el bienestar de las familias de la regi\u00f3n.<\/p>\n\n\n\n<p>Resalt\u00f3 que esta derrama de recursos se destina a programas sociales en la regi\u00f3n, entre ellos la Tarjeta Margarita Maza que apoya a jefas de familia; los cr\u00e9ditos a la palabra Mujer Primavera; Mi Primera Chamba y la Tarjeta Joven para impulsar a las juventudes; as\u00ed como la entrega de \u00fatiles escolares a m\u00e1s de 100 mil estudiantes, mastograf\u00edas gratuitas mediante Ve\u2019e Tata y atenci\u00f3n m\u00e9dica a trav\u00e9s de las Farmacias Bienestar.<\/p>\n\n\n\n<p>Se\u00f1al\u00f3 que la transformaci\u00f3n que vive la Mixteca responde a una visi\u00f3n humanista que coloca al centro a las familias hist\u00f3ricamente olvidadas.<\/p>\n\n\n\n<p>\u201cEn la Mixteca hemos visto cumplirse compromisos que por d\u00e9cadas fueron postergados. Hoy las obras, los programas sociales y la atenci\u00f3n directa a la ciudadan\u00eda comprueban que el cambio verdadero est\u00e1 llegando a cada rinc\u00f3n de nuestra regi\u00f3n\u201d, afirm\u00f3.<\/p>\n\n\n\n<p>Finalmente, reconoci\u00f3 el impulso que representa para Oaxaca la puesta en marcha del Plan General L\u00e1zaro C\u00e1rdenas del R\u00edo, promovido por la Presidenta de la Rep\u00fablica Claudia Sheinbaum Pardo, el cual fortalece el desarrollo regional y consolida el acompa\u00f1amiento de la Cuarta Transformaci\u00f3n.<\/p>\n","protected":false},"excerpt":{"rendered":"<p>Asunci\u00f3n Nochixtl\u00e1n, Oax., a 05 de diciembre de 2025.- La presidenta de la Junta de&#8230;<\/p>\n","protected":false},"author":2,"featured_media":4234,"comment_status":"open","ping_status":"closed","sticky":false,"template":"","format":"standard","meta":{"footnotes":""},"categories":[3],"tags":[],"class_list":["post-4237","post","type-post","status-publish","format-standard","has-post-thumbnail","hentry","category-comunicadosdeprensa"],"yoast_head":"<!-- This site is optimized with the Yoast SEO plugin v27.5 - https:\/\/yoast.com\/product\/yoast-seo-wordpress\/ -->\n<title>Diputada Tania Caballero asiste a Gira Estatal de Rendici\u00f3n de Cuentas en la Mixteca - CV Noticias<\/title>\n<meta name=\"robots\" content=\"index, follow, max-snippet:-1, max-image-preview:large, max-video-preview:-1\" \/>\n<link rel=\"canonical\" href=\"https:\/\/cvnoticias.com\/nuevapagina\/index.php\/2025\/12\/06\/diputada-tania-caballero-asiste-a-gira-estatal-de-rendicion-de-cuentas-en-la-mixteca\/\" \/>\n<meta property=\"og:locale\" content=\"es_ES\" \/>\n<meta property=\"og:type\" content=\"article\" \/>\n<meta property=\"og:title\" content=\"Diputada Tania Caballero asiste a Gira Estatal de Rendici\u00f3n de Cuentas en la Mixteca - CV Noticias\" \/>\n<meta property=\"og:description\" content=\"Asunci\u00f3n Nochixtl\u00e1n, Oax., a 05 de diciembre de 2025.- La presidenta de la Junta de...\" \/>\n<meta property=\"og:url\" content=\"https:\/\/cvnoticias.com\/nuevapagina\/index.php\/2025\/12\/06\/diputada-tania-caballero-asiste-a-gira-estatal-de-rendicion-de-cuentas-en-la-mixteca\/\" \/>\n<meta property=\"og:site_name\" content=\"CV Noticias\" \/>\n<meta property=\"article:published_time\" content=\"2025-12-06T21:01:37+00:00\" \/>\n<meta property=\"article:modified_time\" content=\"2025-12-06T21:01:39+00:00\" \/>\n<meta property=\"og:image\" content=\"https:\/\/cvnoticias.com\/nuevapagina\/wp-content\/uploads\/2025\/12\/WhatsApp-Image-2025-12-06-at-12.54.49-PM.jpeg\" \/>\n\t<meta property=\"og:image:width\" content=\"1440\" \/>\n\t<meta property=\"og:image:height\" content=\"939\" \/>\n\t<meta property=\"og:image:type\" content=\"image\/jpeg\" \/>\n<meta name=\"author\" content=\"CvNoticias\" \/>\n<meta name=\"twitter:card\" content=\"summary_large_image\" \/>\n<meta name=\"twitter:label1\" content=\"Escrito por\" \/>\n\t<meta name=\"twitter:data1\" content=\"CvNoticias\" \/>\n\t<meta name=\"twitter:label2\" content=\"Tiempo de lectura\" \/>\n\t<meta name=\"twitter:data2\" content=\"2 minutos\" \/>\n<script type=\"application\/ld+json\" class=\"yoast-schema-graph\">{\"@context\":\"https:\\\/\\\/schema.org\",\"@graph\":[{\"@type\":\"Article\",\"@id\":\"https:\\\/\\\/cvnoticias.com\\\/nuevapagina\\\/index.php\\\/2025\\\/12\\\/06\\\/diputada-tania-caballero-asiste-a-gira-estatal-de-rendicion-de-cuentas-en-la-mixteca\\\/#article\",\"isPartOf\":{\"@id\":\"https:\\\/\\\/cvnoticias.com\\\/nuevapagina\\\/index.php\\\/2025\\\/12\\\/06\\\/diputada-tania-caballero-asiste-a-gira-estatal-de-rendicion-de-cuentas-en-la-mixteca\\\/\"},\"author\":{\"name\":\"CvNoticias\",\"@id\":\"https:\\\/\\\/cvnoticias.com\\\/nuevapagina\\\/#\\\/schema\\\/person\\\/19e35f246421a31486be7321065f7463\"},\"headline\":\"Diputada Tania Caballero asiste a Gira Estatal de Rendici\u00f3n de Cuentas en la Mixteca\",\"datePublished\":\"2025-12-06T21:01:37+00:00\",\"dateModified\":\"2025-12-06T21:01:39+00:00\",\"mainEntityOfPage\":{\"@id\":\"https:\\\/\\\/cvnoticias.com\\\/nuevapagina\\\/index.php\\\/2025\\\/12\\\/06\\\/diputada-tania-caballero-asiste-a-gira-estatal-de-rendicion-de-cuentas-en-la-mixteca\\\/\"},\"wordCount\":367,\"commentCount\":0,\"publisher\":{\"@id\":\"https:\\\/\\\/cvnoticias.com\\\/nuevapagina\\\/#organization\"},\"image\":{\"@id\":\"https:\\\/\\\/cvnoticias.com\\\/nuevapagina\\\/index.php\\\/2025\\\/12\\\/06\\\/diputada-tania-caballero-asiste-a-gira-estatal-de-rendicion-de-cuentas-en-la-mixteca\\\/#primaryimage\"},\"thumbnailUrl\":\"https:\\\/\\\/cvnoticias.com\\\/nuevapagina\\\/wp-content\\\/uploads\\\/2025\\\/12\\\/WhatsApp-Image-2025-12-06-at-12.54.49-PM.jpeg\",\"articleSection\":[\"Comunicados\"],\"inLanguage\":\"es\",\"potentialAction\":[{\"@type\":\"CommentAction\",\"name\":\"Comment\",\"target\":[\"https:\\\/\\\/cvnoticias.com\\\/nuevapagina\\\/index.php\\\/2025\\\/12\\\/06\\\/diputada-tania-caballero-asiste-a-gira-estatal-de-rendicion-de-cuentas-en-la-mixteca\\\/#respond\"]}]},{\"@type\":\"WebPage\",\"@id\":\"https:\\\/\\\/cvnoticias.com\\\/nuevapagina\\\/index.php\\\/2025\\\/12\\\/06\\\/diputada-tania-caballero-asiste-a-gira-estatal-de-rendicion-de-cuentas-en-la-mixteca\\\/\",\"url\":\"https:\\\/\\\/cvnoticias.com\\\/nuevapagina\\\/index.php\\\/2025\\\/12\\\/06\\\/diputada-tania-caballero-asiste-a-gira-estatal-de-rendicion-de-cuentas-en-la-mixteca\\\/\",\"name\":\"Diputada Tania Caballero asiste a Gira Estatal de Rendici\u00f3n de Cuentas en la Mixteca - CV Noticias\",\"isPartOf\":{\"@id\":\"https:\\\/\\\/cvnoticias.com\\\/nuevapagina\\\/#website\"},\"primaryImageOfPage\":{\"@id\":\"https:\\\/\\\/cvnoticias.com\\\/nuevapagina\\\/index.php\\\/2025\\\/12\\\/06\\\/diputada-tania-caballero-asiste-a-gira-estatal-de-rendicion-de-cuentas-en-la-mixteca\\\/#primaryimage\"},\"image\":{\"@id\":\"https:\\\/\\\/cvnoticias.com\\\/nuevapagina\\\/index.php\\\/2025\\\/12\\\/06\\\/diputada-tania-caballero-asiste-a-gira-estatal-de-rendicion-de-cuentas-en-la-mixteca\\\/#primaryimage\"},\"thumbnailUrl\":\"https:\\\/\\\/cvnoticias.com\\\/nuevapagina\\\/wp-content\\\/uploads\\\/2025\\\/12\\\/WhatsApp-Image-2025-12-06-at-12.54.49-PM.jpeg\",\"datePublished\":\"2025-12-06T21:01:37+00:00\",\"dateModified\":\"2025-12-06T21:01:39+00:00\",\"breadcrumb\":{\"@id\":\"https:\\\/\\\/cvnoticias.com\\\/nuevapagina\\\/index.php\\\/2025\\\/12\\\/06\\\/diputada-tania-caballero-asiste-a-gira-estatal-de-rendicion-de-cuentas-en-la-mixteca\\\/#breadcrumb\"},\"inLanguage\":\"es\",\"potentialAction\":[{\"@type\":\"ReadAction\",\"target\":[\"https:\\\/\\\/cvnoticias.com\\\/nuevapagina\\\/index.php\\\/2025\\\/12\\\/06\\\/diputada-tania-caballero-asiste-a-gira-estatal-de-rendicion-de-cuentas-en-la-mixteca\\\/\"]}]},{\"@type\":\"ImageObject\",\"inLanguage\":\"es\",\"@id\":\"https:\\\/\\\/cvnoticias.com\\\/nuevapagina\\\/index.php\\\/2025\\\/12\\\/06\\\/diputada-tania-caballero-asiste-a-gira-estatal-de-rendicion-de-cuentas-en-la-mixteca\\\/#primaryimage\",\"url\":\"https:\\\/\\\/cvnoticias.com\\\/nuevapagina\\\/wp-content\\\/uploads\\\/2025\\\/12\\\/WhatsApp-Image-2025-12-06-at-12.54.49-PM.jpeg\",\"contentUrl\":\"https:\\\/\\\/cvnoticias.com\\\/nuevapagina\\\/wp-content\\\/uploads\\\/2025\\\/12\\\/WhatsApp-Image-2025-12-06-at-12.54.49-PM.jpeg\",\"width\":1440,\"height\":939},{\"@type\":\"BreadcrumbList\",\"@id\":\"https:\\\/\\\/cvnoticias.com\\\/nuevapagina\\\/index.php\\\/2025\\\/12\\\/06\\\/diputada-tania-caballero-asiste-a-gira-estatal-de-rendicion-de-cuentas-en-la-mixteca\\\/#breadcrumb\",\"itemListElement\":[{\"@type\":\"ListItem\",\"position\":1,\"name\":\"Portada\",\"item\":\"https:\\\/\\\/cvnoticias.com\\\/nuevapagina\\\/\"},{\"@type\":\"ListItem\",\"position\":2,\"name\":\"Diputada Tania Caballero asiste a Gira Estatal de Rendici\u00f3n de Cuentas en la Mixteca\"}]},{\"@type\":\"WebSite\",\"@id\":\"https:\\\/\\\/cvnoticias.com\\\/nuevapagina\\\/#website\",\"url\":\"https:\\\/\\\/cvnoticias.com\\\/nuevapagina\\\/\",\"name\":\"CV Noticias\",\"description\":\"Noticias de Oaxaca\",\"publisher\":{\"@id\":\"https:\\\/\\\/cvnoticias.com\\\/nuevapagina\\\/#organization\"},\"potentialAction\":[{\"@type\":\"SearchAction\",\"target\":{\"@type\":\"EntryPoint\",\"urlTemplate\":\"https:\\\/\\\/cvnoticias.com\\\/nuevapagina\\\/?s={search_term_string}\"},\"query-input\":{\"@type\":\"PropertyValueSpecification\",\"valueRequired\":true,\"valueName\":\"search_term_string\"}}],\"inLanguage\":\"es\"},{\"@type\":\"Organization\",\"@id\":\"https:\\\/\\\/cvnoticias.com\\\/nuevapagina\\\/#organization\",\"name\":\"CV Noticias\",\"url\":\"https:\\\/\\\/cvnoticias.com\\\/nuevapagina\\\/\",\"logo\":{\"@type\":\"ImageObject\",\"inLanguage\":\"es\",\"@id\":\"https:\\\/\\\/cvnoticias.com\\\/nuevapagina\\\/#\\\/schema\\\/logo\\\/image\\\/\",\"url\":\"https:\\\/\\\/cvnoticias.com\\\/nuevapagina\\\/wp-content\\\/uploads\\\/2025\\\/05\\\/cropped-logo-1.png\",\"contentUrl\":\"https:\\\/\\\/cvnoticias.com\\\/nuevapagina\\\/wp-content\\\/uploads\\\/2025\\\/05\\\/cropped-logo-1.png\",\"width\":320,\"height\":118,\"caption\":\"CV Noticias\"},\"image\":{\"@id\":\"https:\\\/\\\/cvnoticias.com\\\/nuevapagina\\\/#\\\/schema\\\/logo\\\/image\\\/\"}},{\"@type\":\"Person\",\"@id\":\"https:\\\/\\\/cvnoticias.com\\\/nuevapagina\\\/#\\\/schema\\\/person\\\/19e35f246421a31486be7321065f7463\",\"name\":\"CvNoticias\",\"image\":{\"@type\":\"ImageObject\",\"inLanguage\":\"es\",\"@id\":\"https:\\\/\\\/secure.gravatar.com\\\/avatar\\\/c3a4375d38fd8f9b34ac9e853cb706a079817c78f9a39e33b16a2b2b2e51688a?s=96&d=mm&r=g\",\"url\":\"https:\\\/\\\/secure.gravatar.com\\\/avatar\\\/c3a4375d38fd8f9b34ac9e853cb706a079817c78f9a39e33b16a2b2b2e51688a?s=96&d=mm&r=g\",\"contentUrl\":\"https:\\\/\\\/secure.gravatar.com\\\/avatar\\\/c3a4375d38fd8f9b34ac9e853cb706a079817c78f9a39e33b16a2b2b2e51688a?s=96&d=mm&r=g\",\"caption\":\"CvNoticias\"},\"url\":\"https:\\\/\\\/cvnoticias.com\\\/nuevapagina\\\/index.php\\\/author\\\/gesner\\\/\"}]}<\/script>\n<!-- \/ Yoast SEO plugin. -->","yoast_head_json":{"title":"Diputada Tania Caballero asiste a Gira Estatal de Rendici\u00f3n de Cuentas en la Mixteca - CV Noticias","robots":{"index":"index","follow":"follow","max-snippet":"max-snippet:-1","max-image-preview":"max-image-preview:large","max-video-preview":"max-video-preview:-1"},"canonical":"https:\/\/cvnoticias.com\/nuevapagina\/index.php\/2025\/12\/06\/diputada-tania-caballero-asiste-a-gira-estatal-de-rendicion-de-cuentas-en-la-mixteca\/","og_locale":"es_ES","og_type":"article","og_title":"Diputada Tania Caballero asiste a Gira Estatal de Rendici\u00f3n de Cuentas en la Mixteca - CV Noticias","og_description":"Asunci\u00f3n Nochixtl\u00e1n, Oax., a 05 de diciembre de 2025.- La presidenta de la Junta de...","og_url":"https:\/\/cvnoticias.com\/nuevapagina\/index.php\/2025\/12\/06\/diputada-tania-caballero-asiste-a-gira-estatal-de-rendicion-de-cuentas-en-la-mixteca\/","og_site_name":"CV Noticias","article_published_time":"2025-12-06T21:01:37+00:00","article_modified_time":"2025-12-06T21:01:39+00:00","og_image":[{"width":1440,"height":939,"url":"https:\/\/cvnoticias.com\/nuevapagina\/wp-content\/uploads\/2025\/12\/WhatsApp-Image-2025-12-06-at-12.54.49-PM.jpeg","type":"image\/jpeg"}],"author":"CvNoticias","twitter_card":"summary_large_image","twitter_misc":{"Escrito por":"CvNoticias","Tiempo de lectura":"2 minutos"},"schema":{"@context":"https:\/\/schema.org","@graph":[{"@type":"Article","@id":"https:\/\/cvnoticias.com\/nuevapagina\/index.php\/2025\/12\/06\/diputada-tania-caballero-asiste-a-gira-estatal-de-rendicion-de-cuentas-en-la-mixteca\/#article","isPartOf":{"@id":"https:\/\/cvnoticias.com\/nuevapagina\/index.php\/2025\/12\/06\/diputada-tania-caballero-asiste-a-gira-estatal-de-rendicion-de-cuentas-en-la-mixteca\/"},"author":{"name":"CvNoticias","@id":"https:\/\/cvnoticias.com\/nuevapagina\/#\/schema\/person\/19e35f246421a31486be7321065f7463"},"headline":"Diputada Tania Caballero asiste a Gira Estatal de Rendici\u00f3n de Cuentas en la Mixteca","datePublished":"2025-12-06T21:01:37+00:00","dateModified":"2025-12-06T21:01:39+00:00","mainEntityOfPage":{"@id":"https:\/\/cvnoticias.com\/nuevapagina\/index.php\/2025\/12\/06\/diputada-tania-caballero-asiste-a-gira-estatal-de-rendicion-de-cuentas-en-la-mixteca\/"},"wordCount":367,"commentCount":0,"publisher":{"@id":"https:\/\/cvnoticias.com\/nuevapagina\/#organization"},"image":{"@id":"https:\/\/cvnoticias.com\/nuevapagina\/index.php\/2025\/12\/06\/diputada-tania-caballero-asiste-a-gira-estatal-de-rendicion-de-cuentas-en-la-mixteca\/#primaryimage"},"thumbnailUrl":"https:\/\/cvnoticias.com\/nuevapagina\/wp-content\/uploads\/2025\/12\/WhatsApp-Image-2025-12-06-at-12.54.49-PM.jpeg","articleSection":["Comunicados"],"inLanguage":"es","potentialAction":[{"@type":"CommentAction","name":"Comment","target":["https:\/\/cvnoticias.com\/nuevapagina\/index.php\/2025\/12\/06\/diputada-tania-caballero-asiste-a-gira-estatal-de-rendicion-de-cuentas-en-la-mixteca\/#respond"]}]},{"@type":"WebPage","@id":"https:\/\/cvnoticias.com\/nuevapagina\/index.php\/2025\/12\/06\/diputada-tania-caballero-asiste-a-gira-estatal-de-rendicion-de-cuentas-en-la-mixteca\/","url":"https:\/\/cvnoticias.com\/nuevapagina\/index.php\/2025\/12\/06\/diputada-tania-caballero-asiste-a-gira-estatal-de-rendicion-de-cuentas-en-la-mixteca\/","name":"Diputada Tania Caballero asiste a Gira Estatal de Rendici\u00f3n de Cuentas en la Mixteca - CV Noticias","isPartOf":{"@id":"https:\/\/cvnoticias.com\/nuevapagina\/#website"},"primaryImageOfPage":{"@id":"https:\/\/cvnoticias.com\/nuevapagina\/index.php\/2025\/12\/06\/diputada-tania-caballero-asiste-a-gira-estatal-de-rendicion-de-cuentas-en-la-mixteca\/#primaryimage"},"image":{"@id":"https:\/\/cvnoticias.com\/nuevapagina\/index.php\/2025\/12\/06\/diputada-tania-caballero-asiste-a-gira-estatal-de-rendicion-de-cuentas-en-la-mixteca\/#primaryimage"},"thumbnailUrl":"https:\/\/cvnoticias.com\/nuevapagina\/wp-content\/uploads\/2025\/12\/WhatsApp-Image-2025-12-06-at-12.54.49-PM.jpeg","datePublished":"2025-12-06T21:01:37+00:00","dateModified":"2025-12-06T21:01:39+00:00","breadcrumb":{"@id":"https:\/\/cvnoticias.com\/nuevapagina\/index.php\/2025\/12\/06\/diputada-tania-caballero-asiste-a-gira-estatal-de-rendicion-de-cuentas-en-la-mixteca\/#breadcrumb"},"inLanguage":"es","potentialAction":[{"@type":"ReadAction","target":["https:\/\/cvnoticias.com\/nuevapagina\/index.php\/2025\/12\/06\/diputada-tania-caballero-asiste-a-gira-estatal-de-rendicion-de-cuentas-en-la-mixteca\/"]}]},{"@type":"ImageObject","inLanguage":"es","@id":"https:\/\/cvnoticias.com\/nuevapagina\/index.php\/2025\/12\/06\/diputada-tania-caballero-asiste-a-gira-estatal-de-rendicion-de-cuentas-en-la-mixteca\/#primaryimage","url":"https:\/\/cvnoticias.com\/nuevapagina\/wp-content\/uploads\/2025\/12\/WhatsApp-Image-2025-12-06-at-12.54.49-PM.jpeg","contentUrl":"https:\/\/cvnoticias.com\/nuevapagina\/wp-content\/uploads\/2025\/12\/WhatsApp-Image-2025-12-06-at-12.54.49-PM.jpeg","width":1440,"height":939},{"@type":"BreadcrumbList","@id":"https:\/\/cvnoticias.com\/nuevapagina\/index.php\/2025\/12\/06\/diputada-tania-caballero-asiste-a-gira-estatal-de-rendicion-de-cuentas-en-la-mixteca\/#breadcrumb","itemListElement":[{"@type":"ListItem","position":1,"name":"Portada","item":"https:\/\/cvnoticias.com\/nuevapagina\/"},{"@type":"ListItem","position":2,"name":"Diputada Tania Caballero asiste a Gira Estatal de Rendici\u00f3n de Cuentas en la Mixteca"}]},{"@type":"WebSite","@id":"https:\/\/cvnoticias.com\/nuevapagina\/#website","url":"https:\/\/cvnoticias.com\/nuevapagina\/","name":"CV Noticias","description":"Noticias de Oaxaca","publisher":{"@id":"https:\/\/cvnoticias.com\/nuevapagina\/#organization"},"potentialAction":[{"@type":"SearchAction","target":{"@type":"EntryPoint","urlTemplate":"https:\/\/cvnoticias.com\/nuevapagina\/?s={search_term_string}"},"query-input":{"@type":"PropertyValueSpecification","valueRequired":true,"valueName":"search_term_string"}}],"inLanguage":"es"},{"@type":"Organization","@id":"https:\/\/cvnoticias.com\/nuevapagina\/#organization","name":"CV Noticias","url":"https:\/\/cvnoticias.com\/nuevapagina\/","logo":{"@type":"ImageObject","inLanguage":"es","@id":"https:\/\/cvnoticias.com\/nuevapagina\/#\/schema\/logo\/image\/","url":"https:\/\/cvnoticias.com\/nuevapagina\/wp-content\/uploads\/2025\/05\/cropped-logo-1.png","contentUrl":"https:\/\/cvnoticias.com\/nuevapagina\/wp-content\/uploads\/2025\/05\/cropped-logo-1.png","width":320,"height":118,"caption":"CV Noticias"},"image":{"@id":"https:\/\/cvnoticias.com\/nuevapagina\/#\/schema\/logo\/image\/"}},{"@type":"Person","@id":"https:\/\/cvnoticias.com\/nuevapagina\/#\/schema\/person\/19e35f246421a31486be7321065f7463","name":"CvNoticias","image":{"@type":"ImageObject","inLanguage":"es","@id":"https:\/\/secure.gravatar.com\/avatar\/c3a4375d38fd8f9b34ac9e853cb706a079817c78f9a39e33b16a2b2b2e51688a?s=96&d=mm&r=g","url":"https:\/\/secure.gravatar.com\/avatar\/c3a4375d38fd8f9b34ac9e853cb706a079817c78f9a39e33b16a2b2b2e51688a?s=96&d=mm&r=g","contentUrl":"https:\/\/secure.gravatar.com\/avatar\/c3a4375d38fd8f9b34ac9e853cb706a079817c78f9a39e33b16a2b2b2e51688a?s=96&d=mm&r=g","caption":"CvNoticias"},"url":"https:\/\/cvnoticias.com\/nuevapagina\/index.php\/author\/gesner\/"}]}},"_links":{"self":[{"href":"https:\/\/cvnoticias.com\/nuevapagina\/index.php\/wp-json\/wp\/v2\/posts\/4237","targetHints":{"allow":["GET"]}}],"collection":[{"href":"https:\/\/cvnoticias.com\/nuevapagina\/index.php\/wp-json\/wp\/v2\/posts"}],"about":[{"href":"https:\/\/cvnoticias.com\/nuevapagina\/index.php\/wp-json\/wp\/v2\/types\/post"}],"author":[{"embeddable":true,"href":"https:\/\/cvnoticias.com\/nuevapagina\/index.php\/wp-json\/wp\/v2\/users\/2"}],"replies":[{"embeddable":true,"href":"https:\/\/cvnoticias.com\/nuevapagina\/index.php\/wp-json\/wp\/v2\/comments?post=4237"}],"version-history":[{"count":1,"href":"https:\/\/cvnoticias.com\/nuevapagina\/index.php\/wp-json\/wp\/v2\/posts\/4237\/revisions"}],"predecessor-version":[{"id":4238,"href":"https:\/\/cvnoticias.com\/nuevapagina\/index.php\/wp-json\/wp\/v2\/posts\/4237\/revisions\/4238"}],"wp:featuredmedia":[{"embeddable":true,"href":"https:\/\/cvnoticias.com\/nuevapagina\/index.php\/wp-json\/wp\/v2\/media\/4234"}],"wp:attachment":[{"href":"https:\/\/cvnoticias.com\/nuevapagina\/index.php\/wp-json\/wp\/v2\/media?parent=4237"}],"wp:term":[{"taxonomy":"category","embeddable":true,"href":"https:\/\/cvnoticias.com\/nuevapagina\/index.php\/wp-json\/wp\/v2\/categories?post=4237"},{"taxonomy":"post_tag","embeddable":true,"href":"https:\/\/cvnoticias.com\/nuevapagina\/index.php\/wp-json\/wp\/v2\/tags?post=4237"}],"curies":[{"name":"wp","href":"https:\/\/api.w.org\/{rel}","templated":true}]}}