{"id":4229,"date":"2025-12-06T21:00:20","date_gmt":"2025-12-06T21:00:20","guid":{"rendered":"https:\/\/cvnoticias.com\/nuevapagina\/?p=4229"},"modified":"2025-12-06T21:00:21","modified_gmt":"2025-12-06T21:00:21","slug":"avala-congreso-de-oaxaca-designacion-de-presidentes-municipales-en-valles-centrales-y-sierra-de-juarez","status":"publish","type":"post","link":"https:\/\/cvnoticias.com\/nuevapagina\/index.php\/2025\/12\/06\/avala-congreso-de-oaxaca-designacion-de-presidentes-municipales-en-valles-centrales-y-sierra-de-juarez\/","title":{"rendered":"Avala Congreso de Oaxaca designaci\u00f3n de presidentes municipales en Valles Centrales y Sierra de Ju\u00e1rez"},"content":{"rendered":"\n<p><\/p>\n\n\n\n<ul class=\"wp-block-list\">\n<li>Se aprobaron dos dict\u00e1menes de la Comisi\u00f3n Permanente de Gobierno y Asuntos Agrarios<\/li>\n<\/ul>\n\n\n\n<p>San Raymundo Jalpan, Oax., a 05 de diciembre de 2025.- En Sesi\u00f3n Extraordinaria, el Parlamento Local aprob\u00f3 dos dict\u00e1menes presentados por la Comisi\u00f3n Permanente de Gobierno y Asuntos Agrarios, mediante los cuales se designaron autoridades municipales en la Regi\u00f3n de Valles Centrales y Sierra de Ju\u00e1rez.<\/p>\n\n\n\n<p>Con 31 votos se declar\u00f3 procedente la designaci\u00f3n del ciudadano Jes\u00fas Antonio G\u00f3mez G\u00f3mez como Presidente Municipal del Honorable Ayuntamiento de Santiago Tenango, Etla, para el periodo comprendido del 12 de noviembre al 31 de diciembre de 2025, con todas sus prerrogativas, derechos y obligaciones.<\/p>\n\n\n\n<p>Lo anterior, derivado del fallecimiento de quien ostentaba dicho cargo, Ciudadano F\u00e9lix L\u00f3pez Castellanos, situaci\u00f3n que fue conocida y formalizada por el Ayuntamiento en Sesi\u00f3n Extraordinaria de Cabildo, acreditada con el acta de defunci\u00f3n correspondiente.<\/p>\n\n\n\n<p>Por otra parte, con 32 votos se aval\u00f3 la designaci\u00f3n del ciudadano Marcos D\u00edaz Jim\u00e9nez como Presidente Municipal del Ayuntamiento Constitucional de Santa Mar\u00eda Tlahuitoltepec, Mixe, con todas sus atribuciones, prerrogativas y obligaciones, para el periodo comprendido del 30 de octubre al 31 de diciembre de 2025.<\/p>\n\n\n\n<p>La determinaci\u00f3n se origin\u00f3 tras el fallecimiento del Presidente Municipal propietario, Ciudadano Francisco D\u00edaz Mart\u00ednez, por lo cual, en Sesi\u00f3n Extraordinaria de Cabildo, el suplente respectivo acept\u00f3 el cargo y rindi\u00f3 la protesta de ley, conforme al procedimiento legal establecido.<\/p>\n\n\n\n<p>Tras analizar los expedientes CPGAA\/292\/2025 y CPGAA\/291\/2025 correspondientes, y constar el cumplimiento de los requisitos y con lo dispuesto en el art\u00edculo 86 p\u00e1rrafos primero y tercero de la Ley Org\u00e1nica Municipal, la Comisi\u00f3n Permanente de Gobierno y Asuntos Agrarios aval\u00f3 emitir las declaratorias correspondientes.<\/p>\n\n\n\n<p>El Congreso del Estado deber\u00e1 informar de estos cambios a la Secretar\u00eda de Gobierno (Sego), Secretar\u00eda de Finanzas (Sefin), Auditor\u00eda Superior de Fiscalizaci\u00f3n del Estado (ASFE) y a los ayuntamientos mencionados para los efectos correspondientes.<\/p>\n","protected":false},"excerpt":{"rendered":"<p>San Raymundo Jalpan, Oax., a 05 de diciembre de 2025.- En Sesi\u00f3n Extraordinaria, el Parlamento&#8230;<\/p>\n","protected":false},"author":2,"featured_media":4235,"comment_status":"open","ping_status":"closed","sticky":false,"template":"","format":"standard","meta":{"footnotes":""},"categories":[3],"tags":[],"class_list":["post-4229","post","type-post","status-publish","format-standard","has-post-thumbnail","hentry","category-comunicadosdeprensa"],"yoast_head":"<!-- This site is optimized with the Yoast SEO plugin v27.5 - https:\/\/yoast.com\/product\/yoast-seo-wordpress\/ -->\n<title>Avala Congreso de Oaxaca designaci\u00f3n de presidentes municipales en Valles Centrales y Sierra de Ju\u00e1rez - CV Noticias<\/title>\n<meta name=\"robots\" content=\"index, follow, max-snippet:-1, max-image-preview:large, max-video-preview:-1\" \/>\n<link rel=\"canonical\" href=\"https:\/\/cvnoticias.com\/nuevapagina\/index.php\/2025\/12\/06\/avala-congreso-de-oaxaca-designacion-de-presidentes-municipales-en-valles-centrales-y-sierra-de-juarez\/\" \/>\n<meta property=\"og:locale\" content=\"es_ES\" \/>\n<meta property=\"og:type\" content=\"article\" \/>\n<meta property=\"og:title\" content=\"Avala Congreso de Oaxaca designaci\u00f3n de presidentes municipales en Valles Centrales y Sierra de Ju\u00e1rez - CV Noticias\" \/>\n<meta property=\"og:description\" content=\"San Raymundo Jalpan, Oax., a 05 de diciembre de 2025.- En Sesi\u00f3n Extraordinaria, el Parlamento...\" \/>\n<meta property=\"og:url\" content=\"https:\/\/cvnoticias.com\/nuevapagina\/index.php\/2025\/12\/06\/avala-congreso-de-oaxaca-designacion-de-presidentes-municipales-en-valles-centrales-y-sierra-de-juarez\/\" \/>\n<meta property=\"og:site_name\" content=\"CV Noticias\" \/>\n<meta property=\"article:published_time\" content=\"2025-12-06T21:00:20+00:00\" \/>\n<meta property=\"article:modified_time\" content=\"2025-12-06T21:00:21+00:00\" \/>\n<meta property=\"og:image\" content=\"https:\/\/cvnoticias.com\/nuevapagina\/wp-content\/uploads\/2025\/12\/WhatsApp-Image-2025-12-06-at-12.53.03-PM.jpeg\" \/>\n\t<meta property=\"og:image:width\" content=\"1280\" \/>\n\t<meta property=\"og:image:height\" content=\"853\" \/>\n\t<meta property=\"og:image:type\" content=\"image\/jpeg\" \/>\n<meta name=\"author\" content=\"CvNoticias\" \/>\n<meta name=\"twitter:card\" content=\"summary_large_image\" \/>\n<meta name=\"twitter:label1\" content=\"Escrito por\" \/>\n\t<meta name=\"twitter:data1\" content=\"CvNoticias\" \/>\n\t<meta name=\"twitter:label2\" content=\"Tiempo de lectura\" \/>\n\t<meta name=\"twitter:data2\" content=\"2 minutos\" \/>\n<script type=\"application\/ld+json\" class=\"yoast-schema-graph\">{\"@context\":\"https:\\\/\\\/schema.org\",\"@graph\":[{\"@type\":\"Article\",\"@id\":\"https:\\\/\\\/cvnoticias.com\\\/nuevapagina\\\/index.php\\\/2025\\\/12\\\/06\\\/avala-congreso-de-oaxaca-designacion-de-presidentes-municipales-en-valles-centrales-y-sierra-de-juarez\\\/#article\",\"isPartOf\":{\"@id\":\"https:\\\/\\\/cvnoticias.com\\\/nuevapagina\\\/index.php\\\/2025\\\/12\\\/06\\\/avala-congreso-de-oaxaca-designacion-de-presidentes-municipales-en-valles-centrales-y-sierra-de-juarez\\\/\"},\"author\":{\"name\":\"CvNoticias\",\"@id\":\"https:\\\/\\\/cvnoticias.com\\\/nuevapagina\\\/#\\\/schema\\\/person\\\/19e35f246421a31486be7321065f7463\"},\"headline\":\"Avala Congreso de Oaxaca designaci\u00f3n de presidentes municipales en Valles Centrales y Sierra de Ju\u00e1rez\",\"datePublished\":\"2025-12-06T21:00:20+00:00\",\"dateModified\":\"2025-12-06T21:00:21+00:00\",\"mainEntityOfPage\":{\"@id\":\"https:\\\/\\\/cvnoticias.com\\\/nuevapagina\\\/index.php\\\/2025\\\/12\\\/06\\\/avala-congreso-de-oaxaca-designacion-de-presidentes-municipales-en-valles-centrales-y-sierra-de-juarez\\\/\"},\"wordCount\":345,\"commentCount\":0,\"publisher\":{\"@id\":\"https:\\\/\\\/cvnoticias.com\\\/nuevapagina\\\/#organization\"},\"image\":{\"@id\":\"https:\\\/\\\/cvnoticias.com\\\/nuevapagina\\\/index.php\\\/2025\\\/12\\\/06\\\/avala-congreso-de-oaxaca-designacion-de-presidentes-municipales-en-valles-centrales-y-sierra-de-juarez\\\/#primaryimage\"},\"thumbnailUrl\":\"https:\\\/\\\/cvnoticias.com\\\/nuevapagina\\\/wp-content\\\/uploads\\\/2025\\\/12\\\/WhatsApp-Image-2025-12-06-at-12.53.03-PM.jpeg\",\"articleSection\":[\"Comunicados\"],\"inLanguage\":\"es\",\"potentialAction\":[{\"@type\":\"CommentAction\",\"name\":\"Comment\",\"target\":[\"https:\\\/\\\/cvnoticias.com\\\/nuevapagina\\\/index.php\\\/2025\\\/12\\\/06\\\/avala-congreso-de-oaxaca-designacion-de-presidentes-municipales-en-valles-centrales-y-sierra-de-juarez\\\/#respond\"]}]},{\"@type\":\"WebPage\",\"@id\":\"https:\\\/\\\/cvnoticias.com\\\/nuevapagina\\\/index.php\\\/2025\\\/12\\\/06\\\/avala-congreso-de-oaxaca-designacion-de-presidentes-municipales-en-valles-centrales-y-sierra-de-juarez\\\/\",\"url\":\"https:\\\/\\\/cvnoticias.com\\\/nuevapagina\\\/index.php\\\/2025\\\/12\\\/06\\\/avala-congreso-de-oaxaca-designacion-de-presidentes-municipales-en-valles-centrales-y-sierra-de-juarez\\\/\",\"name\":\"Avala Congreso de Oaxaca designaci\u00f3n de presidentes municipales en Valles Centrales y Sierra de Ju\u00e1rez - CV Noticias\",\"isPartOf\":{\"@id\":\"https:\\\/\\\/cvnoticias.com\\\/nuevapagina\\\/#website\"},\"primaryImageOfPage\":{\"@id\":\"https:\\\/\\\/cvnoticias.com\\\/nuevapagina\\\/index.php\\\/2025\\\/12\\\/06\\\/avala-congreso-de-oaxaca-designacion-de-presidentes-municipales-en-valles-centrales-y-sierra-de-juarez\\\/#primaryimage\"},\"image\":{\"@id\":\"https:\\\/\\\/cvnoticias.com\\\/nuevapagina\\\/index.php\\\/2025\\\/12\\\/06\\\/avala-congreso-de-oaxaca-designacion-de-presidentes-municipales-en-valles-centrales-y-sierra-de-juarez\\\/#primaryimage\"},\"thumbnailUrl\":\"https:\\\/\\\/cvnoticias.com\\\/nuevapagina\\\/wp-content\\\/uploads\\\/2025\\\/12\\\/WhatsApp-Image-2025-12-06-at-12.53.03-PM.jpeg\",\"datePublished\":\"2025-12-06T21:00:20+00:00\",\"dateModified\":\"2025-12-06T21:00:21+00:00\",\"breadcrumb\":{\"@id\":\"https:\\\/\\\/cvnoticias.com\\\/nuevapagina\\\/index.php\\\/2025\\\/12\\\/06\\\/avala-congreso-de-oaxaca-designacion-de-presidentes-municipales-en-valles-centrales-y-sierra-de-juarez\\\/#breadcrumb\"},\"inLanguage\":\"es\",\"potentialAction\":[{\"@type\":\"ReadAction\",\"target\":[\"https:\\\/\\\/cvnoticias.com\\\/nuevapagina\\\/index.php\\\/2025\\\/12\\\/06\\\/avala-congreso-de-oaxaca-designacion-de-presidentes-municipales-en-valles-centrales-y-sierra-de-juarez\\\/\"]}]},{\"@type\":\"ImageObject\",\"inLanguage\":\"es\",\"@id\":\"https:\\\/\\\/cvnoticias.com\\\/nuevapagina\\\/index.php\\\/2025\\\/12\\\/06\\\/avala-congreso-de-oaxaca-designacion-de-presidentes-municipales-en-valles-centrales-y-sierra-de-juarez\\\/#primaryimage\",\"url\":\"https:\\\/\\\/cvnoticias.com\\\/nuevapagina\\\/wp-content\\\/uploads\\\/2025\\\/12\\\/WhatsApp-Image-2025-12-06-at-12.53.03-PM.jpeg\",\"contentUrl\":\"https:\\\/\\\/cvnoticias.com\\\/nuevapagina\\\/wp-content\\\/uploads\\\/2025\\\/12\\\/WhatsApp-Image-2025-12-06-at-12.53.03-PM.jpeg\",\"width\":1280,\"height\":853},{\"@type\":\"BreadcrumbList\",\"@id\":\"https:\\\/\\\/cvnoticias.com\\\/nuevapagina\\\/index.php\\\/2025\\\/12\\\/06\\\/avala-congreso-de-oaxaca-designacion-de-presidentes-municipales-en-valles-centrales-y-sierra-de-juarez\\\/#breadcrumb\",\"itemListElement\":[{\"@type\":\"ListItem\",\"position\":1,\"name\":\"Portada\",\"item\":\"https:\\\/\\\/cvnoticias.com\\\/nuevapagina\\\/\"},{\"@type\":\"ListItem\",\"position\":2,\"name\":\"Avala Congreso de Oaxaca designaci\u00f3n de presidentes municipales en Valles Centrales y Sierra de Ju\u00e1rez\"}]},{\"@type\":\"WebSite\",\"@id\":\"https:\\\/\\\/cvnoticias.com\\\/nuevapagina\\\/#website\",\"url\":\"https:\\\/\\\/cvnoticias.com\\\/nuevapagina\\\/\",\"name\":\"CV Noticias\",\"description\":\"Noticias de Oaxaca\",\"publisher\":{\"@id\":\"https:\\\/\\\/cvnoticias.com\\\/nuevapagina\\\/#organization\"},\"potentialAction\":[{\"@type\":\"SearchAction\",\"target\":{\"@type\":\"EntryPoint\",\"urlTemplate\":\"https:\\\/\\\/cvnoticias.com\\\/nuevapagina\\\/?s={search_term_string}\"},\"query-input\":{\"@type\":\"PropertyValueSpecification\",\"valueRequired\":true,\"valueName\":\"search_term_string\"}}],\"inLanguage\":\"es\"},{\"@type\":\"Organization\",\"@id\":\"https:\\\/\\\/cvnoticias.com\\\/nuevapagina\\\/#organization\",\"name\":\"CV Noticias\",\"url\":\"https:\\\/\\\/cvnoticias.com\\\/nuevapagina\\\/\",\"logo\":{\"@type\":\"ImageObject\",\"inLanguage\":\"es\",\"@id\":\"https:\\\/\\\/cvnoticias.com\\\/nuevapagina\\\/#\\\/schema\\\/logo\\\/image\\\/\",\"url\":\"https:\\\/\\\/cvnoticias.com\\\/nuevapagina\\\/wp-content\\\/uploads\\\/2025\\\/05\\\/cropped-logo-1.png\",\"contentUrl\":\"https:\\\/\\\/cvnoticias.com\\\/nuevapagina\\\/wp-content\\\/uploads\\\/2025\\\/05\\\/cropped-logo-1.png\",\"width\":320,\"height\":118,\"caption\":\"CV Noticias\"},\"image\":{\"@id\":\"https:\\\/\\\/cvnoticias.com\\\/nuevapagina\\\/#\\\/schema\\\/logo\\\/image\\\/\"}},{\"@type\":\"Person\",\"@id\":\"https:\\\/\\\/cvnoticias.com\\\/nuevapagina\\\/#\\\/schema\\\/person\\\/19e35f246421a31486be7321065f7463\",\"name\":\"CvNoticias\",\"image\":{\"@type\":\"ImageObject\",\"inLanguage\":\"es\",\"@id\":\"https:\\\/\\\/secure.gravatar.com\\\/avatar\\\/c3a4375d38fd8f9b34ac9e853cb706a079817c78f9a39e33b16a2b2b2e51688a?s=96&d=mm&r=g\",\"url\":\"https:\\\/\\\/secure.gravatar.com\\\/avatar\\\/c3a4375d38fd8f9b34ac9e853cb706a079817c78f9a39e33b16a2b2b2e51688a?s=96&d=mm&r=g\",\"contentUrl\":\"https:\\\/\\\/secure.gravatar.com\\\/avatar\\\/c3a4375d38fd8f9b34ac9e853cb706a079817c78f9a39e33b16a2b2b2e51688a?s=96&d=mm&r=g\",\"caption\":\"CvNoticias\"},\"url\":\"https:\\\/\\\/cvnoticias.com\\\/nuevapagina\\\/index.php\\\/author\\\/gesner\\\/\"}]}<\/script>\n<!-- \/ Yoast SEO plugin. -->","yoast_head_json":{"title":"Avala Congreso de Oaxaca designaci\u00f3n de presidentes municipales en Valles Centrales y Sierra de Ju\u00e1rez - CV Noticias","robots":{"index":"index","follow":"follow","max-snippet":"max-snippet:-1","max-image-preview":"max-image-preview:large","max-video-preview":"max-video-preview:-1"},"canonical":"https:\/\/cvnoticias.com\/nuevapagina\/index.php\/2025\/12\/06\/avala-congreso-de-oaxaca-designacion-de-presidentes-municipales-en-valles-centrales-y-sierra-de-juarez\/","og_locale":"es_ES","og_type":"article","og_title":"Avala Congreso de Oaxaca designaci\u00f3n de presidentes municipales en Valles Centrales y Sierra de Ju\u00e1rez - CV Noticias","og_description":"San Raymundo Jalpan, Oax., a 05 de diciembre de 2025.- En Sesi\u00f3n Extraordinaria, el Parlamento...","og_url":"https:\/\/cvnoticias.com\/nuevapagina\/index.php\/2025\/12\/06\/avala-congreso-de-oaxaca-designacion-de-presidentes-municipales-en-valles-centrales-y-sierra-de-juarez\/","og_site_name":"CV Noticias","article_published_time":"2025-12-06T21:00:20+00:00","article_modified_time":"2025-12-06T21:00:21+00:00","og_image":[{"width":1280,"height":853,"url":"https:\/\/cvnoticias.com\/nuevapagina\/wp-content\/uploads\/2025\/12\/WhatsApp-Image-2025-12-06-at-12.53.03-PM.jpeg","type":"image\/jpeg"}],"author":"CvNoticias","twitter_card":"summary_large_image","twitter_misc":{"Escrito por":"CvNoticias","Tiempo de lectura":"2 minutos"},"schema":{"@context":"https:\/\/schema.org","@graph":[{"@type":"Article","@id":"https:\/\/cvnoticias.com\/nuevapagina\/index.php\/2025\/12\/06\/avala-congreso-de-oaxaca-designacion-de-presidentes-municipales-en-valles-centrales-y-sierra-de-juarez\/#article","isPartOf":{"@id":"https:\/\/cvnoticias.com\/nuevapagina\/index.php\/2025\/12\/06\/avala-congreso-de-oaxaca-designacion-de-presidentes-municipales-en-valles-centrales-y-sierra-de-juarez\/"},"author":{"name":"CvNoticias","@id":"https:\/\/cvnoticias.com\/nuevapagina\/#\/schema\/person\/19e35f246421a31486be7321065f7463"},"headline":"Avala Congreso de Oaxaca designaci\u00f3n de presidentes municipales en Valles Centrales y Sierra de Ju\u00e1rez","datePublished":"2025-12-06T21:00:20+00:00","dateModified":"2025-12-06T21:00:21+00:00","mainEntityOfPage":{"@id":"https:\/\/cvnoticias.com\/nuevapagina\/index.php\/2025\/12\/06\/avala-congreso-de-oaxaca-designacion-de-presidentes-municipales-en-valles-centrales-y-sierra-de-juarez\/"},"wordCount":345,"commentCount":0,"publisher":{"@id":"https:\/\/cvnoticias.com\/nuevapagina\/#organization"},"image":{"@id":"https:\/\/cvnoticias.com\/nuevapagina\/index.php\/2025\/12\/06\/avala-congreso-de-oaxaca-designacion-de-presidentes-municipales-en-valles-centrales-y-sierra-de-juarez\/#primaryimage"},"thumbnailUrl":"https:\/\/cvnoticias.com\/nuevapagina\/wp-content\/uploads\/2025\/12\/WhatsApp-Image-2025-12-06-at-12.53.03-PM.jpeg","articleSection":["Comunicados"],"inLanguage":"es","potentialAction":[{"@type":"CommentAction","name":"Comment","target":["https:\/\/cvnoticias.com\/nuevapagina\/index.php\/2025\/12\/06\/avala-congreso-de-oaxaca-designacion-de-presidentes-municipales-en-valles-centrales-y-sierra-de-juarez\/#respond"]}]},{"@type":"WebPage","@id":"https:\/\/cvnoticias.com\/nuevapagina\/index.php\/2025\/12\/06\/avala-congreso-de-oaxaca-designacion-de-presidentes-municipales-en-valles-centrales-y-sierra-de-juarez\/","url":"https:\/\/cvnoticias.com\/nuevapagina\/index.php\/2025\/12\/06\/avala-congreso-de-oaxaca-designacion-de-presidentes-municipales-en-valles-centrales-y-sierra-de-juarez\/","name":"Avala Congreso de Oaxaca designaci\u00f3n de presidentes municipales en Valles Centrales y Sierra de Ju\u00e1rez - CV Noticias","isPartOf":{"@id":"https:\/\/cvnoticias.com\/nuevapagina\/#website"},"primaryImageOfPage":{"@id":"https:\/\/cvnoticias.com\/nuevapagina\/index.php\/2025\/12\/06\/avala-congreso-de-oaxaca-designacion-de-presidentes-municipales-en-valles-centrales-y-sierra-de-juarez\/#primaryimage"},"image":{"@id":"https:\/\/cvnoticias.com\/nuevapagina\/index.php\/2025\/12\/06\/avala-congreso-de-oaxaca-designacion-de-presidentes-municipales-en-valles-centrales-y-sierra-de-juarez\/#primaryimage"},"thumbnailUrl":"https:\/\/cvnoticias.com\/nuevapagina\/wp-content\/uploads\/2025\/12\/WhatsApp-Image-2025-12-06-at-12.53.03-PM.jpeg","datePublished":"2025-12-06T21:00:20+00:00","dateModified":"2025-12-06T21:00:21+00:00","breadcrumb":{"@id":"https:\/\/cvnoticias.com\/nuevapagina\/index.php\/2025\/12\/06\/avala-congreso-de-oaxaca-designacion-de-presidentes-municipales-en-valles-centrales-y-sierra-de-juarez\/#breadcrumb"},"inLanguage":"es","potentialAction":[{"@type":"ReadAction","target":["https:\/\/cvnoticias.com\/nuevapagina\/index.php\/2025\/12\/06\/avala-congreso-de-oaxaca-designacion-de-presidentes-municipales-en-valles-centrales-y-sierra-de-juarez\/"]}]},{"@type":"ImageObject","inLanguage":"es","@id":"https:\/\/cvnoticias.com\/nuevapagina\/index.php\/2025\/12\/06\/avala-congreso-de-oaxaca-designacion-de-presidentes-municipales-en-valles-centrales-y-sierra-de-juarez\/#primaryimage","url":"https:\/\/cvnoticias.com\/nuevapagina\/wp-content\/uploads\/2025\/12\/WhatsApp-Image-2025-12-06-at-12.53.03-PM.jpeg","contentUrl":"https:\/\/cvnoticias.com\/nuevapagina\/wp-content\/uploads\/2025\/12\/WhatsApp-Image-2025-12-06-at-12.53.03-PM.jpeg","width":1280,"height":853},{"@type":"BreadcrumbList","@id":"https:\/\/cvnoticias.com\/nuevapagina\/index.php\/2025\/12\/06\/avala-congreso-de-oaxaca-designacion-de-presidentes-municipales-en-valles-centrales-y-sierra-de-juarez\/#breadcrumb","itemListElement":[{"@type":"ListItem","position":1,"name":"Portada","item":"https:\/\/cvnoticias.com\/nuevapagina\/"},{"@type":"ListItem","position":2,"name":"Avala Congreso de Oaxaca designaci\u00f3n de presidentes municipales en Valles Centrales y Sierra de Ju\u00e1rez"}]},{"@type":"WebSite","@id":"https:\/\/cvnoticias.com\/nuevapagina\/#website","url":"https:\/\/cvnoticias.com\/nuevapagina\/","name":"CV Noticias","description":"Noticias de Oaxaca","publisher":{"@id":"https:\/\/cvnoticias.com\/nuevapagina\/#organization"},"potentialAction":[{"@type":"SearchAction","target":{"@type":"EntryPoint","urlTemplate":"https:\/\/cvnoticias.com\/nuevapagina\/?s={search_term_string}"},"query-input":{"@type":"PropertyValueSpecification","valueRequired":true,"valueName":"search_term_string"}}],"inLanguage":"es"},{"@type":"Organization","@id":"https:\/\/cvnoticias.com\/nuevapagina\/#organization","name":"CV Noticias","url":"https:\/\/cvnoticias.com\/nuevapagina\/","logo":{"@type":"ImageObject","inLanguage":"es","@id":"https:\/\/cvnoticias.com\/nuevapagina\/#\/schema\/logo\/image\/","url":"https:\/\/cvnoticias.com\/nuevapagina\/wp-content\/uploads\/2025\/05\/cropped-logo-1.png","contentUrl":"https:\/\/cvnoticias.com\/nuevapagina\/wp-content\/uploads\/2025\/05\/cropped-logo-1.png","width":320,"height":118,"caption":"CV Noticias"},"image":{"@id":"https:\/\/cvnoticias.com\/nuevapagina\/#\/schema\/logo\/image\/"}},{"@type":"Person","@id":"https:\/\/cvnoticias.com\/nuevapagina\/#\/schema\/person\/19e35f246421a31486be7321065f7463","name":"CvNoticias","image":{"@type":"ImageObject","inLanguage":"es","@id":"https:\/\/secure.gravatar.com\/avatar\/c3a4375d38fd8f9b34ac9e853cb706a079817c78f9a39e33b16a2b2b2e51688a?s=96&d=mm&r=g","url":"https:\/\/secure.gravatar.com\/avatar\/c3a4375d38fd8f9b34ac9e853cb706a079817c78f9a39e33b16a2b2b2e51688a?s=96&d=mm&r=g","contentUrl":"https:\/\/secure.gravatar.com\/avatar\/c3a4375d38fd8f9b34ac9e853cb706a079817c78f9a39e33b16a2b2b2e51688a?s=96&d=mm&r=g","caption":"CvNoticias"},"url":"https:\/\/cvnoticias.com\/nuevapagina\/index.php\/author\/gesner\/"}]}},"_links":{"self":[{"href":"https:\/\/cvnoticias.com\/nuevapagina\/index.php\/wp-json\/wp\/v2\/posts\/4229","targetHints":{"allow":["GET"]}}],"collection":[{"href":"https:\/\/cvnoticias.com\/nuevapagina\/index.php\/wp-json\/wp\/v2\/posts"}],"about":[{"href":"https:\/\/cvnoticias.com\/nuevapagina\/index.php\/wp-json\/wp\/v2\/types\/post"}],"author":[{"embeddable":true,"href":"https:\/\/cvnoticias.com\/nuevapagina\/index.php\/wp-json\/wp\/v2\/users\/2"}],"replies":[{"embeddable":true,"href":"https:\/\/cvnoticias.com\/nuevapagina\/index.php\/wp-json\/wp\/v2\/comments?post=4229"}],"version-history":[{"count":1,"href":"https:\/\/cvnoticias.com\/nuevapagina\/index.php\/wp-json\/wp\/v2\/posts\/4229\/revisions"}],"predecessor-version":[{"id":4236,"href":"https:\/\/cvnoticias.com\/nuevapagina\/index.php\/wp-json\/wp\/v2\/posts\/4229\/revisions\/4236"}],"wp:featuredmedia":[{"embeddable":true,"href":"https:\/\/cvnoticias.com\/nuevapagina\/index.php\/wp-json\/wp\/v2\/media\/4235"}],"wp:attachment":[{"href":"https:\/\/cvnoticias.com\/nuevapagina\/index.php\/wp-json\/wp\/v2\/media?parent=4229"}],"wp:term":[{"taxonomy":"category","embeddable":true,"href":"https:\/\/cvnoticias.com\/nuevapagina\/index.php\/wp-json\/wp\/v2\/categories?post=4229"},{"taxonomy":"post_tag","embeddable":true,"href":"https:\/\/cvnoticias.com\/nuevapagina\/index.php\/wp-json\/wp\/v2\/tags?post=4229"}],"curies":[{"name":"wp","href":"https:\/\/api.w.org\/{rel}","templated":true}]}}