{"id":4215,"date":"2025-12-05T21:34:51","date_gmt":"2025-12-05T21:34:51","guid":{"rendered":"https:\/\/cvnoticias.com\/nuevapagina\/?p=4215"},"modified":"2025-12-05T21:34:53","modified_gmt":"2025-12-05T21:34:53","slug":"fortalece-oaxaca-de-juarez-su-organizacion-comunitaria-con-10-nuevos-comites-ciudadanos","status":"publish","type":"post","link":"https:\/\/cvnoticias.com\/nuevapagina\/index.php\/2025\/12\/05\/fortalece-oaxaca-de-juarez-su-organizacion-comunitaria-con-10-nuevos-comites-ciudadanos\/","title":{"rendered":"Fortalece Oaxaca de Ju\u00e1rez su organizaci\u00f3n comunitaria con 10 nuevos comit\u00e9s ciudadanos"},"content":{"rendered":"\n<p><\/p>\n\n\n\n<p>La Administraci\u00f3n municipal avanza en la integraci\u00f3n de nuevos Comit\u00e9s Vecinales<\/p>\n\n\n\n<p>Oaxaca de Ju\u00e1rez, Oax., 5 de diciembre de 2025. El Municipio de Oaxaca de Ju\u00e1rez contin\u00faa fortaleciendo la participaci\u00f3n comunitaria con la renovaci\u00f3n de Comit\u00e9s Vecinales y Comisiones Auxiliares en diez colonias de la capital, proceso realizado recientemente por la Secretar\u00eda de Gobierno y Territorio Municipal a trav\u00e9s de la Direcci\u00f3n de Barrios Colonias.<\/p>\n\n\n\n<p>Durante esta jornada, vecinas y vecinos de Pueblo Nuevo Parte Baja, 5 Se\u00f1ores (Casco), colonia Nezahualc\u00f3yotl, fraccionamiento Nuestra Se\u00f1ora de la Trinidad de las Huertas, colonia Nezacubi, fraccionamiento Jacarandas, colonia Bugambilias, fraccionamiento Villas de Monte Alb\u00e1n (G.E.O.), Ampliaci\u00f3n Moctezuma y fraccionamiento Vista Hermosa Segunda Secci\u00f3n participaron activamente en un ejercicio democr\u00e1tico que reafirma el compromiso de la ciudadan\u00eda con la vida comunitaria.<\/p>\n\n\n\n<p>Como parte de este proceso continuo, la Secretar\u00eda de Gobierno y Territorio inform\u00f3 que los d\u00edas 6 y 7 de diciembre se llevar\u00e1n a cabo las asambleas para la renovaci\u00f3n de ocho comit\u00e9s m\u00e1s.<\/p>\n\n\n\n<p>Los Comit\u00e9s Vecinales son espacios esenciales de organizaci\u00f3n social, desde donde se canalizan necesidades y propuestas que permiten mejorar servicios, impulsar obras y promover acciones que fortalecen el bienestar de las colonias.<\/p>\n\n\n\n<p>Con estas acciones, el Ayuntamiento de Oaxaca de Ju\u00e1rez que encabeza Raymundo Chagoya Villanueva, reafirma su convicci\u00f3n de que la participaci\u00f3n ciudadana es la base de un gobierno eficaz y cercano, con la renovaci\u00f3n de los Comit\u00e9s Vecinales no s\u00f3lo fortalece los procesos de organizaci\u00f3n comunitaria, sino que tambi\u00e9n permite construir rutas de trabajo conjuntas que atiendan de manera m\u00e1s puntual las necesidades de cada colonia.<\/p>\n","protected":false},"excerpt":{"rendered":"<p>La Administraci\u00f3n municipal avanza en la integraci\u00f3n de nuevos Comit\u00e9s Vecinales Oaxaca de Ju\u00e1rez, Oax.,&#8230;<\/p>\n","protected":false},"author":2,"featured_media":4216,"comment_status":"open","ping_status":"closed","sticky":false,"template":"","format":"standard","meta":{"footnotes":""},"categories":[3],"tags":[],"class_list":["post-4215","post","type-post","status-publish","format-standard","has-post-thumbnail","hentry","category-comunicadosdeprensa"],"yoast_head":"<!-- This site is optimized with the Yoast SEO plugin v27.5 - https:\/\/yoast.com\/product\/yoast-seo-wordpress\/ -->\n<title>Fortalece Oaxaca de Ju\u00e1rez su organizaci\u00f3n comunitaria con 10 nuevos comit\u00e9s ciudadanos - CV Noticias<\/title>\n<meta name=\"robots\" content=\"index, follow, max-snippet:-1, max-image-preview:large, max-video-preview:-1\" \/>\n<link rel=\"canonical\" href=\"https:\/\/cvnoticias.com\/nuevapagina\/index.php\/2025\/12\/05\/fortalece-oaxaca-de-juarez-su-organizacion-comunitaria-con-10-nuevos-comites-ciudadanos\/\" \/>\n<meta property=\"og:locale\" content=\"es_ES\" \/>\n<meta property=\"og:type\" content=\"article\" \/>\n<meta property=\"og:title\" content=\"Fortalece Oaxaca de Ju\u00e1rez su organizaci\u00f3n comunitaria con 10 nuevos comit\u00e9s ciudadanos - CV Noticias\" \/>\n<meta property=\"og:description\" content=\"La Administraci\u00f3n municipal avanza en la integraci\u00f3n de nuevos Comit\u00e9s Vecinales Oaxaca de Ju\u00e1rez, Oax.,...\" \/>\n<meta property=\"og:url\" content=\"https:\/\/cvnoticias.com\/nuevapagina\/index.php\/2025\/12\/05\/fortalece-oaxaca-de-juarez-su-organizacion-comunitaria-con-10-nuevos-comites-ciudadanos\/\" \/>\n<meta property=\"og:site_name\" content=\"CV Noticias\" \/>\n<meta property=\"article:published_time\" content=\"2025-12-05T21:34:51+00:00\" \/>\n<meta property=\"article:modified_time\" content=\"2025-12-05T21:34:53+00:00\" \/>\n<meta property=\"og:image\" content=\"https:\/\/cvnoticias.com\/nuevapagina\/wp-content\/uploads\/2025\/12\/13470d97-e8f8-43ed-b102-a8167dc90c89.jpeg\" \/>\n\t<meta property=\"og:image:width\" content=\"1600\" \/>\n\t<meta property=\"og:image:height\" content=\"900\" \/>\n\t<meta property=\"og:image:type\" content=\"image\/jpeg\" \/>\n<meta name=\"author\" content=\"CvNoticias\" \/>\n<meta name=\"twitter:card\" content=\"summary_large_image\" \/>\n<meta name=\"twitter:label1\" content=\"Escrito por\" \/>\n\t<meta name=\"twitter:data1\" content=\"CvNoticias\" \/>\n\t<meta name=\"twitter:label2\" content=\"Tiempo de lectura\" \/>\n\t<meta name=\"twitter:data2\" content=\"1 minuto\" \/>\n<script type=\"application\/ld+json\" class=\"yoast-schema-graph\">{\"@context\":\"https:\\\/\\\/schema.org\",\"@graph\":[{\"@type\":\"Article\",\"@id\":\"https:\\\/\\\/cvnoticias.com\\\/nuevapagina\\\/index.php\\\/2025\\\/12\\\/05\\\/fortalece-oaxaca-de-juarez-su-organizacion-comunitaria-con-10-nuevos-comites-ciudadanos\\\/#article\",\"isPartOf\":{\"@id\":\"https:\\\/\\\/cvnoticias.com\\\/nuevapagina\\\/index.php\\\/2025\\\/12\\\/05\\\/fortalece-oaxaca-de-juarez-su-organizacion-comunitaria-con-10-nuevos-comites-ciudadanos\\\/\"},\"author\":{\"name\":\"CvNoticias\",\"@id\":\"https:\\\/\\\/cvnoticias.com\\\/nuevapagina\\\/#\\\/schema\\\/person\\\/19e35f246421a31486be7321065f7463\"},\"headline\":\"Fortalece Oaxaca de Ju\u00e1rez su organizaci\u00f3n comunitaria con 10 nuevos comit\u00e9s ciudadanos\",\"datePublished\":\"2025-12-05T21:34:51+00:00\",\"dateModified\":\"2025-12-05T21:34:53+00:00\",\"mainEntityOfPage\":{\"@id\":\"https:\\\/\\\/cvnoticias.com\\\/nuevapagina\\\/index.php\\\/2025\\\/12\\\/05\\\/fortalece-oaxaca-de-juarez-su-organizacion-comunitaria-con-10-nuevos-comites-ciudadanos\\\/\"},\"wordCount\":307,\"commentCount\":0,\"publisher\":{\"@id\":\"https:\\\/\\\/cvnoticias.com\\\/nuevapagina\\\/#organization\"},\"image\":{\"@id\":\"https:\\\/\\\/cvnoticias.com\\\/nuevapagina\\\/index.php\\\/2025\\\/12\\\/05\\\/fortalece-oaxaca-de-juarez-su-organizacion-comunitaria-con-10-nuevos-comites-ciudadanos\\\/#primaryimage\"},\"thumbnailUrl\":\"https:\\\/\\\/cvnoticias.com\\\/nuevapagina\\\/wp-content\\\/uploads\\\/2025\\\/12\\\/13470d97-e8f8-43ed-b102-a8167dc90c89.jpeg\",\"articleSection\":[\"Comunicados\"],\"inLanguage\":\"es\",\"potentialAction\":[{\"@type\":\"CommentAction\",\"name\":\"Comment\",\"target\":[\"https:\\\/\\\/cvnoticias.com\\\/nuevapagina\\\/index.php\\\/2025\\\/12\\\/05\\\/fortalece-oaxaca-de-juarez-su-organizacion-comunitaria-con-10-nuevos-comites-ciudadanos\\\/#respond\"]}]},{\"@type\":\"WebPage\",\"@id\":\"https:\\\/\\\/cvnoticias.com\\\/nuevapagina\\\/index.php\\\/2025\\\/12\\\/05\\\/fortalece-oaxaca-de-juarez-su-organizacion-comunitaria-con-10-nuevos-comites-ciudadanos\\\/\",\"url\":\"https:\\\/\\\/cvnoticias.com\\\/nuevapagina\\\/index.php\\\/2025\\\/12\\\/05\\\/fortalece-oaxaca-de-juarez-su-organizacion-comunitaria-con-10-nuevos-comites-ciudadanos\\\/\",\"name\":\"Fortalece Oaxaca de Ju\u00e1rez su organizaci\u00f3n comunitaria con 10 nuevos comit\u00e9s ciudadanos - CV Noticias\",\"isPartOf\":{\"@id\":\"https:\\\/\\\/cvnoticias.com\\\/nuevapagina\\\/#website\"},\"primaryImageOfPage\":{\"@id\":\"https:\\\/\\\/cvnoticias.com\\\/nuevapagina\\\/index.php\\\/2025\\\/12\\\/05\\\/fortalece-oaxaca-de-juarez-su-organizacion-comunitaria-con-10-nuevos-comites-ciudadanos\\\/#primaryimage\"},\"image\":{\"@id\":\"https:\\\/\\\/cvnoticias.com\\\/nuevapagina\\\/index.php\\\/2025\\\/12\\\/05\\\/fortalece-oaxaca-de-juarez-su-organizacion-comunitaria-con-10-nuevos-comites-ciudadanos\\\/#primaryimage\"},\"thumbnailUrl\":\"https:\\\/\\\/cvnoticias.com\\\/nuevapagina\\\/wp-content\\\/uploads\\\/2025\\\/12\\\/13470d97-e8f8-43ed-b102-a8167dc90c89.jpeg\",\"datePublished\":\"2025-12-05T21:34:51+00:00\",\"dateModified\":\"2025-12-05T21:34:53+00:00\",\"breadcrumb\":{\"@id\":\"https:\\\/\\\/cvnoticias.com\\\/nuevapagina\\\/index.php\\\/2025\\\/12\\\/05\\\/fortalece-oaxaca-de-juarez-su-organizacion-comunitaria-con-10-nuevos-comites-ciudadanos\\\/#breadcrumb\"},\"inLanguage\":\"es\",\"potentialAction\":[{\"@type\":\"ReadAction\",\"target\":[\"https:\\\/\\\/cvnoticias.com\\\/nuevapagina\\\/index.php\\\/2025\\\/12\\\/05\\\/fortalece-oaxaca-de-juarez-su-organizacion-comunitaria-con-10-nuevos-comites-ciudadanos\\\/\"]}]},{\"@type\":\"ImageObject\",\"inLanguage\":\"es\",\"@id\":\"https:\\\/\\\/cvnoticias.com\\\/nuevapagina\\\/index.php\\\/2025\\\/12\\\/05\\\/fortalece-oaxaca-de-juarez-su-organizacion-comunitaria-con-10-nuevos-comites-ciudadanos\\\/#primaryimage\",\"url\":\"https:\\\/\\\/cvnoticias.com\\\/nuevapagina\\\/wp-content\\\/uploads\\\/2025\\\/12\\\/13470d97-e8f8-43ed-b102-a8167dc90c89.jpeg\",\"contentUrl\":\"https:\\\/\\\/cvnoticias.com\\\/nuevapagina\\\/wp-content\\\/uploads\\\/2025\\\/12\\\/13470d97-e8f8-43ed-b102-a8167dc90c89.jpeg\",\"width\":1600,\"height\":900},{\"@type\":\"BreadcrumbList\",\"@id\":\"https:\\\/\\\/cvnoticias.com\\\/nuevapagina\\\/index.php\\\/2025\\\/12\\\/05\\\/fortalece-oaxaca-de-juarez-su-organizacion-comunitaria-con-10-nuevos-comites-ciudadanos\\\/#breadcrumb\",\"itemListElement\":[{\"@type\":\"ListItem\",\"position\":1,\"name\":\"Portada\",\"item\":\"https:\\\/\\\/cvnoticias.com\\\/nuevapagina\\\/\"},{\"@type\":\"ListItem\",\"position\":2,\"name\":\"Fortalece Oaxaca de Ju\u00e1rez su organizaci\u00f3n comunitaria con 10 nuevos comit\u00e9s ciudadanos\"}]},{\"@type\":\"WebSite\",\"@id\":\"https:\\\/\\\/cvnoticias.com\\\/nuevapagina\\\/#website\",\"url\":\"https:\\\/\\\/cvnoticias.com\\\/nuevapagina\\\/\",\"name\":\"CV Noticias\",\"description\":\"Noticias de Oaxaca\",\"publisher\":{\"@id\":\"https:\\\/\\\/cvnoticias.com\\\/nuevapagina\\\/#organization\"},\"potentialAction\":[{\"@type\":\"SearchAction\",\"target\":{\"@type\":\"EntryPoint\",\"urlTemplate\":\"https:\\\/\\\/cvnoticias.com\\\/nuevapagina\\\/?s={search_term_string}\"},\"query-input\":{\"@type\":\"PropertyValueSpecification\",\"valueRequired\":true,\"valueName\":\"search_term_string\"}}],\"inLanguage\":\"es\"},{\"@type\":\"Organization\",\"@id\":\"https:\\\/\\\/cvnoticias.com\\\/nuevapagina\\\/#organization\",\"name\":\"CV Noticias\",\"url\":\"https:\\\/\\\/cvnoticias.com\\\/nuevapagina\\\/\",\"logo\":{\"@type\":\"ImageObject\",\"inLanguage\":\"es\",\"@id\":\"https:\\\/\\\/cvnoticias.com\\\/nuevapagina\\\/#\\\/schema\\\/logo\\\/image\\\/\",\"url\":\"https:\\\/\\\/cvnoticias.com\\\/nuevapagina\\\/wp-content\\\/uploads\\\/2025\\\/05\\\/cropped-logo-1.png\",\"contentUrl\":\"https:\\\/\\\/cvnoticias.com\\\/nuevapagina\\\/wp-content\\\/uploads\\\/2025\\\/05\\\/cropped-logo-1.png\",\"width\":320,\"height\":118,\"caption\":\"CV Noticias\"},\"image\":{\"@id\":\"https:\\\/\\\/cvnoticias.com\\\/nuevapagina\\\/#\\\/schema\\\/logo\\\/image\\\/\"}},{\"@type\":\"Person\",\"@id\":\"https:\\\/\\\/cvnoticias.com\\\/nuevapagina\\\/#\\\/schema\\\/person\\\/19e35f246421a31486be7321065f7463\",\"name\":\"CvNoticias\",\"image\":{\"@type\":\"ImageObject\",\"inLanguage\":\"es\",\"@id\":\"https:\\\/\\\/secure.gravatar.com\\\/avatar\\\/c3a4375d38fd8f9b34ac9e853cb706a079817c78f9a39e33b16a2b2b2e51688a?s=96&d=mm&r=g\",\"url\":\"https:\\\/\\\/secure.gravatar.com\\\/avatar\\\/c3a4375d38fd8f9b34ac9e853cb706a079817c78f9a39e33b16a2b2b2e51688a?s=96&d=mm&r=g\",\"contentUrl\":\"https:\\\/\\\/secure.gravatar.com\\\/avatar\\\/c3a4375d38fd8f9b34ac9e853cb706a079817c78f9a39e33b16a2b2b2e51688a?s=96&d=mm&r=g\",\"caption\":\"CvNoticias\"},\"url\":\"https:\\\/\\\/cvnoticias.com\\\/nuevapagina\\\/index.php\\\/author\\\/gesner\\\/\"}]}<\/script>\n<!-- \/ Yoast SEO plugin. -->","yoast_head_json":{"title":"Fortalece Oaxaca de Ju\u00e1rez su organizaci\u00f3n comunitaria con 10 nuevos comit\u00e9s ciudadanos - CV Noticias","robots":{"index":"index","follow":"follow","max-snippet":"max-snippet:-1","max-image-preview":"max-image-preview:large","max-video-preview":"max-video-preview:-1"},"canonical":"https:\/\/cvnoticias.com\/nuevapagina\/index.php\/2025\/12\/05\/fortalece-oaxaca-de-juarez-su-organizacion-comunitaria-con-10-nuevos-comites-ciudadanos\/","og_locale":"es_ES","og_type":"article","og_title":"Fortalece Oaxaca de Ju\u00e1rez su organizaci\u00f3n comunitaria con 10 nuevos comit\u00e9s ciudadanos - CV Noticias","og_description":"La Administraci\u00f3n municipal avanza en la integraci\u00f3n de nuevos Comit\u00e9s Vecinales Oaxaca de Ju\u00e1rez, Oax.,...","og_url":"https:\/\/cvnoticias.com\/nuevapagina\/index.php\/2025\/12\/05\/fortalece-oaxaca-de-juarez-su-organizacion-comunitaria-con-10-nuevos-comites-ciudadanos\/","og_site_name":"CV Noticias","article_published_time":"2025-12-05T21:34:51+00:00","article_modified_time":"2025-12-05T21:34:53+00:00","og_image":[{"width":1600,"height":900,"url":"https:\/\/cvnoticias.com\/nuevapagina\/wp-content\/uploads\/2025\/12\/13470d97-e8f8-43ed-b102-a8167dc90c89.jpeg","type":"image\/jpeg"}],"author":"CvNoticias","twitter_card":"summary_large_image","twitter_misc":{"Escrito por":"CvNoticias","Tiempo de lectura":"1 minuto"},"schema":{"@context":"https:\/\/schema.org","@graph":[{"@type":"Article","@id":"https:\/\/cvnoticias.com\/nuevapagina\/index.php\/2025\/12\/05\/fortalece-oaxaca-de-juarez-su-organizacion-comunitaria-con-10-nuevos-comites-ciudadanos\/#article","isPartOf":{"@id":"https:\/\/cvnoticias.com\/nuevapagina\/index.php\/2025\/12\/05\/fortalece-oaxaca-de-juarez-su-organizacion-comunitaria-con-10-nuevos-comites-ciudadanos\/"},"author":{"name":"CvNoticias","@id":"https:\/\/cvnoticias.com\/nuevapagina\/#\/schema\/person\/19e35f246421a31486be7321065f7463"},"headline":"Fortalece Oaxaca de Ju\u00e1rez su organizaci\u00f3n comunitaria con 10 nuevos comit\u00e9s ciudadanos","datePublished":"2025-12-05T21:34:51+00:00","dateModified":"2025-12-05T21:34:53+00:00","mainEntityOfPage":{"@id":"https:\/\/cvnoticias.com\/nuevapagina\/index.php\/2025\/12\/05\/fortalece-oaxaca-de-juarez-su-organizacion-comunitaria-con-10-nuevos-comites-ciudadanos\/"},"wordCount":307,"commentCount":0,"publisher":{"@id":"https:\/\/cvnoticias.com\/nuevapagina\/#organization"},"image":{"@id":"https:\/\/cvnoticias.com\/nuevapagina\/index.php\/2025\/12\/05\/fortalece-oaxaca-de-juarez-su-organizacion-comunitaria-con-10-nuevos-comites-ciudadanos\/#primaryimage"},"thumbnailUrl":"https:\/\/cvnoticias.com\/nuevapagina\/wp-content\/uploads\/2025\/12\/13470d97-e8f8-43ed-b102-a8167dc90c89.jpeg","articleSection":["Comunicados"],"inLanguage":"es","potentialAction":[{"@type":"CommentAction","name":"Comment","target":["https:\/\/cvnoticias.com\/nuevapagina\/index.php\/2025\/12\/05\/fortalece-oaxaca-de-juarez-su-organizacion-comunitaria-con-10-nuevos-comites-ciudadanos\/#respond"]}]},{"@type":"WebPage","@id":"https:\/\/cvnoticias.com\/nuevapagina\/index.php\/2025\/12\/05\/fortalece-oaxaca-de-juarez-su-organizacion-comunitaria-con-10-nuevos-comites-ciudadanos\/","url":"https:\/\/cvnoticias.com\/nuevapagina\/index.php\/2025\/12\/05\/fortalece-oaxaca-de-juarez-su-organizacion-comunitaria-con-10-nuevos-comites-ciudadanos\/","name":"Fortalece Oaxaca de Ju\u00e1rez su organizaci\u00f3n comunitaria con 10 nuevos comit\u00e9s ciudadanos - CV Noticias","isPartOf":{"@id":"https:\/\/cvnoticias.com\/nuevapagina\/#website"},"primaryImageOfPage":{"@id":"https:\/\/cvnoticias.com\/nuevapagina\/index.php\/2025\/12\/05\/fortalece-oaxaca-de-juarez-su-organizacion-comunitaria-con-10-nuevos-comites-ciudadanos\/#primaryimage"},"image":{"@id":"https:\/\/cvnoticias.com\/nuevapagina\/index.php\/2025\/12\/05\/fortalece-oaxaca-de-juarez-su-organizacion-comunitaria-con-10-nuevos-comites-ciudadanos\/#primaryimage"},"thumbnailUrl":"https:\/\/cvnoticias.com\/nuevapagina\/wp-content\/uploads\/2025\/12\/13470d97-e8f8-43ed-b102-a8167dc90c89.jpeg","datePublished":"2025-12-05T21:34:51+00:00","dateModified":"2025-12-05T21:34:53+00:00","breadcrumb":{"@id":"https:\/\/cvnoticias.com\/nuevapagina\/index.php\/2025\/12\/05\/fortalece-oaxaca-de-juarez-su-organizacion-comunitaria-con-10-nuevos-comites-ciudadanos\/#breadcrumb"},"inLanguage":"es","potentialAction":[{"@type":"ReadAction","target":["https:\/\/cvnoticias.com\/nuevapagina\/index.php\/2025\/12\/05\/fortalece-oaxaca-de-juarez-su-organizacion-comunitaria-con-10-nuevos-comites-ciudadanos\/"]}]},{"@type":"ImageObject","inLanguage":"es","@id":"https:\/\/cvnoticias.com\/nuevapagina\/index.php\/2025\/12\/05\/fortalece-oaxaca-de-juarez-su-organizacion-comunitaria-con-10-nuevos-comites-ciudadanos\/#primaryimage","url":"https:\/\/cvnoticias.com\/nuevapagina\/wp-content\/uploads\/2025\/12\/13470d97-e8f8-43ed-b102-a8167dc90c89.jpeg","contentUrl":"https:\/\/cvnoticias.com\/nuevapagina\/wp-content\/uploads\/2025\/12\/13470d97-e8f8-43ed-b102-a8167dc90c89.jpeg","width":1600,"height":900},{"@type":"BreadcrumbList","@id":"https:\/\/cvnoticias.com\/nuevapagina\/index.php\/2025\/12\/05\/fortalece-oaxaca-de-juarez-su-organizacion-comunitaria-con-10-nuevos-comites-ciudadanos\/#breadcrumb","itemListElement":[{"@type":"ListItem","position":1,"name":"Portada","item":"https:\/\/cvnoticias.com\/nuevapagina\/"},{"@type":"ListItem","position":2,"name":"Fortalece Oaxaca de Ju\u00e1rez su organizaci\u00f3n comunitaria con 10 nuevos comit\u00e9s ciudadanos"}]},{"@type":"WebSite","@id":"https:\/\/cvnoticias.com\/nuevapagina\/#website","url":"https:\/\/cvnoticias.com\/nuevapagina\/","name":"CV Noticias","description":"Noticias de Oaxaca","publisher":{"@id":"https:\/\/cvnoticias.com\/nuevapagina\/#organization"},"potentialAction":[{"@type":"SearchAction","target":{"@type":"EntryPoint","urlTemplate":"https:\/\/cvnoticias.com\/nuevapagina\/?s={search_term_string}"},"query-input":{"@type":"PropertyValueSpecification","valueRequired":true,"valueName":"search_term_string"}}],"inLanguage":"es"},{"@type":"Organization","@id":"https:\/\/cvnoticias.com\/nuevapagina\/#organization","name":"CV Noticias","url":"https:\/\/cvnoticias.com\/nuevapagina\/","logo":{"@type":"ImageObject","inLanguage":"es","@id":"https:\/\/cvnoticias.com\/nuevapagina\/#\/schema\/logo\/image\/","url":"https:\/\/cvnoticias.com\/nuevapagina\/wp-content\/uploads\/2025\/05\/cropped-logo-1.png","contentUrl":"https:\/\/cvnoticias.com\/nuevapagina\/wp-content\/uploads\/2025\/05\/cropped-logo-1.png","width":320,"height":118,"caption":"CV Noticias"},"image":{"@id":"https:\/\/cvnoticias.com\/nuevapagina\/#\/schema\/logo\/image\/"}},{"@type":"Person","@id":"https:\/\/cvnoticias.com\/nuevapagina\/#\/schema\/person\/19e35f246421a31486be7321065f7463","name":"CvNoticias","image":{"@type":"ImageObject","inLanguage":"es","@id":"https:\/\/secure.gravatar.com\/avatar\/c3a4375d38fd8f9b34ac9e853cb706a079817c78f9a39e33b16a2b2b2e51688a?s=96&d=mm&r=g","url":"https:\/\/secure.gravatar.com\/avatar\/c3a4375d38fd8f9b34ac9e853cb706a079817c78f9a39e33b16a2b2b2e51688a?s=96&d=mm&r=g","contentUrl":"https:\/\/secure.gravatar.com\/avatar\/c3a4375d38fd8f9b34ac9e853cb706a079817c78f9a39e33b16a2b2b2e51688a?s=96&d=mm&r=g","caption":"CvNoticias"},"url":"https:\/\/cvnoticias.com\/nuevapagina\/index.php\/author\/gesner\/"}]}},"_links":{"self":[{"href":"https:\/\/cvnoticias.com\/nuevapagina\/index.php\/wp-json\/wp\/v2\/posts\/4215","targetHints":{"allow":["GET"]}}],"collection":[{"href":"https:\/\/cvnoticias.com\/nuevapagina\/index.php\/wp-json\/wp\/v2\/posts"}],"about":[{"href":"https:\/\/cvnoticias.com\/nuevapagina\/index.php\/wp-json\/wp\/v2\/types\/post"}],"author":[{"embeddable":true,"href":"https:\/\/cvnoticias.com\/nuevapagina\/index.php\/wp-json\/wp\/v2\/users\/2"}],"replies":[{"embeddable":true,"href":"https:\/\/cvnoticias.com\/nuevapagina\/index.php\/wp-json\/wp\/v2\/comments?post=4215"}],"version-history":[{"count":1,"href":"https:\/\/cvnoticias.com\/nuevapagina\/index.php\/wp-json\/wp\/v2\/posts\/4215\/revisions"}],"predecessor-version":[{"id":4217,"href":"https:\/\/cvnoticias.com\/nuevapagina\/index.php\/wp-json\/wp\/v2\/posts\/4215\/revisions\/4217"}],"wp:featuredmedia":[{"embeddable":true,"href":"https:\/\/cvnoticias.com\/nuevapagina\/index.php\/wp-json\/wp\/v2\/media\/4216"}],"wp:attachment":[{"href":"https:\/\/cvnoticias.com\/nuevapagina\/index.php\/wp-json\/wp\/v2\/media?parent=4215"}],"wp:term":[{"taxonomy":"category","embeddable":true,"href":"https:\/\/cvnoticias.com\/nuevapagina\/index.php\/wp-json\/wp\/v2\/categories?post=4215"},{"taxonomy":"post_tag","embeddable":true,"href":"https:\/\/cvnoticias.com\/nuevapagina\/index.php\/wp-json\/wp\/v2\/tags?post=4215"}],"curies":[{"name":"wp","href":"https:\/\/api.w.org\/{rel}","templated":true}]}}