{"id":4202,"date":"2025-12-05T13:29:37","date_gmt":"2025-12-05T13:29:37","guid":{"rendered":"https:\/\/cvnoticias.com\/nuevapagina\/?p=4202"},"modified":"2025-12-11T14:57:18","modified_gmt":"2025-12-11T14:57:18","slug":"congreso-del-estado-aprueba-donacion-de-un-predio-al-patrimonio-institucional-de-la-uabjo","status":"publish","type":"post","link":"https:\/\/cvnoticias.com\/nuevapagina\/index.php\/2025\/12\/05\/congreso-del-estado-aprueba-donacion-de-un-predio-al-patrimonio-institucional-de-la-uabjo\/","title":{"rendered":"Congreso del Estado aprueba donaci\u00f3n de un predio al patrimonio institucional de la UABJO"},"content":{"rendered":"\n<p><\/p>\n\n\n\n<ul class=\"wp-block-list\">\n<li>Este espacio ser\u00e1 destinado para el fortalecimiento de las actividades acad\u00e9micas del campus Acatl\u00e1n<\/li>\n<\/ul>\n\n\n\n<p>San Raymundo Jalpan, Oax., a 03 de diciembre de 2025.- Con el prop\u00f3sito de fortalecer la infraestructura acad\u00e9mica en la regi\u00f3n de Tuxtepec, el Congreso del Estado aval\u00f3 la incorporaci\u00f3n de un predio al patrimonio institucional de la Universidad Aut\u00f3noma Benito Ju\u00e1rez de Oaxaca (UABJO), destinado al funcionamiento y consolidaci\u00f3n del Campus Acatl\u00e1n.<\/p>\n\n\n\n<p>En Sesi\u00f3n Extraordinaria, el Pleno aprob\u00f3 con 31 votos el decreto que autoriza al municipio de Acatl\u00e1n de P\u00e9rez Figueroa la donaci\u00f3n parcial a t\u00edtulo gratuito de una fracci\u00f3n de terreno en favor de la m\u00e1xima casa de estudios, bajo las condiciones establecidas.<\/p>\n\n\n\n<p>La \u201cfracci\u00f3n 2\u201d del terreno, cuenta con una extensi\u00f3n de 72 mil 033 metros cuadrados y forma parte de un predio urbano situado sobre la carretera estatal Cosolapa\u2013El Amate.<\/p>\n\n\n\n<p>Este espacio ser\u00e1 destinado exclusivamente a fines educativos y se integrar\u00e1 de manera formal al patrimonio de la instituci\u00f3n para el fortalecimiento de las actividades acad\u00e9micas del campus, donde actualmente se imparten las licenciaturas en Contadur\u00eda P\u00fablica, Derecho y Administraci\u00f3n P\u00fablica.<\/p>\n\n\n\n<p>La donaci\u00f3n es de car\u00e1cter condicional y revocable en caso de que el uso del inmueble se destine a un fin distinto al autorizado.<\/p>\n\n\n\n<p>El Dictamen emitido por la Comisi\u00f3n Permanente de Fortalecimiento y Asuntos Municipales precisa que se autoriza al Ayuntamiento la ejecuci\u00f3n de los actos traslativos de dominio correspondientes, a efecto de formalizar la entrega de la superficie descrita.<\/p>\n\n\n\n<p>Asimismo, faculta a la presidenta municipal, Mar\u00eda Elvira Maciel Sosa, para otorgar la escritura respectiva con la asistencia de uno de los S\u00edndicos del Ayuntamiento, cumpliendo as\u00ed con los t\u00e9rminos legislativos aplicables y garantizando que el terreno quede debidamente incorporado al patrimonio de la UABJO.<\/p>\n","protected":false},"excerpt":{"rendered":"<p>San Raymundo Jalpan, Oax., a 03 de diciembre de 2025.- Con el prop\u00f3sito de fortalecer&#8230;<\/p>\n","protected":false},"author":2,"featured_media":4199,"comment_status":"open","ping_status":"closed","sticky":false,"template":"","format":"standard","meta":{"footnotes":""},"categories":[3],"tags":[],"class_list":["post-4202","post","type-post","status-publish","format-standard","has-post-thumbnail","hentry","category-comunicadosdeprensa"],"yoast_head":"<!-- This site is optimized with the Yoast SEO plugin v27.5 - https:\/\/yoast.com\/product\/yoast-seo-wordpress\/ -->\n<title>Congreso del Estado aprueba donaci\u00f3n de un predio al patrimonio institucional de la UABJO - CV Noticias<\/title>\n<meta name=\"robots\" content=\"index, follow, max-snippet:-1, max-image-preview:large, max-video-preview:-1\" \/>\n<link rel=\"canonical\" href=\"https:\/\/cvnoticias.com\/nuevapagina\/index.php\/2025\/12\/05\/congreso-del-estado-aprueba-donacion-de-un-predio-al-patrimonio-institucional-de-la-uabjo\/\" \/>\n<meta property=\"og:locale\" content=\"es_ES\" \/>\n<meta property=\"og:type\" content=\"article\" \/>\n<meta property=\"og:title\" content=\"Congreso del Estado aprueba donaci\u00f3n de un predio al patrimonio institucional de la UABJO - CV Noticias\" \/>\n<meta property=\"og:description\" content=\"San Raymundo Jalpan, Oax., a 03 de diciembre de 2025.- Con el prop\u00f3sito de fortalecer...\" \/>\n<meta property=\"og:url\" content=\"https:\/\/cvnoticias.com\/nuevapagina\/index.php\/2025\/12\/05\/congreso-del-estado-aprueba-donacion-de-un-predio-al-patrimonio-institucional-de-la-uabjo\/\" \/>\n<meta property=\"og:site_name\" content=\"CV Noticias\" \/>\n<meta property=\"article:published_time\" content=\"2025-12-05T13:29:37+00:00\" \/>\n<meta property=\"article:modified_time\" content=\"2025-12-11T14:57:18+00:00\" \/>\n<meta property=\"og:image\" content=\"https:\/\/cvnoticias.com\/nuevapagina\/wp-content\/uploads\/2025\/12\/WhatsApp-Image-2025-12-03-at-4.58.43-PM.jpeg\" \/>\n\t<meta property=\"og:image:width\" content=\"1280\" \/>\n\t<meta property=\"og:image:height\" content=\"853\" \/>\n\t<meta property=\"og:image:type\" content=\"image\/jpeg\" \/>\n<meta name=\"author\" content=\"CvNoticias\" \/>\n<meta name=\"twitter:card\" content=\"summary_large_image\" \/>\n<meta name=\"twitter:label1\" content=\"Escrito por\" \/>\n\t<meta name=\"twitter:data1\" content=\"CvNoticias\" \/>\n\t<meta name=\"twitter:label2\" content=\"Tiempo de lectura\" \/>\n\t<meta name=\"twitter:data2\" content=\"2 minutos\" \/>\n<script type=\"application\/ld+json\" class=\"yoast-schema-graph\">{\"@context\":\"https:\\\/\\\/schema.org\",\"@graph\":[{\"@type\":\"Article\",\"@id\":\"https:\\\/\\\/cvnoticias.com\\\/nuevapagina\\\/index.php\\\/2025\\\/12\\\/05\\\/congreso-del-estado-aprueba-donacion-de-un-predio-al-patrimonio-institucional-de-la-uabjo\\\/#article\",\"isPartOf\":{\"@id\":\"https:\\\/\\\/cvnoticias.com\\\/nuevapagina\\\/index.php\\\/2025\\\/12\\\/05\\\/congreso-del-estado-aprueba-donacion-de-un-predio-al-patrimonio-institucional-de-la-uabjo\\\/\"},\"author\":{\"name\":\"CvNoticias\",\"@id\":\"https:\\\/\\\/cvnoticias.com\\\/nuevapagina\\\/#\\\/schema\\\/person\\\/19e35f246421a31486be7321065f7463\"},\"headline\":\"Congreso del Estado aprueba donaci\u00f3n de un predio al patrimonio institucional de la UABJO\",\"datePublished\":\"2025-12-05T13:29:37+00:00\",\"dateModified\":\"2025-12-11T14:57:18+00:00\",\"mainEntityOfPage\":{\"@id\":\"https:\\\/\\\/cvnoticias.com\\\/nuevapagina\\\/index.php\\\/2025\\\/12\\\/05\\\/congreso-del-estado-aprueba-donacion-de-un-predio-al-patrimonio-institucional-de-la-uabjo\\\/\"},\"wordCount\":329,\"commentCount\":0,\"publisher\":{\"@id\":\"https:\\\/\\\/cvnoticias.com\\\/nuevapagina\\\/#organization\"},\"image\":{\"@id\":\"https:\\\/\\\/cvnoticias.com\\\/nuevapagina\\\/index.php\\\/2025\\\/12\\\/05\\\/congreso-del-estado-aprueba-donacion-de-un-predio-al-patrimonio-institucional-de-la-uabjo\\\/#primaryimage\"},\"thumbnailUrl\":\"https:\\\/\\\/cvnoticias.com\\\/nuevapagina\\\/wp-content\\\/uploads\\\/2025\\\/12\\\/WhatsApp-Image-2025-12-03-at-4.58.43-PM.jpeg\",\"articleSection\":[\"Comunicados\"],\"inLanguage\":\"es\",\"potentialAction\":[{\"@type\":\"CommentAction\",\"name\":\"Comment\",\"target\":[\"https:\\\/\\\/cvnoticias.com\\\/nuevapagina\\\/index.php\\\/2025\\\/12\\\/05\\\/congreso-del-estado-aprueba-donacion-de-un-predio-al-patrimonio-institucional-de-la-uabjo\\\/#respond\"]}]},{\"@type\":\"WebPage\",\"@id\":\"https:\\\/\\\/cvnoticias.com\\\/nuevapagina\\\/index.php\\\/2025\\\/12\\\/05\\\/congreso-del-estado-aprueba-donacion-de-un-predio-al-patrimonio-institucional-de-la-uabjo\\\/\",\"url\":\"https:\\\/\\\/cvnoticias.com\\\/nuevapagina\\\/index.php\\\/2025\\\/12\\\/05\\\/congreso-del-estado-aprueba-donacion-de-un-predio-al-patrimonio-institucional-de-la-uabjo\\\/\",\"name\":\"Congreso del Estado aprueba donaci\u00f3n de un predio al patrimonio institucional de la UABJO - CV Noticias\",\"isPartOf\":{\"@id\":\"https:\\\/\\\/cvnoticias.com\\\/nuevapagina\\\/#website\"},\"primaryImageOfPage\":{\"@id\":\"https:\\\/\\\/cvnoticias.com\\\/nuevapagina\\\/index.php\\\/2025\\\/12\\\/05\\\/congreso-del-estado-aprueba-donacion-de-un-predio-al-patrimonio-institucional-de-la-uabjo\\\/#primaryimage\"},\"image\":{\"@id\":\"https:\\\/\\\/cvnoticias.com\\\/nuevapagina\\\/index.php\\\/2025\\\/12\\\/05\\\/congreso-del-estado-aprueba-donacion-de-un-predio-al-patrimonio-institucional-de-la-uabjo\\\/#primaryimage\"},\"thumbnailUrl\":\"https:\\\/\\\/cvnoticias.com\\\/nuevapagina\\\/wp-content\\\/uploads\\\/2025\\\/12\\\/WhatsApp-Image-2025-12-03-at-4.58.43-PM.jpeg\",\"datePublished\":\"2025-12-05T13:29:37+00:00\",\"dateModified\":\"2025-12-11T14:57:18+00:00\",\"breadcrumb\":{\"@id\":\"https:\\\/\\\/cvnoticias.com\\\/nuevapagina\\\/index.php\\\/2025\\\/12\\\/05\\\/congreso-del-estado-aprueba-donacion-de-un-predio-al-patrimonio-institucional-de-la-uabjo\\\/#breadcrumb\"},\"inLanguage\":\"es\",\"potentialAction\":[{\"@type\":\"ReadAction\",\"target\":[\"https:\\\/\\\/cvnoticias.com\\\/nuevapagina\\\/index.php\\\/2025\\\/12\\\/05\\\/congreso-del-estado-aprueba-donacion-de-un-predio-al-patrimonio-institucional-de-la-uabjo\\\/\"]}]},{\"@type\":\"ImageObject\",\"inLanguage\":\"es\",\"@id\":\"https:\\\/\\\/cvnoticias.com\\\/nuevapagina\\\/index.php\\\/2025\\\/12\\\/05\\\/congreso-del-estado-aprueba-donacion-de-un-predio-al-patrimonio-institucional-de-la-uabjo\\\/#primaryimage\",\"url\":\"https:\\\/\\\/cvnoticias.com\\\/nuevapagina\\\/wp-content\\\/uploads\\\/2025\\\/12\\\/WhatsApp-Image-2025-12-03-at-4.58.43-PM.jpeg\",\"contentUrl\":\"https:\\\/\\\/cvnoticias.com\\\/nuevapagina\\\/wp-content\\\/uploads\\\/2025\\\/12\\\/WhatsApp-Image-2025-12-03-at-4.58.43-PM.jpeg\",\"width\":1280,\"height\":853},{\"@type\":\"BreadcrumbList\",\"@id\":\"https:\\\/\\\/cvnoticias.com\\\/nuevapagina\\\/index.php\\\/2025\\\/12\\\/05\\\/congreso-del-estado-aprueba-donacion-de-un-predio-al-patrimonio-institucional-de-la-uabjo\\\/#breadcrumb\",\"itemListElement\":[{\"@type\":\"ListItem\",\"position\":1,\"name\":\"Portada\",\"item\":\"https:\\\/\\\/cvnoticias.com\\\/nuevapagina\\\/\"},{\"@type\":\"ListItem\",\"position\":2,\"name\":\"Congreso del Estado aprueba donaci\u00f3n de un predio al patrimonio institucional de la UABJO\"}]},{\"@type\":\"WebSite\",\"@id\":\"https:\\\/\\\/cvnoticias.com\\\/nuevapagina\\\/#website\",\"url\":\"https:\\\/\\\/cvnoticias.com\\\/nuevapagina\\\/\",\"name\":\"CV Noticias\",\"description\":\"Noticias de Oaxaca\",\"publisher\":{\"@id\":\"https:\\\/\\\/cvnoticias.com\\\/nuevapagina\\\/#organization\"},\"potentialAction\":[{\"@type\":\"SearchAction\",\"target\":{\"@type\":\"EntryPoint\",\"urlTemplate\":\"https:\\\/\\\/cvnoticias.com\\\/nuevapagina\\\/?s={search_term_string}\"},\"query-input\":{\"@type\":\"PropertyValueSpecification\",\"valueRequired\":true,\"valueName\":\"search_term_string\"}}],\"inLanguage\":\"es\"},{\"@type\":\"Organization\",\"@id\":\"https:\\\/\\\/cvnoticias.com\\\/nuevapagina\\\/#organization\",\"name\":\"CV Noticias\",\"url\":\"https:\\\/\\\/cvnoticias.com\\\/nuevapagina\\\/\",\"logo\":{\"@type\":\"ImageObject\",\"inLanguage\":\"es\",\"@id\":\"https:\\\/\\\/cvnoticias.com\\\/nuevapagina\\\/#\\\/schema\\\/logo\\\/image\\\/\",\"url\":\"https:\\\/\\\/cvnoticias.com\\\/nuevapagina\\\/wp-content\\\/uploads\\\/2025\\\/05\\\/cropped-logo-1.png\",\"contentUrl\":\"https:\\\/\\\/cvnoticias.com\\\/nuevapagina\\\/wp-content\\\/uploads\\\/2025\\\/05\\\/cropped-logo-1.png\",\"width\":320,\"height\":118,\"caption\":\"CV Noticias\"},\"image\":{\"@id\":\"https:\\\/\\\/cvnoticias.com\\\/nuevapagina\\\/#\\\/schema\\\/logo\\\/image\\\/\"}},{\"@type\":\"Person\",\"@id\":\"https:\\\/\\\/cvnoticias.com\\\/nuevapagina\\\/#\\\/schema\\\/person\\\/19e35f246421a31486be7321065f7463\",\"name\":\"CvNoticias\",\"image\":{\"@type\":\"ImageObject\",\"inLanguage\":\"es\",\"@id\":\"https:\\\/\\\/secure.gravatar.com\\\/avatar\\\/c3a4375d38fd8f9b34ac9e853cb706a079817c78f9a39e33b16a2b2b2e51688a?s=96&d=mm&r=g\",\"url\":\"https:\\\/\\\/secure.gravatar.com\\\/avatar\\\/c3a4375d38fd8f9b34ac9e853cb706a079817c78f9a39e33b16a2b2b2e51688a?s=96&d=mm&r=g\",\"contentUrl\":\"https:\\\/\\\/secure.gravatar.com\\\/avatar\\\/c3a4375d38fd8f9b34ac9e853cb706a079817c78f9a39e33b16a2b2b2e51688a?s=96&d=mm&r=g\",\"caption\":\"CvNoticias\"},\"url\":\"https:\\\/\\\/cvnoticias.com\\\/nuevapagina\\\/index.php\\\/author\\\/gesner\\\/\"}]}<\/script>\n<!-- \/ Yoast SEO plugin. -->","yoast_head_json":{"title":"Congreso del Estado aprueba donaci\u00f3n de un predio al patrimonio institucional de la UABJO - CV Noticias","robots":{"index":"index","follow":"follow","max-snippet":"max-snippet:-1","max-image-preview":"max-image-preview:large","max-video-preview":"max-video-preview:-1"},"canonical":"https:\/\/cvnoticias.com\/nuevapagina\/index.php\/2025\/12\/05\/congreso-del-estado-aprueba-donacion-de-un-predio-al-patrimonio-institucional-de-la-uabjo\/","og_locale":"es_ES","og_type":"article","og_title":"Congreso del Estado aprueba donaci\u00f3n de un predio al patrimonio institucional de la UABJO - CV Noticias","og_description":"San Raymundo Jalpan, Oax., a 03 de diciembre de 2025.- Con el prop\u00f3sito de fortalecer...","og_url":"https:\/\/cvnoticias.com\/nuevapagina\/index.php\/2025\/12\/05\/congreso-del-estado-aprueba-donacion-de-un-predio-al-patrimonio-institucional-de-la-uabjo\/","og_site_name":"CV Noticias","article_published_time":"2025-12-05T13:29:37+00:00","article_modified_time":"2025-12-11T14:57:18+00:00","og_image":[{"width":1280,"height":853,"url":"https:\/\/cvnoticias.com\/nuevapagina\/wp-content\/uploads\/2025\/12\/WhatsApp-Image-2025-12-03-at-4.58.43-PM.jpeg","type":"image\/jpeg"}],"author":"CvNoticias","twitter_card":"summary_large_image","twitter_misc":{"Escrito por":"CvNoticias","Tiempo de lectura":"2 minutos"},"schema":{"@context":"https:\/\/schema.org","@graph":[{"@type":"Article","@id":"https:\/\/cvnoticias.com\/nuevapagina\/index.php\/2025\/12\/05\/congreso-del-estado-aprueba-donacion-de-un-predio-al-patrimonio-institucional-de-la-uabjo\/#article","isPartOf":{"@id":"https:\/\/cvnoticias.com\/nuevapagina\/index.php\/2025\/12\/05\/congreso-del-estado-aprueba-donacion-de-un-predio-al-patrimonio-institucional-de-la-uabjo\/"},"author":{"name":"CvNoticias","@id":"https:\/\/cvnoticias.com\/nuevapagina\/#\/schema\/person\/19e35f246421a31486be7321065f7463"},"headline":"Congreso del Estado aprueba donaci\u00f3n de un predio al patrimonio institucional de la UABJO","datePublished":"2025-12-05T13:29:37+00:00","dateModified":"2025-12-11T14:57:18+00:00","mainEntityOfPage":{"@id":"https:\/\/cvnoticias.com\/nuevapagina\/index.php\/2025\/12\/05\/congreso-del-estado-aprueba-donacion-de-un-predio-al-patrimonio-institucional-de-la-uabjo\/"},"wordCount":329,"commentCount":0,"publisher":{"@id":"https:\/\/cvnoticias.com\/nuevapagina\/#organization"},"image":{"@id":"https:\/\/cvnoticias.com\/nuevapagina\/index.php\/2025\/12\/05\/congreso-del-estado-aprueba-donacion-de-un-predio-al-patrimonio-institucional-de-la-uabjo\/#primaryimage"},"thumbnailUrl":"https:\/\/cvnoticias.com\/nuevapagina\/wp-content\/uploads\/2025\/12\/WhatsApp-Image-2025-12-03-at-4.58.43-PM.jpeg","articleSection":["Comunicados"],"inLanguage":"es","potentialAction":[{"@type":"CommentAction","name":"Comment","target":["https:\/\/cvnoticias.com\/nuevapagina\/index.php\/2025\/12\/05\/congreso-del-estado-aprueba-donacion-de-un-predio-al-patrimonio-institucional-de-la-uabjo\/#respond"]}]},{"@type":"WebPage","@id":"https:\/\/cvnoticias.com\/nuevapagina\/index.php\/2025\/12\/05\/congreso-del-estado-aprueba-donacion-de-un-predio-al-patrimonio-institucional-de-la-uabjo\/","url":"https:\/\/cvnoticias.com\/nuevapagina\/index.php\/2025\/12\/05\/congreso-del-estado-aprueba-donacion-de-un-predio-al-patrimonio-institucional-de-la-uabjo\/","name":"Congreso del Estado aprueba donaci\u00f3n de un predio al patrimonio institucional de la UABJO - CV Noticias","isPartOf":{"@id":"https:\/\/cvnoticias.com\/nuevapagina\/#website"},"primaryImageOfPage":{"@id":"https:\/\/cvnoticias.com\/nuevapagina\/index.php\/2025\/12\/05\/congreso-del-estado-aprueba-donacion-de-un-predio-al-patrimonio-institucional-de-la-uabjo\/#primaryimage"},"image":{"@id":"https:\/\/cvnoticias.com\/nuevapagina\/index.php\/2025\/12\/05\/congreso-del-estado-aprueba-donacion-de-un-predio-al-patrimonio-institucional-de-la-uabjo\/#primaryimage"},"thumbnailUrl":"https:\/\/cvnoticias.com\/nuevapagina\/wp-content\/uploads\/2025\/12\/WhatsApp-Image-2025-12-03-at-4.58.43-PM.jpeg","datePublished":"2025-12-05T13:29:37+00:00","dateModified":"2025-12-11T14:57:18+00:00","breadcrumb":{"@id":"https:\/\/cvnoticias.com\/nuevapagina\/index.php\/2025\/12\/05\/congreso-del-estado-aprueba-donacion-de-un-predio-al-patrimonio-institucional-de-la-uabjo\/#breadcrumb"},"inLanguage":"es","potentialAction":[{"@type":"ReadAction","target":["https:\/\/cvnoticias.com\/nuevapagina\/index.php\/2025\/12\/05\/congreso-del-estado-aprueba-donacion-de-un-predio-al-patrimonio-institucional-de-la-uabjo\/"]}]},{"@type":"ImageObject","inLanguage":"es","@id":"https:\/\/cvnoticias.com\/nuevapagina\/index.php\/2025\/12\/05\/congreso-del-estado-aprueba-donacion-de-un-predio-al-patrimonio-institucional-de-la-uabjo\/#primaryimage","url":"https:\/\/cvnoticias.com\/nuevapagina\/wp-content\/uploads\/2025\/12\/WhatsApp-Image-2025-12-03-at-4.58.43-PM.jpeg","contentUrl":"https:\/\/cvnoticias.com\/nuevapagina\/wp-content\/uploads\/2025\/12\/WhatsApp-Image-2025-12-03-at-4.58.43-PM.jpeg","width":1280,"height":853},{"@type":"BreadcrumbList","@id":"https:\/\/cvnoticias.com\/nuevapagina\/index.php\/2025\/12\/05\/congreso-del-estado-aprueba-donacion-de-un-predio-al-patrimonio-institucional-de-la-uabjo\/#breadcrumb","itemListElement":[{"@type":"ListItem","position":1,"name":"Portada","item":"https:\/\/cvnoticias.com\/nuevapagina\/"},{"@type":"ListItem","position":2,"name":"Congreso del Estado aprueba donaci\u00f3n de un predio al patrimonio institucional de la UABJO"}]},{"@type":"WebSite","@id":"https:\/\/cvnoticias.com\/nuevapagina\/#website","url":"https:\/\/cvnoticias.com\/nuevapagina\/","name":"CV Noticias","description":"Noticias de Oaxaca","publisher":{"@id":"https:\/\/cvnoticias.com\/nuevapagina\/#organization"},"potentialAction":[{"@type":"SearchAction","target":{"@type":"EntryPoint","urlTemplate":"https:\/\/cvnoticias.com\/nuevapagina\/?s={search_term_string}"},"query-input":{"@type":"PropertyValueSpecification","valueRequired":true,"valueName":"search_term_string"}}],"inLanguage":"es"},{"@type":"Organization","@id":"https:\/\/cvnoticias.com\/nuevapagina\/#organization","name":"CV Noticias","url":"https:\/\/cvnoticias.com\/nuevapagina\/","logo":{"@type":"ImageObject","inLanguage":"es","@id":"https:\/\/cvnoticias.com\/nuevapagina\/#\/schema\/logo\/image\/","url":"https:\/\/cvnoticias.com\/nuevapagina\/wp-content\/uploads\/2025\/05\/cropped-logo-1.png","contentUrl":"https:\/\/cvnoticias.com\/nuevapagina\/wp-content\/uploads\/2025\/05\/cropped-logo-1.png","width":320,"height":118,"caption":"CV Noticias"},"image":{"@id":"https:\/\/cvnoticias.com\/nuevapagina\/#\/schema\/logo\/image\/"}},{"@type":"Person","@id":"https:\/\/cvnoticias.com\/nuevapagina\/#\/schema\/person\/19e35f246421a31486be7321065f7463","name":"CvNoticias","image":{"@type":"ImageObject","inLanguage":"es","@id":"https:\/\/secure.gravatar.com\/avatar\/c3a4375d38fd8f9b34ac9e853cb706a079817c78f9a39e33b16a2b2b2e51688a?s=96&d=mm&r=g","url":"https:\/\/secure.gravatar.com\/avatar\/c3a4375d38fd8f9b34ac9e853cb706a079817c78f9a39e33b16a2b2b2e51688a?s=96&d=mm&r=g","contentUrl":"https:\/\/secure.gravatar.com\/avatar\/c3a4375d38fd8f9b34ac9e853cb706a079817c78f9a39e33b16a2b2b2e51688a?s=96&d=mm&r=g","caption":"CvNoticias"},"url":"https:\/\/cvnoticias.com\/nuevapagina\/index.php\/author\/gesner\/"}]}},"_links":{"self":[{"href":"https:\/\/cvnoticias.com\/nuevapagina\/index.php\/wp-json\/wp\/v2\/posts\/4202","targetHints":{"allow":["GET"]}}],"collection":[{"href":"https:\/\/cvnoticias.com\/nuevapagina\/index.php\/wp-json\/wp\/v2\/posts"}],"about":[{"href":"https:\/\/cvnoticias.com\/nuevapagina\/index.php\/wp-json\/wp\/v2\/types\/post"}],"author":[{"embeddable":true,"href":"https:\/\/cvnoticias.com\/nuevapagina\/index.php\/wp-json\/wp\/v2\/users\/2"}],"replies":[{"embeddable":true,"href":"https:\/\/cvnoticias.com\/nuevapagina\/index.php\/wp-json\/wp\/v2\/comments?post=4202"}],"version-history":[{"count":1,"href":"https:\/\/cvnoticias.com\/nuevapagina\/index.php\/wp-json\/wp\/v2\/posts\/4202\/revisions"}],"predecessor-version":[{"id":4203,"href":"https:\/\/cvnoticias.com\/nuevapagina\/index.php\/wp-json\/wp\/v2\/posts\/4202\/revisions\/4203"}],"wp:featuredmedia":[{"embeddable":true,"href":"https:\/\/cvnoticias.com\/nuevapagina\/index.php\/wp-json\/wp\/v2\/media\/4199"}],"wp:attachment":[{"href":"https:\/\/cvnoticias.com\/nuevapagina\/index.php\/wp-json\/wp\/v2\/media?parent=4202"}],"wp:term":[{"taxonomy":"category","embeddable":true,"href":"https:\/\/cvnoticias.com\/nuevapagina\/index.php\/wp-json\/wp\/v2\/categories?post=4202"},{"taxonomy":"post_tag","embeddable":true,"href":"https:\/\/cvnoticias.com\/nuevapagina\/index.php\/wp-json\/wp\/v2\/tags?post=4202"}],"curies":[{"name":"wp","href":"https:\/\/api.w.org\/{rel}","templated":true}]}}