{"id":4191,"date":"2025-12-05T01:36:50","date_gmt":"2025-12-05T01:36:50","guid":{"rendered":"https:\/\/cvnoticias.com\/nuevapagina\/?p=4191"},"modified":"2025-12-05T01:36:51","modified_gmt":"2025-12-05T01:36:51","slug":"realiza-congreso-de-oaxaca-foro-por-el-reconocimiento-de-la-libertad-religiosa-como-derecho-fundamental","status":"publish","type":"post","link":"https:\/\/cvnoticias.com\/nuevapagina\/index.php\/2025\/12\/05\/realiza-congreso-de-oaxaca-foro-por-el-reconocimiento-de-la-libertad-religiosa-como-derecho-fundamental\/","title":{"rendered":"Realiza Congreso de Oaxaca, Foro por el Reconocimiento de la Libertad Religiosa como Derecho Fundamental"},"content":{"rendered":"\n<p><\/p>\n\n\n\n<p>Con el objetivo de hacer valer y fortalecer los derechos humanos en Oaxaca, la Comisi\u00f3n Permanente de Mujeres e Igualdad de G\u00e9nero, de la LXVI Legislatura del Congreso del Estado, llev\u00f3 a cabo el \u201cForo por el Reconocimiento de la Libertad Religiosa como Derecho Fundamental\u201d.<\/p>\n\n\n\n<p>La actividad, impulsada y coordinada por la legisladora Dennis Garc\u00eda Guti\u00e9rrez, presidenta de la comisi\u00f3n, se realiz\u00f3 en el marco del \u201cD\u00eda Estatal de la Libertad Religiosa\u201d que se conmemora cada 04 de diciembre, en la que participaron autoridades civiles, religiosas y sociedad civil.<\/p>\n\n\n\n<p>Durante su intervenci\u00f3n, la presidenta de la Mesa Directiva, diputada Eva Diego Cruz, destac\u00f3 la importancia de consolidar un marco jur\u00eddico que garantice el ejercicio pleno de la libertad de conciencia en un estado pluricultural. Subray\u00f3 que, \u201cpese a los avances normativos, persisten retos derivados de la diversidad comunitaria, donde esta libertad contin\u00faa siendo motivo de conflictos\u201d, por ello, llam\u00f3 a sumar esfuerzos institucionales y ciudadanos para construir una convivencia basada en el respeto, la tolerancia y la igualdad.<\/p>\n\n\n\n<p>La titular de la Defensor\u00eda de los Derechos Humanos del Pueblo de Oaxaca (DDHPO), Mtra. Elizabeth Lara Rodr\u00edguez, enfatiz\u00f3 que la libertad religiosa es esencial para garantizar la dignidad humana, por lo que es necesario que este d\u00eda sirva como un ejercicio de reflexi\u00f3n para enviar un mensaje claro, \u201cen la entidad ninguna persona debe ser discriminada por sus creencias\u201d.<\/p>\n\n\n\n<p>En su participaci\u00f3n, el director de Asuntos Religiosos de la Secretar\u00eda de Gobierno, Edwin Mart\u00ednez Esp\u00edndola, resalt\u00f3 que este derecho es un pilar democr\u00e1tico que exige condiciones reales para el desarrollo pac\u00edfico de todas las expresiones de fe. Afirm\u00f3 que la colaboraci\u00f3n respetuosa entre instituciones y asociaciones religiosas es indispensable para fortalecer la convivencia social.<\/p>\n\n\n\n<p>Por su parte, el coordinador estatal de Iniciativa Ciudadana, Juan Antonio Hern\u00e1ndez Ram\u00edrez, record\u00f3 que la neutralidad gubernamental es indispensable para proteger la libertad de conciencia, y que los recientes avances legislativos representan un paso importante, aunque a\u00fan persisten desaf\u00edos para erradicar pr\u00e1cticas de intolerancia en el estado.<\/p>\n\n\n\n<p>Al cierre, la diputada Garc\u00eda Guti\u00e9rrez reafirm\u00f3 su compromiso de trabajar desde el Congreso en la revisi\u00f3n y fortalecimiento del marco normativo que garantice plenamente este derecho en Oaxaca y reiter\u00f3 que el establecimiento del \u201cD\u00eda Estatal de la Libertad Religiosa\u201d representa un avance significativo en la visibilizaci\u00f3n de un tema hist\u00f3ricamente relegado.<\/p>\n\n\n\n<p><\/p>\n","protected":false},"excerpt":{"rendered":"<p>Con el objetivo de hacer valer y fortalecer los derechos humanos en Oaxaca, la Comisi\u00f3n&#8230;<\/p>\n","protected":false},"author":2,"featured_media":4188,"comment_status":"open","ping_status":"closed","sticky":false,"template":"","format":"standard","meta":{"footnotes":""},"categories":[2],"tags":[],"class_list":["post-4191","post","type-post","status-publish","format-standard","has-post-thumbnail","hentry","category-noticiasestatales"],"yoast_head":"<!-- This site is optimized with the Yoast SEO plugin v27.5 - https:\/\/yoast.com\/product\/yoast-seo-wordpress\/ -->\n<title>Realiza Congreso de Oaxaca, Foro por el Reconocimiento de la Libertad Religiosa como Derecho Fundamental - CV Noticias<\/title>\n<meta name=\"robots\" content=\"index, follow, max-snippet:-1, max-image-preview:large, max-video-preview:-1\" \/>\n<link rel=\"canonical\" href=\"https:\/\/cvnoticias.com\/nuevapagina\/index.php\/2025\/12\/05\/realiza-congreso-de-oaxaca-foro-por-el-reconocimiento-de-la-libertad-religiosa-como-derecho-fundamental\/\" \/>\n<meta property=\"og:locale\" content=\"es_ES\" \/>\n<meta property=\"og:type\" content=\"article\" \/>\n<meta property=\"og:title\" content=\"Realiza Congreso de Oaxaca, Foro por el Reconocimiento de la Libertad Religiosa como Derecho Fundamental - CV Noticias\" \/>\n<meta property=\"og:description\" content=\"Con el objetivo de hacer valer y fortalecer los derechos humanos en Oaxaca, la Comisi\u00f3n...\" \/>\n<meta property=\"og:url\" content=\"https:\/\/cvnoticias.com\/nuevapagina\/index.php\/2025\/12\/05\/realiza-congreso-de-oaxaca-foro-por-el-reconocimiento-de-la-libertad-religiosa-como-derecho-fundamental\/\" \/>\n<meta property=\"og:site_name\" content=\"CV Noticias\" \/>\n<meta property=\"article:published_time\" content=\"2025-12-05T01:36:50+00:00\" \/>\n<meta property=\"article:modified_time\" content=\"2025-12-05T01:36:51+00:00\" \/>\n<meta property=\"og:image\" content=\"https:\/\/cvnoticias.com\/nuevapagina\/wp-content\/uploads\/2025\/12\/92db7331-d6a5-474c-8f24-3ed1f809eac7.jpeg\" \/>\n\t<meta property=\"og:image:width\" content=\"1280\" \/>\n\t<meta property=\"og:image:height\" content=\"845\" \/>\n\t<meta property=\"og:image:type\" content=\"image\/jpeg\" \/>\n<meta name=\"author\" content=\"CvNoticias\" \/>\n<meta name=\"twitter:card\" content=\"summary_large_image\" \/>\n<meta name=\"twitter:label1\" content=\"Escrito por\" \/>\n\t<meta name=\"twitter:data1\" content=\"CvNoticias\" \/>\n\t<meta name=\"twitter:label2\" content=\"Tiempo de lectura\" \/>\n\t<meta name=\"twitter:data2\" content=\"2 minutos\" \/>\n<script type=\"application\/ld+json\" class=\"yoast-schema-graph\">{\"@context\":\"https:\\\/\\\/schema.org\",\"@graph\":[{\"@type\":\"Article\",\"@id\":\"https:\\\/\\\/cvnoticias.com\\\/nuevapagina\\\/index.php\\\/2025\\\/12\\\/05\\\/realiza-congreso-de-oaxaca-foro-por-el-reconocimiento-de-la-libertad-religiosa-como-derecho-fundamental\\\/#article\",\"isPartOf\":{\"@id\":\"https:\\\/\\\/cvnoticias.com\\\/nuevapagina\\\/index.php\\\/2025\\\/12\\\/05\\\/realiza-congreso-de-oaxaca-foro-por-el-reconocimiento-de-la-libertad-religiosa-como-derecho-fundamental\\\/\"},\"author\":{\"name\":\"CvNoticias\",\"@id\":\"https:\\\/\\\/cvnoticias.com\\\/nuevapagina\\\/#\\\/schema\\\/person\\\/19e35f246421a31486be7321065f7463\"},\"headline\":\"Realiza Congreso de Oaxaca, Foro por el Reconocimiento de la Libertad Religiosa como Derecho Fundamental\",\"datePublished\":\"2025-12-05T01:36:50+00:00\",\"dateModified\":\"2025-12-05T01:36:51+00:00\",\"mainEntityOfPage\":{\"@id\":\"https:\\\/\\\/cvnoticias.com\\\/nuevapagina\\\/index.php\\\/2025\\\/12\\\/05\\\/realiza-congreso-de-oaxaca-foro-por-el-reconocimiento-de-la-libertad-religiosa-como-derecho-fundamental\\\/\"},\"wordCount\":429,\"commentCount\":0,\"publisher\":{\"@id\":\"https:\\\/\\\/cvnoticias.com\\\/nuevapagina\\\/#organization\"},\"image\":{\"@id\":\"https:\\\/\\\/cvnoticias.com\\\/nuevapagina\\\/index.php\\\/2025\\\/12\\\/05\\\/realiza-congreso-de-oaxaca-foro-por-el-reconocimiento-de-la-libertad-religiosa-como-derecho-fundamental\\\/#primaryimage\"},\"thumbnailUrl\":\"https:\\\/\\\/cvnoticias.com\\\/nuevapagina\\\/wp-content\\\/uploads\\\/2025\\\/12\\\/92db7331-d6a5-474c-8f24-3ed1f809eac7.jpeg\",\"articleSection\":[\"Estatales\"],\"inLanguage\":\"es\",\"potentialAction\":[{\"@type\":\"CommentAction\",\"name\":\"Comment\",\"target\":[\"https:\\\/\\\/cvnoticias.com\\\/nuevapagina\\\/index.php\\\/2025\\\/12\\\/05\\\/realiza-congreso-de-oaxaca-foro-por-el-reconocimiento-de-la-libertad-religiosa-como-derecho-fundamental\\\/#respond\"]}]},{\"@type\":\"WebPage\",\"@id\":\"https:\\\/\\\/cvnoticias.com\\\/nuevapagina\\\/index.php\\\/2025\\\/12\\\/05\\\/realiza-congreso-de-oaxaca-foro-por-el-reconocimiento-de-la-libertad-religiosa-como-derecho-fundamental\\\/\",\"url\":\"https:\\\/\\\/cvnoticias.com\\\/nuevapagina\\\/index.php\\\/2025\\\/12\\\/05\\\/realiza-congreso-de-oaxaca-foro-por-el-reconocimiento-de-la-libertad-religiosa-como-derecho-fundamental\\\/\",\"name\":\"Realiza Congreso de Oaxaca, Foro por el Reconocimiento de la Libertad Religiosa como Derecho Fundamental - CV Noticias\",\"isPartOf\":{\"@id\":\"https:\\\/\\\/cvnoticias.com\\\/nuevapagina\\\/#website\"},\"primaryImageOfPage\":{\"@id\":\"https:\\\/\\\/cvnoticias.com\\\/nuevapagina\\\/index.php\\\/2025\\\/12\\\/05\\\/realiza-congreso-de-oaxaca-foro-por-el-reconocimiento-de-la-libertad-religiosa-como-derecho-fundamental\\\/#primaryimage\"},\"image\":{\"@id\":\"https:\\\/\\\/cvnoticias.com\\\/nuevapagina\\\/index.php\\\/2025\\\/12\\\/05\\\/realiza-congreso-de-oaxaca-foro-por-el-reconocimiento-de-la-libertad-religiosa-como-derecho-fundamental\\\/#primaryimage\"},\"thumbnailUrl\":\"https:\\\/\\\/cvnoticias.com\\\/nuevapagina\\\/wp-content\\\/uploads\\\/2025\\\/12\\\/92db7331-d6a5-474c-8f24-3ed1f809eac7.jpeg\",\"datePublished\":\"2025-12-05T01:36:50+00:00\",\"dateModified\":\"2025-12-05T01:36:51+00:00\",\"breadcrumb\":{\"@id\":\"https:\\\/\\\/cvnoticias.com\\\/nuevapagina\\\/index.php\\\/2025\\\/12\\\/05\\\/realiza-congreso-de-oaxaca-foro-por-el-reconocimiento-de-la-libertad-religiosa-como-derecho-fundamental\\\/#breadcrumb\"},\"inLanguage\":\"es\",\"potentialAction\":[{\"@type\":\"ReadAction\",\"target\":[\"https:\\\/\\\/cvnoticias.com\\\/nuevapagina\\\/index.php\\\/2025\\\/12\\\/05\\\/realiza-congreso-de-oaxaca-foro-por-el-reconocimiento-de-la-libertad-religiosa-como-derecho-fundamental\\\/\"]}]},{\"@type\":\"ImageObject\",\"inLanguage\":\"es\",\"@id\":\"https:\\\/\\\/cvnoticias.com\\\/nuevapagina\\\/index.php\\\/2025\\\/12\\\/05\\\/realiza-congreso-de-oaxaca-foro-por-el-reconocimiento-de-la-libertad-religiosa-como-derecho-fundamental\\\/#primaryimage\",\"url\":\"https:\\\/\\\/cvnoticias.com\\\/nuevapagina\\\/wp-content\\\/uploads\\\/2025\\\/12\\\/92db7331-d6a5-474c-8f24-3ed1f809eac7.jpeg\",\"contentUrl\":\"https:\\\/\\\/cvnoticias.com\\\/nuevapagina\\\/wp-content\\\/uploads\\\/2025\\\/12\\\/92db7331-d6a5-474c-8f24-3ed1f809eac7.jpeg\",\"width\":1280,\"height\":845},{\"@type\":\"BreadcrumbList\",\"@id\":\"https:\\\/\\\/cvnoticias.com\\\/nuevapagina\\\/index.php\\\/2025\\\/12\\\/05\\\/realiza-congreso-de-oaxaca-foro-por-el-reconocimiento-de-la-libertad-religiosa-como-derecho-fundamental\\\/#breadcrumb\",\"itemListElement\":[{\"@type\":\"ListItem\",\"position\":1,\"name\":\"Portada\",\"item\":\"https:\\\/\\\/cvnoticias.com\\\/nuevapagina\\\/\"},{\"@type\":\"ListItem\",\"position\":2,\"name\":\"Realiza Congreso de Oaxaca, Foro por el Reconocimiento de la Libertad Religiosa como Derecho Fundamental\"}]},{\"@type\":\"WebSite\",\"@id\":\"https:\\\/\\\/cvnoticias.com\\\/nuevapagina\\\/#website\",\"url\":\"https:\\\/\\\/cvnoticias.com\\\/nuevapagina\\\/\",\"name\":\"CV Noticias\",\"description\":\"Noticias de Oaxaca\",\"publisher\":{\"@id\":\"https:\\\/\\\/cvnoticias.com\\\/nuevapagina\\\/#organization\"},\"potentialAction\":[{\"@type\":\"SearchAction\",\"target\":{\"@type\":\"EntryPoint\",\"urlTemplate\":\"https:\\\/\\\/cvnoticias.com\\\/nuevapagina\\\/?s={search_term_string}\"},\"query-input\":{\"@type\":\"PropertyValueSpecification\",\"valueRequired\":true,\"valueName\":\"search_term_string\"}}],\"inLanguage\":\"es\"},{\"@type\":\"Organization\",\"@id\":\"https:\\\/\\\/cvnoticias.com\\\/nuevapagina\\\/#organization\",\"name\":\"CV Noticias\",\"url\":\"https:\\\/\\\/cvnoticias.com\\\/nuevapagina\\\/\",\"logo\":{\"@type\":\"ImageObject\",\"inLanguage\":\"es\",\"@id\":\"https:\\\/\\\/cvnoticias.com\\\/nuevapagina\\\/#\\\/schema\\\/logo\\\/image\\\/\",\"url\":\"https:\\\/\\\/cvnoticias.com\\\/nuevapagina\\\/wp-content\\\/uploads\\\/2025\\\/05\\\/cropped-logo-1.png\",\"contentUrl\":\"https:\\\/\\\/cvnoticias.com\\\/nuevapagina\\\/wp-content\\\/uploads\\\/2025\\\/05\\\/cropped-logo-1.png\",\"width\":320,\"height\":118,\"caption\":\"CV Noticias\"},\"image\":{\"@id\":\"https:\\\/\\\/cvnoticias.com\\\/nuevapagina\\\/#\\\/schema\\\/logo\\\/image\\\/\"}},{\"@type\":\"Person\",\"@id\":\"https:\\\/\\\/cvnoticias.com\\\/nuevapagina\\\/#\\\/schema\\\/person\\\/19e35f246421a31486be7321065f7463\",\"name\":\"CvNoticias\",\"image\":{\"@type\":\"ImageObject\",\"inLanguage\":\"es\",\"@id\":\"https:\\\/\\\/secure.gravatar.com\\\/avatar\\\/c3a4375d38fd8f9b34ac9e853cb706a079817c78f9a39e33b16a2b2b2e51688a?s=96&d=mm&r=g\",\"url\":\"https:\\\/\\\/secure.gravatar.com\\\/avatar\\\/c3a4375d38fd8f9b34ac9e853cb706a079817c78f9a39e33b16a2b2b2e51688a?s=96&d=mm&r=g\",\"contentUrl\":\"https:\\\/\\\/secure.gravatar.com\\\/avatar\\\/c3a4375d38fd8f9b34ac9e853cb706a079817c78f9a39e33b16a2b2b2e51688a?s=96&d=mm&r=g\",\"caption\":\"CvNoticias\"},\"url\":\"https:\\\/\\\/cvnoticias.com\\\/nuevapagina\\\/index.php\\\/author\\\/gesner\\\/\"}]}<\/script>\n<!-- \/ Yoast SEO plugin. -->","yoast_head_json":{"title":"Realiza Congreso de Oaxaca, Foro por el Reconocimiento de la Libertad Religiosa como Derecho Fundamental - CV Noticias","robots":{"index":"index","follow":"follow","max-snippet":"max-snippet:-1","max-image-preview":"max-image-preview:large","max-video-preview":"max-video-preview:-1"},"canonical":"https:\/\/cvnoticias.com\/nuevapagina\/index.php\/2025\/12\/05\/realiza-congreso-de-oaxaca-foro-por-el-reconocimiento-de-la-libertad-religiosa-como-derecho-fundamental\/","og_locale":"es_ES","og_type":"article","og_title":"Realiza Congreso de Oaxaca, Foro por el Reconocimiento de la Libertad Religiosa como Derecho Fundamental - CV Noticias","og_description":"Con el objetivo de hacer valer y fortalecer los derechos humanos en Oaxaca, la Comisi\u00f3n...","og_url":"https:\/\/cvnoticias.com\/nuevapagina\/index.php\/2025\/12\/05\/realiza-congreso-de-oaxaca-foro-por-el-reconocimiento-de-la-libertad-religiosa-como-derecho-fundamental\/","og_site_name":"CV Noticias","article_published_time":"2025-12-05T01:36:50+00:00","article_modified_time":"2025-12-05T01:36:51+00:00","og_image":[{"width":1280,"height":845,"url":"https:\/\/cvnoticias.com\/nuevapagina\/wp-content\/uploads\/2025\/12\/92db7331-d6a5-474c-8f24-3ed1f809eac7.jpeg","type":"image\/jpeg"}],"author":"CvNoticias","twitter_card":"summary_large_image","twitter_misc":{"Escrito por":"CvNoticias","Tiempo de lectura":"2 minutos"},"schema":{"@context":"https:\/\/schema.org","@graph":[{"@type":"Article","@id":"https:\/\/cvnoticias.com\/nuevapagina\/index.php\/2025\/12\/05\/realiza-congreso-de-oaxaca-foro-por-el-reconocimiento-de-la-libertad-religiosa-como-derecho-fundamental\/#article","isPartOf":{"@id":"https:\/\/cvnoticias.com\/nuevapagina\/index.php\/2025\/12\/05\/realiza-congreso-de-oaxaca-foro-por-el-reconocimiento-de-la-libertad-religiosa-como-derecho-fundamental\/"},"author":{"name":"CvNoticias","@id":"https:\/\/cvnoticias.com\/nuevapagina\/#\/schema\/person\/19e35f246421a31486be7321065f7463"},"headline":"Realiza Congreso de Oaxaca, Foro por el Reconocimiento de la Libertad Religiosa como Derecho Fundamental","datePublished":"2025-12-05T01:36:50+00:00","dateModified":"2025-12-05T01:36:51+00:00","mainEntityOfPage":{"@id":"https:\/\/cvnoticias.com\/nuevapagina\/index.php\/2025\/12\/05\/realiza-congreso-de-oaxaca-foro-por-el-reconocimiento-de-la-libertad-religiosa-como-derecho-fundamental\/"},"wordCount":429,"commentCount":0,"publisher":{"@id":"https:\/\/cvnoticias.com\/nuevapagina\/#organization"},"image":{"@id":"https:\/\/cvnoticias.com\/nuevapagina\/index.php\/2025\/12\/05\/realiza-congreso-de-oaxaca-foro-por-el-reconocimiento-de-la-libertad-religiosa-como-derecho-fundamental\/#primaryimage"},"thumbnailUrl":"https:\/\/cvnoticias.com\/nuevapagina\/wp-content\/uploads\/2025\/12\/92db7331-d6a5-474c-8f24-3ed1f809eac7.jpeg","articleSection":["Estatales"],"inLanguage":"es","potentialAction":[{"@type":"CommentAction","name":"Comment","target":["https:\/\/cvnoticias.com\/nuevapagina\/index.php\/2025\/12\/05\/realiza-congreso-de-oaxaca-foro-por-el-reconocimiento-de-la-libertad-religiosa-como-derecho-fundamental\/#respond"]}]},{"@type":"WebPage","@id":"https:\/\/cvnoticias.com\/nuevapagina\/index.php\/2025\/12\/05\/realiza-congreso-de-oaxaca-foro-por-el-reconocimiento-de-la-libertad-religiosa-como-derecho-fundamental\/","url":"https:\/\/cvnoticias.com\/nuevapagina\/index.php\/2025\/12\/05\/realiza-congreso-de-oaxaca-foro-por-el-reconocimiento-de-la-libertad-religiosa-como-derecho-fundamental\/","name":"Realiza Congreso de Oaxaca, Foro por el Reconocimiento de la Libertad Religiosa como Derecho Fundamental - CV Noticias","isPartOf":{"@id":"https:\/\/cvnoticias.com\/nuevapagina\/#website"},"primaryImageOfPage":{"@id":"https:\/\/cvnoticias.com\/nuevapagina\/index.php\/2025\/12\/05\/realiza-congreso-de-oaxaca-foro-por-el-reconocimiento-de-la-libertad-religiosa-como-derecho-fundamental\/#primaryimage"},"image":{"@id":"https:\/\/cvnoticias.com\/nuevapagina\/index.php\/2025\/12\/05\/realiza-congreso-de-oaxaca-foro-por-el-reconocimiento-de-la-libertad-religiosa-como-derecho-fundamental\/#primaryimage"},"thumbnailUrl":"https:\/\/cvnoticias.com\/nuevapagina\/wp-content\/uploads\/2025\/12\/92db7331-d6a5-474c-8f24-3ed1f809eac7.jpeg","datePublished":"2025-12-05T01:36:50+00:00","dateModified":"2025-12-05T01:36:51+00:00","breadcrumb":{"@id":"https:\/\/cvnoticias.com\/nuevapagina\/index.php\/2025\/12\/05\/realiza-congreso-de-oaxaca-foro-por-el-reconocimiento-de-la-libertad-religiosa-como-derecho-fundamental\/#breadcrumb"},"inLanguage":"es","potentialAction":[{"@type":"ReadAction","target":["https:\/\/cvnoticias.com\/nuevapagina\/index.php\/2025\/12\/05\/realiza-congreso-de-oaxaca-foro-por-el-reconocimiento-de-la-libertad-religiosa-como-derecho-fundamental\/"]}]},{"@type":"ImageObject","inLanguage":"es","@id":"https:\/\/cvnoticias.com\/nuevapagina\/index.php\/2025\/12\/05\/realiza-congreso-de-oaxaca-foro-por-el-reconocimiento-de-la-libertad-religiosa-como-derecho-fundamental\/#primaryimage","url":"https:\/\/cvnoticias.com\/nuevapagina\/wp-content\/uploads\/2025\/12\/92db7331-d6a5-474c-8f24-3ed1f809eac7.jpeg","contentUrl":"https:\/\/cvnoticias.com\/nuevapagina\/wp-content\/uploads\/2025\/12\/92db7331-d6a5-474c-8f24-3ed1f809eac7.jpeg","width":1280,"height":845},{"@type":"BreadcrumbList","@id":"https:\/\/cvnoticias.com\/nuevapagina\/index.php\/2025\/12\/05\/realiza-congreso-de-oaxaca-foro-por-el-reconocimiento-de-la-libertad-religiosa-como-derecho-fundamental\/#breadcrumb","itemListElement":[{"@type":"ListItem","position":1,"name":"Portada","item":"https:\/\/cvnoticias.com\/nuevapagina\/"},{"@type":"ListItem","position":2,"name":"Realiza Congreso de Oaxaca, Foro por el Reconocimiento de la Libertad Religiosa como Derecho Fundamental"}]},{"@type":"WebSite","@id":"https:\/\/cvnoticias.com\/nuevapagina\/#website","url":"https:\/\/cvnoticias.com\/nuevapagina\/","name":"CV Noticias","description":"Noticias de Oaxaca","publisher":{"@id":"https:\/\/cvnoticias.com\/nuevapagina\/#organization"},"potentialAction":[{"@type":"SearchAction","target":{"@type":"EntryPoint","urlTemplate":"https:\/\/cvnoticias.com\/nuevapagina\/?s={search_term_string}"},"query-input":{"@type":"PropertyValueSpecification","valueRequired":true,"valueName":"search_term_string"}}],"inLanguage":"es"},{"@type":"Organization","@id":"https:\/\/cvnoticias.com\/nuevapagina\/#organization","name":"CV Noticias","url":"https:\/\/cvnoticias.com\/nuevapagina\/","logo":{"@type":"ImageObject","inLanguage":"es","@id":"https:\/\/cvnoticias.com\/nuevapagina\/#\/schema\/logo\/image\/","url":"https:\/\/cvnoticias.com\/nuevapagina\/wp-content\/uploads\/2025\/05\/cropped-logo-1.png","contentUrl":"https:\/\/cvnoticias.com\/nuevapagina\/wp-content\/uploads\/2025\/05\/cropped-logo-1.png","width":320,"height":118,"caption":"CV Noticias"},"image":{"@id":"https:\/\/cvnoticias.com\/nuevapagina\/#\/schema\/logo\/image\/"}},{"@type":"Person","@id":"https:\/\/cvnoticias.com\/nuevapagina\/#\/schema\/person\/19e35f246421a31486be7321065f7463","name":"CvNoticias","image":{"@type":"ImageObject","inLanguage":"es","@id":"https:\/\/secure.gravatar.com\/avatar\/c3a4375d38fd8f9b34ac9e853cb706a079817c78f9a39e33b16a2b2b2e51688a?s=96&d=mm&r=g","url":"https:\/\/secure.gravatar.com\/avatar\/c3a4375d38fd8f9b34ac9e853cb706a079817c78f9a39e33b16a2b2b2e51688a?s=96&d=mm&r=g","contentUrl":"https:\/\/secure.gravatar.com\/avatar\/c3a4375d38fd8f9b34ac9e853cb706a079817c78f9a39e33b16a2b2b2e51688a?s=96&d=mm&r=g","caption":"CvNoticias"},"url":"https:\/\/cvnoticias.com\/nuevapagina\/index.php\/author\/gesner\/"}]}},"_links":{"self":[{"href":"https:\/\/cvnoticias.com\/nuevapagina\/index.php\/wp-json\/wp\/v2\/posts\/4191","targetHints":{"allow":["GET"]}}],"collection":[{"href":"https:\/\/cvnoticias.com\/nuevapagina\/index.php\/wp-json\/wp\/v2\/posts"}],"about":[{"href":"https:\/\/cvnoticias.com\/nuevapagina\/index.php\/wp-json\/wp\/v2\/types\/post"}],"author":[{"embeddable":true,"href":"https:\/\/cvnoticias.com\/nuevapagina\/index.php\/wp-json\/wp\/v2\/users\/2"}],"replies":[{"embeddable":true,"href":"https:\/\/cvnoticias.com\/nuevapagina\/index.php\/wp-json\/wp\/v2\/comments?post=4191"}],"version-history":[{"count":1,"href":"https:\/\/cvnoticias.com\/nuevapagina\/index.php\/wp-json\/wp\/v2\/posts\/4191\/revisions"}],"predecessor-version":[{"id":4192,"href":"https:\/\/cvnoticias.com\/nuevapagina\/index.php\/wp-json\/wp\/v2\/posts\/4191\/revisions\/4192"}],"wp:featuredmedia":[{"embeddable":true,"href":"https:\/\/cvnoticias.com\/nuevapagina\/index.php\/wp-json\/wp\/v2\/media\/4188"}],"wp:attachment":[{"href":"https:\/\/cvnoticias.com\/nuevapagina\/index.php\/wp-json\/wp\/v2\/media?parent=4191"}],"wp:term":[{"taxonomy":"category","embeddable":true,"href":"https:\/\/cvnoticias.com\/nuevapagina\/index.php\/wp-json\/wp\/v2\/categories?post=4191"},{"taxonomy":"post_tag","embeddable":true,"href":"https:\/\/cvnoticias.com\/nuevapagina\/index.php\/wp-json\/wp\/v2\/tags?post=4191"}],"curies":[{"name":"wp","href":"https:\/\/api.w.org\/{rel}","templated":true}]}}