{"id":4186,"date":"2025-12-05T01:34:52","date_gmt":"2025-12-05T01:34:52","guid":{"rendered":"https:\/\/cvnoticias.com\/nuevapagina\/?p=4186"},"modified":"2025-12-05T01:34:54","modified_gmt":"2025-12-05T01:34:54","slug":"aprueba-congreso-de-oaxaca-exhorto-para-declarar-diciembre-mes-del-testamento-migrante","status":"publish","type":"post","link":"https:\/\/cvnoticias.com\/nuevapagina\/index.php\/2025\/12\/05\/aprueba-congreso-de-oaxaca-exhorto-para-declarar-diciembre-mes-del-testamento-migrante\/","title":{"rendered":"Aprueba Congreso de Oaxaca exhorto para declarar diciembre \u201cMes del Testamento Migrante\u201d"},"content":{"rendered":"\n<p><\/p>\n\n\n\n<p>Tras se\u00f1alar que Oaxaca es un estado de alta migraci\u00f3n, donde m\u00e1s de 1.5 millones de oaxaque\u00f1as y oaxaque\u00f1os viven en el extranjero, principalmente en los Estados Unidos, la diputada Concepci\u00f3n Rueda G\u00f3mez, present\u00f3 un exhorto que fue aprobado por unanimidad, que propone implementar el programa Diciembre \u201cMes del Testamento Migrante\u201d.<\/p>\n\n\n\n<p>\u201cPero aunque las personas migrantes generan riqueza, su patrimonio sigue jur\u00eddicamente desprotegido, la mayor\u00eda no cuenta con un testamento formal y cuando fallecen en el extranjero, sus familias en Oaxaca enfrentan conflictos, litigios interminables o incluso, la p\u00e9rdida total de los bienes\u201d.<\/p>\n\n\n\n<p>Rueda G\u00f3mez, record\u00f3 que, tan solo en 2024, Oaxaca capt\u00f3 3 mil 433 millones de d\u00f3lares en remesas y durante los primeros nueve meses de este a\u00f1o, supera ya los 50 mil millones de pesos, recursos que mantienen hogares, negocios, proyectos de vida, pero especialmente, sostienen a las comunidades ind\u00edgenas, por lo que consider\u00f3 que dicho exhorto busca justicia, reconocimiento y protecci\u00f3n para los migrantes y sus familias.<\/p>\n\n\n\n<p>\u201cPor eso, diciembre es estrat\u00e9gico, es cuando m\u00e1s migrantes regresan al estado, es el momento adecuado para acercar servicios notariales gratuitos o de bajo costo, garantizar seguridad jur\u00eddica, proteger el patrimonio familiar y devolver un poco de certeza a quienes sostienen la econom\u00eda oaxaque\u00f1a desde lejos\u201d.<\/p>\n\n\n\n<p>La diputada del Grupo Parlamentario de Morena, propuso que el gobierno del estado en coordinaci\u00f3n con el gremio notarial institucionalice cada diciembre como el mes del testamento migrante, con el fin de que ninguna familia oaxaque\u00f1a, quede en la indefensi\u00f3n.<\/p>\n\n\n\n<p><\/p>\n","protected":false},"excerpt":{"rendered":"<p>Tras se\u00f1alar que Oaxaca es un estado de alta migraci\u00f3n, donde m\u00e1s de 1.5 millones&#8230;<\/p>\n","protected":false},"author":2,"featured_media":4189,"comment_status":"open","ping_status":"closed","sticky":false,"template":"","format":"standard","meta":{"footnotes":""},"categories":[2],"tags":[],"class_list":["post-4186","post","type-post","status-publish","format-standard","has-post-thumbnail","hentry","category-noticiasestatales"],"yoast_head":"<!-- This site is optimized with the Yoast SEO plugin v27.5 - https:\/\/yoast.com\/product\/yoast-seo-wordpress\/ -->\n<title>Aprueba Congreso de Oaxaca exhorto para declarar diciembre \u201cMes del Testamento Migrante\u201d - CV Noticias<\/title>\n<meta name=\"robots\" content=\"index, follow, max-snippet:-1, max-image-preview:large, max-video-preview:-1\" \/>\n<link rel=\"canonical\" href=\"https:\/\/cvnoticias.com\/nuevapagina\/index.php\/2025\/12\/05\/aprueba-congreso-de-oaxaca-exhorto-para-declarar-diciembre-mes-del-testamento-migrante\/\" \/>\n<meta property=\"og:locale\" content=\"es_ES\" \/>\n<meta property=\"og:type\" content=\"article\" \/>\n<meta property=\"og:title\" content=\"Aprueba Congreso de Oaxaca exhorto para declarar diciembre \u201cMes del Testamento Migrante\u201d - CV Noticias\" \/>\n<meta property=\"og:description\" content=\"Tras se\u00f1alar que Oaxaca es un estado de alta migraci\u00f3n, donde m\u00e1s de 1.5 millones...\" \/>\n<meta property=\"og:url\" content=\"https:\/\/cvnoticias.com\/nuevapagina\/index.php\/2025\/12\/05\/aprueba-congreso-de-oaxaca-exhorto-para-declarar-diciembre-mes-del-testamento-migrante\/\" \/>\n<meta property=\"og:site_name\" content=\"CV Noticias\" \/>\n<meta property=\"article:published_time\" content=\"2025-12-05T01:34:52+00:00\" \/>\n<meta property=\"article:modified_time\" content=\"2025-12-05T01:34:54+00:00\" \/>\n<meta property=\"og:image\" content=\"https:\/\/cvnoticias.com\/nuevapagina\/wp-content\/uploads\/2025\/12\/b889bb8c-f8cc-4713-ab12-cd226d6699bc.jpeg\" \/>\n\t<meta property=\"og:image:width\" content=\"1280\" \/>\n\t<meta property=\"og:image:height\" content=\"892\" \/>\n\t<meta property=\"og:image:type\" content=\"image\/jpeg\" \/>\n<meta name=\"author\" content=\"CvNoticias\" \/>\n<meta name=\"twitter:card\" content=\"summary_large_image\" \/>\n<meta name=\"twitter:label1\" content=\"Escrito por\" \/>\n\t<meta name=\"twitter:data1\" content=\"CvNoticias\" \/>\n\t<meta name=\"twitter:label2\" content=\"Tiempo de lectura\" \/>\n\t<meta name=\"twitter:data2\" content=\"2 minutos\" \/>\n<script type=\"application\/ld+json\" class=\"yoast-schema-graph\">{\"@context\":\"https:\\\/\\\/schema.org\",\"@graph\":[{\"@type\":\"Article\",\"@id\":\"https:\\\/\\\/cvnoticias.com\\\/nuevapagina\\\/index.php\\\/2025\\\/12\\\/05\\\/aprueba-congreso-de-oaxaca-exhorto-para-declarar-diciembre-mes-del-testamento-migrante\\\/#article\",\"isPartOf\":{\"@id\":\"https:\\\/\\\/cvnoticias.com\\\/nuevapagina\\\/index.php\\\/2025\\\/12\\\/05\\\/aprueba-congreso-de-oaxaca-exhorto-para-declarar-diciembre-mes-del-testamento-migrante\\\/\"},\"author\":{\"name\":\"CvNoticias\",\"@id\":\"https:\\\/\\\/cvnoticias.com\\\/nuevapagina\\\/#\\\/schema\\\/person\\\/19e35f246421a31486be7321065f7463\"},\"headline\":\"Aprueba Congreso de Oaxaca exhorto para declarar diciembre \u201cMes del Testamento Migrante\u201d\",\"datePublished\":\"2025-12-05T01:34:52+00:00\",\"dateModified\":\"2025-12-05T01:34:54+00:00\",\"mainEntityOfPage\":{\"@id\":\"https:\\\/\\\/cvnoticias.com\\\/nuevapagina\\\/index.php\\\/2025\\\/12\\\/05\\\/aprueba-congreso-de-oaxaca-exhorto-para-declarar-diciembre-mes-del-testamento-migrante\\\/\"},\"wordCount\":277,\"commentCount\":0,\"publisher\":{\"@id\":\"https:\\\/\\\/cvnoticias.com\\\/nuevapagina\\\/#organization\"},\"image\":{\"@id\":\"https:\\\/\\\/cvnoticias.com\\\/nuevapagina\\\/index.php\\\/2025\\\/12\\\/05\\\/aprueba-congreso-de-oaxaca-exhorto-para-declarar-diciembre-mes-del-testamento-migrante\\\/#primaryimage\"},\"thumbnailUrl\":\"https:\\\/\\\/cvnoticias.com\\\/nuevapagina\\\/wp-content\\\/uploads\\\/2025\\\/12\\\/b889bb8c-f8cc-4713-ab12-cd226d6699bc.jpeg\",\"articleSection\":[\"Estatales\"],\"inLanguage\":\"es\",\"potentialAction\":[{\"@type\":\"CommentAction\",\"name\":\"Comment\",\"target\":[\"https:\\\/\\\/cvnoticias.com\\\/nuevapagina\\\/index.php\\\/2025\\\/12\\\/05\\\/aprueba-congreso-de-oaxaca-exhorto-para-declarar-diciembre-mes-del-testamento-migrante\\\/#respond\"]}]},{\"@type\":\"WebPage\",\"@id\":\"https:\\\/\\\/cvnoticias.com\\\/nuevapagina\\\/index.php\\\/2025\\\/12\\\/05\\\/aprueba-congreso-de-oaxaca-exhorto-para-declarar-diciembre-mes-del-testamento-migrante\\\/\",\"url\":\"https:\\\/\\\/cvnoticias.com\\\/nuevapagina\\\/index.php\\\/2025\\\/12\\\/05\\\/aprueba-congreso-de-oaxaca-exhorto-para-declarar-diciembre-mes-del-testamento-migrante\\\/\",\"name\":\"Aprueba Congreso de Oaxaca exhorto para declarar diciembre \u201cMes del Testamento Migrante\u201d - CV Noticias\",\"isPartOf\":{\"@id\":\"https:\\\/\\\/cvnoticias.com\\\/nuevapagina\\\/#website\"},\"primaryImageOfPage\":{\"@id\":\"https:\\\/\\\/cvnoticias.com\\\/nuevapagina\\\/index.php\\\/2025\\\/12\\\/05\\\/aprueba-congreso-de-oaxaca-exhorto-para-declarar-diciembre-mes-del-testamento-migrante\\\/#primaryimage\"},\"image\":{\"@id\":\"https:\\\/\\\/cvnoticias.com\\\/nuevapagina\\\/index.php\\\/2025\\\/12\\\/05\\\/aprueba-congreso-de-oaxaca-exhorto-para-declarar-diciembre-mes-del-testamento-migrante\\\/#primaryimage\"},\"thumbnailUrl\":\"https:\\\/\\\/cvnoticias.com\\\/nuevapagina\\\/wp-content\\\/uploads\\\/2025\\\/12\\\/b889bb8c-f8cc-4713-ab12-cd226d6699bc.jpeg\",\"datePublished\":\"2025-12-05T01:34:52+00:00\",\"dateModified\":\"2025-12-05T01:34:54+00:00\",\"breadcrumb\":{\"@id\":\"https:\\\/\\\/cvnoticias.com\\\/nuevapagina\\\/index.php\\\/2025\\\/12\\\/05\\\/aprueba-congreso-de-oaxaca-exhorto-para-declarar-diciembre-mes-del-testamento-migrante\\\/#breadcrumb\"},\"inLanguage\":\"es\",\"potentialAction\":[{\"@type\":\"ReadAction\",\"target\":[\"https:\\\/\\\/cvnoticias.com\\\/nuevapagina\\\/index.php\\\/2025\\\/12\\\/05\\\/aprueba-congreso-de-oaxaca-exhorto-para-declarar-diciembre-mes-del-testamento-migrante\\\/\"]}]},{\"@type\":\"ImageObject\",\"inLanguage\":\"es\",\"@id\":\"https:\\\/\\\/cvnoticias.com\\\/nuevapagina\\\/index.php\\\/2025\\\/12\\\/05\\\/aprueba-congreso-de-oaxaca-exhorto-para-declarar-diciembre-mes-del-testamento-migrante\\\/#primaryimage\",\"url\":\"https:\\\/\\\/cvnoticias.com\\\/nuevapagina\\\/wp-content\\\/uploads\\\/2025\\\/12\\\/b889bb8c-f8cc-4713-ab12-cd226d6699bc.jpeg\",\"contentUrl\":\"https:\\\/\\\/cvnoticias.com\\\/nuevapagina\\\/wp-content\\\/uploads\\\/2025\\\/12\\\/b889bb8c-f8cc-4713-ab12-cd226d6699bc.jpeg\",\"width\":1280,\"height\":892},{\"@type\":\"BreadcrumbList\",\"@id\":\"https:\\\/\\\/cvnoticias.com\\\/nuevapagina\\\/index.php\\\/2025\\\/12\\\/05\\\/aprueba-congreso-de-oaxaca-exhorto-para-declarar-diciembre-mes-del-testamento-migrante\\\/#breadcrumb\",\"itemListElement\":[{\"@type\":\"ListItem\",\"position\":1,\"name\":\"Portada\",\"item\":\"https:\\\/\\\/cvnoticias.com\\\/nuevapagina\\\/\"},{\"@type\":\"ListItem\",\"position\":2,\"name\":\"Aprueba Congreso de Oaxaca exhorto para declarar diciembre \u201cMes del Testamento Migrante\u201d\"}]},{\"@type\":\"WebSite\",\"@id\":\"https:\\\/\\\/cvnoticias.com\\\/nuevapagina\\\/#website\",\"url\":\"https:\\\/\\\/cvnoticias.com\\\/nuevapagina\\\/\",\"name\":\"CV Noticias\",\"description\":\"Noticias de Oaxaca\",\"publisher\":{\"@id\":\"https:\\\/\\\/cvnoticias.com\\\/nuevapagina\\\/#organization\"},\"potentialAction\":[{\"@type\":\"SearchAction\",\"target\":{\"@type\":\"EntryPoint\",\"urlTemplate\":\"https:\\\/\\\/cvnoticias.com\\\/nuevapagina\\\/?s={search_term_string}\"},\"query-input\":{\"@type\":\"PropertyValueSpecification\",\"valueRequired\":true,\"valueName\":\"search_term_string\"}}],\"inLanguage\":\"es\"},{\"@type\":\"Organization\",\"@id\":\"https:\\\/\\\/cvnoticias.com\\\/nuevapagina\\\/#organization\",\"name\":\"CV Noticias\",\"url\":\"https:\\\/\\\/cvnoticias.com\\\/nuevapagina\\\/\",\"logo\":{\"@type\":\"ImageObject\",\"inLanguage\":\"es\",\"@id\":\"https:\\\/\\\/cvnoticias.com\\\/nuevapagina\\\/#\\\/schema\\\/logo\\\/image\\\/\",\"url\":\"https:\\\/\\\/cvnoticias.com\\\/nuevapagina\\\/wp-content\\\/uploads\\\/2025\\\/05\\\/cropped-logo-1.png\",\"contentUrl\":\"https:\\\/\\\/cvnoticias.com\\\/nuevapagina\\\/wp-content\\\/uploads\\\/2025\\\/05\\\/cropped-logo-1.png\",\"width\":320,\"height\":118,\"caption\":\"CV Noticias\"},\"image\":{\"@id\":\"https:\\\/\\\/cvnoticias.com\\\/nuevapagina\\\/#\\\/schema\\\/logo\\\/image\\\/\"}},{\"@type\":\"Person\",\"@id\":\"https:\\\/\\\/cvnoticias.com\\\/nuevapagina\\\/#\\\/schema\\\/person\\\/19e35f246421a31486be7321065f7463\",\"name\":\"CvNoticias\",\"image\":{\"@type\":\"ImageObject\",\"inLanguage\":\"es\",\"@id\":\"https:\\\/\\\/secure.gravatar.com\\\/avatar\\\/c3a4375d38fd8f9b34ac9e853cb706a079817c78f9a39e33b16a2b2b2e51688a?s=96&d=mm&r=g\",\"url\":\"https:\\\/\\\/secure.gravatar.com\\\/avatar\\\/c3a4375d38fd8f9b34ac9e853cb706a079817c78f9a39e33b16a2b2b2e51688a?s=96&d=mm&r=g\",\"contentUrl\":\"https:\\\/\\\/secure.gravatar.com\\\/avatar\\\/c3a4375d38fd8f9b34ac9e853cb706a079817c78f9a39e33b16a2b2b2e51688a?s=96&d=mm&r=g\",\"caption\":\"CvNoticias\"},\"url\":\"https:\\\/\\\/cvnoticias.com\\\/nuevapagina\\\/index.php\\\/author\\\/gesner\\\/\"}]}<\/script>\n<!-- \/ Yoast SEO plugin. -->","yoast_head_json":{"title":"Aprueba Congreso de Oaxaca exhorto para declarar diciembre \u201cMes del Testamento Migrante\u201d - CV Noticias","robots":{"index":"index","follow":"follow","max-snippet":"max-snippet:-1","max-image-preview":"max-image-preview:large","max-video-preview":"max-video-preview:-1"},"canonical":"https:\/\/cvnoticias.com\/nuevapagina\/index.php\/2025\/12\/05\/aprueba-congreso-de-oaxaca-exhorto-para-declarar-diciembre-mes-del-testamento-migrante\/","og_locale":"es_ES","og_type":"article","og_title":"Aprueba Congreso de Oaxaca exhorto para declarar diciembre \u201cMes del Testamento Migrante\u201d - CV Noticias","og_description":"Tras se\u00f1alar que Oaxaca es un estado de alta migraci\u00f3n, donde m\u00e1s de 1.5 millones...","og_url":"https:\/\/cvnoticias.com\/nuevapagina\/index.php\/2025\/12\/05\/aprueba-congreso-de-oaxaca-exhorto-para-declarar-diciembre-mes-del-testamento-migrante\/","og_site_name":"CV Noticias","article_published_time":"2025-12-05T01:34:52+00:00","article_modified_time":"2025-12-05T01:34:54+00:00","og_image":[{"width":1280,"height":892,"url":"https:\/\/cvnoticias.com\/nuevapagina\/wp-content\/uploads\/2025\/12\/b889bb8c-f8cc-4713-ab12-cd226d6699bc.jpeg","type":"image\/jpeg"}],"author":"CvNoticias","twitter_card":"summary_large_image","twitter_misc":{"Escrito por":"CvNoticias","Tiempo de lectura":"2 minutos"},"schema":{"@context":"https:\/\/schema.org","@graph":[{"@type":"Article","@id":"https:\/\/cvnoticias.com\/nuevapagina\/index.php\/2025\/12\/05\/aprueba-congreso-de-oaxaca-exhorto-para-declarar-diciembre-mes-del-testamento-migrante\/#article","isPartOf":{"@id":"https:\/\/cvnoticias.com\/nuevapagina\/index.php\/2025\/12\/05\/aprueba-congreso-de-oaxaca-exhorto-para-declarar-diciembre-mes-del-testamento-migrante\/"},"author":{"name":"CvNoticias","@id":"https:\/\/cvnoticias.com\/nuevapagina\/#\/schema\/person\/19e35f246421a31486be7321065f7463"},"headline":"Aprueba Congreso de Oaxaca exhorto para declarar diciembre \u201cMes del Testamento Migrante\u201d","datePublished":"2025-12-05T01:34:52+00:00","dateModified":"2025-12-05T01:34:54+00:00","mainEntityOfPage":{"@id":"https:\/\/cvnoticias.com\/nuevapagina\/index.php\/2025\/12\/05\/aprueba-congreso-de-oaxaca-exhorto-para-declarar-diciembre-mes-del-testamento-migrante\/"},"wordCount":277,"commentCount":0,"publisher":{"@id":"https:\/\/cvnoticias.com\/nuevapagina\/#organization"},"image":{"@id":"https:\/\/cvnoticias.com\/nuevapagina\/index.php\/2025\/12\/05\/aprueba-congreso-de-oaxaca-exhorto-para-declarar-diciembre-mes-del-testamento-migrante\/#primaryimage"},"thumbnailUrl":"https:\/\/cvnoticias.com\/nuevapagina\/wp-content\/uploads\/2025\/12\/b889bb8c-f8cc-4713-ab12-cd226d6699bc.jpeg","articleSection":["Estatales"],"inLanguage":"es","potentialAction":[{"@type":"CommentAction","name":"Comment","target":["https:\/\/cvnoticias.com\/nuevapagina\/index.php\/2025\/12\/05\/aprueba-congreso-de-oaxaca-exhorto-para-declarar-diciembre-mes-del-testamento-migrante\/#respond"]}]},{"@type":"WebPage","@id":"https:\/\/cvnoticias.com\/nuevapagina\/index.php\/2025\/12\/05\/aprueba-congreso-de-oaxaca-exhorto-para-declarar-diciembre-mes-del-testamento-migrante\/","url":"https:\/\/cvnoticias.com\/nuevapagina\/index.php\/2025\/12\/05\/aprueba-congreso-de-oaxaca-exhorto-para-declarar-diciembre-mes-del-testamento-migrante\/","name":"Aprueba Congreso de Oaxaca exhorto para declarar diciembre \u201cMes del Testamento Migrante\u201d - CV Noticias","isPartOf":{"@id":"https:\/\/cvnoticias.com\/nuevapagina\/#website"},"primaryImageOfPage":{"@id":"https:\/\/cvnoticias.com\/nuevapagina\/index.php\/2025\/12\/05\/aprueba-congreso-de-oaxaca-exhorto-para-declarar-diciembre-mes-del-testamento-migrante\/#primaryimage"},"image":{"@id":"https:\/\/cvnoticias.com\/nuevapagina\/index.php\/2025\/12\/05\/aprueba-congreso-de-oaxaca-exhorto-para-declarar-diciembre-mes-del-testamento-migrante\/#primaryimage"},"thumbnailUrl":"https:\/\/cvnoticias.com\/nuevapagina\/wp-content\/uploads\/2025\/12\/b889bb8c-f8cc-4713-ab12-cd226d6699bc.jpeg","datePublished":"2025-12-05T01:34:52+00:00","dateModified":"2025-12-05T01:34:54+00:00","breadcrumb":{"@id":"https:\/\/cvnoticias.com\/nuevapagina\/index.php\/2025\/12\/05\/aprueba-congreso-de-oaxaca-exhorto-para-declarar-diciembre-mes-del-testamento-migrante\/#breadcrumb"},"inLanguage":"es","potentialAction":[{"@type":"ReadAction","target":["https:\/\/cvnoticias.com\/nuevapagina\/index.php\/2025\/12\/05\/aprueba-congreso-de-oaxaca-exhorto-para-declarar-diciembre-mes-del-testamento-migrante\/"]}]},{"@type":"ImageObject","inLanguage":"es","@id":"https:\/\/cvnoticias.com\/nuevapagina\/index.php\/2025\/12\/05\/aprueba-congreso-de-oaxaca-exhorto-para-declarar-diciembre-mes-del-testamento-migrante\/#primaryimage","url":"https:\/\/cvnoticias.com\/nuevapagina\/wp-content\/uploads\/2025\/12\/b889bb8c-f8cc-4713-ab12-cd226d6699bc.jpeg","contentUrl":"https:\/\/cvnoticias.com\/nuevapagina\/wp-content\/uploads\/2025\/12\/b889bb8c-f8cc-4713-ab12-cd226d6699bc.jpeg","width":1280,"height":892},{"@type":"BreadcrumbList","@id":"https:\/\/cvnoticias.com\/nuevapagina\/index.php\/2025\/12\/05\/aprueba-congreso-de-oaxaca-exhorto-para-declarar-diciembre-mes-del-testamento-migrante\/#breadcrumb","itemListElement":[{"@type":"ListItem","position":1,"name":"Portada","item":"https:\/\/cvnoticias.com\/nuevapagina\/"},{"@type":"ListItem","position":2,"name":"Aprueba Congreso de Oaxaca exhorto para declarar diciembre \u201cMes del Testamento Migrante\u201d"}]},{"@type":"WebSite","@id":"https:\/\/cvnoticias.com\/nuevapagina\/#website","url":"https:\/\/cvnoticias.com\/nuevapagina\/","name":"CV Noticias","description":"Noticias de Oaxaca","publisher":{"@id":"https:\/\/cvnoticias.com\/nuevapagina\/#organization"},"potentialAction":[{"@type":"SearchAction","target":{"@type":"EntryPoint","urlTemplate":"https:\/\/cvnoticias.com\/nuevapagina\/?s={search_term_string}"},"query-input":{"@type":"PropertyValueSpecification","valueRequired":true,"valueName":"search_term_string"}}],"inLanguage":"es"},{"@type":"Organization","@id":"https:\/\/cvnoticias.com\/nuevapagina\/#organization","name":"CV Noticias","url":"https:\/\/cvnoticias.com\/nuevapagina\/","logo":{"@type":"ImageObject","inLanguage":"es","@id":"https:\/\/cvnoticias.com\/nuevapagina\/#\/schema\/logo\/image\/","url":"https:\/\/cvnoticias.com\/nuevapagina\/wp-content\/uploads\/2025\/05\/cropped-logo-1.png","contentUrl":"https:\/\/cvnoticias.com\/nuevapagina\/wp-content\/uploads\/2025\/05\/cropped-logo-1.png","width":320,"height":118,"caption":"CV Noticias"},"image":{"@id":"https:\/\/cvnoticias.com\/nuevapagina\/#\/schema\/logo\/image\/"}},{"@type":"Person","@id":"https:\/\/cvnoticias.com\/nuevapagina\/#\/schema\/person\/19e35f246421a31486be7321065f7463","name":"CvNoticias","image":{"@type":"ImageObject","inLanguage":"es","@id":"https:\/\/secure.gravatar.com\/avatar\/c3a4375d38fd8f9b34ac9e853cb706a079817c78f9a39e33b16a2b2b2e51688a?s=96&d=mm&r=g","url":"https:\/\/secure.gravatar.com\/avatar\/c3a4375d38fd8f9b34ac9e853cb706a079817c78f9a39e33b16a2b2b2e51688a?s=96&d=mm&r=g","contentUrl":"https:\/\/secure.gravatar.com\/avatar\/c3a4375d38fd8f9b34ac9e853cb706a079817c78f9a39e33b16a2b2b2e51688a?s=96&d=mm&r=g","caption":"CvNoticias"},"url":"https:\/\/cvnoticias.com\/nuevapagina\/index.php\/author\/gesner\/"}]}},"_links":{"self":[{"href":"https:\/\/cvnoticias.com\/nuevapagina\/index.php\/wp-json\/wp\/v2\/posts\/4186","targetHints":{"allow":["GET"]}}],"collection":[{"href":"https:\/\/cvnoticias.com\/nuevapagina\/index.php\/wp-json\/wp\/v2\/posts"}],"about":[{"href":"https:\/\/cvnoticias.com\/nuevapagina\/index.php\/wp-json\/wp\/v2\/types\/post"}],"author":[{"embeddable":true,"href":"https:\/\/cvnoticias.com\/nuevapagina\/index.php\/wp-json\/wp\/v2\/users\/2"}],"replies":[{"embeddable":true,"href":"https:\/\/cvnoticias.com\/nuevapagina\/index.php\/wp-json\/wp\/v2\/comments?post=4186"}],"version-history":[{"count":1,"href":"https:\/\/cvnoticias.com\/nuevapagina\/index.php\/wp-json\/wp\/v2\/posts\/4186\/revisions"}],"predecessor-version":[{"id":4190,"href":"https:\/\/cvnoticias.com\/nuevapagina\/index.php\/wp-json\/wp\/v2\/posts\/4186\/revisions\/4190"}],"wp:featuredmedia":[{"embeddable":true,"href":"https:\/\/cvnoticias.com\/nuevapagina\/index.php\/wp-json\/wp\/v2\/media\/4189"}],"wp:attachment":[{"href":"https:\/\/cvnoticias.com\/nuevapagina\/index.php\/wp-json\/wp\/v2\/media?parent=4186"}],"wp:term":[{"taxonomy":"category","embeddable":true,"href":"https:\/\/cvnoticias.com\/nuevapagina\/index.php\/wp-json\/wp\/v2\/categories?post=4186"},{"taxonomy":"post_tag","embeddable":true,"href":"https:\/\/cvnoticias.com\/nuevapagina\/index.php\/wp-json\/wp\/v2\/tags?post=4186"}],"curies":[{"name":"wp","href":"https:\/\/api.w.org\/{rel}","templated":true}]}}