{"id":4173,"date":"2025-12-03T15:26:33","date_gmt":"2025-12-03T15:26:33","guid":{"rendered":"https:\/\/cvnoticias.com\/nuevapagina\/?p=4173"},"modified":"2025-12-03T15:26:34","modified_gmt":"2025-12-03T15:26:34","slug":"cabildo-de-oaxaca-de-juarez-aprueba-sesion-solemne-para-el-primer-informe-de-gobierno","status":"publish","type":"post","link":"https:\/\/cvnoticias.com\/nuevapagina\/index.php\/2025\/12\/03\/cabildo-de-oaxaca-de-juarez-aprueba-sesion-solemne-para-el-primer-informe-de-gobierno\/","title":{"rendered":"Cabildo de Oaxaca de Ju\u00e1rez aprueba Sesi\u00f3n Solemne para el Primer Informe de Gobierno"},"content":{"rendered":"\n<p><\/p>\n\n\n\n<ul class=\"wp-block-list\">\n<li>Edil Ray Chagoya encabeza trabajos; llaman a reforzar conciencia c\u00edvica y participaci\u00f3n vecinal<\/li>\n<\/ul>\n\n\n\n<p>Oaxaca de Ju\u00e1rez, Oax., 2 de diciembre de 2025.\u2013 En sesi\u00f3n ordinaria de Cabildo, presidida por el presidente municipal Ray Chagoya, se aprobaron diversos acuerdos orientados a fortalecer la transparencia institucional, la participaci\u00f3n ciudadana y el orden en la capital.<\/p>\n\n\n\n<p>En este marco se aprob\u00f3 realizar una Sesi\u00f3n Solemne el pr\u00f3ximo 9 de diciembre a las 10:00 horas, habilitando el Sal\u00f3n de Cabildo para la presentaci\u00f3n del Primer Informe de Actividades del Municipio de Oaxaca de Ju\u00e1rez, donde se dar\u00e1n a conocer los avances alcanzados durante el primer a\u00f1o de gobierno.<\/p>\n\n\n\n<p>Asimismo, se extendi\u00f3 la invitaci\u00f3n para los Di\u00e1logos Vecinales, que se llevar\u00e1n a cabo este mi\u00e9rcoles en la Agencia Municipal Guadalupe Victoria a las 9:00 horas, espacio en el que vecinas y vecinos podr\u00e1n expresar necesidades y propuestas para mejorar su entorno.<\/p>\n\n\n\n<p>Durante la sesi\u00f3n, el Regidor del Centro Hist\u00f3rico y Patrimonio Mundial Antonio \u00c1lvarez Mart\u00ednez llam\u00f3 a reforzar la conciencia c\u00edvica ante la problem\u00e1tica de basura abandonada en el Centro Hist\u00f3rico, se\u00f1alando que \u201cno podemos ver nuestras calles como un basurero\u201d.<\/p>\n\n\n\n<p>Propuso fortalecer acciones coordinadas y exhort\u00f3 a la Procuradur\u00eda Ambiental Municipal y a la Secretar\u00eda de Seguridad Vecinal a ampliar operativos e imponer las sanciones correspondientes a quienes incurran en esta falta administrativa.<\/p>\n\n\n\n<p>El Cabildo tambi\u00e9n aprob\u00f3 el dictamen para expedir permisos temporales con motivo de la festividad de la Virgen de Guadalupe, emitido por la Comisi\u00f3n de Gobierno de Territorio, Normatividad, Nomenclatura, Mercados y Comercio en V\u00eda P\u00fablica, a fin de ordenar la instalaci\u00f3n de comercios tradicionales durante estas celebraciones.<\/p>\n\n\n\n<p>Con estas acciones, el Ayuntamiento de Oaxaca de Ju\u00e1rez refrenda su compromiso con una ciudad ordenada, participativa y respetuosa de sus tradiciones.<\/p>\n\n\n\n<p><\/p>\n","protected":false},"excerpt":{"rendered":"<p>Oaxaca de Ju\u00e1rez, Oax., 2 de diciembre de 2025.\u2013 En sesi\u00f3n ordinaria de Cabildo, presidida&#8230;<\/p>\n","protected":false},"author":2,"featured_media":4175,"comment_status":"open","ping_status":"closed","sticky":false,"template":"","format":"standard","meta":{"footnotes":""},"categories":[3],"tags":[],"class_list":["post-4173","post","type-post","status-publish","format-standard","has-post-thumbnail","hentry","category-comunicadosdeprensa"],"yoast_head":"<!-- This site is optimized with the Yoast SEO plugin v27.5 - https:\/\/yoast.com\/product\/yoast-seo-wordpress\/ -->\n<title>Cabildo de Oaxaca de Ju\u00e1rez aprueba Sesi\u00f3n Solemne para el Primer Informe de Gobierno - CV Noticias<\/title>\n<meta name=\"robots\" content=\"index, follow, max-snippet:-1, max-image-preview:large, max-video-preview:-1\" \/>\n<link rel=\"canonical\" href=\"https:\/\/cvnoticias.com\/nuevapagina\/index.php\/2025\/12\/03\/cabildo-de-oaxaca-de-juarez-aprueba-sesion-solemne-para-el-primer-informe-de-gobierno\/\" \/>\n<meta property=\"og:locale\" content=\"es_ES\" \/>\n<meta property=\"og:type\" content=\"article\" \/>\n<meta property=\"og:title\" content=\"Cabildo de Oaxaca de Ju\u00e1rez aprueba Sesi\u00f3n Solemne para el Primer Informe de Gobierno - CV Noticias\" \/>\n<meta property=\"og:description\" content=\"Oaxaca de Ju\u00e1rez, Oax., 2 de diciembre de 2025.\u2013 En sesi\u00f3n ordinaria de Cabildo, presidida...\" \/>\n<meta property=\"og:url\" content=\"https:\/\/cvnoticias.com\/nuevapagina\/index.php\/2025\/12\/03\/cabildo-de-oaxaca-de-juarez-aprueba-sesion-solemne-para-el-primer-informe-de-gobierno\/\" \/>\n<meta property=\"og:site_name\" content=\"CV Noticias\" \/>\n<meta property=\"article:published_time\" content=\"2025-12-03T15:26:33+00:00\" \/>\n<meta property=\"article:modified_time\" content=\"2025-12-03T15:26:34+00:00\" \/>\n<meta property=\"og:image\" content=\"https:\/\/cvnoticias.com\/nuevapagina\/wp-content\/uploads\/2025\/12\/c534020d-7455-4183-a6a6-274d44981692.jpeg\" \/>\n\t<meta property=\"og:image:width\" content=\"1440\" \/>\n\t<meta property=\"og:image:height\" content=\"960\" \/>\n\t<meta property=\"og:image:type\" content=\"image\/jpeg\" \/>\n<meta name=\"author\" content=\"CvNoticias\" \/>\n<meta name=\"twitter:card\" content=\"summary_large_image\" \/>\n<meta name=\"twitter:label1\" content=\"Escrito por\" \/>\n\t<meta name=\"twitter:data1\" content=\"CvNoticias\" \/>\n\t<meta name=\"twitter:label2\" content=\"Tiempo de lectura\" \/>\n\t<meta name=\"twitter:data2\" content=\"2 minutos\" \/>\n<script type=\"application\/ld+json\" class=\"yoast-schema-graph\">{\"@context\":\"https:\\\/\\\/schema.org\",\"@graph\":[{\"@type\":\"Article\",\"@id\":\"https:\\\/\\\/cvnoticias.com\\\/nuevapagina\\\/index.php\\\/2025\\\/12\\\/03\\\/cabildo-de-oaxaca-de-juarez-aprueba-sesion-solemne-para-el-primer-informe-de-gobierno\\\/#article\",\"isPartOf\":{\"@id\":\"https:\\\/\\\/cvnoticias.com\\\/nuevapagina\\\/index.php\\\/2025\\\/12\\\/03\\\/cabildo-de-oaxaca-de-juarez-aprueba-sesion-solemne-para-el-primer-informe-de-gobierno\\\/\"},\"author\":{\"name\":\"CvNoticias\",\"@id\":\"https:\\\/\\\/cvnoticias.com\\\/nuevapagina\\\/#\\\/schema\\\/person\\\/19e35f246421a31486be7321065f7463\"},\"headline\":\"Cabildo de Oaxaca de Ju\u00e1rez aprueba Sesi\u00f3n Solemne para el Primer Informe de Gobierno\",\"datePublished\":\"2025-12-03T15:26:33+00:00\",\"dateModified\":\"2025-12-03T15:26:34+00:00\",\"mainEntityOfPage\":{\"@id\":\"https:\\\/\\\/cvnoticias.com\\\/nuevapagina\\\/index.php\\\/2025\\\/12\\\/03\\\/cabildo-de-oaxaca-de-juarez-aprueba-sesion-solemne-para-el-primer-informe-de-gobierno\\\/\"},\"wordCount\":332,\"commentCount\":0,\"publisher\":{\"@id\":\"https:\\\/\\\/cvnoticias.com\\\/nuevapagina\\\/#organization\"},\"image\":{\"@id\":\"https:\\\/\\\/cvnoticias.com\\\/nuevapagina\\\/index.php\\\/2025\\\/12\\\/03\\\/cabildo-de-oaxaca-de-juarez-aprueba-sesion-solemne-para-el-primer-informe-de-gobierno\\\/#primaryimage\"},\"thumbnailUrl\":\"https:\\\/\\\/cvnoticias.com\\\/nuevapagina\\\/wp-content\\\/uploads\\\/2025\\\/12\\\/c534020d-7455-4183-a6a6-274d44981692.jpeg\",\"articleSection\":[\"Comunicados\"],\"inLanguage\":\"es\",\"potentialAction\":[{\"@type\":\"CommentAction\",\"name\":\"Comment\",\"target\":[\"https:\\\/\\\/cvnoticias.com\\\/nuevapagina\\\/index.php\\\/2025\\\/12\\\/03\\\/cabildo-de-oaxaca-de-juarez-aprueba-sesion-solemne-para-el-primer-informe-de-gobierno\\\/#respond\"]}]},{\"@type\":\"WebPage\",\"@id\":\"https:\\\/\\\/cvnoticias.com\\\/nuevapagina\\\/index.php\\\/2025\\\/12\\\/03\\\/cabildo-de-oaxaca-de-juarez-aprueba-sesion-solemne-para-el-primer-informe-de-gobierno\\\/\",\"url\":\"https:\\\/\\\/cvnoticias.com\\\/nuevapagina\\\/index.php\\\/2025\\\/12\\\/03\\\/cabildo-de-oaxaca-de-juarez-aprueba-sesion-solemne-para-el-primer-informe-de-gobierno\\\/\",\"name\":\"Cabildo de Oaxaca de Ju\u00e1rez aprueba Sesi\u00f3n Solemne para el Primer Informe de Gobierno - CV Noticias\",\"isPartOf\":{\"@id\":\"https:\\\/\\\/cvnoticias.com\\\/nuevapagina\\\/#website\"},\"primaryImageOfPage\":{\"@id\":\"https:\\\/\\\/cvnoticias.com\\\/nuevapagina\\\/index.php\\\/2025\\\/12\\\/03\\\/cabildo-de-oaxaca-de-juarez-aprueba-sesion-solemne-para-el-primer-informe-de-gobierno\\\/#primaryimage\"},\"image\":{\"@id\":\"https:\\\/\\\/cvnoticias.com\\\/nuevapagina\\\/index.php\\\/2025\\\/12\\\/03\\\/cabildo-de-oaxaca-de-juarez-aprueba-sesion-solemne-para-el-primer-informe-de-gobierno\\\/#primaryimage\"},\"thumbnailUrl\":\"https:\\\/\\\/cvnoticias.com\\\/nuevapagina\\\/wp-content\\\/uploads\\\/2025\\\/12\\\/c534020d-7455-4183-a6a6-274d44981692.jpeg\",\"datePublished\":\"2025-12-03T15:26:33+00:00\",\"dateModified\":\"2025-12-03T15:26:34+00:00\",\"breadcrumb\":{\"@id\":\"https:\\\/\\\/cvnoticias.com\\\/nuevapagina\\\/index.php\\\/2025\\\/12\\\/03\\\/cabildo-de-oaxaca-de-juarez-aprueba-sesion-solemne-para-el-primer-informe-de-gobierno\\\/#breadcrumb\"},\"inLanguage\":\"es\",\"potentialAction\":[{\"@type\":\"ReadAction\",\"target\":[\"https:\\\/\\\/cvnoticias.com\\\/nuevapagina\\\/index.php\\\/2025\\\/12\\\/03\\\/cabildo-de-oaxaca-de-juarez-aprueba-sesion-solemne-para-el-primer-informe-de-gobierno\\\/\"]}]},{\"@type\":\"ImageObject\",\"inLanguage\":\"es\",\"@id\":\"https:\\\/\\\/cvnoticias.com\\\/nuevapagina\\\/index.php\\\/2025\\\/12\\\/03\\\/cabildo-de-oaxaca-de-juarez-aprueba-sesion-solemne-para-el-primer-informe-de-gobierno\\\/#primaryimage\",\"url\":\"https:\\\/\\\/cvnoticias.com\\\/nuevapagina\\\/wp-content\\\/uploads\\\/2025\\\/12\\\/c534020d-7455-4183-a6a6-274d44981692.jpeg\",\"contentUrl\":\"https:\\\/\\\/cvnoticias.com\\\/nuevapagina\\\/wp-content\\\/uploads\\\/2025\\\/12\\\/c534020d-7455-4183-a6a6-274d44981692.jpeg\",\"width\":1440,\"height\":960},{\"@type\":\"BreadcrumbList\",\"@id\":\"https:\\\/\\\/cvnoticias.com\\\/nuevapagina\\\/index.php\\\/2025\\\/12\\\/03\\\/cabildo-de-oaxaca-de-juarez-aprueba-sesion-solemne-para-el-primer-informe-de-gobierno\\\/#breadcrumb\",\"itemListElement\":[{\"@type\":\"ListItem\",\"position\":1,\"name\":\"Portada\",\"item\":\"https:\\\/\\\/cvnoticias.com\\\/nuevapagina\\\/\"},{\"@type\":\"ListItem\",\"position\":2,\"name\":\"Cabildo de Oaxaca de Ju\u00e1rez aprueba Sesi\u00f3n Solemne para el Primer Informe de Gobierno\"}]},{\"@type\":\"WebSite\",\"@id\":\"https:\\\/\\\/cvnoticias.com\\\/nuevapagina\\\/#website\",\"url\":\"https:\\\/\\\/cvnoticias.com\\\/nuevapagina\\\/\",\"name\":\"CV Noticias\",\"description\":\"Noticias de Oaxaca\",\"publisher\":{\"@id\":\"https:\\\/\\\/cvnoticias.com\\\/nuevapagina\\\/#organization\"},\"potentialAction\":[{\"@type\":\"SearchAction\",\"target\":{\"@type\":\"EntryPoint\",\"urlTemplate\":\"https:\\\/\\\/cvnoticias.com\\\/nuevapagina\\\/?s={search_term_string}\"},\"query-input\":{\"@type\":\"PropertyValueSpecification\",\"valueRequired\":true,\"valueName\":\"search_term_string\"}}],\"inLanguage\":\"es\"},{\"@type\":\"Organization\",\"@id\":\"https:\\\/\\\/cvnoticias.com\\\/nuevapagina\\\/#organization\",\"name\":\"CV Noticias\",\"url\":\"https:\\\/\\\/cvnoticias.com\\\/nuevapagina\\\/\",\"logo\":{\"@type\":\"ImageObject\",\"inLanguage\":\"es\",\"@id\":\"https:\\\/\\\/cvnoticias.com\\\/nuevapagina\\\/#\\\/schema\\\/logo\\\/image\\\/\",\"url\":\"https:\\\/\\\/cvnoticias.com\\\/nuevapagina\\\/wp-content\\\/uploads\\\/2025\\\/05\\\/cropped-logo-1.png\",\"contentUrl\":\"https:\\\/\\\/cvnoticias.com\\\/nuevapagina\\\/wp-content\\\/uploads\\\/2025\\\/05\\\/cropped-logo-1.png\",\"width\":320,\"height\":118,\"caption\":\"CV Noticias\"},\"image\":{\"@id\":\"https:\\\/\\\/cvnoticias.com\\\/nuevapagina\\\/#\\\/schema\\\/logo\\\/image\\\/\"}},{\"@type\":\"Person\",\"@id\":\"https:\\\/\\\/cvnoticias.com\\\/nuevapagina\\\/#\\\/schema\\\/person\\\/19e35f246421a31486be7321065f7463\",\"name\":\"CvNoticias\",\"image\":{\"@type\":\"ImageObject\",\"inLanguage\":\"es\",\"@id\":\"https:\\\/\\\/secure.gravatar.com\\\/avatar\\\/c3a4375d38fd8f9b34ac9e853cb706a079817c78f9a39e33b16a2b2b2e51688a?s=96&d=mm&r=g\",\"url\":\"https:\\\/\\\/secure.gravatar.com\\\/avatar\\\/c3a4375d38fd8f9b34ac9e853cb706a079817c78f9a39e33b16a2b2b2e51688a?s=96&d=mm&r=g\",\"contentUrl\":\"https:\\\/\\\/secure.gravatar.com\\\/avatar\\\/c3a4375d38fd8f9b34ac9e853cb706a079817c78f9a39e33b16a2b2b2e51688a?s=96&d=mm&r=g\",\"caption\":\"CvNoticias\"},\"url\":\"https:\\\/\\\/cvnoticias.com\\\/nuevapagina\\\/index.php\\\/author\\\/gesner\\\/\"}]}<\/script>\n<!-- \/ Yoast SEO plugin. -->","yoast_head_json":{"title":"Cabildo de Oaxaca de Ju\u00e1rez aprueba Sesi\u00f3n Solemne para el Primer Informe de Gobierno - CV Noticias","robots":{"index":"index","follow":"follow","max-snippet":"max-snippet:-1","max-image-preview":"max-image-preview:large","max-video-preview":"max-video-preview:-1"},"canonical":"https:\/\/cvnoticias.com\/nuevapagina\/index.php\/2025\/12\/03\/cabildo-de-oaxaca-de-juarez-aprueba-sesion-solemne-para-el-primer-informe-de-gobierno\/","og_locale":"es_ES","og_type":"article","og_title":"Cabildo de Oaxaca de Ju\u00e1rez aprueba Sesi\u00f3n Solemne para el Primer Informe de Gobierno - CV Noticias","og_description":"Oaxaca de Ju\u00e1rez, Oax., 2 de diciembre de 2025.\u2013 En sesi\u00f3n ordinaria de Cabildo, presidida...","og_url":"https:\/\/cvnoticias.com\/nuevapagina\/index.php\/2025\/12\/03\/cabildo-de-oaxaca-de-juarez-aprueba-sesion-solemne-para-el-primer-informe-de-gobierno\/","og_site_name":"CV Noticias","article_published_time":"2025-12-03T15:26:33+00:00","article_modified_time":"2025-12-03T15:26:34+00:00","og_image":[{"width":1440,"height":960,"url":"https:\/\/cvnoticias.com\/nuevapagina\/wp-content\/uploads\/2025\/12\/c534020d-7455-4183-a6a6-274d44981692.jpeg","type":"image\/jpeg"}],"author":"CvNoticias","twitter_card":"summary_large_image","twitter_misc":{"Escrito por":"CvNoticias","Tiempo de lectura":"2 minutos"},"schema":{"@context":"https:\/\/schema.org","@graph":[{"@type":"Article","@id":"https:\/\/cvnoticias.com\/nuevapagina\/index.php\/2025\/12\/03\/cabildo-de-oaxaca-de-juarez-aprueba-sesion-solemne-para-el-primer-informe-de-gobierno\/#article","isPartOf":{"@id":"https:\/\/cvnoticias.com\/nuevapagina\/index.php\/2025\/12\/03\/cabildo-de-oaxaca-de-juarez-aprueba-sesion-solemne-para-el-primer-informe-de-gobierno\/"},"author":{"name":"CvNoticias","@id":"https:\/\/cvnoticias.com\/nuevapagina\/#\/schema\/person\/19e35f246421a31486be7321065f7463"},"headline":"Cabildo de Oaxaca de Ju\u00e1rez aprueba Sesi\u00f3n Solemne para el Primer Informe de Gobierno","datePublished":"2025-12-03T15:26:33+00:00","dateModified":"2025-12-03T15:26:34+00:00","mainEntityOfPage":{"@id":"https:\/\/cvnoticias.com\/nuevapagina\/index.php\/2025\/12\/03\/cabildo-de-oaxaca-de-juarez-aprueba-sesion-solemne-para-el-primer-informe-de-gobierno\/"},"wordCount":332,"commentCount":0,"publisher":{"@id":"https:\/\/cvnoticias.com\/nuevapagina\/#organization"},"image":{"@id":"https:\/\/cvnoticias.com\/nuevapagina\/index.php\/2025\/12\/03\/cabildo-de-oaxaca-de-juarez-aprueba-sesion-solemne-para-el-primer-informe-de-gobierno\/#primaryimage"},"thumbnailUrl":"https:\/\/cvnoticias.com\/nuevapagina\/wp-content\/uploads\/2025\/12\/c534020d-7455-4183-a6a6-274d44981692.jpeg","articleSection":["Comunicados"],"inLanguage":"es","potentialAction":[{"@type":"CommentAction","name":"Comment","target":["https:\/\/cvnoticias.com\/nuevapagina\/index.php\/2025\/12\/03\/cabildo-de-oaxaca-de-juarez-aprueba-sesion-solemne-para-el-primer-informe-de-gobierno\/#respond"]}]},{"@type":"WebPage","@id":"https:\/\/cvnoticias.com\/nuevapagina\/index.php\/2025\/12\/03\/cabildo-de-oaxaca-de-juarez-aprueba-sesion-solemne-para-el-primer-informe-de-gobierno\/","url":"https:\/\/cvnoticias.com\/nuevapagina\/index.php\/2025\/12\/03\/cabildo-de-oaxaca-de-juarez-aprueba-sesion-solemne-para-el-primer-informe-de-gobierno\/","name":"Cabildo de Oaxaca de Ju\u00e1rez aprueba Sesi\u00f3n Solemne para el Primer Informe de Gobierno - CV Noticias","isPartOf":{"@id":"https:\/\/cvnoticias.com\/nuevapagina\/#website"},"primaryImageOfPage":{"@id":"https:\/\/cvnoticias.com\/nuevapagina\/index.php\/2025\/12\/03\/cabildo-de-oaxaca-de-juarez-aprueba-sesion-solemne-para-el-primer-informe-de-gobierno\/#primaryimage"},"image":{"@id":"https:\/\/cvnoticias.com\/nuevapagina\/index.php\/2025\/12\/03\/cabildo-de-oaxaca-de-juarez-aprueba-sesion-solemne-para-el-primer-informe-de-gobierno\/#primaryimage"},"thumbnailUrl":"https:\/\/cvnoticias.com\/nuevapagina\/wp-content\/uploads\/2025\/12\/c534020d-7455-4183-a6a6-274d44981692.jpeg","datePublished":"2025-12-03T15:26:33+00:00","dateModified":"2025-12-03T15:26:34+00:00","breadcrumb":{"@id":"https:\/\/cvnoticias.com\/nuevapagina\/index.php\/2025\/12\/03\/cabildo-de-oaxaca-de-juarez-aprueba-sesion-solemne-para-el-primer-informe-de-gobierno\/#breadcrumb"},"inLanguage":"es","potentialAction":[{"@type":"ReadAction","target":["https:\/\/cvnoticias.com\/nuevapagina\/index.php\/2025\/12\/03\/cabildo-de-oaxaca-de-juarez-aprueba-sesion-solemne-para-el-primer-informe-de-gobierno\/"]}]},{"@type":"ImageObject","inLanguage":"es","@id":"https:\/\/cvnoticias.com\/nuevapagina\/index.php\/2025\/12\/03\/cabildo-de-oaxaca-de-juarez-aprueba-sesion-solemne-para-el-primer-informe-de-gobierno\/#primaryimage","url":"https:\/\/cvnoticias.com\/nuevapagina\/wp-content\/uploads\/2025\/12\/c534020d-7455-4183-a6a6-274d44981692.jpeg","contentUrl":"https:\/\/cvnoticias.com\/nuevapagina\/wp-content\/uploads\/2025\/12\/c534020d-7455-4183-a6a6-274d44981692.jpeg","width":1440,"height":960},{"@type":"BreadcrumbList","@id":"https:\/\/cvnoticias.com\/nuevapagina\/index.php\/2025\/12\/03\/cabildo-de-oaxaca-de-juarez-aprueba-sesion-solemne-para-el-primer-informe-de-gobierno\/#breadcrumb","itemListElement":[{"@type":"ListItem","position":1,"name":"Portada","item":"https:\/\/cvnoticias.com\/nuevapagina\/"},{"@type":"ListItem","position":2,"name":"Cabildo de Oaxaca de Ju\u00e1rez aprueba Sesi\u00f3n Solemne para el Primer Informe de Gobierno"}]},{"@type":"WebSite","@id":"https:\/\/cvnoticias.com\/nuevapagina\/#website","url":"https:\/\/cvnoticias.com\/nuevapagina\/","name":"CV Noticias","description":"Noticias de Oaxaca","publisher":{"@id":"https:\/\/cvnoticias.com\/nuevapagina\/#organization"},"potentialAction":[{"@type":"SearchAction","target":{"@type":"EntryPoint","urlTemplate":"https:\/\/cvnoticias.com\/nuevapagina\/?s={search_term_string}"},"query-input":{"@type":"PropertyValueSpecification","valueRequired":true,"valueName":"search_term_string"}}],"inLanguage":"es"},{"@type":"Organization","@id":"https:\/\/cvnoticias.com\/nuevapagina\/#organization","name":"CV Noticias","url":"https:\/\/cvnoticias.com\/nuevapagina\/","logo":{"@type":"ImageObject","inLanguage":"es","@id":"https:\/\/cvnoticias.com\/nuevapagina\/#\/schema\/logo\/image\/","url":"https:\/\/cvnoticias.com\/nuevapagina\/wp-content\/uploads\/2025\/05\/cropped-logo-1.png","contentUrl":"https:\/\/cvnoticias.com\/nuevapagina\/wp-content\/uploads\/2025\/05\/cropped-logo-1.png","width":320,"height":118,"caption":"CV Noticias"},"image":{"@id":"https:\/\/cvnoticias.com\/nuevapagina\/#\/schema\/logo\/image\/"}},{"@type":"Person","@id":"https:\/\/cvnoticias.com\/nuevapagina\/#\/schema\/person\/19e35f246421a31486be7321065f7463","name":"CvNoticias","image":{"@type":"ImageObject","inLanguage":"es","@id":"https:\/\/secure.gravatar.com\/avatar\/c3a4375d38fd8f9b34ac9e853cb706a079817c78f9a39e33b16a2b2b2e51688a?s=96&d=mm&r=g","url":"https:\/\/secure.gravatar.com\/avatar\/c3a4375d38fd8f9b34ac9e853cb706a079817c78f9a39e33b16a2b2b2e51688a?s=96&d=mm&r=g","contentUrl":"https:\/\/secure.gravatar.com\/avatar\/c3a4375d38fd8f9b34ac9e853cb706a079817c78f9a39e33b16a2b2b2e51688a?s=96&d=mm&r=g","caption":"CvNoticias"},"url":"https:\/\/cvnoticias.com\/nuevapagina\/index.php\/author\/gesner\/"}]}},"_links":{"self":[{"href":"https:\/\/cvnoticias.com\/nuevapagina\/index.php\/wp-json\/wp\/v2\/posts\/4173","targetHints":{"allow":["GET"]}}],"collection":[{"href":"https:\/\/cvnoticias.com\/nuevapagina\/index.php\/wp-json\/wp\/v2\/posts"}],"about":[{"href":"https:\/\/cvnoticias.com\/nuevapagina\/index.php\/wp-json\/wp\/v2\/types\/post"}],"author":[{"embeddable":true,"href":"https:\/\/cvnoticias.com\/nuevapagina\/index.php\/wp-json\/wp\/v2\/users\/2"}],"replies":[{"embeddable":true,"href":"https:\/\/cvnoticias.com\/nuevapagina\/index.php\/wp-json\/wp\/v2\/comments?post=4173"}],"version-history":[{"count":1,"href":"https:\/\/cvnoticias.com\/nuevapagina\/index.php\/wp-json\/wp\/v2\/posts\/4173\/revisions"}],"predecessor-version":[{"id":4176,"href":"https:\/\/cvnoticias.com\/nuevapagina\/index.php\/wp-json\/wp\/v2\/posts\/4173\/revisions\/4176"}],"wp:featuredmedia":[{"embeddable":true,"href":"https:\/\/cvnoticias.com\/nuevapagina\/index.php\/wp-json\/wp\/v2\/media\/4175"}],"wp:attachment":[{"href":"https:\/\/cvnoticias.com\/nuevapagina\/index.php\/wp-json\/wp\/v2\/media?parent=4173"}],"wp:term":[{"taxonomy":"category","embeddable":true,"href":"https:\/\/cvnoticias.com\/nuevapagina\/index.php\/wp-json\/wp\/v2\/categories?post=4173"},{"taxonomy":"post_tag","embeddable":true,"href":"https:\/\/cvnoticias.com\/nuevapagina\/index.php\/wp-json\/wp\/v2\/tags?post=4173"}],"curies":[{"name":"wp","href":"https:\/\/api.w.org\/{rel}","templated":true}]}}