{"id":4143,"date":"2025-12-02T02:43:47","date_gmt":"2025-12-02T02:43:47","guid":{"rendered":"https:\/\/cvnoticias.com\/nuevapagina\/?p=4143"},"modified":"2025-12-02T02:43:48","modified_gmt":"2025-12-02T02:43:48","slug":"llama-nancy-benitez-a-difundir-la-cultura-heredada-por-los-antiguos-habitantes-de-monte-alban","status":"publish","type":"post","link":"https:\/\/cvnoticias.com\/nuevapagina\/index.php\/2025\/12\/02\/llama-nancy-benitez-a-difundir-la-cultura-heredada-por-los-antiguos-habitantes-de-monte-alban\/","title":{"rendered":"Llama Nancy Ben\u00edtez a difundir la cultura heredada por los antiguos habitantes de Monte Alb\u00e1n"},"content":{"rendered":"\n<p><\/p>\n\n\n\n<p>Santa Cruz Xoxocotl\u00e1n, Oax., 30 Nov. \u2014 La presidenta municipal de esta ciudad. Nancy Ben\u00edtez Z\u00e1rate llam\u00f3 a preservar y difundir entre las nuevas generaciones la identidad cultural heredada por los antiguos pobladores de Monte Alb\u00e1n, durante el homenaje por el 55 aniversario luctuoso del arque\u00f3logo Alfonso Caso Andrade, descubridor de la Tumba 7.<\/p>\n\n\n\n<p>Durante el evento organizado por el Ayuntamiento, la Secretar\u00eda de las Culturas y Artes de Oaxaca (SECULTA) y el Instituto Nacional de Antropolog\u00eda e Historia (INAH Oaxaca), la edil subray\u00f3 que esa zona arqueol\u00f3gica sigue siendo uno de los pilares culturales m\u00e1s importantes del pa\u00eds y un referente para comprender la ra\u00edz zapoteca de la regi\u00f3n.<\/p>\n\n\n\n<p>Z\u00e1rate Ben\u00edtez destac\u00f3 que el legado de Alfonso Caso contin\u00faa vigente al haber transformado la comprensi\u00f3n de las civilizaciones oaxaque\u00f1as y reiter\u00f3 la importancia de proteger, preservar y difundir entre los xoxe\u00f1os y xoxe\u00f1as un bien cultural mundial considerado Patrimonio Cultural de la Humanidad por la UNESCO.<\/p>\n\n\n\n<p>Alfonso Caso Andrade, uno de los arque\u00f3logos m\u00e1s influyentes del siglo XX, dirigi\u00f3 en 1932 el hallazgo de la Tumba 7 de Monte Alb\u00e1n, un descubrimiento que revel\u00f3 m\u00e1s de 600 piezas de oro, jade, turquesa y concha, convirti\u00e9ndose en un parteaguas para la arqueolog\u00eda mexicana y para el estudio de las \u00e9lites mixtecas.<\/p>\n\n\n\n<p>Por su parte, el subsecretario de Culturas y Artes, Francisco Reyna Lucero, se\u00f1al\u00f3 que esta zona arqueol\u00f3gica representa un puente entre las sociedades contempor\u00e1neas y el mundo prehisp\u00e1nico.<br>Record\u00f3 que esta antigua ciudad zapoteca, fundada alrededor de 500 a.C., fue un centro pol\u00edtico y ceremonial de gran influencia en Mesoam\u00e9rica y que, por su valor excepcional, fue declarada Patrimonio Cultural de la Humanidad por la UNESCO en 1987, junto con el Centro Hist\u00f3rico de Oaxaca.<\/p>\n\n\n\n<p>El homenaje a Caso Andrade, primer director general del Instituto Nacional de Antropolog\u00eda e Historia (INAH), incluy\u00f3 la conferencia magistral \u201cLas ruinas hablan, las comunidades tambi\u00e9n: \u00bfa qui\u00e9n escucha la arqueolog\u00eda?\u201d, impartida por el maestro Leobardo Pacheco Arias.<\/p>\n\n\n\n<p>Adem\u00e1s de la Mesa de arque\u00f3logos oaxaque\u00f1os titulada \u201cRa\u00edces en di\u00e1logo, nuevas generaciones y patrimonio vivo\u201d por las arque\u00f3logas, arque\u00f3logos y arquitecto Karla Itandehui Aguilar V\u00e1zquez, Itzel Chagoya Ayala, Pedro Guillermo Ramon Celis, Leobardo Pacheco Arias y Luis Garc\u00eda Lalo.<\/p>\n\n\n\n<p>El programa concluy\u00f3 con la intervenci\u00f3n musical del ensamble de la Casa de la Cultura Oaxaque\u00f1a.<\/p>\n","protected":false},"excerpt":{"rendered":"<p>Santa Cruz Xoxocotl\u00e1n, Oax., 30 Nov. \u2014 La presidenta municipal de esta ciudad. Nancy Ben\u00edtez&#8230;<\/p>\n","protected":false},"author":2,"featured_media":4122,"comment_status":"open","ping_status":"closed","sticky":false,"template":"","format":"standard","meta":{"footnotes":""},"categories":[3],"tags":[],"class_list":["post-4143","post","type-post","status-publish","format-standard","has-post-thumbnail","hentry","category-comunicadosdeprensa"],"yoast_head":"<!-- This site is optimized with the Yoast SEO plugin v27.5 - https:\/\/yoast.com\/product\/yoast-seo-wordpress\/ -->\n<title>Llama Nancy Ben\u00edtez a difundir la cultura heredada por los antiguos habitantes de Monte Alb\u00e1n - CV Noticias<\/title>\n<meta name=\"robots\" content=\"index, follow, max-snippet:-1, max-image-preview:large, max-video-preview:-1\" \/>\n<link rel=\"canonical\" href=\"https:\/\/cvnoticias.com\/nuevapagina\/index.php\/2025\/12\/02\/llama-nancy-benitez-a-difundir-la-cultura-heredada-por-los-antiguos-habitantes-de-monte-alban\/\" \/>\n<meta property=\"og:locale\" content=\"es_ES\" \/>\n<meta property=\"og:type\" content=\"article\" \/>\n<meta property=\"og:title\" content=\"Llama Nancy Ben\u00edtez a difundir la cultura heredada por los antiguos habitantes de Monte Alb\u00e1n - CV Noticias\" \/>\n<meta property=\"og:description\" content=\"Santa Cruz Xoxocotl\u00e1n, Oax., 30 Nov. \u2014 La presidenta municipal de esta ciudad. Nancy Ben\u00edtez...\" \/>\n<meta property=\"og:url\" content=\"https:\/\/cvnoticias.com\/nuevapagina\/index.php\/2025\/12\/02\/llama-nancy-benitez-a-difundir-la-cultura-heredada-por-los-antiguos-habitantes-de-monte-alban\/\" \/>\n<meta property=\"og:site_name\" content=\"CV Noticias\" \/>\n<meta property=\"article:published_time\" content=\"2025-12-02T02:43:47+00:00\" \/>\n<meta property=\"article:modified_time\" content=\"2025-12-02T02:43:48+00:00\" \/>\n<meta property=\"og:image\" content=\"https:\/\/cvnoticias.com\/nuevapagina\/wp-content\/uploads\/2025\/12\/WhatsApp-Image-2025-12-01-at-8.39.20-AM.jpeg\" \/>\n\t<meta property=\"og:image:width\" content=\"1280\" \/>\n\t<meta property=\"og:image:height\" content=\"854\" \/>\n\t<meta property=\"og:image:type\" content=\"image\/jpeg\" \/>\n<meta name=\"author\" content=\"CvNoticias\" \/>\n<meta name=\"twitter:card\" content=\"summary_large_image\" \/>\n<meta name=\"twitter:label1\" content=\"Escrito por\" \/>\n\t<meta name=\"twitter:data1\" content=\"CvNoticias\" \/>\n\t<meta name=\"twitter:label2\" content=\"Tiempo de lectura\" \/>\n\t<meta name=\"twitter:data2\" content=\"2 minutos\" \/>\n<script type=\"application\/ld+json\" class=\"yoast-schema-graph\">{\"@context\":\"https:\\\/\\\/schema.org\",\"@graph\":[{\"@type\":\"Article\",\"@id\":\"https:\\\/\\\/cvnoticias.com\\\/nuevapagina\\\/index.php\\\/2025\\\/12\\\/02\\\/llama-nancy-benitez-a-difundir-la-cultura-heredada-por-los-antiguos-habitantes-de-monte-alban\\\/#article\",\"isPartOf\":{\"@id\":\"https:\\\/\\\/cvnoticias.com\\\/nuevapagina\\\/index.php\\\/2025\\\/12\\\/02\\\/llama-nancy-benitez-a-difundir-la-cultura-heredada-por-los-antiguos-habitantes-de-monte-alban\\\/\"},\"author\":{\"name\":\"CvNoticias\",\"@id\":\"https:\\\/\\\/cvnoticias.com\\\/nuevapagina\\\/#\\\/schema\\\/person\\\/19e35f246421a31486be7321065f7463\"},\"headline\":\"Llama Nancy Ben\u00edtez a difundir la cultura heredada por los antiguos habitantes de Monte Alb\u00e1n\",\"datePublished\":\"2025-12-02T02:43:47+00:00\",\"dateModified\":\"2025-12-02T02:43:48+00:00\",\"mainEntityOfPage\":{\"@id\":\"https:\\\/\\\/cvnoticias.com\\\/nuevapagina\\\/index.php\\\/2025\\\/12\\\/02\\\/llama-nancy-benitez-a-difundir-la-cultura-heredada-por-los-antiguos-habitantes-de-monte-alban\\\/\"},\"wordCount\":436,\"commentCount\":0,\"publisher\":{\"@id\":\"https:\\\/\\\/cvnoticias.com\\\/nuevapagina\\\/#organization\"},\"image\":{\"@id\":\"https:\\\/\\\/cvnoticias.com\\\/nuevapagina\\\/index.php\\\/2025\\\/12\\\/02\\\/llama-nancy-benitez-a-difundir-la-cultura-heredada-por-los-antiguos-habitantes-de-monte-alban\\\/#primaryimage\"},\"thumbnailUrl\":\"https:\\\/\\\/cvnoticias.com\\\/nuevapagina\\\/wp-content\\\/uploads\\\/2025\\\/12\\\/WhatsApp-Image-2025-12-01-at-8.39.20-AM.jpeg\",\"articleSection\":[\"Comunicados\"],\"inLanguage\":\"es\",\"potentialAction\":[{\"@type\":\"CommentAction\",\"name\":\"Comment\",\"target\":[\"https:\\\/\\\/cvnoticias.com\\\/nuevapagina\\\/index.php\\\/2025\\\/12\\\/02\\\/llama-nancy-benitez-a-difundir-la-cultura-heredada-por-los-antiguos-habitantes-de-monte-alban\\\/#respond\"]}]},{\"@type\":\"WebPage\",\"@id\":\"https:\\\/\\\/cvnoticias.com\\\/nuevapagina\\\/index.php\\\/2025\\\/12\\\/02\\\/llama-nancy-benitez-a-difundir-la-cultura-heredada-por-los-antiguos-habitantes-de-monte-alban\\\/\",\"url\":\"https:\\\/\\\/cvnoticias.com\\\/nuevapagina\\\/index.php\\\/2025\\\/12\\\/02\\\/llama-nancy-benitez-a-difundir-la-cultura-heredada-por-los-antiguos-habitantes-de-monte-alban\\\/\",\"name\":\"Llama Nancy Ben\u00edtez a difundir la cultura heredada por los antiguos habitantes de Monte Alb\u00e1n - CV Noticias\",\"isPartOf\":{\"@id\":\"https:\\\/\\\/cvnoticias.com\\\/nuevapagina\\\/#website\"},\"primaryImageOfPage\":{\"@id\":\"https:\\\/\\\/cvnoticias.com\\\/nuevapagina\\\/index.php\\\/2025\\\/12\\\/02\\\/llama-nancy-benitez-a-difundir-la-cultura-heredada-por-los-antiguos-habitantes-de-monte-alban\\\/#primaryimage\"},\"image\":{\"@id\":\"https:\\\/\\\/cvnoticias.com\\\/nuevapagina\\\/index.php\\\/2025\\\/12\\\/02\\\/llama-nancy-benitez-a-difundir-la-cultura-heredada-por-los-antiguos-habitantes-de-monte-alban\\\/#primaryimage\"},\"thumbnailUrl\":\"https:\\\/\\\/cvnoticias.com\\\/nuevapagina\\\/wp-content\\\/uploads\\\/2025\\\/12\\\/WhatsApp-Image-2025-12-01-at-8.39.20-AM.jpeg\",\"datePublished\":\"2025-12-02T02:43:47+00:00\",\"dateModified\":\"2025-12-02T02:43:48+00:00\",\"breadcrumb\":{\"@id\":\"https:\\\/\\\/cvnoticias.com\\\/nuevapagina\\\/index.php\\\/2025\\\/12\\\/02\\\/llama-nancy-benitez-a-difundir-la-cultura-heredada-por-los-antiguos-habitantes-de-monte-alban\\\/#breadcrumb\"},\"inLanguage\":\"es\",\"potentialAction\":[{\"@type\":\"ReadAction\",\"target\":[\"https:\\\/\\\/cvnoticias.com\\\/nuevapagina\\\/index.php\\\/2025\\\/12\\\/02\\\/llama-nancy-benitez-a-difundir-la-cultura-heredada-por-los-antiguos-habitantes-de-monte-alban\\\/\"]}]},{\"@type\":\"ImageObject\",\"inLanguage\":\"es\",\"@id\":\"https:\\\/\\\/cvnoticias.com\\\/nuevapagina\\\/index.php\\\/2025\\\/12\\\/02\\\/llama-nancy-benitez-a-difundir-la-cultura-heredada-por-los-antiguos-habitantes-de-monte-alban\\\/#primaryimage\",\"url\":\"https:\\\/\\\/cvnoticias.com\\\/nuevapagina\\\/wp-content\\\/uploads\\\/2025\\\/12\\\/WhatsApp-Image-2025-12-01-at-8.39.20-AM.jpeg\",\"contentUrl\":\"https:\\\/\\\/cvnoticias.com\\\/nuevapagina\\\/wp-content\\\/uploads\\\/2025\\\/12\\\/WhatsApp-Image-2025-12-01-at-8.39.20-AM.jpeg\",\"width\":1280,\"height\":854},{\"@type\":\"BreadcrumbList\",\"@id\":\"https:\\\/\\\/cvnoticias.com\\\/nuevapagina\\\/index.php\\\/2025\\\/12\\\/02\\\/llama-nancy-benitez-a-difundir-la-cultura-heredada-por-los-antiguos-habitantes-de-monte-alban\\\/#breadcrumb\",\"itemListElement\":[{\"@type\":\"ListItem\",\"position\":1,\"name\":\"Portada\",\"item\":\"https:\\\/\\\/cvnoticias.com\\\/nuevapagina\\\/\"},{\"@type\":\"ListItem\",\"position\":2,\"name\":\"Llama Nancy Ben\u00edtez a difundir la cultura heredada por los antiguos habitantes de Monte Alb\u00e1n\"}]},{\"@type\":\"WebSite\",\"@id\":\"https:\\\/\\\/cvnoticias.com\\\/nuevapagina\\\/#website\",\"url\":\"https:\\\/\\\/cvnoticias.com\\\/nuevapagina\\\/\",\"name\":\"CV Noticias\",\"description\":\"Noticias de Oaxaca\",\"publisher\":{\"@id\":\"https:\\\/\\\/cvnoticias.com\\\/nuevapagina\\\/#organization\"},\"potentialAction\":[{\"@type\":\"SearchAction\",\"target\":{\"@type\":\"EntryPoint\",\"urlTemplate\":\"https:\\\/\\\/cvnoticias.com\\\/nuevapagina\\\/?s={search_term_string}\"},\"query-input\":{\"@type\":\"PropertyValueSpecification\",\"valueRequired\":true,\"valueName\":\"search_term_string\"}}],\"inLanguage\":\"es\"},{\"@type\":\"Organization\",\"@id\":\"https:\\\/\\\/cvnoticias.com\\\/nuevapagina\\\/#organization\",\"name\":\"CV Noticias\",\"url\":\"https:\\\/\\\/cvnoticias.com\\\/nuevapagina\\\/\",\"logo\":{\"@type\":\"ImageObject\",\"inLanguage\":\"es\",\"@id\":\"https:\\\/\\\/cvnoticias.com\\\/nuevapagina\\\/#\\\/schema\\\/logo\\\/image\\\/\",\"url\":\"https:\\\/\\\/cvnoticias.com\\\/nuevapagina\\\/wp-content\\\/uploads\\\/2025\\\/05\\\/cropped-logo-1.png\",\"contentUrl\":\"https:\\\/\\\/cvnoticias.com\\\/nuevapagina\\\/wp-content\\\/uploads\\\/2025\\\/05\\\/cropped-logo-1.png\",\"width\":320,\"height\":118,\"caption\":\"CV Noticias\"},\"image\":{\"@id\":\"https:\\\/\\\/cvnoticias.com\\\/nuevapagina\\\/#\\\/schema\\\/logo\\\/image\\\/\"}},{\"@type\":\"Person\",\"@id\":\"https:\\\/\\\/cvnoticias.com\\\/nuevapagina\\\/#\\\/schema\\\/person\\\/19e35f246421a31486be7321065f7463\",\"name\":\"CvNoticias\",\"image\":{\"@type\":\"ImageObject\",\"inLanguage\":\"es\",\"@id\":\"https:\\\/\\\/secure.gravatar.com\\\/avatar\\\/c3a4375d38fd8f9b34ac9e853cb706a079817c78f9a39e33b16a2b2b2e51688a?s=96&d=mm&r=g\",\"url\":\"https:\\\/\\\/secure.gravatar.com\\\/avatar\\\/c3a4375d38fd8f9b34ac9e853cb706a079817c78f9a39e33b16a2b2b2e51688a?s=96&d=mm&r=g\",\"contentUrl\":\"https:\\\/\\\/secure.gravatar.com\\\/avatar\\\/c3a4375d38fd8f9b34ac9e853cb706a079817c78f9a39e33b16a2b2b2e51688a?s=96&d=mm&r=g\",\"caption\":\"CvNoticias\"},\"url\":\"https:\\\/\\\/cvnoticias.com\\\/nuevapagina\\\/index.php\\\/author\\\/gesner\\\/\"}]}<\/script>\n<!-- \/ Yoast SEO plugin. -->","yoast_head_json":{"title":"Llama Nancy Ben\u00edtez a difundir la cultura heredada por los antiguos habitantes de Monte Alb\u00e1n - CV Noticias","robots":{"index":"index","follow":"follow","max-snippet":"max-snippet:-1","max-image-preview":"max-image-preview:large","max-video-preview":"max-video-preview:-1"},"canonical":"https:\/\/cvnoticias.com\/nuevapagina\/index.php\/2025\/12\/02\/llama-nancy-benitez-a-difundir-la-cultura-heredada-por-los-antiguos-habitantes-de-monte-alban\/","og_locale":"es_ES","og_type":"article","og_title":"Llama Nancy Ben\u00edtez a difundir la cultura heredada por los antiguos habitantes de Monte Alb\u00e1n - CV Noticias","og_description":"Santa Cruz Xoxocotl\u00e1n, Oax., 30 Nov. \u2014 La presidenta municipal de esta ciudad. Nancy Ben\u00edtez...","og_url":"https:\/\/cvnoticias.com\/nuevapagina\/index.php\/2025\/12\/02\/llama-nancy-benitez-a-difundir-la-cultura-heredada-por-los-antiguos-habitantes-de-monte-alban\/","og_site_name":"CV Noticias","article_published_time":"2025-12-02T02:43:47+00:00","article_modified_time":"2025-12-02T02:43:48+00:00","og_image":[{"width":1280,"height":854,"url":"https:\/\/cvnoticias.com\/nuevapagina\/wp-content\/uploads\/2025\/12\/WhatsApp-Image-2025-12-01-at-8.39.20-AM.jpeg","type":"image\/jpeg"}],"author":"CvNoticias","twitter_card":"summary_large_image","twitter_misc":{"Escrito por":"CvNoticias","Tiempo de lectura":"2 minutos"},"schema":{"@context":"https:\/\/schema.org","@graph":[{"@type":"Article","@id":"https:\/\/cvnoticias.com\/nuevapagina\/index.php\/2025\/12\/02\/llama-nancy-benitez-a-difundir-la-cultura-heredada-por-los-antiguos-habitantes-de-monte-alban\/#article","isPartOf":{"@id":"https:\/\/cvnoticias.com\/nuevapagina\/index.php\/2025\/12\/02\/llama-nancy-benitez-a-difundir-la-cultura-heredada-por-los-antiguos-habitantes-de-monte-alban\/"},"author":{"name":"CvNoticias","@id":"https:\/\/cvnoticias.com\/nuevapagina\/#\/schema\/person\/19e35f246421a31486be7321065f7463"},"headline":"Llama Nancy Ben\u00edtez a difundir la cultura heredada por los antiguos habitantes de Monte Alb\u00e1n","datePublished":"2025-12-02T02:43:47+00:00","dateModified":"2025-12-02T02:43:48+00:00","mainEntityOfPage":{"@id":"https:\/\/cvnoticias.com\/nuevapagina\/index.php\/2025\/12\/02\/llama-nancy-benitez-a-difundir-la-cultura-heredada-por-los-antiguos-habitantes-de-monte-alban\/"},"wordCount":436,"commentCount":0,"publisher":{"@id":"https:\/\/cvnoticias.com\/nuevapagina\/#organization"},"image":{"@id":"https:\/\/cvnoticias.com\/nuevapagina\/index.php\/2025\/12\/02\/llama-nancy-benitez-a-difundir-la-cultura-heredada-por-los-antiguos-habitantes-de-monte-alban\/#primaryimage"},"thumbnailUrl":"https:\/\/cvnoticias.com\/nuevapagina\/wp-content\/uploads\/2025\/12\/WhatsApp-Image-2025-12-01-at-8.39.20-AM.jpeg","articleSection":["Comunicados"],"inLanguage":"es","potentialAction":[{"@type":"CommentAction","name":"Comment","target":["https:\/\/cvnoticias.com\/nuevapagina\/index.php\/2025\/12\/02\/llama-nancy-benitez-a-difundir-la-cultura-heredada-por-los-antiguos-habitantes-de-monte-alban\/#respond"]}]},{"@type":"WebPage","@id":"https:\/\/cvnoticias.com\/nuevapagina\/index.php\/2025\/12\/02\/llama-nancy-benitez-a-difundir-la-cultura-heredada-por-los-antiguos-habitantes-de-monte-alban\/","url":"https:\/\/cvnoticias.com\/nuevapagina\/index.php\/2025\/12\/02\/llama-nancy-benitez-a-difundir-la-cultura-heredada-por-los-antiguos-habitantes-de-monte-alban\/","name":"Llama Nancy Ben\u00edtez a difundir la cultura heredada por los antiguos habitantes de Monte Alb\u00e1n - CV Noticias","isPartOf":{"@id":"https:\/\/cvnoticias.com\/nuevapagina\/#website"},"primaryImageOfPage":{"@id":"https:\/\/cvnoticias.com\/nuevapagina\/index.php\/2025\/12\/02\/llama-nancy-benitez-a-difundir-la-cultura-heredada-por-los-antiguos-habitantes-de-monte-alban\/#primaryimage"},"image":{"@id":"https:\/\/cvnoticias.com\/nuevapagina\/index.php\/2025\/12\/02\/llama-nancy-benitez-a-difundir-la-cultura-heredada-por-los-antiguos-habitantes-de-monte-alban\/#primaryimage"},"thumbnailUrl":"https:\/\/cvnoticias.com\/nuevapagina\/wp-content\/uploads\/2025\/12\/WhatsApp-Image-2025-12-01-at-8.39.20-AM.jpeg","datePublished":"2025-12-02T02:43:47+00:00","dateModified":"2025-12-02T02:43:48+00:00","breadcrumb":{"@id":"https:\/\/cvnoticias.com\/nuevapagina\/index.php\/2025\/12\/02\/llama-nancy-benitez-a-difundir-la-cultura-heredada-por-los-antiguos-habitantes-de-monte-alban\/#breadcrumb"},"inLanguage":"es","potentialAction":[{"@type":"ReadAction","target":["https:\/\/cvnoticias.com\/nuevapagina\/index.php\/2025\/12\/02\/llama-nancy-benitez-a-difundir-la-cultura-heredada-por-los-antiguos-habitantes-de-monte-alban\/"]}]},{"@type":"ImageObject","inLanguage":"es","@id":"https:\/\/cvnoticias.com\/nuevapagina\/index.php\/2025\/12\/02\/llama-nancy-benitez-a-difundir-la-cultura-heredada-por-los-antiguos-habitantes-de-monte-alban\/#primaryimage","url":"https:\/\/cvnoticias.com\/nuevapagina\/wp-content\/uploads\/2025\/12\/WhatsApp-Image-2025-12-01-at-8.39.20-AM.jpeg","contentUrl":"https:\/\/cvnoticias.com\/nuevapagina\/wp-content\/uploads\/2025\/12\/WhatsApp-Image-2025-12-01-at-8.39.20-AM.jpeg","width":1280,"height":854},{"@type":"BreadcrumbList","@id":"https:\/\/cvnoticias.com\/nuevapagina\/index.php\/2025\/12\/02\/llama-nancy-benitez-a-difundir-la-cultura-heredada-por-los-antiguos-habitantes-de-monte-alban\/#breadcrumb","itemListElement":[{"@type":"ListItem","position":1,"name":"Portada","item":"https:\/\/cvnoticias.com\/nuevapagina\/"},{"@type":"ListItem","position":2,"name":"Llama Nancy Ben\u00edtez a difundir la cultura heredada por los antiguos habitantes de Monte Alb\u00e1n"}]},{"@type":"WebSite","@id":"https:\/\/cvnoticias.com\/nuevapagina\/#website","url":"https:\/\/cvnoticias.com\/nuevapagina\/","name":"CV Noticias","description":"Noticias de Oaxaca","publisher":{"@id":"https:\/\/cvnoticias.com\/nuevapagina\/#organization"},"potentialAction":[{"@type":"SearchAction","target":{"@type":"EntryPoint","urlTemplate":"https:\/\/cvnoticias.com\/nuevapagina\/?s={search_term_string}"},"query-input":{"@type":"PropertyValueSpecification","valueRequired":true,"valueName":"search_term_string"}}],"inLanguage":"es"},{"@type":"Organization","@id":"https:\/\/cvnoticias.com\/nuevapagina\/#organization","name":"CV Noticias","url":"https:\/\/cvnoticias.com\/nuevapagina\/","logo":{"@type":"ImageObject","inLanguage":"es","@id":"https:\/\/cvnoticias.com\/nuevapagina\/#\/schema\/logo\/image\/","url":"https:\/\/cvnoticias.com\/nuevapagina\/wp-content\/uploads\/2025\/05\/cropped-logo-1.png","contentUrl":"https:\/\/cvnoticias.com\/nuevapagina\/wp-content\/uploads\/2025\/05\/cropped-logo-1.png","width":320,"height":118,"caption":"CV Noticias"},"image":{"@id":"https:\/\/cvnoticias.com\/nuevapagina\/#\/schema\/logo\/image\/"}},{"@type":"Person","@id":"https:\/\/cvnoticias.com\/nuevapagina\/#\/schema\/person\/19e35f246421a31486be7321065f7463","name":"CvNoticias","image":{"@type":"ImageObject","inLanguage":"es","@id":"https:\/\/secure.gravatar.com\/avatar\/c3a4375d38fd8f9b34ac9e853cb706a079817c78f9a39e33b16a2b2b2e51688a?s=96&d=mm&r=g","url":"https:\/\/secure.gravatar.com\/avatar\/c3a4375d38fd8f9b34ac9e853cb706a079817c78f9a39e33b16a2b2b2e51688a?s=96&d=mm&r=g","contentUrl":"https:\/\/secure.gravatar.com\/avatar\/c3a4375d38fd8f9b34ac9e853cb706a079817c78f9a39e33b16a2b2b2e51688a?s=96&d=mm&r=g","caption":"CvNoticias"},"url":"https:\/\/cvnoticias.com\/nuevapagina\/index.php\/author\/gesner\/"}]}},"_links":{"self":[{"href":"https:\/\/cvnoticias.com\/nuevapagina\/index.php\/wp-json\/wp\/v2\/posts\/4143","targetHints":{"allow":["GET"]}}],"collection":[{"href":"https:\/\/cvnoticias.com\/nuevapagina\/index.php\/wp-json\/wp\/v2\/posts"}],"about":[{"href":"https:\/\/cvnoticias.com\/nuevapagina\/index.php\/wp-json\/wp\/v2\/types\/post"}],"author":[{"embeddable":true,"href":"https:\/\/cvnoticias.com\/nuevapagina\/index.php\/wp-json\/wp\/v2\/users\/2"}],"replies":[{"embeddable":true,"href":"https:\/\/cvnoticias.com\/nuevapagina\/index.php\/wp-json\/wp\/v2\/comments?post=4143"}],"version-history":[{"count":1,"href":"https:\/\/cvnoticias.com\/nuevapagina\/index.php\/wp-json\/wp\/v2\/posts\/4143\/revisions"}],"predecessor-version":[{"id":4144,"href":"https:\/\/cvnoticias.com\/nuevapagina\/index.php\/wp-json\/wp\/v2\/posts\/4143\/revisions\/4144"}],"wp:featuredmedia":[{"embeddable":true,"href":"https:\/\/cvnoticias.com\/nuevapagina\/index.php\/wp-json\/wp\/v2\/media\/4122"}],"wp:attachment":[{"href":"https:\/\/cvnoticias.com\/nuevapagina\/index.php\/wp-json\/wp\/v2\/media?parent=4143"}],"wp:term":[{"taxonomy":"category","embeddable":true,"href":"https:\/\/cvnoticias.com\/nuevapagina\/index.php\/wp-json\/wp\/v2\/categories?post=4143"},{"taxonomy":"post_tag","embeddable":true,"href":"https:\/\/cvnoticias.com\/nuevapagina\/index.php\/wp-json\/wp\/v2\/tags?post=4143"}],"curies":[{"name":"wp","href":"https:\/\/api.w.org\/{rel}","templated":true}]}}