{"id":4131,"date":"2025-12-02T02:35:39","date_gmt":"2025-12-02T02:35:39","guid":{"rendered":"https:\/\/cvnoticias.com\/nuevapagina\/?p=4131"},"modified":"2025-12-02T02:35:41","modified_gmt":"2025-12-02T02:35:41","slug":"declara-congreso-local-el-29-de-abril-como-el-dia-estatal-por-el-derecho-de-las-infancias-a-la-alimentacion-sana","status":"publish","type":"post","link":"https:\/\/cvnoticias.com\/nuevapagina\/index.php\/2025\/12\/02\/declara-congreso-local-el-29-de-abril-como-el-dia-estatal-por-el-derecho-de-las-infancias-a-la-alimentacion-sana\/","title":{"rendered":"Declara Congreso local el 29 de abril como el D\u00eda Estatal por el Derecho de las Infancias a la Alimentaci\u00f3n Sana"},"content":{"rendered":"\n<p><\/p>\n\n\n\n<p>*Esta medida busca sensibilizar a la sociedad y a las autoridades sobre los retos nutricionales que enfrentan ni\u00f1as, ni\u00f1os y adolescentes<br>*La iniciativa fue impulsada por el diputado C\u00e9sar David Mateos Ben\u00edtez<\/p>\n\n\n\n<p>San Raymundo Jalpan, Oax., a 28 de noviembre de 2025.- Con el prop\u00f3sito de impulsar pol\u00edticas p\u00fablicas que reconozcan la importancia de una nutrici\u00f3n adecuada para el desarrollo integral de Ni\u00f1as, Ni\u00f1os y Adolescentes (NNA), la LXVI Legislatura aprob\u00f3 en Sesi\u00f3n Ordinaria con 36 votos a favor el Proyecto de Decreto que declara el 29 de abril de cada a\u00f1o como el D\u00eda Estatal por el Derecho de las Infancias a la Alimentaci\u00f3n Sana.<\/p>\n\n\n\n<p>La declaratoria tambi\u00e9n busca sensibilizar a la sociedad y a las autoridades en este tema; fortalecer el trabajo interinstitucional entre los sectores educativo, de salud, social y agroalimentario; y visibilizar los retos nutricionales que enfrentan las personas menores de 18 a\u00f1os en el estado.<\/p>\n\n\n\n<p>Adem\u00e1s, la fecha se eligi\u00f3 por su cercan\u00eda con el D\u00eda de la Ni\u00f1a y el Ni\u00f1o-que se celebra el 30 de abril-, lo que permitir\u00e1 aprovechar las actividades ya programadas por diversas instituciones sin generar costos adicionales.<\/p>\n\n\n\n<p>De acuerdo con el diputado promovente, C\u00e9sar David Mateos Ben\u00edtez, esta medida robustece la garant\u00eda de NNA a una alimentaci\u00f3n saludable y evidencia los problemas derivados del modelo de producci\u00f3n y consumo que ha incrementado la presencia de alimentos ultraprocesados en la dieta cotidiana.<\/p>\n\n\n\n<p>Y es que en M\u00e9xico cerca del 40% de ni\u00f1as y ni\u00f1os en edad escolar y el 43.8% de adolescentes presentan sobrepeso u obesidad. Mientras que en la regi\u00f3n Sur entre 2016 y 2022 se registr\u00f3 un incremento del 28.1% en el gasto destinado a productos ultraprocesados, tendencia que ha contribuido al desplazamiento de la alimentaci\u00f3n tradicional y al aumento de enfermedades cr\u00f3nico-degenerativas.<\/p>\n\n\n\n<p>El dictamen de la Comisi\u00f3n Permanente de Culturas y Artes destaca que el consumo de bebidas azucaradas y alimentos industrializados agrava esta problem\u00e1tica, por lo que resulta necesario impulsar acciones integrales que fomenten h\u00e1bitos alimentarios saludables desde la infancia.<\/p>\n\n\n\n<p>Para fortalecer su implementaci\u00f3n, se comunicar\u00e1 de esta medida al Poder Ejecutivo, a los Servicios de Salud de Oaxaca (SSO), as\u00ed como a las secretar\u00edas de Interculturalidad, Pueblos y Comunidades Ind\u00edgenas y Afromexicanas; Educaci\u00f3n P\u00fablica (SEP); Instituto Estatal de Educaci\u00f3n P\u00fablica de Oaxaca (IEEPO); y al Sistema Estatal para el Desarrollo Integral de la Familia (DIF), para que promuevan, desde una perspectiva intercultural, acciones que aseguren a las infancias el acceso a una alimentaci\u00f3n sana y culturalmente adecuada.<\/p>\n","protected":false},"excerpt":{"rendered":"<p>*Esta medida busca sensibilizar a la sociedad y a las autoridades sobre los retos nutricionales&#8230;<\/p>\n","protected":false},"author":2,"featured_media":4128,"comment_status":"open","ping_status":"closed","sticky":false,"template":"","format":"standard","meta":{"footnotes":""},"categories":[3],"tags":[],"class_list":["post-4131","post","type-post","status-publish","format-standard","has-post-thumbnail","hentry","category-comunicadosdeprensa"],"yoast_head":"<!-- This site is optimized with the Yoast SEO plugin v27.5 - https:\/\/yoast.com\/product\/yoast-seo-wordpress\/ -->\n<title>Declara Congreso local el 29 de abril como el D\u00eda Estatal por el Derecho de las Infancias a la Alimentaci\u00f3n Sana - CV Noticias<\/title>\n<meta name=\"robots\" content=\"index, follow, max-snippet:-1, max-image-preview:large, max-video-preview:-1\" \/>\n<link rel=\"canonical\" href=\"https:\/\/cvnoticias.com\/nuevapagina\/index.php\/2025\/12\/02\/declara-congreso-local-el-29-de-abril-como-el-dia-estatal-por-el-derecho-de-las-infancias-a-la-alimentacion-sana\/\" \/>\n<meta property=\"og:locale\" content=\"es_ES\" \/>\n<meta property=\"og:type\" content=\"article\" \/>\n<meta property=\"og:title\" content=\"Declara Congreso local el 29 de abril como el D\u00eda Estatal por el Derecho de las Infancias a la Alimentaci\u00f3n Sana - CV Noticias\" \/>\n<meta property=\"og:description\" content=\"*Esta medida busca sensibilizar a la sociedad y a las autoridades sobre los retos nutricionales...\" \/>\n<meta property=\"og:url\" content=\"https:\/\/cvnoticias.com\/nuevapagina\/index.php\/2025\/12\/02\/declara-congreso-local-el-29-de-abril-como-el-dia-estatal-por-el-derecho-de-las-infancias-a-la-alimentacion-sana\/\" \/>\n<meta property=\"og:site_name\" content=\"CV Noticias\" \/>\n<meta property=\"article:published_time\" content=\"2025-12-02T02:35:39+00:00\" \/>\n<meta property=\"article:modified_time\" content=\"2025-12-02T02:35:41+00:00\" \/>\n<meta property=\"og:image\" content=\"https:\/\/cvnoticias.com\/nuevapagina\/wp-content\/uploads\/2025\/12\/WhatsApp-Image-2025-12-01-at-8.37.16-AM.jpeg\" \/>\n\t<meta property=\"og:image:width\" content=\"1280\" \/>\n\t<meta property=\"og:image:height\" content=\"853\" \/>\n\t<meta property=\"og:image:type\" content=\"image\/jpeg\" \/>\n<meta name=\"author\" content=\"CvNoticias\" \/>\n<meta name=\"twitter:card\" content=\"summary_large_image\" \/>\n<meta name=\"twitter:label1\" content=\"Escrito por\" \/>\n\t<meta name=\"twitter:data1\" content=\"CvNoticias\" \/>\n\t<meta name=\"twitter:label2\" content=\"Tiempo de lectura\" \/>\n\t<meta name=\"twitter:data2\" content=\"3 minutos\" \/>\n<script type=\"application\/ld+json\" class=\"yoast-schema-graph\">{\"@context\":\"https:\\\/\\\/schema.org\",\"@graph\":[{\"@type\":\"Article\",\"@id\":\"https:\\\/\\\/cvnoticias.com\\\/nuevapagina\\\/index.php\\\/2025\\\/12\\\/02\\\/declara-congreso-local-el-29-de-abril-como-el-dia-estatal-por-el-derecho-de-las-infancias-a-la-alimentacion-sana\\\/#article\",\"isPartOf\":{\"@id\":\"https:\\\/\\\/cvnoticias.com\\\/nuevapagina\\\/index.php\\\/2025\\\/12\\\/02\\\/declara-congreso-local-el-29-de-abril-como-el-dia-estatal-por-el-derecho-de-las-infancias-a-la-alimentacion-sana\\\/\"},\"author\":{\"name\":\"CvNoticias\",\"@id\":\"https:\\\/\\\/cvnoticias.com\\\/nuevapagina\\\/#\\\/schema\\\/person\\\/19e35f246421a31486be7321065f7463\"},\"headline\":\"Declara Congreso local el 29 de abril como el D\u00eda Estatal por el Derecho de las Infancias a la Alimentaci\u00f3n Sana\",\"datePublished\":\"2025-12-02T02:35:39+00:00\",\"dateModified\":\"2025-12-02T02:35:41+00:00\",\"mainEntityOfPage\":{\"@id\":\"https:\\\/\\\/cvnoticias.com\\\/nuevapagina\\\/index.php\\\/2025\\\/12\\\/02\\\/declara-congreso-local-el-29-de-abril-como-el-dia-estatal-por-el-derecho-de-las-infancias-a-la-alimentacion-sana\\\/\"},\"wordCount\":467,\"commentCount\":0,\"publisher\":{\"@id\":\"https:\\\/\\\/cvnoticias.com\\\/nuevapagina\\\/#organization\"},\"image\":{\"@id\":\"https:\\\/\\\/cvnoticias.com\\\/nuevapagina\\\/index.php\\\/2025\\\/12\\\/02\\\/declara-congreso-local-el-29-de-abril-como-el-dia-estatal-por-el-derecho-de-las-infancias-a-la-alimentacion-sana\\\/#primaryimage\"},\"thumbnailUrl\":\"https:\\\/\\\/cvnoticias.com\\\/nuevapagina\\\/wp-content\\\/uploads\\\/2025\\\/12\\\/WhatsApp-Image-2025-12-01-at-8.37.16-AM.jpeg\",\"articleSection\":[\"Comunicados\"],\"inLanguage\":\"es\",\"potentialAction\":[{\"@type\":\"CommentAction\",\"name\":\"Comment\",\"target\":[\"https:\\\/\\\/cvnoticias.com\\\/nuevapagina\\\/index.php\\\/2025\\\/12\\\/02\\\/declara-congreso-local-el-29-de-abril-como-el-dia-estatal-por-el-derecho-de-las-infancias-a-la-alimentacion-sana\\\/#respond\"]}]},{\"@type\":\"WebPage\",\"@id\":\"https:\\\/\\\/cvnoticias.com\\\/nuevapagina\\\/index.php\\\/2025\\\/12\\\/02\\\/declara-congreso-local-el-29-de-abril-como-el-dia-estatal-por-el-derecho-de-las-infancias-a-la-alimentacion-sana\\\/\",\"url\":\"https:\\\/\\\/cvnoticias.com\\\/nuevapagina\\\/index.php\\\/2025\\\/12\\\/02\\\/declara-congreso-local-el-29-de-abril-como-el-dia-estatal-por-el-derecho-de-las-infancias-a-la-alimentacion-sana\\\/\",\"name\":\"Declara Congreso local el 29 de abril como el D\u00eda Estatal por el Derecho de las Infancias a la Alimentaci\u00f3n Sana - CV Noticias\",\"isPartOf\":{\"@id\":\"https:\\\/\\\/cvnoticias.com\\\/nuevapagina\\\/#website\"},\"primaryImageOfPage\":{\"@id\":\"https:\\\/\\\/cvnoticias.com\\\/nuevapagina\\\/index.php\\\/2025\\\/12\\\/02\\\/declara-congreso-local-el-29-de-abril-como-el-dia-estatal-por-el-derecho-de-las-infancias-a-la-alimentacion-sana\\\/#primaryimage\"},\"image\":{\"@id\":\"https:\\\/\\\/cvnoticias.com\\\/nuevapagina\\\/index.php\\\/2025\\\/12\\\/02\\\/declara-congreso-local-el-29-de-abril-como-el-dia-estatal-por-el-derecho-de-las-infancias-a-la-alimentacion-sana\\\/#primaryimage\"},\"thumbnailUrl\":\"https:\\\/\\\/cvnoticias.com\\\/nuevapagina\\\/wp-content\\\/uploads\\\/2025\\\/12\\\/WhatsApp-Image-2025-12-01-at-8.37.16-AM.jpeg\",\"datePublished\":\"2025-12-02T02:35:39+00:00\",\"dateModified\":\"2025-12-02T02:35:41+00:00\",\"breadcrumb\":{\"@id\":\"https:\\\/\\\/cvnoticias.com\\\/nuevapagina\\\/index.php\\\/2025\\\/12\\\/02\\\/declara-congreso-local-el-29-de-abril-como-el-dia-estatal-por-el-derecho-de-las-infancias-a-la-alimentacion-sana\\\/#breadcrumb\"},\"inLanguage\":\"es\",\"potentialAction\":[{\"@type\":\"ReadAction\",\"target\":[\"https:\\\/\\\/cvnoticias.com\\\/nuevapagina\\\/index.php\\\/2025\\\/12\\\/02\\\/declara-congreso-local-el-29-de-abril-como-el-dia-estatal-por-el-derecho-de-las-infancias-a-la-alimentacion-sana\\\/\"]}]},{\"@type\":\"ImageObject\",\"inLanguage\":\"es\",\"@id\":\"https:\\\/\\\/cvnoticias.com\\\/nuevapagina\\\/index.php\\\/2025\\\/12\\\/02\\\/declara-congreso-local-el-29-de-abril-como-el-dia-estatal-por-el-derecho-de-las-infancias-a-la-alimentacion-sana\\\/#primaryimage\",\"url\":\"https:\\\/\\\/cvnoticias.com\\\/nuevapagina\\\/wp-content\\\/uploads\\\/2025\\\/12\\\/WhatsApp-Image-2025-12-01-at-8.37.16-AM.jpeg\",\"contentUrl\":\"https:\\\/\\\/cvnoticias.com\\\/nuevapagina\\\/wp-content\\\/uploads\\\/2025\\\/12\\\/WhatsApp-Image-2025-12-01-at-8.37.16-AM.jpeg\",\"width\":1280,\"height\":853},{\"@type\":\"BreadcrumbList\",\"@id\":\"https:\\\/\\\/cvnoticias.com\\\/nuevapagina\\\/index.php\\\/2025\\\/12\\\/02\\\/declara-congreso-local-el-29-de-abril-como-el-dia-estatal-por-el-derecho-de-las-infancias-a-la-alimentacion-sana\\\/#breadcrumb\",\"itemListElement\":[{\"@type\":\"ListItem\",\"position\":1,\"name\":\"Portada\",\"item\":\"https:\\\/\\\/cvnoticias.com\\\/nuevapagina\\\/\"},{\"@type\":\"ListItem\",\"position\":2,\"name\":\"Declara Congreso local el 29 de abril como el D\u00eda Estatal por el Derecho de las Infancias a la Alimentaci\u00f3n Sana\"}]},{\"@type\":\"WebSite\",\"@id\":\"https:\\\/\\\/cvnoticias.com\\\/nuevapagina\\\/#website\",\"url\":\"https:\\\/\\\/cvnoticias.com\\\/nuevapagina\\\/\",\"name\":\"CV Noticias\",\"description\":\"Noticias de Oaxaca\",\"publisher\":{\"@id\":\"https:\\\/\\\/cvnoticias.com\\\/nuevapagina\\\/#organization\"},\"potentialAction\":[{\"@type\":\"SearchAction\",\"target\":{\"@type\":\"EntryPoint\",\"urlTemplate\":\"https:\\\/\\\/cvnoticias.com\\\/nuevapagina\\\/?s={search_term_string}\"},\"query-input\":{\"@type\":\"PropertyValueSpecification\",\"valueRequired\":true,\"valueName\":\"search_term_string\"}}],\"inLanguage\":\"es\"},{\"@type\":\"Organization\",\"@id\":\"https:\\\/\\\/cvnoticias.com\\\/nuevapagina\\\/#organization\",\"name\":\"CV Noticias\",\"url\":\"https:\\\/\\\/cvnoticias.com\\\/nuevapagina\\\/\",\"logo\":{\"@type\":\"ImageObject\",\"inLanguage\":\"es\",\"@id\":\"https:\\\/\\\/cvnoticias.com\\\/nuevapagina\\\/#\\\/schema\\\/logo\\\/image\\\/\",\"url\":\"https:\\\/\\\/cvnoticias.com\\\/nuevapagina\\\/wp-content\\\/uploads\\\/2025\\\/05\\\/cropped-logo-1.png\",\"contentUrl\":\"https:\\\/\\\/cvnoticias.com\\\/nuevapagina\\\/wp-content\\\/uploads\\\/2025\\\/05\\\/cropped-logo-1.png\",\"width\":320,\"height\":118,\"caption\":\"CV Noticias\"},\"image\":{\"@id\":\"https:\\\/\\\/cvnoticias.com\\\/nuevapagina\\\/#\\\/schema\\\/logo\\\/image\\\/\"}},{\"@type\":\"Person\",\"@id\":\"https:\\\/\\\/cvnoticias.com\\\/nuevapagina\\\/#\\\/schema\\\/person\\\/19e35f246421a31486be7321065f7463\",\"name\":\"CvNoticias\",\"image\":{\"@type\":\"ImageObject\",\"inLanguage\":\"es\",\"@id\":\"https:\\\/\\\/secure.gravatar.com\\\/avatar\\\/c3a4375d38fd8f9b34ac9e853cb706a079817c78f9a39e33b16a2b2b2e51688a?s=96&d=mm&r=g\",\"url\":\"https:\\\/\\\/secure.gravatar.com\\\/avatar\\\/c3a4375d38fd8f9b34ac9e853cb706a079817c78f9a39e33b16a2b2b2e51688a?s=96&d=mm&r=g\",\"contentUrl\":\"https:\\\/\\\/secure.gravatar.com\\\/avatar\\\/c3a4375d38fd8f9b34ac9e853cb706a079817c78f9a39e33b16a2b2b2e51688a?s=96&d=mm&r=g\",\"caption\":\"CvNoticias\"},\"url\":\"https:\\\/\\\/cvnoticias.com\\\/nuevapagina\\\/index.php\\\/author\\\/gesner\\\/\"}]}<\/script>\n<!-- \/ Yoast SEO plugin. -->","yoast_head_json":{"title":"Declara Congreso local el 29 de abril como el D\u00eda Estatal por el Derecho de las Infancias a la Alimentaci\u00f3n Sana - CV Noticias","robots":{"index":"index","follow":"follow","max-snippet":"max-snippet:-1","max-image-preview":"max-image-preview:large","max-video-preview":"max-video-preview:-1"},"canonical":"https:\/\/cvnoticias.com\/nuevapagina\/index.php\/2025\/12\/02\/declara-congreso-local-el-29-de-abril-como-el-dia-estatal-por-el-derecho-de-las-infancias-a-la-alimentacion-sana\/","og_locale":"es_ES","og_type":"article","og_title":"Declara Congreso local el 29 de abril como el D\u00eda Estatal por el Derecho de las Infancias a la Alimentaci\u00f3n Sana - CV Noticias","og_description":"*Esta medida busca sensibilizar a la sociedad y a las autoridades sobre los retos nutricionales...","og_url":"https:\/\/cvnoticias.com\/nuevapagina\/index.php\/2025\/12\/02\/declara-congreso-local-el-29-de-abril-como-el-dia-estatal-por-el-derecho-de-las-infancias-a-la-alimentacion-sana\/","og_site_name":"CV Noticias","article_published_time":"2025-12-02T02:35:39+00:00","article_modified_time":"2025-12-02T02:35:41+00:00","og_image":[{"width":1280,"height":853,"url":"https:\/\/cvnoticias.com\/nuevapagina\/wp-content\/uploads\/2025\/12\/WhatsApp-Image-2025-12-01-at-8.37.16-AM.jpeg","type":"image\/jpeg"}],"author":"CvNoticias","twitter_card":"summary_large_image","twitter_misc":{"Escrito por":"CvNoticias","Tiempo de lectura":"3 minutos"},"schema":{"@context":"https:\/\/schema.org","@graph":[{"@type":"Article","@id":"https:\/\/cvnoticias.com\/nuevapagina\/index.php\/2025\/12\/02\/declara-congreso-local-el-29-de-abril-como-el-dia-estatal-por-el-derecho-de-las-infancias-a-la-alimentacion-sana\/#article","isPartOf":{"@id":"https:\/\/cvnoticias.com\/nuevapagina\/index.php\/2025\/12\/02\/declara-congreso-local-el-29-de-abril-como-el-dia-estatal-por-el-derecho-de-las-infancias-a-la-alimentacion-sana\/"},"author":{"name":"CvNoticias","@id":"https:\/\/cvnoticias.com\/nuevapagina\/#\/schema\/person\/19e35f246421a31486be7321065f7463"},"headline":"Declara Congreso local el 29 de abril como el D\u00eda Estatal por el Derecho de las Infancias a la Alimentaci\u00f3n Sana","datePublished":"2025-12-02T02:35:39+00:00","dateModified":"2025-12-02T02:35:41+00:00","mainEntityOfPage":{"@id":"https:\/\/cvnoticias.com\/nuevapagina\/index.php\/2025\/12\/02\/declara-congreso-local-el-29-de-abril-como-el-dia-estatal-por-el-derecho-de-las-infancias-a-la-alimentacion-sana\/"},"wordCount":467,"commentCount":0,"publisher":{"@id":"https:\/\/cvnoticias.com\/nuevapagina\/#organization"},"image":{"@id":"https:\/\/cvnoticias.com\/nuevapagina\/index.php\/2025\/12\/02\/declara-congreso-local-el-29-de-abril-como-el-dia-estatal-por-el-derecho-de-las-infancias-a-la-alimentacion-sana\/#primaryimage"},"thumbnailUrl":"https:\/\/cvnoticias.com\/nuevapagina\/wp-content\/uploads\/2025\/12\/WhatsApp-Image-2025-12-01-at-8.37.16-AM.jpeg","articleSection":["Comunicados"],"inLanguage":"es","potentialAction":[{"@type":"CommentAction","name":"Comment","target":["https:\/\/cvnoticias.com\/nuevapagina\/index.php\/2025\/12\/02\/declara-congreso-local-el-29-de-abril-como-el-dia-estatal-por-el-derecho-de-las-infancias-a-la-alimentacion-sana\/#respond"]}]},{"@type":"WebPage","@id":"https:\/\/cvnoticias.com\/nuevapagina\/index.php\/2025\/12\/02\/declara-congreso-local-el-29-de-abril-como-el-dia-estatal-por-el-derecho-de-las-infancias-a-la-alimentacion-sana\/","url":"https:\/\/cvnoticias.com\/nuevapagina\/index.php\/2025\/12\/02\/declara-congreso-local-el-29-de-abril-como-el-dia-estatal-por-el-derecho-de-las-infancias-a-la-alimentacion-sana\/","name":"Declara Congreso local el 29 de abril como el D\u00eda Estatal por el Derecho de las Infancias a la Alimentaci\u00f3n Sana - CV Noticias","isPartOf":{"@id":"https:\/\/cvnoticias.com\/nuevapagina\/#website"},"primaryImageOfPage":{"@id":"https:\/\/cvnoticias.com\/nuevapagina\/index.php\/2025\/12\/02\/declara-congreso-local-el-29-de-abril-como-el-dia-estatal-por-el-derecho-de-las-infancias-a-la-alimentacion-sana\/#primaryimage"},"image":{"@id":"https:\/\/cvnoticias.com\/nuevapagina\/index.php\/2025\/12\/02\/declara-congreso-local-el-29-de-abril-como-el-dia-estatal-por-el-derecho-de-las-infancias-a-la-alimentacion-sana\/#primaryimage"},"thumbnailUrl":"https:\/\/cvnoticias.com\/nuevapagina\/wp-content\/uploads\/2025\/12\/WhatsApp-Image-2025-12-01-at-8.37.16-AM.jpeg","datePublished":"2025-12-02T02:35:39+00:00","dateModified":"2025-12-02T02:35:41+00:00","breadcrumb":{"@id":"https:\/\/cvnoticias.com\/nuevapagina\/index.php\/2025\/12\/02\/declara-congreso-local-el-29-de-abril-como-el-dia-estatal-por-el-derecho-de-las-infancias-a-la-alimentacion-sana\/#breadcrumb"},"inLanguage":"es","potentialAction":[{"@type":"ReadAction","target":["https:\/\/cvnoticias.com\/nuevapagina\/index.php\/2025\/12\/02\/declara-congreso-local-el-29-de-abril-como-el-dia-estatal-por-el-derecho-de-las-infancias-a-la-alimentacion-sana\/"]}]},{"@type":"ImageObject","inLanguage":"es","@id":"https:\/\/cvnoticias.com\/nuevapagina\/index.php\/2025\/12\/02\/declara-congreso-local-el-29-de-abril-como-el-dia-estatal-por-el-derecho-de-las-infancias-a-la-alimentacion-sana\/#primaryimage","url":"https:\/\/cvnoticias.com\/nuevapagina\/wp-content\/uploads\/2025\/12\/WhatsApp-Image-2025-12-01-at-8.37.16-AM.jpeg","contentUrl":"https:\/\/cvnoticias.com\/nuevapagina\/wp-content\/uploads\/2025\/12\/WhatsApp-Image-2025-12-01-at-8.37.16-AM.jpeg","width":1280,"height":853},{"@type":"BreadcrumbList","@id":"https:\/\/cvnoticias.com\/nuevapagina\/index.php\/2025\/12\/02\/declara-congreso-local-el-29-de-abril-como-el-dia-estatal-por-el-derecho-de-las-infancias-a-la-alimentacion-sana\/#breadcrumb","itemListElement":[{"@type":"ListItem","position":1,"name":"Portada","item":"https:\/\/cvnoticias.com\/nuevapagina\/"},{"@type":"ListItem","position":2,"name":"Declara Congreso local el 29 de abril como el D\u00eda Estatal por el Derecho de las Infancias a la Alimentaci\u00f3n Sana"}]},{"@type":"WebSite","@id":"https:\/\/cvnoticias.com\/nuevapagina\/#website","url":"https:\/\/cvnoticias.com\/nuevapagina\/","name":"CV Noticias","description":"Noticias de Oaxaca","publisher":{"@id":"https:\/\/cvnoticias.com\/nuevapagina\/#organization"},"potentialAction":[{"@type":"SearchAction","target":{"@type":"EntryPoint","urlTemplate":"https:\/\/cvnoticias.com\/nuevapagina\/?s={search_term_string}"},"query-input":{"@type":"PropertyValueSpecification","valueRequired":true,"valueName":"search_term_string"}}],"inLanguage":"es"},{"@type":"Organization","@id":"https:\/\/cvnoticias.com\/nuevapagina\/#organization","name":"CV Noticias","url":"https:\/\/cvnoticias.com\/nuevapagina\/","logo":{"@type":"ImageObject","inLanguage":"es","@id":"https:\/\/cvnoticias.com\/nuevapagina\/#\/schema\/logo\/image\/","url":"https:\/\/cvnoticias.com\/nuevapagina\/wp-content\/uploads\/2025\/05\/cropped-logo-1.png","contentUrl":"https:\/\/cvnoticias.com\/nuevapagina\/wp-content\/uploads\/2025\/05\/cropped-logo-1.png","width":320,"height":118,"caption":"CV Noticias"},"image":{"@id":"https:\/\/cvnoticias.com\/nuevapagina\/#\/schema\/logo\/image\/"}},{"@type":"Person","@id":"https:\/\/cvnoticias.com\/nuevapagina\/#\/schema\/person\/19e35f246421a31486be7321065f7463","name":"CvNoticias","image":{"@type":"ImageObject","inLanguage":"es","@id":"https:\/\/secure.gravatar.com\/avatar\/c3a4375d38fd8f9b34ac9e853cb706a079817c78f9a39e33b16a2b2b2e51688a?s=96&d=mm&r=g","url":"https:\/\/secure.gravatar.com\/avatar\/c3a4375d38fd8f9b34ac9e853cb706a079817c78f9a39e33b16a2b2b2e51688a?s=96&d=mm&r=g","contentUrl":"https:\/\/secure.gravatar.com\/avatar\/c3a4375d38fd8f9b34ac9e853cb706a079817c78f9a39e33b16a2b2b2e51688a?s=96&d=mm&r=g","caption":"CvNoticias"},"url":"https:\/\/cvnoticias.com\/nuevapagina\/index.php\/author\/gesner\/"}]}},"_links":{"self":[{"href":"https:\/\/cvnoticias.com\/nuevapagina\/index.php\/wp-json\/wp\/v2\/posts\/4131","targetHints":{"allow":["GET"]}}],"collection":[{"href":"https:\/\/cvnoticias.com\/nuevapagina\/index.php\/wp-json\/wp\/v2\/posts"}],"about":[{"href":"https:\/\/cvnoticias.com\/nuevapagina\/index.php\/wp-json\/wp\/v2\/types\/post"}],"author":[{"embeddable":true,"href":"https:\/\/cvnoticias.com\/nuevapagina\/index.php\/wp-json\/wp\/v2\/users\/2"}],"replies":[{"embeddable":true,"href":"https:\/\/cvnoticias.com\/nuevapagina\/index.php\/wp-json\/wp\/v2\/comments?post=4131"}],"version-history":[{"count":1,"href":"https:\/\/cvnoticias.com\/nuevapagina\/index.php\/wp-json\/wp\/v2\/posts\/4131\/revisions"}],"predecessor-version":[{"id":4132,"href":"https:\/\/cvnoticias.com\/nuevapagina\/index.php\/wp-json\/wp\/v2\/posts\/4131\/revisions\/4132"}],"wp:featuredmedia":[{"embeddable":true,"href":"https:\/\/cvnoticias.com\/nuevapagina\/index.php\/wp-json\/wp\/v2\/media\/4128"}],"wp:attachment":[{"href":"https:\/\/cvnoticias.com\/nuevapagina\/index.php\/wp-json\/wp\/v2\/media?parent=4131"}],"wp:term":[{"taxonomy":"category","embeddable":true,"href":"https:\/\/cvnoticias.com\/nuevapagina\/index.php\/wp-json\/wp\/v2\/categories?post=4131"},{"taxonomy":"post_tag","embeddable":true,"href":"https:\/\/cvnoticias.com\/nuevapagina\/index.php\/wp-json\/wp\/v2\/tags?post=4131"}],"curies":[{"name":"wp","href":"https:\/\/api.w.org\/{rel}","templated":true}]}}