{"id":4112,"date":"2025-12-01T23:47:02","date_gmt":"2025-12-01T23:47:02","guid":{"rendered":"https:\/\/cvnoticias.com\/nuevapagina\/?p=4112"},"modified":"2025-12-01T23:47:04","modified_gmt":"2025-12-01T23:47:04","slug":"tres-anos-de-resultados-sostiene-el-oficial-mayor-de-oaxaca-de-juarez-tras-el-informe-del-gobernador-salomon-jara-cruz","status":"publish","type":"post","link":"https:\/\/cvnoticias.com\/nuevapagina\/index.php\/2025\/12\/01\/tres-anos-de-resultados-sostiene-el-oficial-mayor-de-oaxaca-de-juarez-tras-el-informe-del-gobernador-salomon-jara-cruz\/","title":{"rendered":"Tres a\u00f1os de resultados, sostiene el Oficial Mayor de Oaxaca de Ju\u00e1rez tras el Informe del Gobernador Salom\u00f3n Jara Cruz"},"content":{"rendered":"\n<p><\/p>\n\n\n\n<p>En un acto que reafirma el rumbo y la transformaci\u00f3n que vive Oaxaca. Jorge Gandarillas L\u00f3pez, Oficial Mayor de Oaxaca de Ju\u00e1rez; acudi\u00f3 al Tercer Informe de Gobierno del Gobernador Salom\u00f3n Jara Cruz<\/p>\n\n\n\n<p>Se\u00f1al\u00f3 que a tres a\u00f1os del inicio de esta administraci\u00f3n, es evidente que los resultados en favor de las familias oaxaque\u00f1as se reflejan en obras, programas y acciones que han marcado un antes y un despu\u00e9s en nuestro estado.<\/p>\n\n\n\n<p>Destac\u00f3 que \u201cla Primavera Oaxaque\u00f1a trabaja con visi\u00f3n, responsabilidad y un profundo compromiso social, colocando siempre al pueblo en el centro de las decisiones\u201d.<\/p>\n\n\n\n<p>Asimismo, reconoci\u00f3 el esfuerzo del Gobernador Salom\u00f3n Jara Cruz por consolidar pol\u00edticas p\u00fablicas que impulsan el desarrollo regional, fortalecen la infraestructura y garantizan mejores oportunidades para todas y todos.<\/p>\n\n\n\n<p>\u201cDesde nuestra trinchera seguiremos sumando, coordinando y trabajando para que Oaxaca contin\u00fae avanzando con rumbo firme y resultados visibles\u201d, expres\u00f3 Jorge Gandarillas L\u00f3pez.<\/p>\n","protected":false},"excerpt":{"rendered":"<p>En un acto que reafirma el rumbo y la transformaci\u00f3n que vive Oaxaca. Jorge Gandarillas&#8230;<\/p>\n","protected":false},"author":2,"featured_media":4113,"comment_status":"open","ping_status":"closed","sticky":false,"template":"","format":"standard","meta":{"footnotes":""},"categories":[3],"tags":[],"class_list":["post-4112","post","type-post","status-publish","format-standard","has-post-thumbnail","hentry","category-comunicadosdeprensa"],"yoast_head":"<!-- This site is optimized with the Yoast SEO plugin v27.5 - https:\/\/yoast.com\/product\/yoast-seo-wordpress\/ -->\n<title>Tres a\u00f1os de resultados, sostiene el Oficial Mayor de Oaxaca de Ju\u00e1rez tras el Informe del Gobernador Salom\u00f3n Jara Cruz - CV Noticias<\/title>\n<meta name=\"robots\" content=\"index, follow, max-snippet:-1, max-image-preview:large, max-video-preview:-1\" \/>\n<link rel=\"canonical\" href=\"https:\/\/cvnoticias.com\/nuevapagina\/index.php\/2025\/12\/01\/tres-anos-de-resultados-sostiene-el-oficial-mayor-de-oaxaca-de-juarez-tras-el-informe-del-gobernador-salomon-jara-cruz\/\" \/>\n<meta property=\"og:locale\" content=\"es_ES\" \/>\n<meta property=\"og:type\" content=\"article\" \/>\n<meta property=\"og:title\" content=\"Tres a\u00f1os de resultados, sostiene el Oficial Mayor de Oaxaca de Ju\u00e1rez tras el Informe del Gobernador Salom\u00f3n Jara Cruz - CV Noticias\" \/>\n<meta property=\"og:description\" content=\"En un acto que reafirma el rumbo y la transformaci\u00f3n que vive Oaxaca. Jorge Gandarillas...\" \/>\n<meta property=\"og:url\" content=\"https:\/\/cvnoticias.com\/nuevapagina\/index.php\/2025\/12\/01\/tres-anos-de-resultados-sostiene-el-oficial-mayor-de-oaxaca-de-juarez-tras-el-informe-del-gobernador-salomon-jara-cruz\/\" \/>\n<meta property=\"og:site_name\" content=\"CV Noticias\" \/>\n<meta property=\"article:published_time\" content=\"2025-12-01T23:47:02+00:00\" \/>\n<meta property=\"article:modified_time\" content=\"2025-12-01T23:47:04+00:00\" \/>\n<meta property=\"og:image\" content=\"https:\/\/cvnoticias.com\/nuevapagina\/wp-content\/uploads\/2025\/12\/6913d039-76f9-463a-8d48-05980a32aee4-scaled.jpeg\" \/>\n\t<meta property=\"og:image:width\" content=\"2560\" \/>\n\t<meta property=\"og:image:height\" content=\"1706\" \/>\n\t<meta property=\"og:image:type\" content=\"image\/jpeg\" \/>\n<meta name=\"author\" content=\"CvNoticias\" \/>\n<meta name=\"twitter:card\" content=\"summary_large_image\" \/>\n<meta name=\"twitter:label1\" content=\"Escrito por\" \/>\n\t<meta name=\"twitter:data1\" content=\"CvNoticias\" \/>\n\t<meta name=\"twitter:label2\" content=\"Tiempo de lectura\" \/>\n\t<meta name=\"twitter:data2\" content=\"1 minuto\" \/>\n<script type=\"application\/ld+json\" class=\"yoast-schema-graph\">{\"@context\":\"https:\\\/\\\/schema.org\",\"@graph\":[{\"@type\":\"Article\",\"@id\":\"https:\\\/\\\/cvnoticias.com\\\/nuevapagina\\\/index.php\\\/2025\\\/12\\\/01\\\/tres-anos-de-resultados-sostiene-el-oficial-mayor-de-oaxaca-de-juarez-tras-el-informe-del-gobernador-salomon-jara-cruz\\\/#article\",\"isPartOf\":{\"@id\":\"https:\\\/\\\/cvnoticias.com\\\/nuevapagina\\\/index.php\\\/2025\\\/12\\\/01\\\/tres-anos-de-resultados-sostiene-el-oficial-mayor-de-oaxaca-de-juarez-tras-el-informe-del-gobernador-salomon-jara-cruz\\\/\"},\"author\":{\"name\":\"CvNoticias\",\"@id\":\"https:\\\/\\\/cvnoticias.com\\\/nuevapagina\\\/#\\\/schema\\\/person\\\/19e35f246421a31486be7321065f7463\"},\"headline\":\"Tres a\u00f1os de resultados, sostiene el Oficial Mayor de Oaxaca de Ju\u00e1rez tras el Informe del Gobernador Salom\u00f3n Jara Cruz\",\"datePublished\":\"2025-12-01T23:47:02+00:00\",\"dateModified\":\"2025-12-01T23:47:04+00:00\",\"mainEntityOfPage\":{\"@id\":\"https:\\\/\\\/cvnoticias.com\\\/nuevapagina\\\/index.php\\\/2025\\\/12\\\/01\\\/tres-anos-de-resultados-sostiene-el-oficial-mayor-de-oaxaca-de-juarez-tras-el-informe-del-gobernador-salomon-jara-cruz\\\/\"},\"wordCount\":187,\"commentCount\":0,\"publisher\":{\"@id\":\"https:\\\/\\\/cvnoticias.com\\\/nuevapagina\\\/#organization\"},\"image\":{\"@id\":\"https:\\\/\\\/cvnoticias.com\\\/nuevapagina\\\/index.php\\\/2025\\\/12\\\/01\\\/tres-anos-de-resultados-sostiene-el-oficial-mayor-de-oaxaca-de-juarez-tras-el-informe-del-gobernador-salomon-jara-cruz\\\/#primaryimage\"},\"thumbnailUrl\":\"https:\\\/\\\/cvnoticias.com\\\/nuevapagina\\\/wp-content\\\/uploads\\\/2025\\\/12\\\/6913d039-76f9-463a-8d48-05980a32aee4-scaled.jpeg\",\"articleSection\":[\"Comunicados\"],\"inLanguage\":\"es\",\"potentialAction\":[{\"@type\":\"CommentAction\",\"name\":\"Comment\",\"target\":[\"https:\\\/\\\/cvnoticias.com\\\/nuevapagina\\\/index.php\\\/2025\\\/12\\\/01\\\/tres-anos-de-resultados-sostiene-el-oficial-mayor-de-oaxaca-de-juarez-tras-el-informe-del-gobernador-salomon-jara-cruz\\\/#respond\"]}]},{\"@type\":\"WebPage\",\"@id\":\"https:\\\/\\\/cvnoticias.com\\\/nuevapagina\\\/index.php\\\/2025\\\/12\\\/01\\\/tres-anos-de-resultados-sostiene-el-oficial-mayor-de-oaxaca-de-juarez-tras-el-informe-del-gobernador-salomon-jara-cruz\\\/\",\"url\":\"https:\\\/\\\/cvnoticias.com\\\/nuevapagina\\\/index.php\\\/2025\\\/12\\\/01\\\/tres-anos-de-resultados-sostiene-el-oficial-mayor-de-oaxaca-de-juarez-tras-el-informe-del-gobernador-salomon-jara-cruz\\\/\",\"name\":\"Tres a\u00f1os de resultados, sostiene el Oficial Mayor de Oaxaca de Ju\u00e1rez tras el Informe del Gobernador Salom\u00f3n Jara Cruz - CV Noticias\",\"isPartOf\":{\"@id\":\"https:\\\/\\\/cvnoticias.com\\\/nuevapagina\\\/#website\"},\"primaryImageOfPage\":{\"@id\":\"https:\\\/\\\/cvnoticias.com\\\/nuevapagina\\\/index.php\\\/2025\\\/12\\\/01\\\/tres-anos-de-resultados-sostiene-el-oficial-mayor-de-oaxaca-de-juarez-tras-el-informe-del-gobernador-salomon-jara-cruz\\\/#primaryimage\"},\"image\":{\"@id\":\"https:\\\/\\\/cvnoticias.com\\\/nuevapagina\\\/index.php\\\/2025\\\/12\\\/01\\\/tres-anos-de-resultados-sostiene-el-oficial-mayor-de-oaxaca-de-juarez-tras-el-informe-del-gobernador-salomon-jara-cruz\\\/#primaryimage\"},\"thumbnailUrl\":\"https:\\\/\\\/cvnoticias.com\\\/nuevapagina\\\/wp-content\\\/uploads\\\/2025\\\/12\\\/6913d039-76f9-463a-8d48-05980a32aee4-scaled.jpeg\",\"datePublished\":\"2025-12-01T23:47:02+00:00\",\"dateModified\":\"2025-12-01T23:47:04+00:00\",\"breadcrumb\":{\"@id\":\"https:\\\/\\\/cvnoticias.com\\\/nuevapagina\\\/index.php\\\/2025\\\/12\\\/01\\\/tres-anos-de-resultados-sostiene-el-oficial-mayor-de-oaxaca-de-juarez-tras-el-informe-del-gobernador-salomon-jara-cruz\\\/#breadcrumb\"},\"inLanguage\":\"es\",\"potentialAction\":[{\"@type\":\"ReadAction\",\"target\":[\"https:\\\/\\\/cvnoticias.com\\\/nuevapagina\\\/index.php\\\/2025\\\/12\\\/01\\\/tres-anos-de-resultados-sostiene-el-oficial-mayor-de-oaxaca-de-juarez-tras-el-informe-del-gobernador-salomon-jara-cruz\\\/\"]}]},{\"@type\":\"ImageObject\",\"inLanguage\":\"es\",\"@id\":\"https:\\\/\\\/cvnoticias.com\\\/nuevapagina\\\/index.php\\\/2025\\\/12\\\/01\\\/tres-anos-de-resultados-sostiene-el-oficial-mayor-de-oaxaca-de-juarez-tras-el-informe-del-gobernador-salomon-jara-cruz\\\/#primaryimage\",\"url\":\"https:\\\/\\\/cvnoticias.com\\\/nuevapagina\\\/wp-content\\\/uploads\\\/2025\\\/12\\\/6913d039-76f9-463a-8d48-05980a32aee4-scaled.jpeg\",\"contentUrl\":\"https:\\\/\\\/cvnoticias.com\\\/nuevapagina\\\/wp-content\\\/uploads\\\/2025\\\/12\\\/6913d039-76f9-463a-8d48-05980a32aee4-scaled.jpeg\",\"width\":2560,\"height\":1706},{\"@type\":\"BreadcrumbList\",\"@id\":\"https:\\\/\\\/cvnoticias.com\\\/nuevapagina\\\/index.php\\\/2025\\\/12\\\/01\\\/tres-anos-de-resultados-sostiene-el-oficial-mayor-de-oaxaca-de-juarez-tras-el-informe-del-gobernador-salomon-jara-cruz\\\/#breadcrumb\",\"itemListElement\":[{\"@type\":\"ListItem\",\"position\":1,\"name\":\"Portada\",\"item\":\"https:\\\/\\\/cvnoticias.com\\\/nuevapagina\\\/\"},{\"@type\":\"ListItem\",\"position\":2,\"name\":\"Tres a\u00f1os de resultados, sostiene el Oficial Mayor de Oaxaca de Ju\u00e1rez tras el Informe del Gobernador Salom\u00f3n Jara Cruz\"}]},{\"@type\":\"WebSite\",\"@id\":\"https:\\\/\\\/cvnoticias.com\\\/nuevapagina\\\/#website\",\"url\":\"https:\\\/\\\/cvnoticias.com\\\/nuevapagina\\\/\",\"name\":\"CV Noticias\",\"description\":\"Noticias de Oaxaca\",\"publisher\":{\"@id\":\"https:\\\/\\\/cvnoticias.com\\\/nuevapagina\\\/#organization\"},\"potentialAction\":[{\"@type\":\"SearchAction\",\"target\":{\"@type\":\"EntryPoint\",\"urlTemplate\":\"https:\\\/\\\/cvnoticias.com\\\/nuevapagina\\\/?s={search_term_string}\"},\"query-input\":{\"@type\":\"PropertyValueSpecification\",\"valueRequired\":true,\"valueName\":\"search_term_string\"}}],\"inLanguage\":\"es\"},{\"@type\":\"Organization\",\"@id\":\"https:\\\/\\\/cvnoticias.com\\\/nuevapagina\\\/#organization\",\"name\":\"CV Noticias\",\"url\":\"https:\\\/\\\/cvnoticias.com\\\/nuevapagina\\\/\",\"logo\":{\"@type\":\"ImageObject\",\"inLanguage\":\"es\",\"@id\":\"https:\\\/\\\/cvnoticias.com\\\/nuevapagina\\\/#\\\/schema\\\/logo\\\/image\\\/\",\"url\":\"https:\\\/\\\/cvnoticias.com\\\/nuevapagina\\\/wp-content\\\/uploads\\\/2025\\\/05\\\/cropped-logo-1.png\",\"contentUrl\":\"https:\\\/\\\/cvnoticias.com\\\/nuevapagina\\\/wp-content\\\/uploads\\\/2025\\\/05\\\/cropped-logo-1.png\",\"width\":320,\"height\":118,\"caption\":\"CV Noticias\"},\"image\":{\"@id\":\"https:\\\/\\\/cvnoticias.com\\\/nuevapagina\\\/#\\\/schema\\\/logo\\\/image\\\/\"}},{\"@type\":\"Person\",\"@id\":\"https:\\\/\\\/cvnoticias.com\\\/nuevapagina\\\/#\\\/schema\\\/person\\\/19e35f246421a31486be7321065f7463\",\"name\":\"CvNoticias\",\"image\":{\"@type\":\"ImageObject\",\"inLanguage\":\"es\",\"@id\":\"https:\\\/\\\/secure.gravatar.com\\\/avatar\\\/c3a4375d38fd8f9b34ac9e853cb706a079817c78f9a39e33b16a2b2b2e51688a?s=96&d=mm&r=g\",\"url\":\"https:\\\/\\\/secure.gravatar.com\\\/avatar\\\/c3a4375d38fd8f9b34ac9e853cb706a079817c78f9a39e33b16a2b2b2e51688a?s=96&d=mm&r=g\",\"contentUrl\":\"https:\\\/\\\/secure.gravatar.com\\\/avatar\\\/c3a4375d38fd8f9b34ac9e853cb706a079817c78f9a39e33b16a2b2b2e51688a?s=96&d=mm&r=g\",\"caption\":\"CvNoticias\"},\"url\":\"https:\\\/\\\/cvnoticias.com\\\/nuevapagina\\\/index.php\\\/author\\\/gesner\\\/\"}]}<\/script>\n<!-- \/ Yoast SEO plugin. -->","yoast_head_json":{"title":"Tres a\u00f1os de resultados, sostiene el Oficial Mayor de Oaxaca de Ju\u00e1rez tras el Informe del Gobernador Salom\u00f3n Jara Cruz - CV Noticias","robots":{"index":"index","follow":"follow","max-snippet":"max-snippet:-1","max-image-preview":"max-image-preview:large","max-video-preview":"max-video-preview:-1"},"canonical":"https:\/\/cvnoticias.com\/nuevapagina\/index.php\/2025\/12\/01\/tres-anos-de-resultados-sostiene-el-oficial-mayor-de-oaxaca-de-juarez-tras-el-informe-del-gobernador-salomon-jara-cruz\/","og_locale":"es_ES","og_type":"article","og_title":"Tres a\u00f1os de resultados, sostiene el Oficial Mayor de Oaxaca de Ju\u00e1rez tras el Informe del Gobernador Salom\u00f3n Jara Cruz - CV Noticias","og_description":"En un acto que reafirma el rumbo y la transformaci\u00f3n que vive Oaxaca. Jorge Gandarillas...","og_url":"https:\/\/cvnoticias.com\/nuevapagina\/index.php\/2025\/12\/01\/tres-anos-de-resultados-sostiene-el-oficial-mayor-de-oaxaca-de-juarez-tras-el-informe-del-gobernador-salomon-jara-cruz\/","og_site_name":"CV Noticias","article_published_time":"2025-12-01T23:47:02+00:00","article_modified_time":"2025-12-01T23:47:04+00:00","og_image":[{"width":2560,"height":1706,"url":"https:\/\/cvnoticias.com\/nuevapagina\/wp-content\/uploads\/2025\/12\/6913d039-76f9-463a-8d48-05980a32aee4-scaled.jpeg","type":"image\/jpeg"}],"author":"CvNoticias","twitter_card":"summary_large_image","twitter_misc":{"Escrito por":"CvNoticias","Tiempo de lectura":"1 minuto"},"schema":{"@context":"https:\/\/schema.org","@graph":[{"@type":"Article","@id":"https:\/\/cvnoticias.com\/nuevapagina\/index.php\/2025\/12\/01\/tres-anos-de-resultados-sostiene-el-oficial-mayor-de-oaxaca-de-juarez-tras-el-informe-del-gobernador-salomon-jara-cruz\/#article","isPartOf":{"@id":"https:\/\/cvnoticias.com\/nuevapagina\/index.php\/2025\/12\/01\/tres-anos-de-resultados-sostiene-el-oficial-mayor-de-oaxaca-de-juarez-tras-el-informe-del-gobernador-salomon-jara-cruz\/"},"author":{"name":"CvNoticias","@id":"https:\/\/cvnoticias.com\/nuevapagina\/#\/schema\/person\/19e35f246421a31486be7321065f7463"},"headline":"Tres a\u00f1os de resultados, sostiene el Oficial Mayor de Oaxaca de Ju\u00e1rez tras el Informe del Gobernador Salom\u00f3n Jara Cruz","datePublished":"2025-12-01T23:47:02+00:00","dateModified":"2025-12-01T23:47:04+00:00","mainEntityOfPage":{"@id":"https:\/\/cvnoticias.com\/nuevapagina\/index.php\/2025\/12\/01\/tres-anos-de-resultados-sostiene-el-oficial-mayor-de-oaxaca-de-juarez-tras-el-informe-del-gobernador-salomon-jara-cruz\/"},"wordCount":187,"commentCount":0,"publisher":{"@id":"https:\/\/cvnoticias.com\/nuevapagina\/#organization"},"image":{"@id":"https:\/\/cvnoticias.com\/nuevapagina\/index.php\/2025\/12\/01\/tres-anos-de-resultados-sostiene-el-oficial-mayor-de-oaxaca-de-juarez-tras-el-informe-del-gobernador-salomon-jara-cruz\/#primaryimage"},"thumbnailUrl":"https:\/\/cvnoticias.com\/nuevapagina\/wp-content\/uploads\/2025\/12\/6913d039-76f9-463a-8d48-05980a32aee4-scaled.jpeg","articleSection":["Comunicados"],"inLanguage":"es","potentialAction":[{"@type":"CommentAction","name":"Comment","target":["https:\/\/cvnoticias.com\/nuevapagina\/index.php\/2025\/12\/01\/tres-anos-de-resultados-sostiene-el-oficial-mayor-de-oaxaca-de-juarez-tras-el-informe-del-gobernador-salomon-jara-cruz\/#respond"]}]},{"@type":"WebPage","@id":"https:\/\/cvnoticias.com\/nuevapagina\/index.php\/2025\/12\/01\/tres-anos-de-resultados-sostiene-el-oficial-mayor-de-oaxaca-de-juarez-tras-el-informe-del-gobernador-salomon-jara-cruz\/","url":"https:\/\/cvnoticias.com\/nuevapagina\/index.php\/2025\/12\/01\/tres-anos-de-resultados-sostiene-el-oficial-mayor-de-oaxaca-de-juarez-tras-el-informe-del-gobernador-salomon-jara-cruz\/","name":"Tres a\u00f1os de resultados, sostiene el Oficial Mayor de Oaxaca de Ju\u00e1rez tras el Informe del Gobernador Salom\u00f3n Jara Cruz - CV Noticias","isPartOf":{"@id":"https:\/\/cvnoticias.com\/nuevapagina\/#website"},"primaryImageOfPage":{"@id":"https:\/\/cvnoticias.com\/nuevapagina\/index.php\/2025\/12\/01\/tres-anos-de-resultados-sostiene-el-oficial-mayor-de-oaxaca-de-juarez-tras-el-informe-del-gobernador-salomon-jara-cruz\/#primaryimage"},"image":{"@id":"https:\/\/cvnoticias.com\/nuevapagina\/index.php\/2025\/12\/01\/tres-anos-de-resultados-sostiene-el-oficial-mayor-de-oaxaca-de-juarez-tras-el-informe-del-gobernador-salomon-jara-cruz\/#primaryimage"},"thumbnailUrl":"https:\/\/cvnoticias.com\/nuevapagina\/wp-content\/uploads\/2025\/12\/6913d039-76f9-463a-8d48-05980a32aee4-scaled.jpeg","datePublished":"2025-12-01T23:47:02+00:00","dateModified":"2025-12-01T23:47:04+00:00","breadcrumb":{"@id":"https:\/\/cvnoticias.com\/nuevapagina\/index.php\/2025\/12\/01\/tres-anos-de-resultados-sostiene-el-oficial-mayor-de-oaxaca-de-juarez-tras-el-informe-del-gobernador-salomon-jara-cruz\/#breadcrumb"},"inLanguage":"es","potentialAction":[{"@type":"ReadAction","target":["https:\/\/cvnoticias.com\/nuevapagina\/index.php\/2025\/12\/01\/tres-anos-de-resultados-sostiene-el-oficial-mayor-de-oaxaca-de-juarez-tras-el-informe-del-gobernador-salomon-jara-cruz\/"]}]},{"@type":"ImageObject","inLanguage":"es","@id":"https:\/\/cvnoticias.com\/nuevapagina\/index.php\/2025\/12\/01\/tres-anos-de-resultados-sostiene-el-oficial-mayor-de-oaxaca-de-juarez-tras-el-informe-del-gobernador-salomon-jara-cruz\/#primaryimage","url":"https:\/\/cvnoticias.com\/nuevapagina\/wp-content\/uploads\/2025\/12\/6913d039-76f9-463a-8d48-05980a32aee4-scaled.jpeg","contentUrl":"https:\/\/cvnoticias.com\/nuevapagina\/wp-content\/uploads\/2025\/12\/6913d039-76f9-463a-8d48-05980a32aee4-scaled.jpeg","width":2560,"height":1706},{"@type":"BreadcrumbList","@id":"https:\/\/cvnoticias.com\/nuevapagina\/index.php\/2025\/12\/01\/tres-anos-de-resultados-sostiene-el-oficial-mayor-de-oaxaca-de-juarez-tras-el-informe-del-gobernador-salomon-jara-cruz\/#breadcrumb","itemListElement":[{"@type":"ListItem","position":1,"name":"Portada","item":"https:\/\/cvnoticias.com\/nuevapagina\/"},{"@type":"ListItem","position":2,"name":"Tres a\u00f1os de resultados, sostiene el Oficial Mayor de Oaxaca de Ju\u00e1rez tras el Informe del Gobernador Salom\u00f3n Jara Cruz"}]},{"@type":"WebSite","@id":"https:\/\/cvnoticias.com\/nuevapagina\/#website","url":"https:\/\/cvnoticias.com\/nuevapagina\/","name":"CV Noticias","description":"Noticias de Oaxaca","publisher":{"@id":"https:\/\/cvnoticias.com\/nuevapagina\/#organization"},"potentialAction":[{"@type":"SearchAction","target":{"@type":"EntryPoint","urlTemplate":"https:\/\/cvnoticias.com\/nuevapagina\/?s={search_term_string}"},"query-input":{"@type":"PropertyValueSpecification","valueRequired":true,"valueName":"search_term_string"}}],"inLanguage":"es"},{"@type":"Organization","@id":"https:\/\/cvnoticias.com\/nuevapagina\/#organization","name":"CV Noticias","url":"https:\/\/cvnoticias.com\/nuevapagina\/","logo":{"@type":"ImageObject","inLanguage":"es","@id":"https:\/\/cvnoticias.com\/nuevapagina\/#\/schema\/logo\/image\/","url":"https:\/\/cvnoticias.com\/nuevapagina\/wp-content\/uploads\/2025\/05\/cropped-logo-1.png","contentUrl":"https:\/\/cvnoticias.com\/nuevapagina\/wp-content\/uploads\/2025\/05\/cropped-logo-1.png","width":320,"height":118,"caption":"CV Noticias"},"image":{"@id":"https:\/\/cvnoticias.com\/nuevapagina\/#\/schema\/logo\/image\/"}},{"@type":"Person","@id":"https:\/\/cvnoticias.com\/nuevapagina\/#\/schema\/person\/19e35f246421a31486be7321065f7463","name":"CvNoticias","image":{"@type":"ImageObject","inLanguage":"es","@id":"https:\/\/secure.gravatar.com\/avatar\/c3a4375d38fd8f9b34ac9e853cb706a079817c78f9a39e33b16a2b2b2e51688a?s=96&d=mm&r=g","url":"https:\/\/secure.gravatar.com\/avatar\/c3a4375d38fd8f9b34ac9e853cb706a079817c78f9a39e33b16a2b2b2e51688a?s=96&d=mm&r=g","contentUrl":"https:\/\/secure.gravatar.com\/avatar\/c3a4375d38fd8f9b34ac9e853cb706a079817c78f9a39e33b16a2b2b2e51688a?s=96&d=mm&r=g","caption":"CvNoticias"},"url":"https:\/\/cvnoticias.com\/nuevapagina\/index.php\/author\/gesner\/"}]}},"_links":{"self":[{"href":"https:\/\/cvnoticias.com\/nuevapagina\/index.php\/wp-json\/wp\/v2\/posts\/4112","targetHints":{"allow":["GET"]}}],"collection":[{"href":"https:\/\/cvnoticias.com\/nuevapagina\/index.php\/wp-json\/wp\/v2\/posts"}],"about":[{"href":"https:\/\/cvnoticias.com\/nuevapagina\/index.php\/wp-json\/wp\/v2\/types\/post"}],"author":[{"embeddable":true,"href":"https:\/\/cvnoticias.com\/nuevapagina\/index.php\/wp-json\/wp\/v2\/users\/2"}],"replies":[{"embeddable":true,"href":"https:\/\/cvnoticias.com\/nuevapagina\/index.php\/wp-json\/wp\/v2\/comments?post=4112"}],"version-history":[{"count":1,"href":"https:\/\/cvnoticias.com\/nuevapagina\/index.php\/wp-json\/wp\/v2\/posts\/4112\/revisions"}],"predecessor-version":[{"id":4114,"href":"https:\/\/cvnoticias.com\/nuevapagina\/index.php\/wp-json\/wp\/v2\/posts\/4112\/revisions\/4114"}],"wp:featuredmedia":[{"embeddable":true,"href":"https:\/\/cvnoticias.com\/nuevapagina\/index.php\/wp-json\/wp\/v2\/media\/4113"}],"wp:attachment":[{"href":"https:\/\/cvnoticias.com\/nuevapagina\/index.php\/wp-json\/wp\/v2\/media?parent=4112"}],"wp:term":[{"taxonomy":"category","embeddable":true,"href":"https:\/\/cvnoticias.com\/nuevapagina\/index.php\/wp-json\/wp\/v2\/categories?post=4112"},{"taxonomy":"post_tag","embeddable":true,"href":"https:\/\/cvnoticias.com\/nuevapagina\/index.php\/wp-json\/wp\/v2\/tags?post=4112"}],"curies":[{"name":"wp","href":"https:\/\/api.w.org\/{rel}","templated":true}]}}