{"id":3717,"date":"2025-11-08T14:50:33","date_gmt":"2025-11-08T14:50:33","guid":{"rendered":"https:\/\/cvnoticias.com\/nuevapagina\/?p=3717"},"modified":"2025-11-08T14:50:34","modified_gmt":"2025-11-08T14:50:34","slug":"bloquea-seccion-22-carretera-federal-y-super-carretera-en-la-region-mixteca","status":"publish","type":"post","link":"https:\/\/cvnoticias.com\/nuevapagina\/index.php\/2025\/11\/08\/bloquea-seccion-22-carretera-federal-y-super-carretera-en-la-region-mixteca\/","title":{"rendered":"Bloquea Secci\u00f3n 22 carretera federal y s\u00faper carretera en la regi\u00f3n Mixteca"},"content":{"rendered":"\n<p><\/p>\n\n\n\n<p>Integrantes de la Secci\u00f3n 22 del magisterio de Oaxaca, de la regi\u00f3n de la Mixteca, bloquearon la carretera federal 190 que comunica a la Ciudad de M\u00e9xico con la capital del estado, adem\u00e1s de bloquear la s\u00faper carretera 135D de la autopista Oaxaca-Cuacnopalan.<\/p>\n\n\n\n<p>Ambas v\u00edas fueron bloqueadas a la altura de Asunci\u00f3n Nochixtl\u00e1n, provocando que los usuarios de las dos carreteras permanecieran varados o buscaran v\u00edas alternas por caminos de terracer\u00eda para poder llegar a su destino.<\/p>\n\n\n\n<p>Los trabajadores de la educaci\u00f3n, exigen al ISSSTE la entrega formal de una cl\u00ednica de salud, adem\u00e1s de instrumental que requieren algunas \u00e1reas.<\/p>\n\n\n\n<p>\u201cAhorita nos damos cuenta que inician una campa\u00f1a medi\u00e1tica en donde dicen que ya hicieron la entrega formal de la cl\u00ednica, cosa que es totalmente mentira, hasta este momento no han hecho entrega formal\u201d, indic\u00f3 Isa\u00edas Jaime Ignacio Cruz, auxiliar de previsi\u00f3n y asistencia social de la Secci\u00f3n 22 del magisterio de Oaxaca.<\/p>\n\n\n\n<p>Isa\u00edas Jaime Ignacio Cruz, auxiliar de previsi\u00f3n y asistencia social de la Secci\u00f3n 22, se\u00f1al\u00f3 que autoridades del ISSSTE, prometieron llevar a cabo la construcci\u00f3n de dicha cl\u00ednica desde el a\u00f1o 2014, sin embargo, a 11 a\u00f1os de distancia, el inmueble inici\u00f3 sus operaciones sin estar completamente concluido y con carencias en diferentes \u00e1reas, que de acuerdo con el representante de los maestros, reconoci\u00f3 la responsable de la cl\u00ednica.<\/p>\n\n\n\n<p>\u201cElla misma reconoce que la cl\u00ednica no tiene el instrumental suficiente, le faltan kits para odontolog\u00eda, que la nutri\u00f3loga est\u00e1 trabajando dando citas, pero no como debe de ser, simplemente con recomendaciones\u2026LIGAR\u2026hay varias partes que est\u00e1n incompletas definitivamente en esa cl\u00ednica\u201d.<\/p>\n\n\n\n<p>Los profesores tambi\u00e9n piden la destituci\u00f3n de la encargada del Centro Coordinador de Pueblos Ind\u00edgenas ante el mal trato que da a los trabajadores de la educaci\u00f3n.<\/p>\n\n\n\n<p>Otra de las exigencias es para el gobierno del estado, ya que piden la dotaci\u00f3n completa de mobiliario que ya hab\u00eda sido comprometido.<\/p>\n","protected":false},"excerpt":{"rendered":"<p>Integrantes de la Secci\u00f3n 22 del magisterio de Oaxaca, de la regi\u00f3n de la Mixteca,&#8230;<\/p>\n","protected":false},"author":2,"featured_media":3702,"comment_status":"open","ping_status":"closed","sticky":false,"template":"","format":"standard","meta":{"footnotes":""},"categories":[2],"tags":[],"class_list":["post-3717","post","type-post","status-publish","format-standard","has-post-thumbnail","hentry","category-noticiasestatales"],"yoast_head":"<!-- This site is optimized with the Yoast SEO plugin v27.5 - https:\/\/yoast.com\/product\/yoast-seo-wordpress\/ -->\n<title>Bloquea Secci\u00f3n 22 carretera federal y s\u00faper carretera en la regi\u00f3n Mixteca - CV Noticias<\/title>\n<meta name=\"robots\" content=\"index, follow, max-snippet:-1, max-image-preview:large, max-video-preview:-1\" \/>\n<link rel=\"canonical\" href=\"https:\/\/cvnoticias.com\/nuevapagina\/index.php\/2025\/11\/08\/bloquea-seccion-22-carretera-federal-y-super-carretera-en-la-region-mixteca\/\" \/>\n<meta property=\"og:locale\" content=\"es_ES\" \/>\n<meta property=\"og:type\" content=\"article\" \/>\n<meta property=\"og:title\" content=\"Bloquea Secci\u00f3n 22 carretera federal y s\u00faper carretera en la regi\u00f3n Mixteca - CV Noticias\" \/>\n<meta property=\"og:description\" content=\"Integrantes de la Secci\u00f3n 22 del magisterio de Oaxaca, de la regi\u00f3n de la Mixteca,...\" \/>\n<meta property=\"og:url\" content=\"https:\/\/cvnoticias.com\/nuevapagina\/index.php\/2025\/11\/08\/bloquea-seccion-22-carretera-federal-y-super-carretera-en-la-region-mixteca\/\" \/>\n<meta property=\"og:site_name\" content=\"CV Noticias\" \/>\n<meta property=\"article:published_time\" content=\"2025-11-08T14:50:33+00:00\" \/>\n<meta property=\"article:modified_time\" content=\"2025-11-08T14:50:34+00:00\" \/>\n<meta property=\"og:image\" content=\"https:\/\/cvnoticias.com\/nuevapagina\/wp-content\/uploads\/2025\/11\/WhatsApp-Image-2025-11-07-at-7.10.16-PM.jpeg\" \/>\n\t<meta property=\"og:image:width\" content=\"1600\" \/>\n\t<meta property=\"og:image:height\" content=\"1200\" \/>\n\t<meta property=\"og:image:type\" content=\"image\/jpeg\" \/>\n<meta name=\"author\" content=\"CvNoticias\" \/>\n<meta name=\"twitter:card\" content=\"summary_large_image\" \/>\n<meta name=\"twitter:label1\" content=\"Escrito por\" \/>\n\t<meta name=\"twitter:data1\" content=\"CvNoticias\" \/>\n\t<meta name=\"twitter:label2\" content=\"Tiempo de lectura\" \/>\n\t<meta name=\"twitter:data2\" content=\"2 minutos\" \/>\n<script type=\"application\/ld+json\" class=\"yoast-schema-graph\">{\"@context\":\"https:\\\/\\\/schema.org\",\"@graph\":[{\"@type\":\"Article\",\"@id\":\"https:\\\/\\\/cvnoticias.com\\\/nuevapagina\\\/index.php\\\/2025\\\/11\\\/08\\\/bloquea-seccion-22-carretera-federal-y-super-carretera-en-la-region-mixteca\\\/#article\",\"isPartOf\":{\"@id\":\"https:\\\/\\\/cvnoticias.com\\\/nuevapagina\\\/index.php\\\/2025\\\/11\\\/08\\\/bloquea-seccion-22-carretera-federal-y-super-carretera-en-la-region-mixteca\\\/\"},\"author\":{\"name\":\"CvNoticias\",\"@id\":\"https:\\\/\\\/cvnoticias.com\\\/nuevapagina\\\/#\\\/schema\\\/person\\\/19e35f246421a31486be7321065f7463\"},\"headline\":\"Bloquea Secci\u00f3n 22 carretera federal y s\u00faper carretera en la regi\u00f3n Mixteca\",\"datePublished\":\"2025-11-08T14:50:33+00:00\",\"dateModified\":\"2025-11-08T14:50:34+00:00\",\"mainEntityOfPage\":{\"@id\":\"https:\\\/\\\/cvnoticias.com\\\/nuevapagina\\\/index.php\\\/2025\\\/11\\\/08\\\/bloquea-seccion-22-carretera-federal-y-super-carretera-en-la-region-mixteca\\\/\"},\"wordCount\":362,\"commentCount\":0,\"publisher\":{\"@id\":\"https:\\\/\\\/cvnoticias.com\\\/nuevapagina\\\/#organization\"},\"image\":{\"@id\":\"https:\\\/\\\/cvnoticias.com\\\/nuevapagina\\\/index.php\\\/2025\\\/11\\\/08\\\/bloquea-seccion-22-carretera-federal-y-super-carretera-en-la-region-mixteca\\\/#primaryimage\"},\"thumbnailUrl\":\"https:\\\/\\\/cvnoticias.com\\\/nuevapagina\\\/wp-content\\\/uploads\\\/2025\\\/11\\\/WhatsApp-Image-2025-11-07-at-7.10.16-PM.jpeg\",\"articleSection\":[\"Estatales\"],\"inLanguage\":\"es\",\"potentialAction\":[{\"@type\":\"CommentAction\",\"name\":\"Comment\",\"target\":[\"https:\\\/\\\/cvnoticias.com\\\/nuevapagina\\\/index.php\\\/2025\\\/11\\\/08\\\/bloquea-seccion-22-carretera-federal-y-super-carretera-en-la-region-mixteca\\\/#respond\"]}]},{\"@type\":\"WebPage\",\"@id\":\"https:\\\/\\\/cvnoticias.com\\\/nuevapagina\\\/index.php\\\/2025\\\/11\\\/08\\\/bloquea-seccion-22-carretera-federal-y-super-carretera-en-la-region-mixteca\\\/\",\"url\":\"https:\\\/\\\/cvnoticias.com\\\/nuevapagina\\\/index.php\\\/2025\\\/11\\\/08\\\/bloquea-seccion-22-carretera-federal-y-super-carretera-en-la-region-mixteca\\\/\",\"name\":\"Bloquea Secci\u00f3n 22 carretera federal y s\u00faper carretera en la regi\u00f3n Mixteca - CV Noticias\",\"isPartOf\":{\"@id\":\"https:\\\/\\\/cvnoticias.com\\\/nuevapagina\\\/#website\"},\"primaryImageOfPage\":{\"@id\":\"https:\\\/\\\/cvnoticias.com\\\/nuevapagina\\\/index.php\\\/2025\\\/11\\\/08\\\/bloquea-seccion-22-carretera-federal-y-super-carretera-en-la-region-mixteca\\\/#primaryimage\"},\"image\":{\"@id\":\"https:\\\/\\\/cvnoticias.com\\\/nuevapagina\\\/index.php\\\/2025\\\/11\\\/08\\\/bloquea-seccion-22-carretera-federal-y-super-carretera-en-la-region-mixteca\\\/#primaryimage\"},\"thumbnailUrl\":\"https:\\\/\\\/cvnoticias.com\\\/nuevapagina\\\/wp-content\\\/uploads\\\/2025\\\/11\\\/WhatsApp-Image-2025-11-07-at-7.10.16-PM.jpeg\",\"datePublished\":\"2025-11-08T14:50:33+00:00\",\"dateModified\":\"2025-11-08T14:50:34+00:00\",\"breadcrumb\":{\"@id\":\"https:\\\/\\\/cvnoticias.com\\\/nuevapagina\\\/index.php\\\/2025\\\/11\\\/08\\\/bloquea-seccion-22-carretera-federal-y-super-carretera-en-la-region-mixteca\\\/#breadcrumb\"},\"inLanguage\":\"es\",\"potentialAction\":[{\"@type\":\"ReadAction\",\"target\":[\"https:\\\/\\\/cvnoticias.com\\\/nuevapagina\\\/index.php\\\/2025\\\/11\\\/08\\\/bloquea-seccion-22-carretera-federal-y-super-carretera-en-la-region-mixteca\\\/\"]}]},{\"@type\":\"ImageObject\",\"inLanguage\":\"es\",\"@id\":\"https:\\\/\\\/cvnoticias.com\\\/nuevapagina\\\/index.php\\\/2025\\\/11\\\/08\\\/bloquea-seccion-22-carretera-federal-y-super-carretera-en-la-region-mixteca\\\/#primaryimage\",\"url\":\"https:\\\/\\\/cvnoticias.com\\\/nuevapagina\\\/wp-content\\\/uploads\\\/2025\\\/11\\\/WhatsApp-Image-2025-11-07-at-7.10.16-PM.jpeg\",\"contentUrl\":\"https:\\\/\\\/cvnoticias.com\\\/nuevapagina\\\/wp-content\\\/uploads\\\/2025\\\/11\\\/WhatsApp-Image-2025-11-07-at-7.10.16-PM.jpeg\",\"width\":1600,\"height\":1200},{\"@type\":\"BreadcrumbList\",\"@id\":\"https:\\\/\\\/cvnoticias.com\\\/nuevapagina\\\/index.php\\\/2025\\\/11\\\/08\\\/bloquea-seccion-22-carretera-federal-y-super-carretera-en-la-region-mixteca\\\/#breadcrumb\",\"itemListElement\":[{\"@type\":\"ListItem\",\"position\":1,\"name\":\"Portada\",\"item\":\"https:\\\/\\\/cvnoticias.com\\\/nuevapagina\\\/\"},{\"@type\":\"ListItem\",\"position\":2,\"name\":\"Bloquea Secci\u00f3n 22 carretera federal y s\u00faper carretera en la regi\u00f3n Mixteca\"}]},{\"@type\":\"WebSite\",\"@id\":\"https:\\\/\\\/cvnoticias.com\\\/nuevapagina\\\/#website\",\"url\":\"https:\\\/\\\/cvnoticias.com\\\/nuevapagina\\\/\",\"name\":\"CV Noticias\",\"description\":\"Noticias de Oaxaca\",\"publisher\":{\"@id\":\"https:\\\/\\\/cvnoticias.com\\\/nuevapagina\\\/#organization\"},\"potentialAction\":[{\"@type\":\"SearchAction\",\"target\":{\"@type\":\"EntryPoint\",\"urlTemplate\":\"https:\\\/\\\/cvnoticias.com\\\/nuevapagina\\\/?s={search_term_string}\"},\"query-input\":{\"@type\":\"PropertyValueSpecification\",\"valueRequired\":true,\"valueName\":\"search_term_string\"}}],\"inLanguage\":\"es\"},{\"@type\":\"Organization\",\"@id\":\"https:\\\/\\\/cvnoticias.com\\\/nuevapagina\\\/#organization\",\"name\":\"CV Noticias\",\"url\":\"https:\\\/\\\/cvnoticias.com\\\/nuevapagina\\\/\",\"logo\":{\"@type\":\"ImageObject\",\"inLanguage\":\"es\",\"@id\":\"https:\\\/\\\/cvnoticias.com\\\/nuevapagina\\\/#\\\/schema\\\/logo\\\/image\\\/\",\"url\":\"https:\\\/\\\/cvnoticias.com\\\/nuevapagina\\\/wp-content\\\/uploads\\\/2025\\\/05\\\/cropped-logo-1.png\",\"contentUrl\":\"https:\\\/\\\/cvnoticias.com\\\/nuevapagina\\\/wp-content\\\/uploads\\\/2025\\\/05\\\/cropped-logo-1.png\",\"width\":320,\"height\":118,\"caption\":\"CV Noticias\"},\"image\":{\"@id\":\"https:\\\/\\\/cvnoticias.com\\\/nuevapagina\\\/#\\\/schema\\\/logo\\\/image\\\/\"}},{\"@type\":\"Person\",\"@id\":\"https:\\\/\\\/cvnoticias.com\\\/nuevapagina\\\/#\\\/schema\\\/person\\\/19e35f246421a31486be7321065f7463\",\"name\":\"CvNoticias\",\"image\":{\"@type\":\"ImageObject\",\"inLanguage\":\"es\",\"@id\":\"https:\\\/\\\/secure.gravatar.com\\\/avatar\\\/c3a4375d38fd8f9b34ac9e853cb706a079817c78f9a39e33b16a2b2b2e51688a?s=96&d=mm&r=g\",\"url\":\"https:\\\/\\\/secure.gravatar.com\\\/avatar\\\/c3a4375d38fd8f9b34ac9e853cb706a079817c78f9a39e33b16a2b2b2e51688a?s=96&d=mm&r=g\",\"contentUrl\":\"https:\\\/\\\/secure.gravatar.com\\\/avatar\\\/c3a4375d38fd8f9b34ac9e853cb706a079817c78f9a39e33b16a2b2b2e51688a?s=96&d=mm&r=g\",\"caption\":\"CvNoticias\"},\"url\":\"https:\\\/\\\/cvnoticias.com\\\/nuevapagina\\\/index.php\\\/author\\\/gesner\\\/\"}]}<\/script>\n<!-- \/ Yoast SEO plugin. -->","yoast_head_json":{"title":"Bloquea Secci\u00f3n 22 carretera federal y s\u00faper carretera en la regi\u00f3n Mixteca - CV Noticias","robots":{"index":"index","follow":"follow","max-snippet":"max-snippet:-1","max-image-preview":"max-image-preview:large","max-video-preview":"max-video-preview:-1"},"canonical":"https:\/\/cvnoticias.com\/nuevapagina\/index.php\/2025\/11\/08\/bloquea-seccion-22-carretera-federal-y-super-carretera-en-la-region-mixteca\/","og_locale":"es_ES","og_type":"article","og_title":"Bloquea Secci\u00f3n 22 carretera federal y s\u00faper carretera en la regi\u00f3n Mixteca - CV Noticias","og_description":"Integrantes de la Secci\u00f3n 22 del magisterio de Oaxaca, de la regi\u00f3n de la Mixteca,...","og_url":"https:\/\/cvnoticias.com\/nuevapagina\/index.php\/2025\/11\/08\/bloquea-seccion-22-carretera-federal-y-super-carretera-en-la-region-mixteca\/","og_site_name":"CV Noticias","article_published_time":"2025-11-08T14:50:33+00:00","article_modified_time":"2025-11-08T14:50:34+00:00","og_image":[{"width":1600,"height":1200,"url":"https:\/\/cvnoticias.com\/nuevapagina\/wp-content\/uploads\/2025\/11\/WhatsApp-Image-2025-11-07-at-7.10.16-PM.jpeg","type":"image\/jpeg"}],"author":"CvNoticias","twitter_card":"summary_large_image","twitter_misc":{"Escrito por":"CvNoticias","Tiempo de lectura":"2 minutos"},"schema":{"@context":"https:\/\/schema.org","@graph":[{"@type":"Article","@id":"https:\/\/cvnoticias.com\/nuevapagina\/index.php\/2025\/11\/08\/bloquea-seccion-22-carretera-federal-y-super-carretera-en-la-region-mixteca\/#article","isPartOf":{"@id":"https:\/\/cvnoticias.com\/nuevapagina\/index.php\/2025\/11\/08\/bloquea-seccion-22-carretera-federal-y-super-carretera-en-la-region-mixteca\/"},"author":{"name":"CvNoticias","@id":"https:\/\/cvnoticias.com\/nuevapagina\/#\/schema\/person\/19e35f246421a31486be7321065f7463"},"headline":"Bloquea Secci\u00f3n 22 carretera federal y s\u00faper carretera en la regi\u00f3n Mixteca","datePublished":"2025-11-08T14:50:33+00:00","dateModified":"2025-11-08T14:50:34+00:00","mainEntityOfPage":{"@id":"https:\/\/cvnoticias.com\/nuevapagina\/index.php\/2025\/11\/08\/bloquea-seccion-22-carretera-federal-y-super-carretera-en-la-region-mixteca\/"},"wordCount":362,"commentCount":0,"publisher":{"@id":"https:\/\/cvnoticias.com\/nuevapagina\/#organization"},"image":{"@id":"https:\/\/cvnoticias.com\/nuevapagina\/index.php\/2025\/11\/08\/bloquea-seccion-22-carretera-federal-y-super-carretera-en-la-region-mixteca\/#primaryimage"},"thumbnailUrl":"https:\/\/cvnoticias.com\/nuevapagina\/wp-content\/uploads\/2025\/11\/WhatsApp-Image-2025-11-07-at-7.10.16-PM.jpeg","articleSection":["Estatales"],"inLanguage":"es","potentialAction":[{"@type":"CommentAction","name":"Comment","target":["https:\/\/cvnoticias.com\/nuevapagina\/index.php\/2025\/11\/08\/bloquea-seccion-22-carretera-federal-y-super-carretera-en-la-region-mixteca\/#respond"]}]},{"@type":"WebPage","@id":"https:\/\/cvnoticias.com\/nuevapagina\/index.php\/2025\/11\/08\/bloquea-seccion-22-carretera-federal-y-super-carretera-en-la-region-mixteca\/","url":"https:\/\/cvnoticias.com\/nuevapagina\/index.php\/2025\/11\/08\/bloquea-seccion-22-carretera-federal-y-super-carretera-en-la-region-mixteca\/","name":"Bloquea Secci\u00f3n 22 carretera federal y s\u00faper carretera en la regi\u00f3n Mixteca - CV Noticias","isPartOf":{"@id":"https:\/\/cvnoticias.com\/nuevapagina\/#website"},"primaryImageOfPage":{"@id":"https:\/\/cvnoticias.com\/nuevapagina\/index.php\/2025\/11\/08\/bloquea-seccion-22-carretera-federal-y-super-carretera-en-la-region-mixteca\/#primaryimage"},"image":{"@id":"https:\/\/cvnoticias.com\/nuevapagina\/index.php\/2025\/11\/08\/bloquea-seccion-22-carretera-federal-y-super-carretera-en-la-region-mixteca\/#primaryimage"},"thumbnailUrl":"https:\/\/cvnoticias.com\/nuevapagina\/wp-content\/uploads\/2025\/11\/WhatsApp-Image-2025-11-07-at-7.10.16-PM.jpeg","datePublished":"2025-11-08T14:50:33+00:00","dateModified":"2025-11-08T14:50:34+00:00","breadcrumb":{"@id":"https:\/\/cvnoticias.com\/nuevapagina\/index.php\/2025\/11\/08\/bloquea-seccion-22-carretera-federal-y-super-carretera-en-la-region-mixteca\/#breadcrumb"},"inLanguage":"es","potentialAction":[{"@type":"ReadAction","target":["https:\/\/cvnoticias.com\/nuevapagina\/index.php\/2025\/11\/08\/bloquea-seccion-22-carretera-federal-y-super-carretera-en-la-region-mixteca\/"]}]},{"@type":"ImageObject","inLanguage":"es","@id":"https:\/\/cvnoticias.com\/nuevapagina\/index.php\/2025\/11\/08\/bloquea-seccion-22-carretera-federal-y-super-carretera-en-la-region-mixteca\/#primaryimage","url":"https:\/\/cvnoticias.com\/nuevapagina\/wp-content\/uploads\/2025\/11\/WhatsApp-Image-2025-11-07-at-7.10.16-PM.jpeg","contentUrl":"https:\/\/cvnoticias.com\/nuevapagina\/wp-content\/uploads\/2025\/11\/WhatsApp-Image-2025-11-07-at-7.10.16-PM.jpeg","width":1600,"height":1200},{"@type":"BreadcrumbList","@id":"https:\/\/cvnoticias.com\/nuevapagina\/index.php\/2025\/11\/08\/bloquea-seccion-22-carretera-federal-y-super-carretera-en-la-region-mixteca\/#breadcrumb","itemListElement":[{"@type":"ListItem","position":1,"name":"Portada","item":"https:\/\/cvnoticias.com\/nuevapagina\/"},{"@type":"ListItem","position":2,"name":"Bloquea Secci\u00f3n 22 carretera federal y s\u00faper carretera en la regi\u00f3n Mixteca"}]},{"@type":"WebSite","@id":"https:\/\/cvnoticias.com\/nuevapagina\/#website","url":"https:\/\/cvnoticias.com\/nuevapagina\/","name":"CV Noticias","description":"Noticias de Oaxaca","publisher":{"@id":"https:\/\/cvnoticias.com\/nuevapagina\/#organization"},"potentialAction":[{"@type":"SearchAction","target":{"@type":"EntryPoint","urlTemplate":"https:\/\/cvnoticias.com\/nuevapagina\/?s={search_term_string}"},"query-input":{"@type":"PropertyValueSpecification","valueRequired":true,"valueName":"search_term_string"}}],"inLanguage":"es"},{"@type":"Organization","@id":"https:\/\/cvnoticias.com\/nuevapagina\/#organization","name":"CV Noticias","url":"https:\/\/cvnoticias.com\/nuevapagina\/","logo":{"@type":"ImageObject","inLanguage":"es","@id":"https:\/\/cvnoticias.com\/nuevapagina\/#\/schema\/logo\/image\/","url":"https:\/\/cvnoticias.com\/nuevapagina\/wp-content\/uploads\/2025\/05\/cropped-logo-1.png","contentUrl":"https:\/\/cvnoticias.com\/nuevapagina\/wp-content\/uploads\/2025\/05\/cropped-logo-1.png","width":320,"height":118,"caption":"CV Noticias"},"image":{"@id":"https:\/\/cvnoticias.com\/nuevapagina\/#\/schema\/logo\/image\/"}},{"@type":"Person","@id":"https:\/\/cvnoticias.com\/nuevapagina\/#\/schema\/person\/19e35f246421a31486be7321065f7463","name":"CvNoticias","image":{"@type":"ImageObject","inLanguage":"es","@id":"https:\/\/secure.gravatar.com\/avatar\/c3a4375d38fd8f9b34ac9e853cb706a079817c78f9a39e33b16a2b2b2e51688a?s=96&d=mm&r=g","url":"https:\/\/secure.gravatar.com\/avatar\/c3a4375d38fd8f9b34ac9e853cb706a079817c78f9a39e33b16a2b2b2e51688a?s=96&d=mm&r=g","contentUrl":"https:\/\/secure.gravatar.com\/avatar\/c3a4375d38fd8f9b34ac9e853cb706a079817c78f9a39e33b16a2b2b2e51688a?s=96&d=mm&r=g","caption":"CvNoticias"},"url":"https:\/\/cvnoticias.com\/nuevapagina\/index.php\/author\/gesner\/"}]}},"_links":{"self":[{"href":"https:\/\/cvnoticias.com\/nuevapagina\/index.php\/wp-json\/wp\/v2\/posts\/3717","targetHints":{"allow":["GET"]}}],"collection":[{"href":"https:\/\/cvnoticias.com\/nuevapagina\/index.php\/wp-json\/wp\/v2\/posts"}],"about":[{"href":"https:\/\/cvnoticias.com\/nuevapagina\/index.php\/wp-json\/wp\/v2\/types\/post"}],"author":[{"embeddable":true,"href":"https:\/\/cvnoticias.com\/nuevapagina\/index.php\/wp-json\/wp\/v2\/users\/2"}],"replies":[{"embeddable":true,"href":"https:\/\/cvnoticias.com\/nuevapagina\/index.php\/wp-json\/wp\/v2\/comments?post=3717"}],"version-history":[{"count":1,"href":"https:\/\/cvnoticias.com\/nuevapagina\/index.php\/wp-json\/wp\/v2\/posts\/3717\/revisions"}],"predecessor-version":[{"id":3718,"href":"https:\/\/cvnoticias.com\/nuevapagina\/index.php\/wp-json\/wp\/v2\/posts\/3717\/revisions\/3718"}],"wp:featuredmedia":[{"embeddable":true,"href":"https:\/\/cvnoticias.com\/nuevapagina\/index.php\/wp-json\/wp\/v2\/media\/3702"}],"wp:attachment":[{"href":"https:\/\/cvnoticias.com\/nuevapagina\/index.php\/wp-json\/wp\/v2\/media?parent=3717"}],"wp:term":[{"taxonomy":"category","embeddable":true,"href":"https:\/\/cvnoticias.com\/nuevapagina\/index.php\/wp-json\/wp\/v2\/categories?post=3717"},{"taxonomy":"post_tag","embeddable":true,"href":"https:\/\/cvnoticias.com\/nuevapagina\/index.php\/wp-json\/wp\/v2\/tags?post=3717"}],"curies":[{"name":"wp","href":"https:\/\/api.w.org\/{rel}","templated":true}]}}