{"id":3715,"date":"2025-11-08T14:48:34","date_gmt":"2025-11-08T14:48:34","guid":{"rendered":"https:\/\/cvnoticias.com\/nuevapagina\/?p=3715"},"modified":"2025-11-08T14:48:35","modified_gmt":"2025-11-08T14:48:35","slug":"el-centro-de-salud-6-en-xoxocotlan-una-deuda-saldada","status":"publish","type":"post","link":"https:\/\/cvnoticias.com\/nuevapagina\/index.php\/2025\/11\/08\/el-centro-de-salud-6-en-xoxocotlan-una-deuda-saldada\/","title":{"rendered":"El Centro de Salud 6 en Xoxocotl\u00e1n, una deuda saldada"},"content":{"rendered":"\n<p><\/p>\n\n\n\n<p>Santa Cruz Xoxocotl\u00e1n, Oax., 07 de noviembre de 2025. Durante cuatro a\u00f1os, la puerta del Centro de Salud Urbano 6 de Santa Cruz Xoxocotl\u00e1n permaneci\u00f3 cerrada. Las familias pasaban por el frente con la esperanza de volver a ver personal m\u00e9dico, de enfermer\u00eda y medicamentos disponibles.<\/p>\n\n\n\n<p>Hoy, la puerta se abri\u00f3: Xoxocotl\u00e1n volvi\u00f3 a tener atenci\u00f3n m\u00e9dica, gracias a una gesti\u00f3n que puso la salud donde debe estar: en el centro de la vida comunitaria.<\/p>\n\n\n\n<p>Un cierre que dej\u00f3 a miles sin atenci\u00f3n<\/p>\n\n\n\n<p>El Centro de Salud fue cerrado hace cuatro a\u00f1os por falta de mantenimiento y recursos, lo que dej\u00f3 a unas 47 mil personas sin atenci\u00f3n m\u00e9dica b\u00e1sica. Durante ese tiempo, muchas familias deb\u00edan trasladarse a otros puntos o esperar jornadas itinerantes para recibir atenci\u00f3n.<\/p>\n\n\n\n<p>Con una poblaci\u00f3n de m\u00e1s de 100 mil habitantes, de acuerdo con datos del Censo 2020 del INEGI, el cierre de este espacio signific\u00f3 para las familias xoxe\u00f1as un impacto considerable en tiempo, distancia y econom\u00eda.<\/p>\n\n\n\n<p>Aunque el municipio cuenta con siete centros de salud y 17 casas de salud municipales, entre ellas una con atenci\u00f3n especializada en adolescentes, la cantidad de habitantes rebasa la capacidad instalada para brindar servicios.<\/p>\n\n\n\n<p>La urgencia de contar no solo con el Centro de Salud Urbano 6, sino con un espacio m\u00e1s amplio, es apremiante.<\/p>\n\n\n\n<p>\u201cEstoy muy agradecida de que abrieran el centro de salud, ya lo necesit\u00e1bamos. Es un servicio muy importante porque hay mucha gente con enfermedades; hemos esperado por a\u00f1os\u201d, expres\u00f3 Elsa Mar\u00eda del Mar Rodr\u00edguez D\u00edaz, vecina de la cabecera municipal.<\/p>\n\n\n\n<p>Suma de esfuerzos que dan resultados<\/p>\n\n\n\n<p>Durante el acto, la presidenta municipal de Santa Cruz Xoxocotl\u00e1n, Nancy Ben\u00edtez Z\u00e1rate, afirm\u00f3 que su reapertura \u201cera una deuda en materia de salud que la ciudadan\u00eda reclamaba, y hoy se hace realidad\u201d.<\/p>\n\n\n\n<p>El trabajo conjunto y la coordinaci\u00f3n entre los niveles estatal, municipal y sindical hicieron posible saldar esa deuda con la poblaci\u00f3n.<\/p>\n\n\n\n<p>El director general de los Servicios de Salud de Oaxaca, Efr\u00e9n Jarqu\u00edn Gonz\u00e1lez, reconoci\u00f3 la disposici\u00f3n de todas las partes: \u201cEste proyecto es ejemplo de que, cuando hay voluntad, los servicios p\u00fablicos regresan a donde m\u00e1s se necesitan. Se otorga lo m\u00e1s importante para la poblaci\u00f3n: la salud\u201d, dijo.<\/p>\n\n\n\n<p>Por su parte, el secretario general de la Secci\u00f3n 35, Omar L\u00f3pez S\u00e1nchez, respald\u00f3 el hecho: \u201cConstruyamos un futuro, el centro de salud que merece el pueblo de Xoxo. Aqu\u00ed no somos la \u00faltima esperanza, somos la \u00fanica. Hoy, con esta suma de esfuerzos, se recobra la confianza\u201d.<\/p>\n\n\n\n<p>Datos relevantes:<\/p>\n\n\n\n<p>\u2022 58 a\u00f1os de existencia.<br>\u2022 Rehabilitado, equipado y reabierto el 3 de noviembre de 2025.<br>\u2022 M\u00e1s de 45 mil habitantes beneficiados en 77 colonias aleda\u00f1as.<br>\u2022 56 trabajadoras y trabajadores conforman la plantilla.<br>\u2022 Inversi\u00f3n de 2 millones de pesos.<br>\u2022 Rehabilitaci\u00f3n integral con nuevo mobiliario, medicamentos y personal m\u00e9dico para brindar atenci\u00f3n de primer nivel.<br>\u2022 Reactivaci\u00f3n de programas esenciales como vacunaci\u00f3n, atenci\u00f3n prenatal y control de enfermedades cr\u00f3nicas.<br>\u2022 Actores:<br>\u2013 La presidenta municipal de Santa Cruz Xoxocotl\u00e1n, Lic. Nancy Ben\u00edtez Z\u00e1rate.<br>\u2013 El gobernador del Estado, Ing. Salom\u00f3n Jara Cruz.<br>\u2013 Servicios de Salud del Gobierno del Estado de Oaxaca.<br>\u2013 IMSS Bienestar.<br>\u2013 Secci\u00f3n 35 del Sindicato de Salud.<br>\u2013 Secci\u00f3n 94 del Sindicato Nacional de Trabajadores de la Salud<\/p>\n","protected":false},"excerpt":{"rendered":"<p>Santa Cruz Xoxocotl\u00e1n, Oax., 07 de noviembre de 2025. Durante cuatro a\u00f1os, la puerta del&#8230;<\/p>\n","protected":false},"author":2,"featured_media":3703,"comment_status":"open","ping_status":"closed","sticky":false,"template":"","format":"standard","meta":{"footnotes":""},"categories":[3],"tags":[],"class_list":["post-3715","post","type-post","status-publish","format-standard","has-post-thumbnail","hentry","category-comunicadosdeprensa"],"yoast_head":"<!-- This site is optimized with the Yoast SEO plugin v27.5 - https:\/\/yoast.com\/product\/yoast-seo-wordpress\/ -->\n<title>El Centro de Salud 6 en Xoxocotl\u00e1n, una deuda saldada - CV Noticias<\/title>\n<meta name=\"robots\" content=\"index, follow, max-snippet:-1, max-image-preview:large, max-video-preview:-1\" \/>\n<link rel=\"canonical\" href=\"https:\/\/cvnoticias.com\/nuevapagina\/index.php\/2025\/11\/08\/el-centro-de-salud-6-en-xoxocotlan-una-deuda-saldada\/\" \/>\n<meta property=\"og:locale\" content=\"es_ES\" \/>\n<meta property=\"og:type\" content=\"article\" \/>\n<meta property=\"og:title\" content=\"El Centro de Salud 6 en Xoxocotl\u00e1n, una deuda saldada - CV Noticias\" \/>\n<meta property=\"og:description\" content=\"Santa Cruz Xoxocotl\u00e1n, Oax., 07 de noviembre de 2025. Durante cuatro a\u00f1os, la puerta del...\" \/>\n<meta property=\"og:url\" content=\"https:\/\/cvnoticias.com\/nuevapagina\/index.php\/2025\/11\/08\/el-centro-de-salud-6-en-xoxocotlan-una-deuda-saldada\/\" \/>\n<meta property=\"og:site_name\" content=\"CV Noticias\" \/>\n<meta property=\"article:published_time\" content=\"2025-11-08T14:48:34+00:00\" \/>\n<meta property=\"article:modified_time\" content=\"2025-11-08T14:48:35+00:00\" \/>\n<meta property=\"og:image\" content=\"https:\/\/cvnoticias.com\/nuevapagina\/wp-content\/uploads\/2025\/11\/WhatsApp-Image-2025-11-07-at-7.08.25-PM.jpeg\" \/>\n\t<meta property=\"og:image:width\" content=\"1600\" \/>\n\t<meta property=\"og:image:height\" content=\"1066\" \/>\n\t<meta property=\"og:image:type\" content=\"image\/jpeg\" \/>\n<meta name=\"author\" content=\"CvNoticias\" \/>\n<meta name=\"twitter:card\" content=\"summary_large_image\" \/>\n<meta name=\"twitter:label1\" content=\"Escrito por\" \/>\n\t<meta name=\"twitter:data1\" content=\"CvNoticias\" \/>\n\t<meta name=\"twitter:label2\" content=\"Tiempo de lectura\" \/>\n\t<meta name=\"twitter:data2\" content=\"3 minutos\" \/>\n<script type=\"application\/ld+json\" class=\"yoast-schema-graph\">{\"@context\":\"https:\\\/\\\/schema.org\",\"@graph\":[{\"@type\":\"Article\",\"@id\":\"https:\\\/\\\/cvnoticias.com\\\/nuevapagina\\\/index.php\\\/2025\\\/11\\\/08\\\/el-centro-de-salud-6-en-xoxocotlan-una-deuda-saldada\\\/#article\",\"isPartOf\":{\"@id\":\"https:\\\/\\\/cvnoticias.com\\\/nuevapagina\\\/index.php\\\/2025\\\/11\\\/08\\\/el-centro-de-salud-6-en-xoxocotlan-una-deuda-saldada\\\/\"},\"author\":{\"name\":\"CvNoticias\",\"@id\":\"https:\\\/\\\/cvnoticias.com\\\/nuevapagina\\\/#\\\/schema\\\/person\\\/19e35f246421a31486be7321065f7463\"},\"headline\":\"El Centro de Salud 6 en Xoxocotl\u00e1n, una deuda saldada\",\"datePublished\":\"2025-11-08T14:48:34+00:00\",\"dateModified\":\"2025-11-08T14:48:35+00:00\",\"mainEntityOfPage\":{\"@id\":\"https:\\\/\\\/cvnoticias.com\\\/nuevapagina\\\/index.php\\\/2025\\\/11\\\/08\\\/el-centro-de-salud-6-en-xoxocotlan-una-deuda-saldada\\\/\"},\"wordCount\":582,\"commentCount\":0,\"publisher\":{\"@id\":\"https:\\\/\\\/cvnoticias.com\\\/nuevapagina\\\/#organization\"},\"image\":{\"@id\":\"https:\\\/\\\/cvnoticias.com\\\/nuevapagina\\\/index.php\\\/2025\\\/11\\\/08\\\/el-centro-de-salud-6-en-xoxocotlan-una-deuda-saldada\\\/#primaryimage\"},\"thumbnailUrl\":\"https:\\\/\\\/cvnoticias.com\\\/nuevapagina\\\/wp-content\\\/uploads\\\/2025\\\/11\\\/WhatsApp-Image-2025-11-07-at-7.08.25-PM.jpeg\",\"articleSection\":[\"Comunicados\"],\"inLanguage\":\"es\",\"potentialAction\":[{\"@type\":\"CommentAction\",\"name\":\"Comment\",\"target\":[\"https:\\\/\\\/cvnoticias.com\\\/nuevapagina\\\/index.php\\\/2025\\\/11\\\/08\\\/el-centro-de-salud-6-en-xoxocotlan-una-deuda-saldada\\\/#respond\"]}]},{\"@type\":\"WebPage\",\"@id\":\"https:\\\/\\\/cvnoticias.com\\\/nuevapagina\\\/index.php\\\/2025\\\/11\\\/08\\\/el-centro-de-salud-6-en-xoxocotlan-una-deuda-saldada\\\/\",\"url\":\"https:\\\/\\\/cvnoticias.com\\\/nuevapagina\\\/index.php\\\/2025\\\/11\\\/08\\\/el-centro-de-salud-6-en-xoxocotlan-una-deuda-saldada\\\/\",\"name\":\"El Centro de Salud 6 en Xoxocotl\u00e1n, una deuda saldada - CV Noticias\",\"isPartOf\":{\"@id\":\"https:\\\/\\\/cvnoticias.com\\\/nuevapagina\\\/#website\"},\"primaryImageOfPage\":{\"@id\":\"https:\\\/\\\/cvnoticias.com\\\/nuevapagina\\\/index.php\\\/2025\\\/11\\\/08\\\/el-centro-de-salud-6-en-xoxocotlan-una-deuda-saldada\\\/#primaryimage\"},\"image\":{\"@id\":\"https:\\\/\\\/cvnoticias.com\\\/nuevapagina\\\/index.php\\\/2025\\\/11\\\/08\\\/el-centro-de-salud-6-en-xoxocotlan-una-deuda-saldada\\\/#primaryimage\"},\"thumbnailUrl\":\"https:\\\/\\\/cvnoticias.com\\\/nuevapagina\\\/wp-content\\\/uploads\\\/2025\\\/11\\\/WhatsApp-Image-2025-11-07-at-7.08.25-PM.jpeg\",\"datePublished\":\"2025-11-08T14:48:34+00:00\",\"dateModified\":\"2025-11-08T14:48:35+00:00\",\"breadcrumb\":{\"@id\":\"https:\\\/\\\/cvnoticias.com\\\/nuevapagina\\\/index.php\\\/2025\\\/11\\\/08\\\/el-centro-de-salud-6-en-xoxocotlan-una-deuda-saldada\\\/#breadcrumb\"},\"inLanguage\":\"es\",\"potentialAction\":[{\"@type\":\"ReadAction\",\"target\":[\"https:\\\/\\\/cvnoticias.com\\\/nuevapagina\\\/index.php\\\/2025\\\/11\\\/08\\\/el-centro-de-salud-6-en-xoxocotlan-una-deuda-saldada\\\/\"]}]},{\"@type\":\"ImageObject\",\"inLanguage\":\"es\",\"@id\":\"https:\\\/\\\/cvnoticias.com\\\/nuevapagina\\\/index.php\\\/2025\\\/11\\\/08\\\/el-centro-de-salud-6-en-xoxocotlan-una-deuda-saldada\\\/#primaryimage\",\"url\":\"https:\\\/\\\/cvnoticias.com\\\/nuevapagina\\\/wp-content\\\/uploads\\\/2025\\\/11\\\/WhatsApp-Image-2025-11-07-at-7.08.25-PM.jpeg\",\"contentUrl\":\"https:\\\/\\\/cvnoticias.com\\\/nuevapagina\\\/wp-content\\\/uploads\\\/2025\\\/11\\\/WhatsApp-Image-2025-11-07-at-7.08.25-PM.jpeg\",\"width\":1600,\"height\":1066},{\"@type\":\"BreadcrumbList\",\"@id\":\"https:\\\/\\\/cvnoticias.com\\\/nuevapagina\\\/index.php\\\/2025\\\/11\\\/08\\\/el-centro-de-salud-6-en-xoxocotlan-una-deuda-saldada\\\/#breadcrumb\",\"itemListElement\":[{\"@type\":\"ListItem\",\"position\":1,\"name\":\"Portada\",\"item\":\"https:\\\/\\\/cvnoticias.com\\\/nuevapagina\\\/\"},{\"@type\":\"ListItem\",\"position\":2,\"name\":\"El Centro de Salud 6 en Xoxocotl\u00e1n, una deuda saldada\"}]},{\"@type\":\"WebSite\",\"@id\":\"https:\\\/\\\/cvnoticias.com\\\/nuevapagina\\\/#website\",\"url\":\"https:\\\/\\\/cvnoticias.com\\\/nuevapagina\\\/\",\"name\":\"CV Noticias\",\"description\":\"Noticias de Oaxaca\",\"publisher\":{\"@id\":\"https:\\\/\\\/cvnoticias.com\\\/nuevapagina\\\/#organization\"},\"potentialAction\":[{\"@type\":\"SearchAction\",\"target\":{\"@type\":\"EntryPoint\",\"urlTemplate\":\"https:\\\/\\\/cvnoticias.com\\\/nuevapagina\\\/?s={search_term_string}\"},\"query-input\":{\"@type\":\"PropertyValueSpecification\",\"valueRequired\":true,\"valueName\":\"search_term_string\"}}],\"inLanguage\":\"es\"},{\"@type\":\"Organization\",\"@id\":\"https:\\\/\\\/cvnoticias.com\\\/nuevapagina\\\/#organization\",\"name\":\"CV Noticias\",\"url\":\"https:\\\/\\\/cvnoticias.com\\\/nuevapagina\\\/\",\"logo\":{\"@type\":\"ImageObject\",\"inLanguage\":\"es\",\"@id\":\"https:\\\/\\\/cvnoticias.com\\\/nuevapagina\\\/#\\\/schema\\\/logo\\\/image\\\/\",\"url\":\"https:\\\/\\\/cvnoticias.com\\\/nuevapagina\\\/wp-content\\\/uploads\\\/2025\\\/05\\\/cropped-logo-1.png\",\"contentUrl\":\"https:\\\/\\\/cvnoticias.com\\\/nuevapagina\\\/wp-content\\\/uploads\\\/2025\\\/05\\\/cropped-logo-1.png\",\"width\":320,\"height\":118,\"caption\":\"CV Noticias\"},\"image\":{\"@id\":\"https:\\\/\\\/cvnoticias.com\\\/nuevapagina\\\/#\\\/schema\\\/logo\\\/image\\\/\"}},{\"@type\":\"Person\",\"@id\":\"https:\\\/\\\/cvnoticias.com\\\/nuevapagina\\\/#\\\/schema\\\/person\\\/19e35f246421a31486be7321065f7463\",\"name\":\"CvNoticias\",\"image\":{\"@type\":\"ImageObject\",\"inLanguage\":\"es\",\"@id\":\"https:\\\/\\\/secure.gravatar.com\\\/avatar\\\/c3a4375d38fd8f9b34ac9e853cb706a079817c78f9a39e33b16a2b2b2e51688a?s=96&d=mm&r=g\",\"url\":\"https:\\\/\\\/secure.gravatar.com\\\/avatar\\\/c3a4375d38fd8f9b34ac9e853cb706a079817c78f9a39e33b16a2b2b2e51688a?s=96&d=mm&r=g\",\"contentUrl\":\"https:\\\/\\\/secure.gravatar.com\\\/avatar\\\/c3a4375d38fd8f9b34ac9e853cb706a079817c78f9a39e33b16a2b2b2e51688a?s=96&d=mm&r=g\",\"caption\":\"CvNoticias\"},\"url\":\"https:\\\/\\\/cvnoticias.com\\\/nuevapagina\\\/index.php\\\/author\\\/gesner\\\/\"}]}<\/script>\n<!-- \/ Yoast SEO plugin. -->","yoast_head_json":{"title":"El Centro de Salud 6 en Xoxocotl\u00e1n, una deuda saldada - CV Noticias","robots":{"index":"index","follow":"follow","max-snippet":"max-snippet:-1","max-image-preview":"max-image-preview:large","max-video-preview":"max-video-preview:-1"},"canonical":"https:\/\/cvnoticias.com\/nuevapagina\/index.php\/2025\/11\/08\/el-centro-de-salud-6-en-xoxocotlan-una-deuda-saldada\/","og_locale":"es_ES","og_type":"article","og_title":"El Centro de Salud 6 en Xoxocotl\u00e1n, una deuda saldada - CV Noticias","og_description":"Santa Cruz Xoxocotl\u00e1n, Oax., 07 de noviembre de 2025. Durante cuatro a\u00f1os, la puerta del...","og_url":"https:\/\/cvnoticias.com\/nuevapagina\/index.php\/2025\/11\/08\/el-centro-de-salud-6-en-xoxocotlan-una-deuda-saldada\/","og_site_name":"CV Noticias","article_published_time":"2025-11-08T14:48:34+00:00","article_modified_time":"2025-11-08T14:48:35+00:00","og_image":[{"width":1600,"height":1066,"url":"https:\/\/cvnoticias.com\/nuevapagina\/wp-content\/uploads\/2025\/11\/WhatsApp-Image-2025-11-07-at-7.08.25-PM.jpeg","type":"image\/jpeg"}],"author":"CvNoticias","twitter_card":"summary_large_image","twitter_misc":{"Escrito por":"CvNoticias","Tiempo de lectura":"3 minutos"},"schema":{"@context":"https:\/\/schema.org","@graph":[{"@type":"Article","@id":"https:\/\/cvnoticias.com\/nuevapagina\/index.php\/2025\/11\/08\/el-centro-de-salud-6-en-xoxocotlan-una-deuda-saldada\/#article","isPartOf":{"@id":"https:\/\/cvnoticias.com\/nuevapagina\/index.php\/2025\/11\/08\/el-centro-de-salud-6-en-xoxocotlan-una-deuda-saldada\/"},"author":{"name":"CvNoticias","@id":"https:\/\/cvnoticias.com\/nuevapagina\/#\/schema\/person\/19e35f246421a31486be7321065f7463"},"headline":"El Centro de Salud 6 en Xoxocotl\u00e1n, una deuda saldada","datePublished":"2025-11-08T14:48:34+00:00","dateModified":"2025-11-08T14:48:35+00:00","mainEntityOfPage":{"@id":"https:\/\/cvnoticias.com\/nuevapagina\/index.php\/2025\/11\/08\/el-centro-de-salud-6-en-xoxocotlan-una-deuda-saldada\/"},"wordCount":582,"commentCount":0,"publisher":{"@id":"https:\/\/cvnoticias.com\/nuevapagina\/#organization"},"image":{"@id":"https:\/\/cvnoticias.com\/nuevapagina\/index.php\/2025\/11\/08\/el-centro-de-salud-6-en-xoxocotlan-una-deuda-saldada\/#primaryimage"},"thumbnailUrl":"https:\/\/cvnoticias.com\/nuevapagina\/wp-content\/uploads\/2025\/11\/WhatsApp-Image-2025-11-07-at-7.08.25-PM.jpeg","articleSection":["Comunicados"],"inLanguage":"es","potentialAction":[{"@type":"CommentAction","name":"Comment","target":["https:\/\/cvnoticias.com\/nuevapagina\/index.php\/2025\/11\/08\/el-centro-de-salud-6-en-xoxocotlan-una-deuda-saldada\/#respond"]}]},{"@type":"WebPage","@id":"https:\/\/cvnoticias.com\/nuevapagina\/index.php\/2025\/11\/08\/el-centro-de-salud-6-en-xoxocotlan-una-deuda-saldada\/","url":"https:\/\/cvnoticias.com\/nuevapagina\/index.php\/2025\/11\/08\/el-centro-de-salud-6-en-xoxocotlan-una-deuda-saldada\/","name":"El Centro de Salud 6 en Xoxocotl\u00e1n, una deuda saldada - CV Noticias","isPartOf":{"@id":"https:\/\/cvnoticias.com\/nuevapagina\/#website"},"primaryImageOfPage":{"@id":"https:\/\/cvnoticias.com\/nuevapagina\/index.php\/2025\/11\/08\/el-centro-de-salud-6-en-xoxocotlan-una-deuda-saldada\/#primaryimage"},"image":{"@id":"https:\/\/cvnoticias.com\/nuevapagina\/index.php\/2025\/11\/08\/el-centro-de-salud-6-en-xoxocotlan-una-deuda-saldada\/#primaryimage"},"thumbnailUrl":"https:\/\/cvnoticias.com\/nuevapagina\/wp-content\/uploads\/2025\/11\/WhatsApp-Image-2025-11-07-at-7.08.25-PM.jpeg","datePublished":"2025-11-08T14:48:34+00:00","dateModified":"2025-11-08T14:48:35+00:00","breadcrumb":{"@id":"https:\/\/cvnoticias.com\/nuevapagina\/index.php\/2025\/11\/08\/el-centro-de-salud-6-en-xoxocotlan-una-deuda-saldada\/#breadcrumb"},"inLanguage":"es","potentialAction":[{"@type":"ReadAction","target":["https:\/\/cvnoticias.com\/nuevapagina\/index.php\/2025\/11\/08\/el-centro-de-salud-6-en-xoxocotlan-una-deuda-saldada\/"]}]},{"@type":"ImageObject","inLanguage":"es","@id":"https:\/\/cvnoticias.com\/nuevapagina\/index.php\/2025\/11\/08\/el-centro-de-salud-6-en-xoxocotlan-una-deuda-saldada\/#primaryimage","url":"https:\/\/cvnoticias.com\/nuevapagina\/wp-content\/uploads\/2025\/11\/WhatsApp-Image-2025-11-07-at-7.08.25-PM.jpeg","contentUrl":"https:\/\/cvnoticias.com\/nuevapagina\/wp-content\/uploads\/2025\/11\/WhatsApp-Image-2025-11-07-at-7.08.25-PM.jpeg","width":1600,"height":1066},{"@type":"BreadcrumbList","@id":"https:\/\/cvnoticias.com\/nuevapagina\/index.php\/2025\/11\/08\/el-centro-de-salud-6-en-xoxocotlan-una-deuda-saldada\/#breadcrumb","itemListElement":[{"@type":"ListItem","position":1,"name":"Portada","item":"https:\/\/cvnoticias.com\/nuevapagina\/"},{"@type":"ListItem","position":2,"name":"El Centro de Salud 6 en Xoxocotl\u00e1n, una deuda saldada"}]},{"@type":"WebSite","@id":"https:\/\/cvnoticias.com\/nuevapagina\/#website","url":"https:\/\/cvnoticias.com\/nuevapagina\/","name":"CV Noticias","description":"Noticias de Oaxaca","publisher":{"@id":"https:\/\/cvnoticias.com\/nuevapagina\/#organization"},"potentialAction":[{"@type":"SearchAction","target":{"@type":"EntryPoint","urlTemplate":"https:\/\/cvnoticias.com\/nuevapagina\/?s={search_term_string}"},"query-input":{"@type":"PropertyValueSpecification","valueRequired":true,"valueName":"search_term_string"}}],"inLanguage":"es"},{"@type":"Organization","@id":"https:\/\/cvnoticias.com\/nuevapagina\/#organization","name":"CV Noticias","url":"https:\/\/cvnoticias.com\/nuevapagina\/","logo":{"@type":"ImageObject","inLanguage":"es","@id":"https:\/\/cvnoticias.com\/nuevapagina\/#\/schema\/logo\/image\/","url":"https:\/\/cvnoticias.com\/nuevapagina\/wp-content\/uploads\/2025\/05\/cropped-logo-1.png","contentUrl":"https:\/\/cvnoticias.com\/nuevapagina\/wp-content\/uploads\/2025\/05\/cropped-logo-1.png","width":320,"height":118,"caption":"CV Noticias"},"image":{"@id":"https:\/\/cvnoticias.com\/nuevapagina\/#\/schema\/logo\/image\/"}},{"@type":"Person","@id":"https:\/\/cvnoticias.com\/nuevapagina\/#\/schema\/person\/19e35f246421a31486be7321065f7463","name":"CvNoticias","image":{"@type":"ImageObject","inLanguage":"es","@id":"https:\/\/secure.gravatar.com\/avatar\/c3a4375d38fd8f9b34ac9e853cb706a079817c78f9a39e33b16a2b2b2e51688a?s=96&d=mm&r=g","url":"https:\/\/secure.gravatar.com\/avatar\/c3a4375d38fd8f9b34ac9e853cb706a079817c78f9a39e33b16a2b2b2e51688a?s=96&d=mm&r=g","contentUrl":"https:\/\/secure.gravatar.com\/avatar\/c3a4375d38fd8f9b34ac9e853cb706a079817c78f9a39e33b16a2b2b2e51688a?s=96&d=mm&r=g","caption":"CvNoticias"},"url":"https:\/\/cvnoticias.com\/nuevapagina\/index.php\/author\/gesner\/"}]}},"_links":{"self":[{"href":"https:\/\/cvnoticias.com\/nuevapagina\/index.php\/wp-json\/wp\/v2\/posts\/3715","targetHints":{"allow":["GET"]}}],"collection":[{"href":"https:\/\/cvnoticias.com\/nuevapagina\/index.php\/wp-json\/wp\/v2\/posts"}],"about":[{"href":"https:\/\/cvnoticias.com\/nuevapagina\/index.php\/wp-json\/wp\/v2\/types\/post"}],"author":[{"embeddable":true,"href":"https:\/\/cvnoticias.com\/nuevapagina\/index.php\/wp-json\/wp\/v2\/users\/2"}],"replies":[{"embeddable":true,"href":"https:\/\/cvnoticias.com\/nuevapagina\/index.php\/wp-json\/wp\/v2\/comments?post=3715"}],"version-history":[{"count":1,"href":"https:\/\/cvnoticias.com\/nuevapagina\/index.php\/wp-json\/wp\/v2\/posts\/3715\/revisions"}],"predecessor-version":[{"id":3716,"href":"https:\/\/cvnoticias.com\/nuevapagina\/index.php\/wp-json\/wp\/v2\/posts\/3715\/revisions\/3716"}],"wp:featuredmedia":[{"embeddable":true,"href":"https:\/\/cvnoticias.com\/nuevapagina\/index.php\/wp-json\/wp\/v2\/media\/3703"}],"wp:attachment":[{"href":"https:\/\/cvnoticias.com\/nuevapagina\/index.php\/wp-json\/wp\/v2\/media?parent=3715"}],"wp:term":[{"taxonomy":"category","embeddable":true,"href":"https:\/\/cvnoticias.com\/nuevapagina\/index.php\/wp-json\/wp\/v2\/categories?post=3715"},{"taxonomy":"post_tag","embeddable":true,"href":"https:\/\/cvnoticias.com\/nuevapagina\/index.php\/wp-json\/wp\/v2\/tags?post=3715"}],"curies":[{"name":"wp","href":"https:\/\/api.w.org\/{rel}","templated":true}]}}