{"id":2592,"date":"2025-09-15T22:10:06","date_gmt":"2025-09-15T22:10:06","guid":{"rendered":"https:\/\/cvnoticias.com\/nuevapagina\/?p=2592"},"modified":"2025-09-15T22:10:07","modified_gmt":"2025-09-15T22:10:07","slug":"aprueba-lxvi-legislatura-cuatro-dictamenes-en-materia-de-gobernabilidad-2","status":"publish","type":"post","link":"https:\/\/cvnoticias.com\/nuevapagina\/index.php\/2025\/09\/15\/aprueba-lxvi-legislatura-cuatro-dictamenes-en-materia-de-gobernabilidad-2\/","title":{"rendered":"Aprueba LXVI Legislatura cuatro dict\u00e1menes en materia de gobernabilidad"},"content":{"rendered":"\n<p><\/p>\n\n\n\n<ul class=\"wp-block-list\">\n<li>La localidad Llano Aguacate se desagrega del municipio de Santiago Juxtlahuaca y se incorpora al municipio de Putla Villa de Guerrero<\/li>\n\n\n\n<li>Los Proyectos de Decreto fueron emitidos por la Comisi\u00f3n Permanente de Gobierno y Asuntos Agrarios<\/li>\n<\/ul>\n\n\n\n<p>San Raymundo Jalpan, Oax., a 13 de septiembre de 2025.- En Sesi\u00f3n Ordinaria, el Congreso del Estado aprob\u00f3 cuatro dict\u00e1menes de la Comisi\u00f3n Permanente de Gobierno y Asuntos Agrarios en materia de gobernabilidad<\/p>\n\n\n\n<p>En este sentido, con 33 votos a favor se declar\u00f3 procedente la designaci\u00f3n del ciudadano Antonio L\u00f3pez Jim\u00e9nez como S\u00edndico Municipal, y a la Ciudadana Gertrudis Lourdes Hern\u00e1ndez Villag\u00f3mez como Regidora de Hacienda, Educaci\u00f3n y Deportes, ambos del Ayuntamiento de San Juan Bautista Suchitepec, en la Mixteca, por el periodo comprendido del 10 de junio de 2025 al 31 de diciembre de 2027.<\/p>\n\n\n\n<p>Lo anterior derivado de las renuncias de sus antecesores, mismas que fueron aprobadas por unanimidad en la Sesi\u00f3n Extraordinaria de Cabildo de dicho municipio.<\/p>\n\n\n\n<p>Tambi\u00e9n se aval\u00f3 la segregaci\u00f3n de la localidad Llano Aguacate, perteneciente a la Agencia Municipal de San Juan Copala, Municipio de Santiago Juxtlahuaca, para su incorporaci\u00f3n al Municipio de Putla Villa de Guerrero en la Sierra Sur.<br>La solicitud fue presentada por el presidente municipal de Putla Villa de Guerrero, ciudadano Pr\u00f3spero Francisco Cruz Ricardo, debido a que los habitantes de Llano Aguacate expresaron su inter\u00e9s de adherirse a dicha municipalidad, en raz\u00f3n de proximidad e intercambio comercial.<\/p>\n\n\n\n<p>En este sentido, deber\u00e1 comunicarse de este cambio al Instituto Nacional de Estad\u00edstica y Geograf\u00eda (Inegi), Instituto Nacional Electoral (INE), Secretar\u00eda de Gobierno (Sego) y Secretar\u00eda de Finanzas (Sefin) del Estado de Oaxaca, Instituto Estatal Electoral y de Participaci\u00f3n Ciudadana de Oaxaca (IEEPCO), Auditor\u00eda Superior de Fiscalizaci\u00f3n del Estado (ASFE), a los ayuntamientos de Santiago Juxtlahuaca y Putla Villa de Guerrero, as\u00ed como a la localidad de Llano Aguacate para los efectos procedentes.<\/p>\n\n\n\n<p>Por otra parte, y luego que los Ayuntamientos cumplieran con los requisitos que se\u00f1ala la Ley Org\u00e1nica Municipal, se aprob\u00f3 el reconocimiento con la denominaci\u00f3n pol\u00edtica de N\u00facleo Rural de las comunidades Cerro del Chivo, perteneciente a Santa Mar\u00eda Huazolotitl\u00e1n, distrito de Jamiltepec y Llano Chapultepec, ubicado en Santa Mar\u00eda Zacatepec, distrito de Putla.<\/p>\n\n\n\n<p>Al respecto, se deber\u00e1 comunicar de estos cambios a los Ayuntamientos mencionados, as\u00ed como al Inegi, INE, Sego, Sefin y a la ASFE.<\/p>\n","protected":false},"excerpt":{"rendered":"<p>San Raymundo Jalpan, Oax., a 13 de septiembre de 2025.- En Sesi\u00f3n Ordinaria, el Congreso&#8230;<\/p>\n","protected":false},"author":2,"featured_media":2583,"comment_status":"open","ping_status":"closed","sticky":false,"template":"","format":"standard","meta":{"footnotes":""},"categories":[3],"tags":[],"class_list":["post-2592","post","type-post","status-publish","format-standard","has-post-thumbnail","hentry","category-comunicadosdeprensa"],"yoast_head":"<!-- This site is optimized with the Yoast SEO plugin v27.5 - https:\/\/yoast.com\/product\/yoast-seo-wordpress\/ -->\n<title>Aprueba LXVI Legislatura cuatro dict\u00e1menes en materia de gobernabilidad - CV Noticias<\/title>\n<meta name=\"robots\" content=\"index, follow, max-snippet:-1, max-image-preview:large, max-video-preview:-1\" \/>\n<link rel=\"canonical\" href=\"https:\/\/cvnoticias.com\/nuevapagina\/index.php\/2025\/09\/15\/aprueba-lxvi-legislatura-cuatro-dictamenes-en-materia-de-gobernabilidad-2\/\" \/>\n<meta property=\"og:locale\" content=\"es_ES\" \/>\n<meta property=\"og:type\" content=\"article\" \/>\n<meta property=\"og:title\" content=\"Aprueba LXVI Legislatura cuatro dict\u00e1menes en materia de gobernabilidad - CV Noticias\" \/>\n<meta property=\"og:description\" content=\"San Raymundo Jalpan, Oax., a 13 de septiembre de 2025.- En Sesi\u00f3n Ordinaria, el Congreso...\" \/>\n<meta property=\"og:url\" content=\"https:\/\/cvnoticias.com\/nuevapagina\/index.php\/2025\/09\/15\/aprueba-lxvi-legislatura-cuatro-dictamenes-en-materia-de-gobernabilidad-2\/\" \/>\n<meta property=\"og:site_name\" content=\"CV Noticias\" \/>\n<meta property=\"article:published_time\" content=\"2025-09-15T22:10:06+00:00\" \/>\n<meta property=\"article:modified_time\" content=\"2025-09-15T22:10:07+00:00\" \/>\n<meta property=\"og:image\" content=\"https:\/\/cvnoticias.com\/nuevapagina\/wp-content\/uploads\/2025\/09\/WhatsApp-Image-2025-09-15-at-7.50.33-AM.jpeg\" \/>\n\t<meta property=\"og:image:width\" content=\"1600\" \/>\n\t<meta property=\"og:image:height\" content=\"1047\" \/>\n\t<meta property=\"og:image:type\" content=\"image\/jpeg\" \/>\n<meta name=\"author\" content=\"CvNoticias\" \/>\n<meta name=\"twitter:card\" content=\"summary_large_image\" \/>\n<meta name=\"twitter:label1\" content=\"Escrito por\" \/>\n\t<meta name=\"twitter:data1\" content=\"CvNoticias\" \/>\n\t<meta name=\"twitter:label2\" content=\"Tiempo de lectura\" \/>\n\t<meta name=\"twitter:data2\" content=\"2 minutos\" \/>\n<script type=\"application\/ld+json\" class=\"yoast-schema-graph\">{\"@context\":\"https:\\\/\\\/schema.org\",\"@graph\":[{\"@type\":\"Article\",\"@id\":\"https:\\\/\\\/cvnoticias.com\\\/nuevapagina\\\/index.php\\\/2025\\\/09\\\/15\\\/aprueba-lxvi-legislatura-cuatro-dictamenes-en-materia-de-gobernabilidad-2\\\/#article\",\"isPartOf\":{\"@id\":\"https:\\\/\\\/cvnoticias.com\\\/nuevapagina\\\/index.php\\\/2025\\\/09\\\/15\\\/aprueba-lxvi-legislatura-cuatro-dictamenes-en-materia-de-gobernabilidad-2\\\/\"},\"author\":{\"name\":\"CvNoticias\",\"@id\":\"https:\\\/\\\/cvnoticias.com\\\/nuevapagina\\\/#\\\/schema\\\/person\\\/19e35f246421a31486be7321065f7463\"},\"headline\":\"Aprueba LXVI Legislatura cuatro dict\u00e1menes en materia de gobernabilidad\",\"datePublished\":\"2025-09-15T22:10:06+00:00\",\"dateModified\":\"2025-09-15T22:10:07+00:00\",\"mainEntityOfPage\":{\"@id\":\"https:\\\/\\\/cvnoticias.com\\\/nuevapagina\\\/index.php\\\/2025\\\/09\\\/15\\\/aprueba-lxvi-legislatura-cuatro-dictamenes-en-materia-de-gobernabilidad-2\\\/\"},\"wordCount\":421,\"commentCount\":0,\"publisher\":{\"@id\":\"https:\\\/\\\/cvnoticias.com\\\/nuevapagina\\\/#organization\"},\"image\":{\"@id\":\"https:\\\/\\\/cvnoticias.com\\\/nuevapagina\\\/index.php\\\/2025\\\/09\\\/15\\\/aprueba-lxvi-legislatura-cuatro-dictamenes-en-materia-de-gobernabilidad-2\\\/#primaryimage\"},\"thumbnailUrl\":\"https:\\\/\\\/cvnoticias.com\\\/nuevapagina\\\/wp-content\\\/uploads\\\/2025\\\/09\\\/WhatsApp-Image-2025-09-15-at-7.50.33-AM.jpeg\",\"articleSection\":[\"Comunicados\"],\"inLanguage\":\"es\",\"potentialAction\":[{\"@type\":\"CommentAction\",\"name\":\"Comment\",\"target\":[\"https:\\\/\\\/cvnoticias.com\\\/nuevapagina\\\/index.php\\\/2025\\\/09\\\/15\\\/aprueba-lxvi-legislatura-cuatro-dictamenes-en-materia-de-gobernabilidad-2\\\/#respond\"]}]},{\"@type\":\"WebPage\",\"@id\":\"https:\\\/\\\/cvnoticias.com\\\/nuevapagina\\\/index.php\\\/2025\\\/09\\\/15\\\/aprueba-lxvi-legislatura-cuatro-dictamenes-en-materia-de-gobernabilidad-2\\\/\",\"url\":\"https:\\\/\\\/cvnoticias.com\\\/nuevapagina\\\/index.php\\\/2025\\\/09\\\/15\\\/aprueba-lxvi-legislatura-cuatro-dictamenes-en-materia-de-gobernabilidad-2\\\/\",\"name\":\"Aprueba LXVI Legislatura cuatro dict\u00e1menes en materia de gobernabilidad - CV Noticias\",\"isPartOf\":{\"@id\":\"https:\\\/\\\/cvnoticias.com\\\/nuevapagina\\\/#website\"},\"primaryImageOfPage\":{\"@id\":\"https:\\\/\\\/cvnoticias.com\\\/nuevapagina\\\/index.php\\\/2025\\\/09\\\/15\\\/aprueba-lxvi-legislatura-cuatro-dictamenes-en-materia-de-gobernabilidad-2\\\/#primaryimage\"},\"image\":{\"@id\":\"https:\\\/\\\/cvnoticias.com\\\/nuevapagina\\\/index.php\\\/2025\\\/09\\\/15\\\/aprueba-lxvi-legislatura-cuatro-dictamenes-en-materia-de-gobernabilidad-2\\\/#primaryimage\"},\"thumbnailUrl\":\"https:\\\/\\\/cvnoticias.com\\\/nuevapagina\\\/wp-content\\\/uploads\\\/2025\\\/09\\\/WhatsApp-Image-2025-09-15-at-7.50.33-AM.jpeg\",\"datePublished\":\"2025-09-15T22:10:06+00:00\",\"dateModified\":\"2025-09-15T22:10:07+00:00\",\"breadcrumb\":{\"@id\":\"https:\\\/\\\/cvnoticias.com\\\/nuevapagina\\\/index.php\\\/2025\\\/09\\\/15\\\/aprueba-lxvi-legislatura-cuatro-dictamenes-en-materia-de-gobernabilidad-2\\\/#breadcrumb\"},\"inLanguage\":\"es\",\"potentialAction\":[{\"@type\":\"ReadAction\",\"target\":[\"https:\\\/\\\/cvnoticias.com\\\/nuevapagina\\\/index.php\\\/2025\\\/09\\\/15\\\/aprueba-lxvi-legislatura-cuatro-dictamenes-en-materia-de-gobernabilidad-2\\\/\"]}]},{\"@type\":\"ImageObject\",\"inLanguage\":\"es\",\"@id\":\"https:\\\/\\\/cvnoticias.com\\\/nuevapagina\\\/index.php\\\/2025\\\/09\\\/15\\\/aprueba-lxvi-legislatura-cuatro-dictamenes-en-materia-de-gobernabilidad-2\\\/#primaryimage\",\"url\":\"https:\\\/\\\/cvnoticias.com\\\/nuevapagina\\\/wp-content\\\/uploads\\\/2025\\\/09\\\/WhatsApp-Image-2025-09-15-at-7.50.33-AM.jpeg\",\"contentUrl\":\"https:\\\/\\\/cvnoticias.com\\\/nuevapagina\\\/wp-content\\\/uploads\\\/2025\\\/09\\\/WhatsApp-Image-2025-09-15-at-7.50.33-AM.jpeg\",\"width\":1600,\"height\":1047},{\"@type\":\"BreadcrumbList\",\"@id\":\"https:\\\/\\\/cvnoticias.com\\\/nuevapagina\\\/index.php\\\/2025\\\/09\\\/15\\\/aprueba-lxvi-legislatura-cuatro-dictamenes-en-materia-de-gobernabilidad-2\\\/#breadcrumb\",\"itemListElement\":[{\"@type\":\"ListItem\",\"position\":1,\"name\":\"Portada\",\"item\":\"https:\\\/\\\/cvnoticias.com\\\/nuevapagina\\\/\"},{\"@type\":\"ListItem\",\"position\":2,\"name\":\"Aprueba LXVI Legislatura cuatro dict\u00e1menes en materia de gobernabilidad\"}]},{\"@type\":\"WebSite\",\"@id\":\"https:\\\/\\\/cvnoticias.com\\\/nuevapagina\\\/#website\",\"url\":\"https:\\\/\\\/cvnoticias.com\\\/nuevapagina\\\/\",\"name\":\"CV Noticias\",\"description\":\"Noticias de Oaxaca\",\"publisher\":{\"@id\":\"https:\\\/\\\/cvnoticias.com\\\/nuevapagina\\\/#organization\"},\"potentialAction\":[{\"@type\":\"SearchAction\",\"target\":{\"@type\":\"EntryPoint\",\"urlTemplate\":\"https:\\\/\\\/cvnoticias.com\\\/nuevapagina\\\/?s={search_term_string}\"},\"query-input\":{\"@type\":\"PropertyValueSpecification\",\"valueRequired\":true,\"valueName\":\"search_term_string\"}}],\"inLanguage\":\"es\"},{\"@type\":\"Organization\",\"@id\":\"https:\\\/\\\/cvnoticias.com\\\/nuevapagina\\\/#organization\",\"name\":\"CV Noticias\",\"url\":\"https:\\\/\\\/cvnoticias.com\\\/nuevapagina\\\/\",\"logo\":{\"@type\":\"ImageObject\",\"inLanguage\":\"es\",\"@id\":\"https:\\\/\\\/cvnoticias.com\\\/nuevapagina\\\/#\\\/schema\\\/logo\\\/image\\\/\",\"url\":\"https:\\\/\\\/cvnoticias.com\\\/nuevapagina\\\/wp-content\\\/uploads\\\/2025\\\/05\\\/cropped-logo-1.png\",\"contentUrl\":\"https:\\\/\\\/cvnoticias.com\\\/nuevapagina\\\/wp-content\\\/uploads\\\/2025\\\/05\\\/cropped-logo-1.png\",\"width\":320,\"height\":118,\"caption\":\"CV Noticias\"},\"image\":{\"@id\":\"https:\\\/\\\/cvnoticias.com\\\/nuevapagina\\\/#\\\/schema\\\/logo\\\/image\\\/\"}},{\"@type\":\"Person\",\"@id\":\"https:\\\/\\\/cvnoticias.com\\\/nuevapagina\\\/#\\\/schema\\\/person\\\/19e35f246421a31486be7321065f7463\",\"name\":\"CvNoticias\",\"image\":{\"@type\":\"ImageObject\",\"inLanguage\":\"es\",\"@id\":\"https:\\\/\\\/secure.gravatar.com\\\/avatar\\\/c3a4375d38fd8f9b34ac9e853cb706a079817c78f9a39e33b16a2b2b2e51688a?s=96&d=mm&r=g\",\"url\":\"https:\\\/\\\/secure.gravatar.com\\\/avatar\\\/c3a4375d38fd8f9b34ac9e853cb706a079817c78f9a39e33b16a2b2b2e51688a?s=96&d=mm&r=g\",\"contentUrl\":\"https:\\\/\\\/secure.gravatar.com\\\/avatar\\\/c3a4375d38fd8f9b34ac9e853cb706a079817c78f9a39e33b16a2b2b2e51688a?s=96&d=mm&r=g\",\"caption\":\"CvNoticias\"},\"url\":\"https:\\\/\\\/cvnoticias.com\\\/nuevapagina\\\/index.php\\\/author\\\/gesner\\\/\"}]}<\/script>\n<!-- \/ Yoast SEO plugin. -->","yoast_head_json":{"title":"Aprueba LXVI Legislatura cuatro dict\u00e1menes en materia de gobernabilidad - CV Noticias","robots":{"index":"index","follow":"follow","max-snippet":"max-snippet:-1","max-image-preview":"max-image-preview:large","max-video-preview":"max-video-preview:-1"},"canonical":"https:\/\/cvnoticias.com\/nuevapagina\/index.php\/2025\/09\/15\/aprueba-lxvi-legislatura-cuatro-dictamenes-en-materia-de-gobernabilidad-2\/","og_locale":"es_ES","og_type":"article","og_title":"Aprueba LXVI Legislatura cuatro dict\u00e1menes en materia de gobernabilidad - CV Noticias","og_description":"San Raymundo Jalpan, Oax., a 13 de septiembre de 2025.- En Sesi\u00f3n Ordinaria, el Congreso...","og_url":"https:\/\/cvnoticias.com\/nuevapagina\/index.php\/2025\/09\/15\/aprueba-lxvi-legislatura-cuatro-dictamenes-en-materia-de-gobernabilidad-2\/","og_site_name":"CV Noticias","article_published_time":"2025-09-15T22:10:06+00:00","article_modified_time":"2025-09-15T22:10:07+00:00","og_image":[{"width":1600,"height":1047,"url":"https:\/\/cvnoticias.com\/nuevapagina\/wp-content\/uploads\/2025\/09\/WhatsApp-Image-2025-09-15-at-7.50.33-AM.jpeg","type":"image\/jpeg"}],"author":"CvNoticias","twitter_card":"summary_large_image","twitter_misc":{"Escrito por":"CvNoticias","Tiempo de lectura":"2 minutos"},"schema":{"@context":"https:\/\/schema.org","@graph":[{"@type":"Article","@id":"https:\/\/cvnoticias.com\/nuevapagina\/index.php\/2025\/09\/15\/aprueba-lxvi-legislatura-cuatro-dictamenes-en-materia-de-gobernabilidad-2\/#article","isPartOf":{"@id":"https:\/\/cvnoticias.com\/nuevapagina\/index.php\/2025\/09\/15\/aprueba-lxvi-legislatura-cuatro-dictamenes-en-materia-de-gobernabilidad-2\/"},"author":{"name":"CvNoticias","@id":"https:\/\/cvnoticias.com\/nuevapagina\/#\/schema\/person\/19e35f246421a31486be7321065f7463"},"headline":"Aprueba LXVI Legislatura cuatro dict\u00e1menes en materia de gobernabilidad","datePublished":"2025-09-15T22:10:06+00:00","dateModified":"2025-09-15T22:10:07+00:00","mainEntityOfPage":{"@id":"https:\/\/cvnoticias.com\/nuevapagina\/index.php\/2025\/09\/15\/aprueba-lxvi-legislatura-cuatro-dictamenes-en-materia-de-gobernabilidad-2\/"},"wordCount":421,"commentCount":0,"publisher":{"@id":"https:\/\/cvnoticias.com\/nuevapagina\/#organization"},"image":{"@id":"https:\/\/cvnoticias.com\/nuevapagina\/index.php\/2025\/09\/15\/aprueba-lxvi-legislatura-cuatro-dictamenes-en-materia-de-gobernabilidad-2\/#primaryimage"},"thumbnailUrl":"https:\/\/cvnoticias.com\/nuevapagina\/wp-content\/uploads\/2025\/09\/WhatsApp-Image-2025-09-15-at-7.50.33-AM.jpeg","articleSection":["Comunicados"],"inLanguage":"es","potentialAction":[{"@type":"CommentAction","name":"Comment","target":["https:\/\/cvnoticias.com\/nuevapagina\/index.php\/2025\/09\/15\/aprueba-lxvi-legislatura-cuatro-dictamenes-en-materia-de-gobernabilidad-2\/#respond"]}]},{"@type":"WebPage","@id":"https:\/\/cvnoticias.com\/nuevapagina\/index.php\/2025\/09\/15\/aprueba-lxvi-legislatura-cuatro-dictamenes-en-materia-de-gobernabilidad-2\/","url":"https:\/\/cvnoticias.com\/nuevapagina\/index.php\/2025\/09\/15\/aprueba-lxvi-legislatura-cuatro-dictamenes-en-materia-de-gobernabilidad-2\/","name":"Aprueba LXVI Legislatura cuatro dict\u00e1menes en materia de gobernabilidad - CV Noticias","isPartOf":{"@id":"https:\/\/cvnoticias.com\/nuevapagina\/#website"},"primaryImageOfPage":{"@id":"https:\/\/cvnoticias.com\/nuevapagina\/index.php\/2025\/09\/15\/aprueba-lxvi-legislatura-cuatro-dictamenes-en-materia-de-gobernabilidad-2\/#primaryimage"},"image":{"@id":"https:\/\/cvnoticias.com\/nuevapagina\/index.php\/2025\/09\/15\/aprueba-lxvi-legislatura-cuatro-dictamenes-en-materia-de-gobernabilidad-2\/#primaryimage"},"thumbnailUrl":"https:\/\/cvnoticias.com\/nuevapagina\/wp-content\/uploads\/2025\/09\/WhatsApp-Image-2025-09-15-at-7.50.33-AM.jpeg","datePublished":"2025-09-15T22:10:06+00:00","dateModified":"2025-09-15T22:10:07+00:00","breadcrumb":{"@id":"https:\/\/cvnoticias.com\/nuevapagina\/index.php\/2025\/09\/15\/aprueba-lxvi-legislatura-cuatro-dictamenes-en-materia-de-gobernabilidad-2\/#breadcrumb"},"inLanguage":"es","potentialAction":[{"@type":"ReadAction","target":["https:\/\/cvnoticias.com\/nuevapagina\/index.php\/2025\/09\/15\/aprueba-lxvi-legislatura-cuatro-dictamenes-en-materia-de-gobernabilidad-2\/"]}]},{"@type":"ImageObject","inLanguage":"es","@id":"https:\/\/cvnoticias.com\/nuevapagina\/index.php\/2025\/09\/15\/aprueba-lxvi-legislatura-cuatro-dictamenes-en-materia-de-gobernabilidad-2\/#primaryimage","url":"https:\/\/cvnoticias.com\/nuevapagina\/wp-content\/uploads\/2025\/09\/WhatsApp-Image-2025-09-15-at-7.50.33-AM.jpeg","contentUrl":"https:\/\/cvnoticias.com\/nuevapagina\/wp-content\/uploads\/2025\/09\/WhatsApp-Image-2025-09-15-at-7.50.33-AM.jpeg","width":1600,"height":1047},{"@type":"BreadcrumbList","@id":"https:\/\/cvnoticias.com\/nuevapagina\/index.php\/2025\/09\/15\/aprueba-lxvi-legislatura-cuatro-dictamenes-en-materia-de-gobernabilidad-2\/#breadcrumb","itemListElement":[{"@type":"ListItem","position":1,"name":"Portada","item":"https:\/\/cvnoticias.com\/nuevapagina\/"},{"@type":"ListItem","position":2,"name":"Aprueba LXVI Legislatura cuatro dict\u00e1menes en materia de gobernabilidad"}]},{"@type":"WebSite","@id":"https:\/\/cvnoticias.com\/nuevapagina\/#website","url":"https:\/\/cvnoticias.com\/nuevapagina\/","name":"CV Noticias","description":"Noticias de Oaxaca","publisher":{"@id":"https:\/\/cvnoticias.com\/nuevapagina\/#organization"},"potentialAction":[{"@type":"SearchAction","target":{"@type":"EntryPoint","urlTemplate":"https:\/\/cvnoticias.com\/nuevapagina\/?s={search_term_string}"},"query-input":{"@type":"PropertyValueSpecification","valueRequired":true,"valueName":"search_term_string"}}],"inLanguage":"es"},{"@type":"Organization","@id":"https:\/\/cvnoticias.com\/nuevapagina\/#organization","name":"CV Noticias","url":"https:\/\/cvnoticias.com\/nuevapagina\/","logo":{"@type":"ImageObject","inLanguage":"es","@id":"https:\/\/cvnoticias.com\/nuevapagina\/#\/schema\/logo\/image\/","url":"https:\/\/cvnoticias.com\/nuevapagina\/wp-content\/uploads\/2025\/05\/cropped-logo-1.png","contentUrl":"https:\/\/cvnoticias.com\/nuevapagina\/wp-content\/uploads\/2025\/05\/cropped-logo-1.png","width":320,"height":118,"caption":"CV Noticias"},"image":{"@id":"https:\/\/cvnoticias.com\/nuevapagina\/#\/schema\/logo\/image\/"}},{"@type":"Person","@id":"https:\/\/cvnoticias.com\/nuevapagina\/#\/schema\/person\/19e35f246421a31486be7321065f7463","name":"CvNoticias","image":{"@type":"ImageObject","inLanguage":"es","@id":"https:\/\/secure.gravatar.com\/avatar\/c3a4375d38fd8f9b34ac9e853cb706a079817c78f9a39e33b16a2b2b2e51688a?s=96&d=mm&r=g","url":"https:\/\/secure.gravatar.com\/avatar\/c3a4375d38fd8f9b34ac9e853cb706a079817c78f9a39e33b16a2b2b2e51688a?s=96&d=mm&r=g","contentUrl":"https:\/\/secure.gravatar.com\/avatar\/c3a4375d38fd8f9b34ac9e853cb706a079817c78f9a39e33b16a2b2b2e51688a?s=96&d=mm&r=g","caption":"CvNoticias"},"url":"https:\/\/cvnoticias.com\/nuevapagina\/index.php\/author\/gesner\/"}]}},"_links":{"self":[{"href":"https:\/\/cvnoticias.com\/nuevapagina\/index.php\/wp-json\/wp\/v2\/posts\/2592","targetHints":{"allow":["GET"]}}],"collection":[{"href":"https:\/\/cvnoticias.com\/nuevapagina\/index.php\/wp-json\/wp\/v2\/posts"}],"about":[{"href":"https:\/\/cvnoticias.com\/nuevapagina\/index.php\/wp-json\/wp\/v2\/types\/post"}],"author":[{"embeddable":true,"href":"https:\/\/cvnoticias.com\/nuevapagina\/index.php\/wp-json\/wp\/v2\/users\/2"}],"replies":[{"embeddable":true,"href":"https:\/\/cvnoticias.com\/nuevapagina\/index.php\/wp-json\/wp\/v2\/comments?post=2592"}],"version-history":[{"count":1,"href":"https:\/\/cvnoticias.com\/nuevapagina\/index.php\/wp-json\/wp\/v2\/posts\/2592\/revisions"}],"predecessor-version":[{"id":2593,"href":"https:\/\/cvnoticias.com\/nuevapagina\/index.php\/wp-json\/wp\/v2\/posts\/2592\/revisions\/2593"}],"wp:featuredmedia":[{"embeddable":true,"href":"https:\/\/cvnoticias.com\/nuevapagina\/index.php\/wp-json\/wp\/v2\/media\/2583"}],"wp:attachment":[{"href":"https:\/\/cvnoticias.com\/nuevapagina\/index.php\/wp-json\/wp\/v2\/media?parent=2592"}],"wp:term":[{"taxonomy":"category","embeddable":true,"href":"https:\/\/cvnoticias.com\/nuevapagina\/index.php\/wp-json\/wp\/v2\/categories?post=2592"},{"taxonomy":"post_tag","embeddable":true,"href":"https:\/\/cvnoticias.com\/nuevapagina\/index.php\/wp-json\/wp\/v2\/tags?post=2592"}],"curies":[{"name":"wp","href":"https:\/\/api.w.org\/{rel}","templated":true}]}}