{"id":2578,"date":"2025-09-13T17:19:05","date_gmt":"2025-09-13T17:19:05","guid":{"rendered":"https:\/\/cvnoticias.com\/nuevapagina\/?p=2578"},"modified":"2025-09-13T17:19:07","modified_gmt":"2025-09-13T17:19:07","slug":"en-oaxaca-hay-division-de-poderes-senala-magistrada-presidenta-del-tsjeo","status":"publish","type":"post","link":"https:\/\/cvnoticias.com\/nuevapagina\/index.php\/2025\/09\/13\/en-oaxaca-hay-division-de-poderes-senala-magistrada-presidenta-del-tsjeo\/","title":{"rendered":"En Oaxaca hay divisi\u00f3n de poderes, se\u00f1ala Magistrada Presidenta del TSJEO"},"content":{"rendered":"\n<p><\/p>\n\n\n\n<p>La Magistrada Presidenta del Tribunal Superior de Justicia de Oaxaca (TSJEO), Erika Rodr\u00edguez Rodr\u00edguez, asegur\u00f3 que en Oaxaca s\u00ed existe Divisi\u00f3n de Poderes, tras precisar que muestra de ello es, que su designaci\u00f3n como nueva Presidenta del Tribunal Superior de Justicia de Oaxaca fue independiente, \u201cfue una determinaci\u00f3n tomada al interior de la instituci\u00f3n, sin ingerencia del resto de poderes\u201d, expres\u00f3.<\/p>\n\n\n\n<p>Aplaudi\u00f3 que nuevamente una mujer sea quien est\u00e1 al frente del m\u00e1ximo \u00f3rgano de justicia en el estado, ya que esto, fortalece el hecho de que ahora son mujeres quienes est\u00e1n al frente de decisiones, dejando de lado lo com\u00fan que era en Oaxaca, \u201cel grueso de mujeres sacando el trabajo sin tener acceso a toma de decisiones\u201d.<\/p>\n\n\n\n<p>A dos semanas de su toma de protesta en el cargo, contin\u00faa en el proceso de entrega recepci\u00f3n del sistema comparti\u00f3.<\/p>\n\n\n\n<p>Precis\u00f3 que las y los magistrados tienen que volver al principio de \u00abjuez natural\u00bb, donde tienen que tomar decisiones conociendo el territorio.<\/p>\n\n\n\n<p>La titular del Poder Judicial en Oaxaca, indic\u00f3 que en la agenda se encuentra el combatir el rezago, y la corrupci\u00f3n en esta instituci\u00f3n administradora de justicia, ya que \u201cson los dos puntos principales de los que se ha tachado al tribunal y los dos temas en los que su administraci\u00f3n trabajar\u00e1 de manera decidida, indic\u00f3.<\/p>\n","protected":false},"excerpt":{"rendered":"<p>La Magistrada Presidenta del Tribunal Superior de Justicia de Oaxaca (TSJEO), Erika Rodr\u00edguez Rodr\u00edguez, asegur\u00f3&#8230;<\/p>\n","protected":false},"author":2,"featured_media":2557,"comment_status":"open","ping_status":"closed","sticky":false,"template":"","format":"standard","meta":{"footnotes":""},"categories":[2],"tags":[],"class_list":["post-2578","post","type-post","status-publish","format-standard","has-post-thumbnail","hentry","category-noticiasestatales"],"yoast_head":"<!-- This site is optimized with the Yoast SEO plugin v27.5 - https:\/\/yoast.com\/product\/yoast-seo-wordpress\/ -->\n<title>En Oaxaca hay divisi\u00f3n de poderes, se\u00f1ala Magistrada Presidenta del TSJEO - CV Noticias<\/title>\n<meta name=\"robots\" content=\"index, follow, max-snippet:-1, max-image-preview:large, max-video-preview:-1\" \/>\n<link rel=\"canonical\" href=\"https:\/\/cvnoticias.com\/nuevapagina\/index.php\/2025\/09\/13\/en-oaxaca-hay-division-de-poderes-senala-magistrada-presidenta-del-tsjeo\/\" \/>\n<meta property=\"og:locale\" content=\"es_ES\" \/>\n<meta property=\"og:type\" content=\"article\" \/>\n<meta property=\"og:title\" content=\"En Oaxaca hay divisi\u00f3n de poderes, se\u00f1ala Magistrada Presidenta del TSJEO - CV Noticias\" \/>\n<meta property=\"og:description\" content=\"La Magistrada Presidenta del Tribunal Superior de Justicia de Oaxaca (TSJEO), Erika Rodr\u00edguez Rodr\u00edguez, asegur\u00f3...\" \/>\n<meta property=\"og:url\" content=\"https:\/\/cvnoticias.com\/nuevapagina\/index.php\/2025\/09\/13\/en-oaxaca-hay-division-de-poderes-senala-magistrada-presidenta-del-tsjeo\/\" \/>\n<meta property=\"og:site_name\" content=\"CV Noticias\" \/>\n<meta property=\"article:published_time\" content=\"2025-09-13T17:19:05+00:00\" \/>\n<meta property=\"article:modified_time\" content=\"2025-09-13T17:19:07+00:00\" \/>\n<meta property=\"og:image\" content=\"https:\/\/cvnoticias.com\/nuevapagina\/wp-content\/uploads\/2025\/09\/WhatsApp-Image-2025-09-13-at-9.31.38-AM.jpeg\" \/>\n\t<meta property=\"og:image:width\" content=\"1280\" \/>\n\t<meta property=\"og:image:height\" content=\"847\" \/>\n\t<meta property=\"og:image:type\" content=\"image\/jpeg\" \/>\n<meta name=\"author\" content=\"CvNoticias\" \/>\n<meta name=\"twitter:card\" content=\"summary_large_image\" \/>\n<meta name=\"twitter:label1\" content=\"Escrito por\" \/>\n\t<meta name=\"twitter:data1\" content=\"CvNoticias\" \/>\n\t<meta name=\"twitter:label2\" content=\"Tiempo de lectura\" \/>\n\t<meta name=\"twitter:data2\" content=\"2 minutos\" \/>\n<script type=\"application\/ld+json\" class=\"yoast-schema-graph\">{\"@context\":\"https:\\\/\\\/schema.org\",\"@graph\":[{\"@type\":\"Article\",\"@id\":\"https:\\\/\\\/cvnoticias.com\\\/nuevapagina\\\/index.php\\\/2025\\\/09\\\/13\\\/en-oaxaca-hay-division-de-poderes-senala-magistrada-presidenta-del-tsjeo\\\/#article\",\"isPartOf\":{\"@id\":\"https:\\\/\\\/cvnoticias.com\\\/nuevapagina\\\/index.php\\\/2025\\\/09\\\/13\\\/en-oaxaca-hay-division-de-poderes-senala-magistrada-presidenta-del-tsjeo\\\/\"},\"author\":{\"name\":\"CvNoticias\",\"@id\":\"https:\\\/\\\/cvnoticias.com\\\/nuevapagina\\\/#\\\/schema\\\/person\\\/19e35f246421a31486be7321065f7463\"},\"headline\":\"En Oaxaca hay divisi\u00f3n de poderes, se\u00f1ala Magistrada Presidenta del TSJEO\",\"datePublished\":\"2025-09-13T17:19:05+00:00\",\"dateModified\":\"2025-09-13T17:19:07+00:00\",\"mainEntityOfPage\":{\"@id\":\"https:\\\/\\\/cvnoticias.com\\\/nuevapagina\\\/index.php\\\/2025\\\/09\\\/13\\\/en-oaxaca-hay-division-de-poderes-senala-magistrada-presidenta-del-tsjeo\\\/\"},\"wordCount\":245,\"commentCount\":0,\"publisher\":{\"@id\":\"https:\\\/\\\/cvnoticias.com\\\/nuevapagina\\\/#organization\"},\"image\":{\"@id\":\"https:\\\/\\\/cvnoticias.com\\\/nuevapagina\\\/index.php\\\/2025\\\/09\\\/13\\\/en-oaxaca-hay-division-de-poderes-senala-magistrada-presidenta-del-tsjeo\\\/#primaryimage\"},\"thumbnailUrl\":\"https:\\\/\\\/cvnoticias.com\\\/nuevapagina\\\/wp-content\\\/uploads\\\/2025\\\/09\\\/WhatsApp-Image-2025-09-13-at-9.31.38-AM.jpeg\",\"articleSection\":[\"Estatales\"],\"inLanguage\":\"es\",\"potentialAction\":[{\"@type\":\"CommentAction\",\"name\":\"Comment\",\"target\":[\"https:\\\/\\\/cvnoticias.com\\\/nuevapagina\\\/index.php\\\/2025\\\/09\\\/13\\\/en-oaxaca-hay-division-de-poderes-senala-magistrada-presidenta-del-tsjeo\\\/#respond\"]}]},{\"@type\":\"WebPage\",\"@id\":\"https:\\\/\\\/cvnoticias.com\\\/nuevapagina\\\/index.php\\\/2025\\\/09\\\/13\\\/en-oaxaca-hay-division-de-poderes-senala-magistrada-presidenta-del-tsjeo\\\/\",\"url\":\"https:\\\/\\\/cvnoticias.com\\\/nuevapagina\\\/index.php\\\/2025\\\/09\\\/13\\\/en-oaxaca-hay-division-de-poderes-senala-magistrada-presidenta-del-tsjeo\\\/\",\"name\":\"En Oaxaca hay divisi\u00f3n de poderes, se\u00f1ala Magistrada Presidenta del TSJEO - CV Noticias\",\"isPartOf\":{\"@id\":\"https:\\\/\\\/cvnoticias.com\\\/nuevapagina\\\/#website\"},\"primaryImageOfPage\":{\"@id\":\"https:\\\/\\\/cvnoticias.com\\\/nuevapagina\\\/index.php\\\/2025\\\/09\\\/13\\\/en-oaxaca-hay-division-de-poderes-senala-magistrada-presidenta-del-tsjeo\\\/#primaryimage\"},\"image\":{\"@id\":\"https:\\\/\\\/cvnoticias.com\\\/nuevapagina\\\/index.php\\\/2025\\\/09\\\/13\\\/en-oaxaca-hay-division-de-poderes-senala-magistrada-presidenta-del-tsjeo\\\/#primaryimage\"},\"thumbnailUrl\":\"https:\\\/\\\/cvnoticias.com\\\/nuevapagina\\\/wp-content\\\/uploads\\\/2025\\\/09\\\/WhatsApp-Image-2025-09-13-at-9.31.38-AM.jpeg\",\"datePublished\":\"2025-09-13T17:19:05+00:00\",\"dateModified\":\"2025-09-13T17:19:07+00:00\",\"breadcrumb\":{\"@id\":\"https:\\\/\\\/cvnoticias.com\\\/nuevapagina\\\/index.php\\\/2025\\\/09\\\/13\\\/en-oaxaca-hay-division-de-poderes-senala-magistrada-presidenta-del-tsjeo\\\/#breadcrumb\"},\"inLanguage\":\"es\",\"potentialAction\":[{\"@type\":\"ReadAction\",\"target\":[\"https:\\\/\\\/cvnoticias.com\\\/nuevapagina\\\/index.php\\\/2025\\\/09\\\/13\\\/en-oaxaca-hay-division-de-poderes-senala-magistrada-presidenta-del-tsjeo\\\/\"]}]},{\"@type\":\"ImageObject\",\"inLanguage\":\"es\",\"@id\":\"https:\\\/\\\/cvnoticias.com\\\/nuevapagina\\\/index.php\\\/2025\\\/09\\\/13\\\/en-oaxaca-hay-division-de-poderes-senala-magistrada-presidenta-del-tsjeo\\\/#primaryimage\",\"url\":\"https:\\\/\\\/cvnoticias.com\\\/nuevapagina\\\/wp-content\\\/uploads\\\/2025\\\/09\\\/WhatsApp-Image-2025-09-13-at-9.31.38-AM.jpeg\",\"contentUrl\":\"https:\\\/\\\/cvnoticias.com\\\/nuevapagina\\\/wp-content\\\/uploads\\\/2025\\\/09\\\/WhatsApp-Image-2025-09-13-at-9.31.38-AM.jpeg\",\"width\":1280,\"height\":847},{\"@type\":\"BreadcrumbList\",\"@id\":\"https:\\\/\\\/cvnoticias.com\\\/nuevapagina\\\/index.php\\\/2025\\\/09\\\/13\\\/en-oaxaca-hay-division-de-poderes-senala-magistrada-presidenta-del-tsjeo\\\/#breadcrumb\",\"itemListElement\":[{\"@type\":\"ListItem\",\"position\":1,\"name\":\"Portada\",\"item\":\"https:\\\/\\\/cvnoticias.com\\\/nuevapagina\\\/\"},{\"@type\":\"ListItem\",\"position\":2,\"name\":\"En Oaxaca hay divisi\u00f3n de poderes, se\u00f1ala Magistrada Presidenta del TSJEO\"}]},{\"@type\":\"WebSite\",\"@id\":\"https:\\\/\\\/cvnoticias.com\\\/nuevapagina\\\/#website\",\"url\":\"https:\\\/\\\/cvnoticias.com\\\/nuevapagina\\\/\",\"name\":\"CV Noticias\",\"description\":\"Noticias de Oaxaca\",\"publisher\":{\"@id\":\"https:\\\/\\\/cvnoticias.com\\\/nuevapagina\\\/#organization\"},\"potentialAction\":[{\"@type\":\"SearchAction\",\"target\":{\"@type\":\"EntryPoint\",\"urlTemplate\":\"https:\\\/\\\/cvnoticias.com\\\/nuevapagina\\\/?s={search_term_string}\"},\"query-input\":{\"@type\":\"PropertyValueSpecification\",\"valueRequired\":true,\"valueName\":\"search_term_string\"}}],\"inLanguage\":\"es\"},{\"@type\":\"Organization\",\"@id\":\"https:\\\/\\\/cvnoticias.com\\\/nuevapagina\\\/#organization\",\"name\":\"CV Noticias\",\"url\":\"https:\\\/\\\/cvnoticias.com\\\/nuevapagina\\\/\",\"logo\":{\"@type\":\"ImageObject\",\"inLanguage\":\"es\",\"@id\":\"https:\\\/\\\/cvnoticias.com\\\/nuevapagina\\\/#\\\/schema\\\/logo\\\/image\\\/\",\"url\":\"https:\\\/\\\/cvnoticias.com\\\/nuevapagina\\\/wp-content\\\/uploads\\\/2025\\\/05\\\/cropped-logo-1.png\",\"contentUrl\":\"https:\\\/\\\/cvnoticias.com\\\/nuevapagina\\\/wp-content\\\/uploads\\\/2025\\\/05\\\/cropped-logo-1.png\",\"width\":320,\"height\":118,\"caption\":\"CV Noticias\"},\"image\":{\"@id\":\"https:\\\/\\\/cvnoticias.com\\\/nuevapagina\\\/#\\\/schema\\\/logo\\\/image\\\/\"}},{\"@type\":\"Person\",\"@id\":\"https:\\\/\\\/cvnoticias.com\\\/nuevapagina\\\/#\\\/schema\\\/person\\\/19e35f246421a31486be7321065f7463\",\"name\":\"CvNoticias\",\"image\":{\"@type\":\"ImageObject\",\"inLanguage\":\"es\",\"@id\":\"https:\\\/\\\/secure.gravatar.com\\\/avatar\\\/c3a4375d38fd8f9b34ac9e853cb706a079817c78f9a39e33b16a2b2b2e51688a?s=96&d=mm&r=g\",\"url\":\"https:\\\/\\\/secure.gravatar.com\\\/avatar\\\/c3a4375d38fd8f9b34ac9e853cb706a079817c78f9a39e33b16a2b2b2e51688a?s=96&d=mm&r=g\",\"contentUrl\":\"https:\\\/\\\/secure.gravatar.com\\\/avatar\\\/c3a4375d38fd8f9b34ac9e853cb706a079817c78f9a39e33b16a2b2b2e51688a?s=96&d=mm&r=g\",\"caption\":\"CvNoticias\"},\"url\":\"https:\\\/\\\/cvnoticias.com\\\/nuevapagina\\\/index.php\\\/author\\\/gesner\\\/\"}]}<\/script>\n<!-- \/ Yoast SEO plugin. -->","yoast_head_json":{"title":"En Oaxaca hay divisi\u00f3n de poderes, se\u00f1ala Magistrada Presidenta del TSJEO - CV Noticias","robots":{"index":"index","follow":"follow","max-snippet":"max-snippet:-1","max-image-preview":"max-image-preview:large","max-video-preview":"max-video-preview:-1"},"canonical":"https:\/\/cvnoticias.com\/nuevapagina\/index.php\/2025\/09\/13\/en-oaxaca-hay-division-de-poderes-senala-magistrada-presidenta-del-tsjeo\/","og_locale":"es_ES","og_type":"article","og_title":"En Oaxaca hay divisi\u00f3n de poderes, se\u00f1ala Magistrada Presidenta del TSJEO - CV Noticias","og_description":"La Magistrada Presidenta del Tribunal Superior de Justicia de Oaxaca (TSJEO), Erika Rodr\u00edguez Rodr\u00edguez, asegur\u00f3...","og_url":"https:\/\/cvnoticias.com\/nuevapagina\/index.php\/2025\/09\/13\/en-oaxaca-hay-division-de-poderes-senala-magistrada-presidenta-del-tsjeo\/","og_site_name":"CV Noticias","article_published_time":"2025-09-13T17:19:05+00:00","article_modified_time":"2025-09-13T17:19:07+00:00","og_image":[{"width":1280,"height":847,"url":"https:\/\/cvnoticias.com\/nuevapagina\/wp-content\/uploads\/2025\/09\/WhatsApp-Image-2025-09-13-at-9.31.38-AM.jpeg","type":"image\/jpeg"}],"author":"CvNoticias","twitter_card":"summary_large_image","twitter_misc":{"Escrito por":"CvNoticias","Tiempo de lectura":"2 minutos"},"schema":{"@context":"https:\/\/schema.org","@graph":[{"@type":"Article","@id":"https:\/\/cvnoticias.com\/nuevapagina\/index.php\/2025\/09\/13\/en-oaxaca-hay-division-de-poderes-senala-magistrada-presidenta-del-tsjeo\/#article","isPartOf":{"@id":"https:\/\/cvnoticias.com\/nuevapagina\/index.php\/2025\/09\/13\/en-oaxaca-hay-division-de-poderes-senala-magistrada-presidenta-del-tsjeo\/"},"author":{"name":"CvNoticias","@id":"https:\/\/cvnoticias.com\/nuevapagina\/#\/schema\/person\/19e35f246421a31486be7321065f7463"},"headline":"En Oaxaca hay divisi\u00f3n de poderes, se\u00f1ala Magistrada Presidenta del TSJEO","datePublished":"2025-09-13T17:19:05+00:00","dateModified":"2025-09-13T17:19:07+00:00","mainEntityOfPage":{"@id":"https:\/\/cvnoticias.com\/nuevapagina\/index.php\/2025\/09\/13\/en-oaxaca-hay-division-de-poderes-senala-magistrada-presidenta-del-tsjeo\/"},"wordCount":245,"commentCount":0,"publisher":{"@id":"https:\/\/cvnoticias.com\/nuevapagina\/#organization"},"image":{"@id":"https:\/\/cvnoticias.com\/nuevapagina\/index.php\/2025\/09\/13\/en-oaxaca-hay-division-de-poderes-senala-magistrada-presidenta-del-tsjeo\/#primaryimage"},"thumbnailUrl":"https:\/\/cvnoticias.com\/nuevapagina\/wp-content\/uploads\/2025\/09\/WhatsApp-Image-2025-09-13-at-9.31.38-AM.jpeg","articleSection":["Estatales"],"inLanguage":"es","potentialAction":[{"@type":"CommentAction","name":"Comment","target":["https:\/\/cvnoticias.com\/nuevapagina\/index.php\/2025\/09\/13\/en-oaxaca-hay-division-de-poderes-senala-magistrada-presidenta-del-tsjeo\/#respond"]}]},{"@type":"WebPage","@id":"https:\/\/cvnoticias.com\/nuevapagina\/index.php\/2025\/09\/13\/en-oaxaca-hay-division-de-poderes-senala-magistrada-presidenta-del-tsjeo\/","url":"https:\/\/cvnoticias.com\/nuevapagina\/index.php\/2025\/09\/13\/en-oaxaca-hay-division-de-poderes-senala-magistrada-presidenta-del-tsjeo\/","name":"En Oaxaca hay divisi\u00f3n de poderes, se\u00f1ala Magistrada Presidenta del TSJEO - CV Noticias","isPartOf":{"@id":"https:\/\/cvnoticias.com\/nuevapagina\/#website"},"primaryImageOfPage":{"@id":"https:\/\/cvnoticias.com\/nuevapagina\/index.php\/2025\/09\/13\/en-oaxaca-hay-division-de-poderes-senala-magistrada-presidenta-del-tsjeo\/#primaryimage"},"image":{"@id":"https:\/\/cvnoticias.com\/nuevapagina\/index.php\/2025\/09\/13\/en-oaxaca-hay-division-de-poderes-senala-magistrada-presidenta-del-tsjeo\/#primaryimage"},"thumbnailUrl":"https:\/\/cvnoticias.com\/nuevapagina\/wp-content\/uploads\/2025\/09\/WhatsApp-Image-2025-09-13-at-9.31.38-AM.jpeg","datePublished":"2025-09-13T17:19:05+00:00","dateModified":"2025-09-13T17:19:07+00:00","breadcrumb":{"@id":"https:\/\/cvnoticias.com\/nuevapagina\/index.php\/2025\/09\/13\/en-oaxaca-hay-division-de-poderes-senala-magistrada-presidenta-del-tsjeo\/#breadcrumb"},"inLanguage":"es","potentialAction":[{"@type":"ReadAction","target":["https:\/\/cvnoticias.com\/nuevapagina\/index.php\/2025\/09\/13\/en-oaxaca-hay-division-de-poderes-senala-magistrada-presidenta-del-tsjeo\/"]}]},{"@type":"ImageObject","inLanguage":"es","@id":"https:\/\/cvnoticias.com\/nuevapagina\/index.php\/2025\/09\/13\/en-oaxaca-hay-division-de-poderes-senala-magistrada-presidenta-del-tsjeo\/#primaryimage","url":"https:\/\/cvnoticias.com\/nuevapagina\/wp-content\/uploads\/2025\/09\/WhatsApp-Image-2025-09-13-at-9.31.38-AM.jpeg","contentUrl":"https:\/\/cvnoticias.com\/nuevapagina\/wp-content\/uploads\/2025\/09\/WhatsApp-Image-2025-09-13-at-9.31.38-AM.jpeg","width":1280,"height":847},{"@type":"BreadcrumbList","@id":"https:\/\/cvnoticias.com\/nuevapagina\/index.php\/2025\/09\/13\/en-oaxaca-hay-division-de-poderes-senala-magistrada-presidenta-del-tsjeo\/#breadcrumb","itemListElement":[{"@type":"ListItem","position":1,"name":"Portada","item":"https:\/\/cvnoticias.com\/nuevapagina\/"},{"@type":"ListItem","position":2,"name":"En Oaxaca hay divisi\u00f3n de poderes, se\u00f1ala Magistrada Presidenta del TSJEO"}]},{"@type":"WebSite","@id":"https:\/\/cvnoticias.com\/nuevapagina\/#website","url":"https:\/\/cvnoticias.com\/nuevapagina\/","name":"CV Noticias","description":"Noticias de Oaxaca","publisher":{"@id":"https:\/\/cvnoticias.com\/nuevapagina\/#organization"},"potentialAction":[{"@type":"SearchAction","target":{"@type":"EntryPoint","urlTemplate":"https:\/\/cvnoticias.com\/nuevapagina\/?s={search_term_string}"},"query-input":{"@type":"PropertyValueSpecification","valueRequired":true,"valueName":"search_term_string"}}],"inLanguage":"es"},{"@type":"Organization","@id":"https:\/\/cvnoticias.com\/nuevapagina\/#organization","name":"CV Noticias","url":"https:\/\/cvnoticias.com\/nuevapagina\/","logo":{"@type":"ImageObject","inLanguage":"es","@id":"https:\/\/cvnoticias.com\/nuevapagina\/#\/schema\/logo\/image\/","url":"https:\/\/cvnoticias.com\/nuevapagina\/wp-content\/uploads\/2025\/05\/cropped-logo-1.png","contentUrl":"https:\/\/cvnoticias.com\/nuevapagina\/wp-content\/uploads\/2025\/05\/cropped-logo-1.png","width":320,"height":118,"caption":"CV Noticias"},"image":{"@id":"https:\/\/cvnoticias.com\/nuevapagina\/#\/schema\/logo\/image\/"}},{"@type":"Person","@id":"https:\/\/cvnoticias.com\/nuevapagina\/#\/schema\/person\/19e35f246421a31486be7321065f7463","name":"CvNoticias","image":{"@type":"ImageObject","inLanguage":"es","@id":"https:\/\/secure.gravatar.com\/avatar\/c3a4375d38fd8f9b34ac9e853cb706a079817c78f9a39e33b16a2b2b2e51688a?s=96&d=mm&r=g","url":"https:\/\/secure.gravatar.com\/avatar\/c3a4375d38fd8f9b34ac9e853cb706a079817c78f9a39e33b16a2b2b2e51688a?s=96&d=mm&r=g","contentUrl":"https:\/\/secure.gravatar.com\/avatar\/c3a4375d38fd8f9b34ac9e853cb706a079817c78f9a39e33b16a2b2b2e51688a?s=96&d=mm&r=g","caption":"CvNoticias"},"url":"https:\/\/cvnoticias.com\/nuevapagina\/index.php\/author\/gesner\/"}]}},"_links":{"self":[{"href":"https:\/\/cvnoticias.com\/nuevapagina\/index.php\/wp-json\/wp\/v2\/posts\/2578","targetHints":{"allow":["GET"]}}],"collection":[{"href":"https:\/\/cvnoticias.com\/nuevapagina\/index.php\/wp-json\/wp\/v2\/posts"}],"about":[{"href":"https:\/\/cvnoticias.com\/nuevapagina\/index.php\/wp-json\/wp\/v2\/types\/post"}],"author":[{"embeddable":true,"href":"https:\/\/cvnoticias.com\/nuevapagina\/index.php\/wp-json\/wp\/v2\/users\/2"}],"replies":[{"embeddable":true,"href":"https:\/\/cvnoticias.com\/nuevapagina\/index.php\/wp-json\/wp\/v2\/comments?post=2578"}],"version-history":[{"count":1,"href":"https:\/\/cvnoticias.com\/nuevapagina\/index.php\/wp-json\/wp\/v2\/posts\/2578\/revisions"}],"predecessor-version":[{"id":2579,"href":"https:\/\/cvnoticias.com\/nuevapagina\/index.php\/wp-json\/wp\/v2\/posts\/2578\/revisions\/2579"}],"wp:featuredmedia":[{"embeddable":true,"href":"https:\/\/cvnoticias.com\/nuevapagina\/index.php\/wp-json\/wp\/v2\/media\/2557"}],"wp:attachment":[{"href":"https:\/\/cvnoticias.com\/nuevapagina\/index.php\/wp-json\/wp\/v2\/media?parent=2578"}],"wp:term":[{"taxonomy":"category","embeddable":true,"href":"https:\/\/cvnoticias.com\/nuevapagina\/index.php\/wp-json\/wp\/v2\/categories?post=2578"},{"taxonomy":"post_tag","embeddable":true,"href":"https:\/\/cvnoticias.com\/nuevapagina\/index.php\/wp-json\/wp\/v2\/tags?post=2578"}],"curies":[{"name":"wp","href":"https:\/\/api.w.org\/{rel}","templated":true}]}}