{"id":2576,"date":"2025-09-13T17:12:29","date_gmt":"2025-09-13T17:12:29","guid":{"rendered":"https:\/\/cvnoticias.com\/nuevapagina\/?p=2576"},"modified":"2025-09-13T17:12:31","modified_gmt":"2025-09-13T17:12:31","slug":"677-trabajadores-del-gobierno-estatal-fueron-reinstalados-significara-erogar-500-mdp","status":"publish","type":"post","link":"https:\/\/cvnoticias.com\/nuevapagina\/index.php\/2025\/09\/13\/677-trabajadores-del-gobierno-estatal-fueron-reinstalados-significara-erogar-500-mdp\/","title":{"rendered":"677 trabajadores del gobierno estatal fueron reinstalados; significar\u00e1 erogar 500 MDP"},"content":{"rendered":"\n<p><\/p>\n\n\n\n<p>El secretario de Administraci\u00f3n de Oaxaca, Noel Hern\u00e1ndez Rito, se\u00f1al\u00f3 que 677 trabajadores que fueron despedidos en diciembre del a\u00f1o pasado por el gobierno estatal, ya fueron reinstalados en sus respectivas \u00e1reas, por lo que podr\u00e1n empezar a cobrar a partir de la segunda quincena de septiembre.<\/p>\n\n\n\n<p>\u201cEste proceso ya se concluy\u00f3, ya fueron reinstalados todas las personas que hac\u00edan falta y pues a partir de la segunda quincena de este mes pues ya van a cobrar de manera normal y se van a reinstalar a su \u00e1rea de adscripci\u00f3n y todo sin novedad, la verdad fue un proceso con mucho respeto, con mucha transparencia\u201d.<\/p>\n\n\n\n<p>Hern\u00e1ndez Rito, tambi\u00e9n se refiri\u00f3 al monto que deber\u00e1 erogar el gobierno del estado ante la reinstalaci\u00f3n de este personal que hab\u00eda sido despedido y asegur\u00f3 que ser\u00e1 respetada la antig\u00fcedad y todos sus derechos laborales que han generado los trabajadores.<\/p>\n\n\n\n<p>\u00abTenemos el techo financiero son alrededor de 500 millones, la mayor\u00eda ten\u00eda toda a\u00f1os, tres a\u00f1os, cinco a\u00f1os, de uno a tres, cuatro a\u00f1os\u00bb.<\/p>\n\n\n\n<p>El funcionario precis\u00f3 que la secretar\u00eda a su cargo, ha hecho importantes ahorros que rondan los 180 millones de pesos anuales, recursos que se han destinado en beneficio de la poblaci\u00f3n.<\/p>\n\n\n\n<p>En cuanto a la relaci\u00f3n que mantienen con el sindicato de bur\u00f3cratas indic\u00f3 que existe una relaci\u00f3n de respeto, comunicaci\u00f3n y trabajo en coordinaci\u00f3n para ponderar el bienestar de todas y todos los trabajadores de base al servicio del estado que suman ya alrededor de 14 mil.<\/p>\n","protected":false},"excerpt":{"rendered":"<p>El secretario de Administraci\u00f3n de Oaxaca, Noel Hern\u00e1ndez Rito, se\u00f1al\u00f3 que 677 trabajadores que fueron&#8230;<\/p>\n","protected":false},"author":2,"featured_media":2558,"comment_status":"open","ping_status":"closed","sticky":false,"template":"","format":"standard","meta":{"footnotes":""},"categories":[2],"tags":[],"class_list":["post-2576","post","type-post","status-publish","format-standard","has-post-thumbnail","hentry","category-noticiasestatales"],"yoast_head":"<!-- This site is optimized with the Yoast SEO plugin v27.5 - https:\/\/yoast.com\/product\/yoast-seo-wordpress\/ -->\n<title>677 trabajadores del gobierno estatal fueron reinstalados; significar\u00e1 erogar 500 MDP - CV Noticias<\/title>\n<meta name=\"robots\" content=\"index, follow, max-snippet:-1, max-image-preview:large, max-video-preview:-1\" \/>\n<link rel=\"canonical\" href=\"https:\/\/cvnoticias.com\/nuevapagina\/index.php\/2025\/09\/13\/677-trabajadores-del-gobierno-estatal-fueron-reinstalados-significara-erogar-500-mdp\/\" \/>\n<meta property=\"og:locale\" content=\"es_ES\" \/>\n<meta property=\"og:type\" content=\"article\" \/>\n<meta property=\"og:title\" content=\"677 trabajadores del gobierno estatal fueron reinstalados; significar\u00e1 erogar 500 MDP - CV Noticias\" \/>\n<meta property=\"og:description\" content=\"El secretario de Administraci\u00f3n de Oaxaca, Noel Hern\u00e1ndez Rito, se\u00f1al\u00f3 que 677 trabajadores que fueron...\" \/>\n<meta property=\"og:url\" content=\"https:\/\/cvnoticias.com\/nuevapagina\/index.php\/2025\/09\/13\/677-trabajadores-del-gobierno-estatal-fueron-reinstalados-significara-erogar-500-mdp\/\" \/>\n<meta property=\"og:site_name\" content=\"CV Noticias\" \/>\n<meta property=\"article:published_time\" content=\"2025-09-13T17:12:29+00:00\" \/>\n<meta property=\"article:modified_time\" content=\"2025-09-13T17:12:31+00:00\" \/>\n<meta property=\"og:image\" content=\"https:\/\/cvnoticias.com\/nuevapagina\/wp-content\/uploads\/2025\/09\/WhatsApp-Image-2025-09-13-at-9.19.28-AM.jpeg\" \/>\n\t<meta property=\"og:image:width\" content=\"1280\" \/>\n\t<meta property=\"og:image:height\" content=\"781\" \/>\n\t<meta property=\"og:image:type\" content=\"image\/jpeg\" \/>\n<meta name=\"author\" content=\"CvNoticias\" \/>\n<meta name=\"twitter:card\" content=\"summary_large_image\" \/>\n<meta name=\"twitter:label1\" content=\"Escrito por\" \/>\n\t<meta name=\"twitter:data1\" content=\"CvNoticias\" \/>\n\t<meta name=\"twitter:label2\" content=\"Tiempo de lectura\" \/>\n\t<meta name=\"twitter:data2\" content=\"2 minutos\" \/>\n<script type=\"application\/ld+json\" class=\"yoast-schema-graph\">{\"@context\":\"https:\\\/\\\/schema.org\",\"@graph\":[{\"@type\":\"Article\",\"@id\":\"https:\\\/\\\/cvnoticias.com\\\/nuevapagina\\\/index.php\\\/2025\\\/09\\\/13\\\/677-trabajadores-del-gobierno-estatal-fueron-reinstalados-significara-erogar-500-mdp\\\/#article\",\"isPartOf\":{\"@id\":\"https:\\\/\\\/cvnoticias.com\\\/nuevapagina\\\/index.php\\\/2025\\\/09\\\/13\\\/677-trabajadores-del-gobierno-estatal-fueron-reinstalados-significara-erogar-500-mdp\\\/\"},\"author\":{\"name\":\"CvNoticias\",\"@id\":\"https:\\\/\\\/cvnoticias.com\\\/nuevapagina\\\/#\\\/schema\\\/person\\\/19e35f246421a31486be7321065f7463\"},\"headline\":\"677 trabajadores del gobierno estatal fueron reinstalados; significar\u00e1 erogar 500 MDP\",\"datePublished\":\"2025-09-13T17:12:29+00:00\",\"dateModified\":\"2025-09-13T17:12:31+00:00\",\"mainEntityOfPage\":{\"@id\":\"https:\\\/\\\/cvnoticias.com\\\/nuevapagina\\\/index.php\\\/2025\\\/09\\\/13\\\/677-trabajadores-del-gobierno-estatal-fueron-reinstalados-significara-erogar-500-mdp\\\/\"},\"wordCount\":278,\"commentCount\":0,\"publisher\":{\"@id\":\"https:\\\/\\\/cvnoticias.com\\\/nuevapagina\\\/#organization\"},\"image\":{\"@id\":\"https:\\\/\\\/cvnoticias.com\\\/nuevapagina\\\/index.php\\\/2025\\\/09\\\/13\\\/677-trabajadores-del-gobierno-estatal-fueron-reinstalados-significara-erogar-500-mdp\\\/#primaryimage\"},\"thumbnailUrl\":\"https:\\\/\\\/cvnoticias.com\\\/nuevapagina\\\/wp-content\\\/uploads\\\/2025\\\/09\\\/WhatsApp-Image-2025-09-13-at-9.19.28-AM.jpeg\",\"articleSection\":[\"Estatales\"],\"inLanguage\":\"es\",\"potentialAction\":[{\"@type\":\"CommentAction\",\"name\":\"Comment\",\"target\":[\"https:\\\/\\\/cvnoticias.com\\\/nuevapagina\\\/index.php\\\/2025\\\/09\\\/13\\\/677-trabajadores-del-gobierno-estatal-fueron-reinstalados-significara-erogar-500-mdp\\\/#respond\"]}]},{\"@type\":\"WebPage\",\"@id\":\"https:\\\/\\\/cvnoticias.com\\\/nuevapagina\\\/index.php\\\/2025\\\/09\\\/13\\\/677-trabajadores-del-gobierno-estatal-fueron-reinstalados-significara-erogar-500-mdp\\\/\",\"url\":\"https:\\\/\\\/cvnoticias.com\\\/nuevapagina\\\/index.php\\\/2025\\\/09\\\/13\\\/677-trabajadores-del-gobierno-estatal-fueron-reinstalados-significara-erogar-500-mdp\\\/\",\"name\":\"677 trabajadores del gobierno estatal fueron reinstalados; significar\u00e1 erogar 500 MDP - CV Noticias\",\"isPartOf\":{\"@id\":\"https:\\\/\\\/cvnoticias.com\\\/nuevapagina\\\/#website\"},\"primaryImageOfPage\":{\"@id\":\"https:\\\/\\\/cvnoticias.com\\\/nuevapagina\\\/index.php\\\/2025\\\/09\\\/13\\\/677-trabajadores-del-gobierno-estatal-fueron-reinstalados-significara-erogar-500-mdp\\\/#primaryimage\"},\"image\":{\"@id\":\"https:\\\/\\\/cvnoticias.com\\\/nuevapagina\\\/index.php\\\/2025\\\/09\\\/13\\\/677-trabajadores-del-gobierno-estatal-fueron-reinstalados-significara-erogar-500-mdp\\\/#primaryimage\"},\"thumbnailUrl\":\"https:\\\/\\\/cvnoticias.com\\\/nuevapagina\\\/wp-content\\\/uploads\\\/2025\\\/09\\\/WhatsApp-Image-2025-09-13-at-9.19.28-AM.jpeg\",\"datePublished\":\"2025-09-13T17:12:29+00:00\",\"dateModified\":\"2025-09-13T17:12:31+00:00\",\"breadcrumb\":{\"@id\":\"https:\\\/\\\/cvnoticias.com\\\/nuevapagina\\\/index.php\\\/2025\\\/09\\\/13\\\/677-trabajadores-del-gobierno-estatal-fueron-reinstalados-significara-erogar-500-mdp\\\/#breadcrumb\"},\"inLanguage\":\"es\",\"potentialAction\":[{\"@type\":\"ReadAction\",\"target\":[\"https:\\\/\\\/cvnoticias.com\\\/nuevapagina\\\/index.php\\\/2025\\\/09\\\/13\\\/677-trabajadores-del-gobierno-estatal-fueron-reinstalados-significara-erogar-500-mdp\\\/\"]}]},{\"@type\":\"ImageObject\",\"inLanguage\":\"es\",\"@id\":\"https:\\\/\\\/cvnoticias.com\\\/nuevapagina\\\/index.php\\\/2025\\\/09\\\/13\\\/677-trabajadores-del-gobierno-estatal-fueron-reinstalados-significara-erogar-500-mdp\\\/#primaryimage\",\"url\":\"https:\\\/\\\/cvnoticias.com\\\/nuevapagina\\\/wp-content\\\/uploads\\\/2025\\\/09\\\/WhatsApp-Image-2025-09-13-at-9.19.28-AM.jpeg\",\"contentUrl\":\"https:\\\/\\\/cvnoticias.com\\\/nuevapagina\\\/wp-content\\\/uploads\\\/2025\\\/09\\\/WhatsApp-Image-2025-09-13-at-9.19.28-AM.jpeg\",\"width\":1280,\"height\":781},{\"@type\":\"BreadcrumbList\",\"@id\":\"https:\\\/\\\/cvnoticias.com\\\/nuevapagina\\\/index.php\\\/2025\\\/09\\\/13\\\/677-trabajadores-del-gobierno-estatal-fueron-reinstalados-significara-erogar-500-mdp\\\/#breadcrumb\",\"itemListElement\":[{\"@type\":\"ListItem\",\"position\":1,\"name\":\"Portada\",\"item\":\"https:\\\/\\\/cvnoticias.com\\\/nuevapagina\\\/\"},{\"@type\":\"ListItem\",\"position\":2,\"name\":\"677 trabajadores del gobierno estatal fueron reinstalados; significar\u00e1 erogar 500 MDP\"}]},{\"@type\":\"WebSite\",\"@id\":\"https:\\\/\\\/cvnoticias.com\\\/nuevapagina\\\/#website\",\"url\":\"https:\\\/\\\/cvnoticias.com\\\/nuevapagina\\\/\",\"name\":\"CV Noticias\",\"description\":\"Noticias de Oaxaca\",\"publisher\":{\"@id\":\"https:\\\/\\\/cvnoticias.com\\\/nuevapagina\\\/#organization\"},\"potentialAction\":[{\"@type\":\"SearchAction\",\"target\":{\"@type\":\"EntryPoint\",\"urlTemplate\":\"https:\\\/\\\/cvnoticias.com\\\/nuevapagina\\\/?s={search_term_string}\"},\"query-input\":{\"@type\":\"PropertyValueSpecification\",\"valueRequired\":true,\"valueName\":\"search_term_string\"}}],\"inLanguage\":\"es\"},{\"@type\":\"Organization\",\"@id\":\"https:\\\/\\\/cvnoticias.com\\\/nuevapagina\\\/#organization\",\"name\":\"CV Noticias\",\"url\":\"https:\\\/\\\/cvnoticias.com\\\/nuevapagina\\\/\",\"logo\":{\"@type\":\"ImageObject\",\"inLanguage\":\"es\",\"@id\":\"https:\\\/\\\/cvnoticias.com\\\/nuevapagina\\\/#\\\/schema\\\/logo\\\/image\\\/\",\"url\":\"https:\\\/\\\/cvnoticias.com\\\/nuevapagina\\\/wp-content\\\/uploads\\\/2025\\\/05\\\/cropped-logo-1.png\",\"contentUrl\":\"https:\\\/\\\/cvnoticias.com\\\/nuevapagina\\\/wp-content\\\/uploads\\\/2025\\\/05\\\/cropped-logo-1.png\",\"width\":320,\"height\":118,\"caption\":\"CV Noticias\"},\"image\":{\"@id\":\"https:\\\/\\\/cvnoticias.com\\\/nuevapagina\\\/#\\\/schema\\\/logo\\\/image\\\/\"}},{\"@type\":\"Person\",\"@id\":\"https:\\\/\\\/cvnoticias.com\\\/nuevapagina\\\/#\\\/schema\\\/person\\\/19e35f246421a31486be7321065f7463\",\"name\":\"CvNoticias\",\"image\":{\"@type\":\"ImageObject\",\"inLanguage\":\"es\",\"@id\":\"https:\\\/\\\/secure.gravatar.com\\\/avatar\\\/c3a4375d38fd8f9b34ac9e853cb706a079817c78f9a39e33b16a2b2b2e51688a?s=96&d=mm&r=g\",\"url\":\"https:\\\/\\\/secure.gravatar.com\\\/avatar\\\/c3a4375d38fd8f9b34ac9e853cb706a079817c78f9a39e33b16a2b2b2e51688a?s=96&d=mm&r=g\",\"contentUrl\":\"https:\\\/\\\/secure.gravatar.com\\\/avatar\\\/c3a4375d38fd8f9b34ac9e853cb706a079817c78f9a39e33b16a2b2b2e51688a?s=96&d=mm&r=g\",\"caption\":\"CvNoticias\"},\"url\":\"https:\\\/\\\/cvnoticias.com\\\/nuevapagina\\\/index.php\\\/author\\\/gesner\\\/\"}]}<\/script>\n<!-- \/ Yoast SEO plugin. -->","yoast_head_json":{"title":"677 trabajadores del gobierno estatal fueron reinstalados; significar\u00e1 erogar 500 MDP - CV Noticias","robots":{"index":"index","follow":"follow","max-snippet":"max-snippet:-1","max-image-preview":"max-image-preview:large","max-video-preview":"max-video-preview:-1"},"canonical":"https:\/\/cvnoticias.com\/nuevapagina\/index.php\/2025\/09\/13\/677-trabajadores-del-gobierno-estatal-fueron-reinstalados-significara-erogar-500-mdp\/","og_locale":"es_ES","og_type":"article","og_title":"677 trabajadores del gobierno estatal fueron reinstalados; significar\u00e1 erogar 500 MDP - CV Noticias","og_description":"El secretario de Administraci\u00f3n de Oaxaca, Noel Hern\u00e1ndez Rito, se\u00f1al\u00f3 que 677 trabajadores que fueron...","og_url":"https:\/\/cvnoticias.com\/nuevapagina\/index.php\/2025\/09\/13\/677-trabajadores-del-gobierno-estatal-fueron-reinstalados-significara-erogar-500-mdp\/","og_site_name":"CV Noticias","article_published_time":"2025-09-13T17:12:29+00:00","article_modified_time":"2025-09-13T17:12:31+00:00","og_image":[{"width":1280,"height":781,"url":"https:\/\/cvnoticias.com\/nuevapagina\/wp-content\/uploads\/2025\/09\/WhatsApp-Image-2025-09-13-at-9.19.28-AM.jpeg","type":"image\/jpeg"}],"author":"CvNoticias","twitter_card":"summary_large_image","twitter_misc":{"Escrito por":"CvNoticias","Tiempo de lectura":"2 minutos"},"schema":{"@context":"https:\/\/schema.org","@graph":[{"@type":"Article","@id":"https:\/\/cvnoticias.com\/nuevapagina\/index.php\/2025\/09\/13\/677-trabajadores-del-gobierno-estatal-fueron-reinstalados-significara-erogar-500-mdp\/#article","isPartOf":{"@id":"https:\/\/cvnoticias.com\/nuevapagina\/index.php\/2025\/09\/13\/677-trabajadores-del-gobierno-estatal-fueron-reinstalados-significara-erogar-500-mdp\/"},"author":{"name":"CvNoticias","@id":"https:\/\/cvnoticias.com\/nuevapagina\/#\/schema\/person\/19e35f246421a31486be7321065f7463"},"headline":"677 trabajadores del gobierno estatal fueron reinstalados; significar\u00e1 erogar 500 MDP","datePublished":"2025-09-13T17:12:29+00:00","dateModified":"2025-09-13T17:12:31+00:00","mainEntityOfPage":{"@id":"https:\/\/cvnoticias.com\/nuevapagina\/index.php\/2025\/09\/13\/677-trabajadores-del-gobierno-estatal-fueron-reinstalados-significara-erogar-500-mdp\/"},"wordCount":278,"commentCount":0,"publisher":{"@id":"https:\/\/cvnoticias.com\/nuevapagina\/#organization"},"image":{"@id":"https:\/\/cvnoticias.com\/nuevapagina\/index.php\/2025\/09\/13\/677-trabajadores-del-gobierno-estatal-fueron-reinstalados-significara-erogar-500-mdp\/#primaryimage"},"thumbnailUrl":"https:\/\/cvnoticias.com\/nuevapagina\/wp-content\/uploads\/2025\/09\/WhatsApp-Image-2025-09-13-at-9.19.28-AM.jpeg","articleSection":["Estatales"],"inLanguage":"es","potentialAction":[{"@type":"CommentAction","name":"Comment","target":["https:\/\/cvnoticias.com\/nuevapagina\/index.php\/2025\/09\/13\/677-trabajadores-del-gobierno-estatal-fueron-reinstalados-significara-erogar-500-mdp\/#respond"]}]},{"@type":"WebPage","@id":"https:\/\/cvnoticias.com\/nuevapagina\/index.php\/2025\/09\/13\/677-trabajadores-del-gobierno-estatal-fueron-reinstalados-significara-erogar-500-mdp\/","url":"https:\/\/cvnoticias.com\/nuevapagina\/index.php\/2025\/09\/13\/677-trabajadores-del-gobierno-estatal-fueron-reinstalados-significara-erogar-500-mdp\/","name":"677 trabajadores del gobierno estatal fueron reinstalados; significar\u00e1 erogar 500 MDP - CV Noticias","isPartOf":{"@id":"https:\/\/cvnoticias.com\/nuevapagina\/#website"},"primaryImageOfPage":{"@id":"https:\/\/cvnoticias.com\/nuevapagina\/index.php\/2025\/09\/13\/677-trabajadores-del-gobierno-estatal-fueron-reinstalados-significara-erogar-500-mdp\/#primaryimage"},"image":{"@id":"https:\/\/cvnoticias.com\/nuevapagina\/index.php\/2025\/09\/13\/677-trabajadores-del-gobierno-estatal-fueron-reinstalados-significara-erogar-500-mdp\/#primaryimage"},"thumbnailUrl":"https:\/\/cvnoticias.com\/nuevapagina\/wp-content\/uploads\/2025\/09\/WhatsApp-Image-2025-09-13-at-9.19.28-AM.jpeg","datePublished":"2025-09-13T17:12:29+00:00","dateModified":"2025-09-13T17:12:31+00:00","breadcrumb":{"@id":"https:\/\/cvnoticias.com\/nuevapagina\/index.php\/2025\/09\/13\/677-trabajadores-del-gobierno-estatal-fueron-reinstalados-significara-erogar-500-mdp\/#breadcrumb"},"inLanguage":"es","potentialAction":[{"@type":"ReadAction","target":["https:\/\/cvnoticias.com\/nuevapagina\/index.php\/2025\/09\/13\/677-trabajadores-del-gobierno-estatal-fueron-reinstalados-significara-erogar-500-mdp\/"]}]},{"@type":"ImageObject","inLanguage":"es","@id":"https:\/\/cvnoticias.com\/nuevapagina\/index.php\/2025\/09\/13\/677-trabajadores-del-gobierno-estatal-fueron-reinstalados-significara-erogar-500-mdp\/#primaryimage","url":"https:\/\/cvnoticias.com\/nuevapagina\/wp-content\/uploads\/2025\/09\/WhatsApp-Image-2025-09-13-at-9.19.28-AM.jpeg","contentUrl":"https:\/\/cvnoticias.com\/nuevapagina\/wp-content\/uploads\/2025\/09\/WhatsApp-Image-2025-09-13-at-9.19.28-AM.jpeg","width":1280,"height":781},{"@type":"BreadcrumbList","@id":"https:\/\/cvnoticias.com\/nuevapagina\/index.php\/2025\/09\/13\/677-trabajadores-del-gobierno-estatal-fueron-reinstalados-significara-erogar-500-mdp\/#breadcrumb","itemListElement":[{"@type":"ListItem","position":1,"name":"Portada","item":"https:\/\/cvnoticias.com\/nuevapagina\/"},{"@type":"ListItem","position":2,"name":"677 trabajadores del gobierno estatal fueron reinstalados; significar\u00e1 erogar 500 MDP"}]},{"@type":"WebSite","@id":"https:\/\/cvnoticias.com\/nuevapagina\/#website","url":"https:\/\/cvnoticias.com\/nuevapagina\/","name":"CV Noticias","description":"Noticias de Oaxaca","publisher":{"@id":"https:\/\/cvnoticias.com\/nuevapagina\/#organization"},"potentialAction":[{"@type":"SearchAction","target":{"@type":"EntryPoint","urlTemplate":"https:\/\/cvnoticias.com\/nuevapagina\/?s={search_term_string}"},"query-input":{"@type":"PropertyValueSpecification","valueRequired":true,"valueName":"search_term_string"}}],"inLanguage":"es"},{"@type":"Organization","@id":"https:\/\/cvnoticias.com\/nuevapagina\/#organization","name":"CV Noticias","url":"https:\/\/cvnoticias.com\/nuevapagina\/","logo":{"@type":"ImageObject","inLanguage":"es","@id":"https:\/\/cvnoticias.com\/nuevapagina\/#\/schema\/logo\/image\/","url":"https:\/\/cvnoticias.com\/nuevapagina\/wp-content\/uploads\/2025\/05\/cropped-logo-1.png","contentUrl":"https:\/\/cvnoticias.com\/nuevapagina\/wp-content\/uploads\/2025\/05\/cropped-logo-1.png","width":320,"height":118,"caption":"CV Noticias"},"image":{"@id":"https:\/\/cvnoticias.com\/nuevapagina\/#\/schema\/logo\/image\/"}},{"@type":"Person","@id":"https:\/\/cvnoticias.com\/nuevapagina\/#\/schema\/person\/19e35f246421a31486be7321065f7463","name":"CvNoticias","image":{"@type":"ImageObject","inLanguage":"es","@id":"https:\/\/secure.gravatar.com\/avatar\/c3a4375d38fd8f9b34ac9e853cb706a079817c78f9a39e33b16a2b2b2e51688a?s=96&d=mm&r=g","url":"https:\/\/secure.gravatar.com\/avatar\/c3a4375d38fd8f9b34ac9e853cb706a079817c78f9a39e33b16a2b2b2e51688a?s=96&d=mm&r=g","contentUrl":"https:\/\/secure.gravatar.com\/avatar\/c3a4375d38fd8f9b34ac9e853cb706a079817c78f9a39e33b16a2b2b2e51688a?s=96&d=mm&r=g","caption":"CvNoticias"},"url":"https:\/\/cvnoticias.com\/nuevapagina\/index.php\/author\/gesner\/"}]}},"_links":{"self":[{"href":"https:\/\/cvnoticias.com\/nuevapagina\/index.php\/wp-json\/wp\/v2\/posts\/2576","targetHints":{"allow":["GET"]}}],"collection":[{"href":"https:\/\/cvnoticias.com\/nuevapagina\/index.php\/wp-json\/wp\/v2\/posts"}],"about":[{"href":"https:\/\/cvnoticias.com\/nuevapagina\/index.php\/wp-json\/wp\/v2\/types\/post"}],"author":[{"embeddable":true,"href":"https:\/\/cvnoticias.com\/nuevapagina\/index.php\/wp-json\/wp\/v2\/users\/2"}],"replies":[{"embeddable":true,"href":"https:\/\/cvnoticias.com\/nuevapagina\/index.php\/wp-json\/wp\/v2\/comments?post=2576"}],"version-history":[{"count":1,"href":"https:\/\/cvnoticias.com\/nuevapagina\/index.php\/wp-json\/wp\/v2\/posts\/2576\/revisions"}],"predecessor-version":[{"id":2577,"href":"https:\/\/cvnoticias.com\/nuevapagina\/index.php\/wp-json\/wp\/v2\/posts\/2576\/revisions\/2577"}],"wp:featuredmedia":[{"embeddable":true,"href":"https:\/\/cvnoticias.com\/nuevapagina\/index.php\/wp-json\/wp\/v2\/media\/2558"}],"wp:attachment":[{"href":"https:\/\/cvnoticias.com\/nuevapagina\/index.php\/wp-json\/wp\/v2\/media?parent=2576"}],"wp:term":[{"taxonomy":"category","embeddable":true,"href":"https:\/\/cvnoticias.com\/nuevapagina\/index.php\/wp-json\/wp\/v2\/categories?post=2576"},{"taxonomy":"post_tag","embeddable":true,"href":"https:\/\/cvnoticias.com\/nuevapagina\/index.php\/wp-json\/wp\/v2\/tags?post=2576"}],"curies":[{"name":"wp","href":"https:\/\/api.w.org\/{rel}","templated":true}]}}