{"id":2574,"date":"2025-09-13T17:03:04","date_gmt":"2025-09-13T17:03:04","guid":{"rendered":"https:\/\/cvnoticias.com\/nuevapagina\/?p=2574"},"modified":"2025-09-13T17:03:06","modified_gmt":"2025-09-13T17:03:06","slug":"llama-nancy-benitez-a-la-unidad-en-homenaje-a-los-ninos-heroes","status":"publish","type":"post","link":"https:\/\/cvnoticias.com\/nuevapagina\/index.php\/2025\/09\/13\/llama-nancy-benitez-a-la-unidad-en-homenaje-a-los-ninos-heroes\/","title":{"rendered":"Llama Nancy Ben\u00edtez a la unidad en homenaje a los Ni\u00f1os H\u00e9roes"},"content":{"rendered":"\n<p><\/p>\n\n\n\n<p>Santa Cruz Xoxocotl\u00e1n, Oax., 13 de septiembre de 2025.\u2013 Con motivo del 178 aniversario de la Gesta Heroica de los Ni\u00f1os H\u00e9roes de Chapultepec, la presidenta municipal de Santa Cruz Xoxocotl\u00e1n, Nancy Ben\u00edtez Z\u00e1rate, encabez\u00f3 la ceremonia c\u00edvica conmemorativa, donde reconoci\u00f3 el valor y patriotismo de los j\u00f3venes cadetes.<\/p>\n\n\n\n<p>Durante el acto, en el que participaron integrantes del Cabildo y del Ayuntamiento, se rindieron honores al L\u00e1baro Patrio y se record\u00f3 a los seis cadetes del Colegio Militar, quienes el 13 de septiembre de 1847 defendieron con honor la soberan\u00eda nacional ante las fuerzas invasoras en el Castillo de Chapultepec.<\/p>\n\n\n\n<p>Ben\u00edtez Z\u00e1rate destac\u00f3 que los Ni\u00f1os H\u00e9roes demostraron con su sacrificio que la grandeza de la Naci\u00f3n se construye no solo en la guerra, sino tambi\u00e9n en la vida cotidiana, cuando se act\u00faa con justicia, compromiso y valent\u00eda para forjar un mejor porvenir.<\/p>\n\n\n\n<p>\u201cA las xoxe\u00f1as y xoxe\u00f1os les digo: sigamos su ejemplo, seamos los h\u00e9roes de hoy, los h\u00e9roes de esta tierra bendita que nos vio nacer, trabajando hombro con hombro para construir un futuro m\u00e1s digno, m\u00e1s justo y pr\u00f3spero para nuestras familias. \u00a1Que viva la memoria de los Ni\u00f1os H\u00e9roes!\u201d, reiter\u00f3 la edil.<\/p>\n","protected":false},"excerpt":{"rendered":"<p>Santa Cruz Xoxocotl\u00e1n, Oax., 13 de septiembre de 2025.\u2013 Con motivo del 178 aniversario de&#8230;<\/p>\n","protected":false},"author":2,"featured_media":2559,"comment_status":"open","ping_status":"closed","sticky":false,"template":"","format":"standard","meta":{"footnotes":""},"categories":[3],"tags":[],"class_list":["post-2574","post","type-post","status-publish","format-standard","has-post-thumbnail","hentry","category-comunicadosdeprensa"],"yoast_head":"<!-- This site is optimized with the Yoast SEO plugin v27.5 - https:\/\/yoast.com\/product\/yoast-seo-wordpress\/ -->\n<title>Llama Nancy Ben\u00edtez a la unidad en homenaje a los Ni\u00f1os H\u00e9roes - CV Noticias<\/title>\n<meta name=\"robots\" content=\"index, follow, max-snippet:-1, max-image-preview:large, max-video-preview:-1\" \/>\n<link rel=\"canonical\" href=\"https:\/\/cvnoticias.com\/nuevapagina\/index.php\/2025\/09\/13\/llama-nancy-benitez-a-la-unidad-en-homenaje-a-los-ninos-heroes\/\" \/>\n<meta property=\"og:locale\" content=\"es_ES\" \/>\n<meta property=\"og:type\" content=\"article\" \/>\n<meta property=\"og:title\" content=\"Llama Nancy Ben\u00edtez a la unidad en homenaje a los Ni\u00f1os H\u00e9roes - CV Noticias\" \/>\n<meta property=\"og:description\" content=\"Santa Cruz Xoxocotl\u00e1n, Oax., 13 de septiembre de 2025.\u2013 Con motivo del 178 aniversario de...\" \/>\n<meta property=\"og:url\" content=\"https:\/\/cvnoticias.com\/nuevapagina\/index.php\/2025\/09\/13\/llama-nancy-benitez-a-la-unidad-en-homenaje-a-los-ninos-heroes\/\" \/>\n<meta property=\"og:site_name\" content=\"CV Noticias\" \/>\n<meta property=\"article:published_time\" content=\"2025-09-13T17:03:04+00:00\" \/>\n<meta property=\"article:modified_time\" content=\"2025-09-13T17:03:06+00:00\" \/>\n<meta property=\"og:image\" content=\"https:\/\/cvnoticias.com\/nuevapagina\/wp-content\/uploads\/2025\/09\/WhatsApp-Image-2025-09-13-at-9.13.35-AM-scaled.jpeg\" \/>\n\t<meta property=\"og:image:width\" content=\"2560\" \/>\n\t<meta property=\"og:image:height\" content=\"1707\" \/>\n\t<meta property=\"og:image:type\" content=\"image\/jpeg\" \/>\n<meta name=\"author\" content=\"CvNoticias\" \/>\n<meta name=\"twitter:card\" content=\"summary_large_image\" \/>\n<meta name=\"twitter:label1\" content=\"Escrito por\" \/>\n\t<meta name=\"twitter:data1\" content=\"CvNoticias\" \/>\n\t<meta name=\"twitter:label2\" content=\"Tiempo de lectura\" \/>\n\t<meta name=\"twitter:data2\" content=\"2 minutos\" \/>\n<script type=\"application\/ld+json\" class=\"yoast-schema-graph\">{\"@context\":\"https:\\\/\\\/schema.org\",\"@graph\":[{\"@type\":\"Article\",\"@id\":\"https:\\\/\\\/cvnoticias.com\\\/nuevapagina\\\/index.php\\\/2025\\\/09\\\/13\\\/llama-nancy-benitez-a-la-unidad-en-homenaje-a-los-ninos-heroes\\\/#article\",\"isPartOf\":{\"@id\":\"https:\\\/\\\/cvnoticias.com\\\/nuevapagina\\\/index.php\\\/2025\\\/09\\\/13\\\/llama-nancy-benitez-a-la-unidad-en-homenaje-a-los-ninos-heroes\\\/\"},\"author\":{\"name\":\"CvNoticias\",\"@id\":\"https:\\\/\\\/cvnoticias.com\\\/nuevapagina\\\/#\\\/schema\\\/person\\\/19e35f246421a31486be7321065f7463\"},\"headline\":\"Llama Nancy Ben\u00edtez a la unidad en homenaje a los Ni\u00f1os H\u00e9roes\",\"datePublished\":\"2025-09-13T17:03:04+00:00\",\"dateModified\":\"2025-09-13T17:03:06+00:00\",\"mainEntityOfPage\":{\"@id\":\"https:\\\/\\\/cvnoticias.com\\\/nuevapagina\\\/index.php\\\/2025\\\/09\\\/13\\\/llama-nancy-benitez-a-la-unidad-en-homenaje-a-los-ninos-heroes\\\/\"},\"wordCount\":233,\"commentCount\":0,\"publisher\":{\"@id\":\"https:\\\/\\\/cvnoticias.com\\\/nuevapagina\\\/#organization\"},\"image\":{\"@id\":\"https:\\\/\\\/cvnoticias.com\\\/nuevapagina\\\/index.php\\\/2025\\\/09\\\/13\\\/llama-nancy-benitez-a-la-unidad-en-homenaje-a-los-ninos-heroes\\\/#primaryimage\"},\"thumbnailUrl\":\"https:\\\/\\\/cvnoticias.com\\\/nuevapagina\\\/wp-content\\\/uploads\\\/2025\\\/09\\\/WhatsApp-Image-2025-09-13-at-9.13.35-AM-scaled.jpeg\",\"articleSection\":[\"Comunicados\"],\"inLanguage\":\"es\",\"potentialAction\":[{\"@type\":\"CommentAction\",\"name\":\"Comment\",\"target\":[\"https:\\\/\\\/cvnoticias.com\\\/nuevapagina\\\/index.php\\\/2025\\\/09\\\/13\\\/llama-nancy-benitez-a-la-unidad-en-homenaje-a-los-ninos-heroes\\\/#respond\"]}]},{\"@type\":\"WebPage\",\"@id\":\"https:\\\/\\\/cvnoticias.com\\\/nuevapagina\\\/index.php\\\/2025\\\/09\\\/13\\\/llama-nancy-benitez-a-la-unidad-en-homenaje-a-los-ninos-heroes\\\/\",\"url\":\"https:\\\/\\\/cvnoticias.com\\\/nuevapagina\\\/index.php\\\/2025\\\/09\\\/13\\\/llama-nancy-benitez-a-la-unidad-en-homenaje-a-los-ninos-heroes\\\/\",\"name\":\"Llama Nancy Ben\u00edtez a la unidad en homenaje a los Ni\u00f1os H\u00e9roes - CV Noticias\",\"isPartOf\":{\"@id\":\"https:\\\/\\\/cvnoticias.com\\\/nuevapagina\\\/#website\"},\"primaryImageOfPage\":{\"@id\":\"https:\\\/\\\/cvnoticias.com\\\/nuevapagina\\\/index.php\\\/2025\\\/09\\\/13\\\/llama-nancy-benitez-a-la-unidad-en-homenaje-a-los-ninos-heroes\\\/#primaryimage\"},\"image\":{\"@id\":\"https:\\\/\\\/cvnoticias.com\\\/nuevapagina\\\/index.php\\\/2025\\\/09\\\/13\\\/llama-nancy-benitez-a-la-unidad-en-homenaje-a-los-ninos-heroes\\\/#primaryimage\"},\"thumbnailUrl\":\"https:\\\/\\\/cvnoticias.com\\\/nuevapagina\\\/wp-content\\\/uploads\\\/2025\\\/09\\\/WhatsApp-Image-2025-09-13-at-9.13.35-AM-scaled.jpeg\",\"datePublished\":\"2025-09-13T17:03:04+00:00\",\"dateModified\":\"2025-09-13T17:03:06+00:00\",\"breadcrumb\":{\"@id\":\"https:\\\/\\\/cvnoticias.com\\\/nuevapagina\\\/index.php\\\/2025\\\/09\\\/13\\\/llama-nancy-benitez-a-la-unidad-en-homenaje-a-los-ninos-heroes\\\/#breadcrumb\"},\"inLanguage\":\"es\",\"potentialAction\":[{\"@type\":\"ReadAction\",\"target\":[\"https:\\\/\\\/cvnoticias.com\\\/nuevapagina\\\/index.php\\\/2025\\\/09\\\/13\\\/llama-nancy-benitez-a-la-unidad-en-homenaje-a-los-ninos-heroes\\\/\"]}]},{\"@type\":\"ImageObject\",\"inLanguage\":\"es\",\"@id\":\"https:\\\/\\\/cvnoticias.com\\\/nuevapagina\\\/index.php\\\/2025\\\/09\\\/13\\\/llama-nancy-benitez-a-la-unidad-en-homenaje-a-los-ninos-heroes\\\/#primaryimage\",\"url\":\"https:\\\/\\\/cvnoticias.com\\\/nuevapagina\\\/wp-content\\\/uploads\\\/2025\\\/09\\\/WhatsApp-Image-2025-09-13-at-9.13.35-AM-scaled.jpeg\",\"contentUrl\":\"https:\\\/\\\/cvnoticias.com\\\/nuevapagina\\\/wp-content\\\/uploads\\\/2025\\\/09\\\/WhatsApp-Image-2025-09-13-at-9.13.35-AM-scaled.jpeg\",\"width\":2560,\"height\":1707},{\"@type\":\"BreadcrumbList\",\"@id\":\"https:\\\/\\\/cvnoticias.com\\\/nuevapagina\\\/index.php\\\/2025\\\/09\\\/13\\\/llama-nancy-benitez-a-la-unidad-en-homenaje-a-los-ninos-heroes\\\/#breadcrumb\",\"itemListElement\":[{\"@type\":\"ListItem\",\"position\":1,\"name\":\"Portada\",\"item\":\"https:\\\/\\\/cvnoticias.com\\\/nuevapagina\\\/\"},{\"@type\":\"ListItem\",\"position\":2,\"name\":\"Llama Nancy Ben\u00edtez a la unidad en homenaje a los Ni\u00f1os H\u00e9roes\"}]},{\"@type\":\"WebSite\",\"@id\":\"https:\\\/\\\/cvnoticias.com\\\/nuevapagina\\\/#website\",\"url\":\"https:\\\/\\\/cvnoticias.com\\\/nuevapagina\\\/\",\"name\":\"CV Noticias\",\"description\":\"Noticias de Oaxaca\",\"publisher\":{\"@id\":\"https:\\\/\\\/cvnoticias.com\\\/nuevapagina\\\/#organization\"},\"potentialAction\":[{\"@type\":\"SearchAction\",\"target\":{\"@type\":\"EntryPoint\",\"urlTemplate\":\"https:\\\/\\\/cvnoticias.com\\\/nuevapagina\\\/?s={search_term_string}\"},\"query-input\":{\"@type\":\"PropertyValueSpecification\",\"valueRequired\":true,\"valueName\":\"search_term_string\"}}],\"inLanguage\":\"es\"},{\"@type\":\"Organization\",\"@id\":\"https:\\\/\\\/cvnoticias.com\\\/nuevapagina\\\/#organization\",\"name\":\"CV Noticias\",\"url\":\"https:\\\/\\\/cvnoticias.com\\\/nuevapagina\\\/\",\"logo\":{\"@type\":\"ImageObject\",\"inLanguage\":\"es\",\"@id\":\"https:\\\/\\\/cvnoticias.com\\\/nuevapagina\\\/#\\\/schema\\\/logo\\\/image\\\/\",\"url\":\"https:\\\/\\\/cvnoticias.com\\\/nuevapagina\\\/wp-content\\\/uploads\\\/2025\\\/05\\\/cropped-logo-1.png\",\"contentUrl\":\"https:\\\/\\\/cvnoticias.com\\\/nuevapagina\\\/wp-content\\\/uploads\\\/2025\\\/05\\\/cropped-logo-1.png\",\"width\":320,\"height\":118,\"caption\":\"CV Noticias\"},\"image\":{\"@id\":\"https:\\\/\\\/cvnoticias.com\\\/nuevapagina\\\/#\\\/schema\\\/logo\\\/image\\\/\"}},{\"@type\":\"Person\",\"@id\":\"https:\\\/\\\/cvnoticias.com\\\/nuevapagina\\\/#\\\/schema\\\/person\\\/19e35f246421a31486be7321065f7463\",\"name\":\"CvNoticias\",\"image\":{\"@type\":\"ImageObject\",\"inLanguage\":\"es\",\"@id\":\"https:\\\/\\\/secure.gravatar.com\\\/avatar\\\/c3a4375d38fd8f9b34ac9e853cb706a079817c78f9a39e33b16a2b2b2e51688a?s=96&d=mm&r=g\",\"url\":\"https:\\\/\\\/secure.gravatar.com\\\/avatar\\\/c3a4375d38fd8f9b34ac9e853cb706a079817c78f9a39e33b16a2b2b2e51688a?s=96&d=mm&r=g\",\"contentUrl\":\"https:\\\/\\\/secure.gravatar.com\\\/avatar\\\/c3a4375d38fd8f9b34ac9e853cb706a079817c78f9a39e33b16a2b2b2e51688a?s=96&d=mm&r=g\",\"caption\":\"CvNoticias\"},\"url\":\"https:\\\/\\\/cvnoticias.com\\\/nuevapagina\\\/index.php\\\/author\\\/gesner\\\/\"}]}<\/script>\n<!-- \/ Yoast SEO plugin. -->","yoast_head_json":{"title":"Llama Nancy Ben\u00edtez a la unidad en homenaje a los Ni\u00f1os H\u00e9roes - CV Noticias","robots":{"index":"index","follow":"follow","max-snippet":"max-snippet:-1","max-image-preview":"max-image-preview:large","max-video-preview":"max-video-preview:-1"},"canonical":"https:\/\/cvnoticias.com\/nuevapagina\/index.php\/2025\/09\/13\/llama-nancy-benitez-a-la-unidad-en-homenaje-a-los-ninos-heroes\/","og_locale":"es_ES","og_type":"article","og_title":"Llama Nancy Ben\u00edtez a la unidad en homenaje a los Ni\u00f1os H\u00e9roes - CV Noticias","og_description":"Santa Cruz Xoxocotl\u00e1n, Oax., 13 de septiembre de 2025.\u2013 Con motivo del 178 aniversario de...","og_url":"https:\/\/cvnoticias.com\/nuevapagina\/index.php\/2025\/09\/13\/llama-nancy-benitez-a-la-unidad-en-homenaje-a-los-ninos-heroes\/","og_site_name":"CV Noticias","article_published_time":"2025-09-13T17:03:04+00:00","article_modified_time":"2025-09-13T17:03:06+00:00","og_image":[{"width":2560,"height":1707,"url":"https:\/\/cvnoticias.com\/nuevapagina\/wp-content\/uploads\/2025\/09\/WhatsApp-Image-2025-09-13-at-9.13.35-AM-scaled.jpeg","type":"image\/jpeg"}],"author":"CvNoticias","twitter_card":"summary_large_image","twitter_misc":{"Escrito por":"CvNoticias","Tiempo de lectura":"2 minutos"},"schema":{"@context":"https:\/\/schema.org","@graph":[{"@type":"Article","@id":"https:\/\/cvnoticias.com\/nuevapagina\/index.php\/2025\/09\/13\/llama-nancy-benitez-a-la-unidad-en-homenaje-a-los-ninos-heroes\/#article","isPartOf":{"@id":"https:\/\/cvnoticias.com\/nuevapagina\/index.php\/2025\/09\/13\/llama-nancy-benitez-a-la-unidad-en-homenaje-a-los-ninos-heroes\/"},"author":{"name":"CvNoticias","@id":"https:\/\/cvnoticias.com\/nuevapagina\/#\/schema\/person\/19e35f246421a31486be7321065f7463"},"headline":"Llama Nancy Ben\u00edtez a la unidad en homenaje a los Ni\u00f1os H\u00e9roes","datePublished":"2025-09-13T17:03:04+00:00","dateModified":"2025-09-13T17:03:06+00:00","mainEntityOfPage":{"@id":"https:\/\/cvnoticias.com\/nuevapagina\/index.php\/2025\/09\/13\/llama-nancy-benitez-a-la-unidad-en-homenaje-a-los-ninos-heroes\/"},"wordCount":233,"commentCount":0,"publisher":{"@id":"https:\/\/cvnoticias.com\/nuevapagina\/#organization"},"image":{"@id":"https:\/\/cvnoticias.com\/nuevapagina\/index.php\/2025\/09\/13\/llama-nancy-benitez-a-la-unidad-en-homenaje-a-los-ninos-heroes\/#primaryimage"},"thumbnailUrl":"https:\/\/cvnoticias.com\/nuevapagina\/wp-content\/uploads\/2025\/09\/WhatsApp-Image-2025-09-13-at-9.13.35-AM-scaled.jpeg","articleSection":["Comunicados"],"inLanguage":"es","potentialAction":[{"@type":"CommentAction","name":"Comment","target":["https:\/\/cvnoticias.com\/nuevapagina\/index.php\/2025\/09\/13\/llama-nancy-benitez-a-la-unidad-en-homenaje-a-los-ninos-heroes\/#respond"]}]},{"@type":"WebPage","@id":"https:\/\/cvnoticias.com\/nuevapagina\/index.php\/2025\/09\/13\/llama-nancy-benitez-a-la-unidad-en-homenaje-a-los-ninos-heroes\/","url":"https:\/\/cvnoticias.com\/nuevapagina\/index.php\/2025\/09\/13\/llama-nancy-benitez-a-la-unidad-en-homenaje-a-los-ninos-heroes\/","name":"Llama Nancy Ben\u00edtez a la unidad en homenaje a los Ni\u00f1os H\u00e9roes - CV Noticias","isPartOf":{"@id":"https:\/\/cvnoticias.com\/nuevapagina\/#website"},"primaryImageOfPage":{"@id":"https:\/\/cvnoticias.com\/nuevapagina\/index.php\/2025\/09\/13\/llama-nancy-benitez-a-la-unidad-en-homenaje-a-los-ninos-heroes\/#primaryimage"},"image":{"@id":"https:\/\/cvnoticias.com\/nuevapagina\/index.php\/2025\/09\/13\/llama-nancy-benitez-a-la-unidad-en-homenaje-a-los-ninos-heroes\/#primaryimage"},"thumbnailUrl":"https:\/\/cvnoticias.com\/nuevapagina\/wp-content\/uploads\/2025\/09\/WhatsApp-Image-2025-09-13-at-9.13.35-AM-scaled.jpeg","datePublished":"2025-09-13T17:03:04+00:00","dateModified":"2025-09-13T17:03:06+00:00","breadcrumb":{"@id":"https:\/\/cvnoticias.com\/nuevapagina\/index.php\/2025\/09\/13\/llama-nancy-benitez-a-la-unidad-en-homenaje-a-los-ninos-heroes\/#breadcrumb"},"inLanguage":"es","potentialAction":[{"@type":"ReadAction","target":["https:\/\/cvnoticias.com\/nuevapagina\/index.php\/2025\/09\/13\/llama-nancy-benitez-a-la-unidad-en-homenaje-a-los-ninos-heroes\/"]}]},{"@type":"ImageObject","inLanguage":"es","@id":"https:\/\/cvnoticias.com\/nuevapagina\/index.php\/2025\/09\/13\/llama-nancy-benitez-a-la-unidad-en-homenaje-a-los-ninos-heroes\/#primaryimage","url":"https:\/\/cvnoticias.com\/nuevapagina\/wp-content\/uploads\/2025\/09\/WhatsApp-Image-2025-09-13-at-9.13.35-AM-scaled.jpeg","contentUrl":"https:\/\/cvnoticias.com\/nuevapagina\/wp-content\/uploads\/2025\/09\/WhatsApp-Image-2025-09-13-at-9.13.35-AM-scaled.jpeg","width":2560,"height":1707},{"@type":"BreadcrumbList","@id":"https:\/\/cvnoticias.com\/nuevapagina\/index.php\/2025\/09\/13\/llama-nancy-benitez-a-la-unidad-en-homenaje-a-los-ninos-heroes\/#breadcrumb","itemListElement":[{"@type":"ListItem","position":1,"name":"Portada","item":"https:\/\/cvnoticias.com\/nuevapagina\/"},{"@type":"ListItem","position":2,"name":"Llama Nancy Ben\u00edtez a la unidad en homenaje a los Ni\u00f1os H\u00e9roes"}]},{"@type":"WebSite","@id":"https:\/\/cvnoticias.com\/nuevapagina\/#website","url":"https:\/\/cvnoticias.com\/nuevapagina\/","name":"CV Noticias","description":"Noticias de Oaxaca","publisher":{"@id":"https:\/\/cvnoticias.com\/nuevapagina\/#organization"},"potentialAction":[{"@type":"SearchAction","target":{"@type":"EntryPoint","urlTemplate":"https:\/\/cvnoticias.com\/nuevapagina\/?s={search_term_string}"},"query-input":{"@type":"PropertyValueSpecification","valueRequired":true,"valueName":"search_term_string"}}],"inLanguage":"es"},{"@type":"Organization","@id":"https:\/\/cvnoticias.com\/nuevapagina\/#organization","name":"CV Noticias","url":"https:\/\/cvnoticias.com\/nuevapagina\/","logo":{"@type":"ImageObject","inLanguage":"es","@id":"https:\/\/cvnoticias.com\/nuevapagina\/#\/schema\/logo\/image\/","url":"https:\/\/cvnoticias.com\/nuevapagina\/wp-content\/uploads\/2025\/05\/cropped-logo-1.png","contentUrl":"https:\/\/cvnoticias.com\/nuevapagina\/wp-content\/uploads\/2025\/05\/cropped-logo-1.png","width":320,"height":118,"caption":"CV Noticias"},"image":{"@id":"https:\/\/cvnoticias.com\/nuevapagina\/#\/schema\/logo\/image\/"}},{"@type":"Person","@id":"https:\/\/cvnoticias.com\/nuevapagina\/#\/schema\/person\/19e35f246421a31486be7321065f7463","name":"CvNoticias","image":{"@type":"ImageObject","inLanguage":"es","@id":"https:\/\/secure.gravatar.com\/avatar\/c3a4375d38fd8f9b34ac9e853cb706a079817c78f9a39e33b16a2b2b2e51688a?s=96&d=mm&r=g","url":"https:\/\/secure.gravatar.com\/avatar\/c3a4375d38fd8f9b34ac9e853cb706a079817c78f9a39e33b16a2b2b2e51688a?s=96&d=mm&r=g","contentUrl":"https:\/\/secure.gravatar.com\/avatar\/c3a4375d38fd8f9b34ac9e853cb706a079817c78f9a39e33b16a2b2b2e51688a?s=96&d=mm&r=g","caption":"CvNoticias"},"url":"https:\/\/cvnoticias.com\/nuevapagina\/index.php\/author\/gesner\/"}]}},"_links":{"self":[{"href":"https:\/\/cvnoticias.com\/nuevapagina\/index.php\/wp-json\/wp\/v2\/posts\/2574","targetHints":{"allow":["GET"]}}],"collection":[{"href":"https:\/\/cvnoticias.com\/nuevapagina\/index.php\/wp-json\/wp\/v2\/posts"}],"about":[{"href":"https:\/\/cvnoticias.com\/nuevapagina\/index.php\/wp-json\/wp\/v2\/types\/post"}],"author":[{"embeddable":true,"href":"https:\/\/cvnoticias.com\/nuevapagina\/index.php\/wp-json\/wp\/v2\/users\/2"}],"replies":[{"embeddable":true,"href":"https:\/\/cvnoticias.com\/nuevapagina\/index.php\/wp-json\/wp\/v2\/comments?post=2574"}],"version-history":[{"count":1,"href":"https:\/\/cvnoticias.com\/nuevapagina\/index.php\/wp-json\/wp\/v2\/posts\/2574\/revisions"}],"predecessor-version":[{"id":2575,"href":"https:\/\/cvnoticias.com\/nuevapagina\/index.php\/wp-json\/wp\/v2\/posts\/2574\/revisions\/2575"}],"wp:featuredmedia":[{"embeddable":true,"href":"https:\/\/cvnoticias.com\/nuevapagina\/index.php\/wp-json\/wp\/v2\/media\/2559"}],"wp:attachment":[{"href":"https:\/\/cvnoticias.com\/nuevapagina\/index.php\/wp-json\/wp\/v2\/media?parent=2574"}],"wp:term":[{"taxonomy":"category","embeddable":true,"href":"https:\/\/cvnoticias.com\/nuevapagina\/index.php\/wp-json\/wp\/v2\/categories?post=2574"},{"taxonomy":"post_tag","embeddable":true,"href":"https:\/\/cvnoticias.com\/nuevapagina\/index.php\/wp-json\/wp\/v2\/tags?post=2574"}],"curies":[{"name":"wp","href":"https:\/\/api.w.org\/{rel}","templated":true}]}}