{"id":2556,"date":"2025-09-13T15:55:10","date_gmt":"2025-09-13T15:55:10","guid":{"rendered":"https:\/\/cvnoticias.com\/nuevapagina\/?p=2556"},"modified":"2025-09-13T15:55:11","modified_gmt":"2025-09-13T15:55:11","slug":"dif-municipal-impulsa-la-campana-para-verte-bien-en-beneficio-de-la-ninez-de-la-capital","status":"publish","type":"post","link":"https:\/\/cvnoticias.com\/nuevapagina\/index.php\/2025\/09\/13\/dif-municipal-impulsa-la-campana-para-verte-bien-en-beneficio-de-la-ninez-de-la-capital\/","title":{"rendered":"DIF Municipal impulsa la campa\u00f1a \u201cPara Verte Bien\u201d en beneficio de la ni\u00f1ez de la capital"},"content":{"rendered":"\n<p><\/p>\n\n\n\n<ul class=\"wp-block-list\">\n<li>M\u00e1s de 200 vecinitas y vecinitos recibieron lentes graduados y kits escolares<\/li>\n<\/ul>\n\n\n\n<p>Oaxaca de Ju\u00e1rez, Oax., 12 de septiembre de 2025.- Con el compromiso de garantizar un mejor futuro para la ni\u00f1ez de la capital, el DIF Municipal de Oaxaca de Ju\u00e1rez, que preside la se\u00f1ora Gabriela Garc\u00eda Fern\u00e1ndez del Campo, en coordinaci\u00f3n con la Fundaci\u00f3n Cimarr\u00f3n, realiz\u00f3 la entrega de lentes graduados y kits de material escolar como parte de la campa\u00f1a \u201cPara Verte Bien\u201d.<\/p>\n\n\n\n<p>Durante esta jornada, 213 ni\u00f1as y ni\u00f1os de escuelas primarias de distintas agencias municipales fueron beneficiados con lentes que les permitir\u00e1n mejorar su salud visual y su desempe\u00f1o escolar. La Presidenta Honoraria del DIF Municipal resalt\u00f3 la importancia de sumar esfuerzos para que la ni\u00f1ez tenga m\u00e1s oportunidades de aprendizaje y desarrollo.<\/p>\n\n\n\n<p>La actividad se llev\u00f3 a cabo en la cancha de la Unidad Deportiva de Los Conos, en la agencia de Cinco Se\u00f1ores, donde madres, padres de familia, vecinas y vecinos en general acompa\u00f1aron a las y los beneficiarios, fortaleciendo as\u00ed la educaci\u00f3n y la salud.<\/p>\n\n\n\n<p>La campa\u00f1a \u201cPara Verte Bien\u201d refrenda el compromiso del Ayuntamiento de Oaxaca de Ju\u00e1rez que preside Ray Chagoya y del DIF Municipal de seguir impulsando acciones que mejoren la calidad de vida de las ni\u00f1as y ni\u00f1os de la capital.<\/p>\n","protected":false},"excerpt":{"rendered":"<p>Oaxaca de Ju\u00e1rez, Oax., 12 de septiembre de 2025.- Con el compromiso de garantizar un&#8230;<\/p>\n","protected":false},"author":2,"featured_media":2564,"comment_status":"open","ping_status":"closed","sticky":false,"template":"","format":"standard","meta":{"footnotes":""},"categories":[3],"tags":[],"class_list":["post-2556","post","type-post","status-publish","format-standard","has-post-thumbnail","hentry","category-comunicadosdeprensa"],"yoast_head":"<!-- This site is optimized with the Yoast SEO plugin v27.5 - https:\/\/yoast.com\/product\/yoast-seo-wordpress\/ -->\n<title>DIF Municipal impulsa la campa\u00f1a \u201cPara Verte Bien\u201d en beneficio de la ni\u00f1ez de la capital - CV Noticias<\/title>\n<meta name=\"robots\" content=\"index, follow, max-snippet:-1, max-image-preview:large, max-video-preview:-1\" \/>\n<link rel=\"canonical\" href=\"https:\/\/cvnoticias.com\/nuevapagina\/index.php\/2025\/09\/13\/dif-municipal-impulsa-la-campana-para-verte-bien-en-beneficio-de-la-ninez-de-la-capital\/\" \/>\n<meta property=\"og:locale\" content=\"es_ES\" \/>\n<meta property=\"og:type\" content=\"article\" \/>\n<meta property=\"og:title\" content=\"DIF Municipal impulsa la campa\u00f1a \u201cPara Verte Bien\u201d en beneficio de la ni\u00f1ez de la capital - CV Noticias\" \/>\n<meta property=\"og:description\" content=\"Oaxaca de Ju\u00e1rez, Oax., 12 de septiembre de 2025.- Con el compromiso de garantizar un...\" \/>\n<meta property=\"og:url\" content=\"https:\/\/cvnoticias.com\/nuevapagina\/index.php\/2025\/09\/13\/dif-municipal-impulsa-la-campana-para-verte-bien-en-beneficio-de-la-ninez-de-la-capital\/\" \/>\n<meta property=\"og:site_name\" content=\"CV Noticias\" \/>\n<meta property=\"article:published_time\" content=\"2025-09-13T15:55:10+00:00\" \/>\n<meta property=\"article:modified_time\" content=\"2025-09-13T15:55:11+00:00\" \/>\n<meta property=\"og:image\" content=\"https:\/\/cvnoticias.com\/nuevapagina\/wp-content\/uploads\/2025\/09\/WhatsApp-Image-2025-09-13-at-9.11.23-AM.jpeg\" \/>\n\t<meta property=\"og:image:width\" content=\"1069\" \/>\n\t<meta property=\"og:image:height\" content=\"715\" \/>\n\t<meta property=\"og:image:type\" content=\"image\/jpeg\" \/>\n<meta name=\"author\" content=\"CvNoticias\" \/>\n<meta name=\"twitter:card\" content=\"summary_large_image\" \/>\n<meta name=\"twitter:label1\" content=\"Escrito por\" \/>\n\t<meta name=\"twitter:data1\" content=\"CvNoticias\" \/>\n\t<meta name=\"twitter:label2\" content=\"Tiempo de lectura\" \/>\n\t<meta name=\"twitter:data2\" content=\"2 minutos\" \/>\n<script type=\"application\/ld+json\" class=\"yoast-schema-graph\">{\"@context\":\"https:\\\/\\\/schema.org\",\"@graph\":[{\"@type\":\"Article\",\"@id\":\"https:\\\/\\\/cvnoticias.com\\\/nuevapagina\\\/index.php\\\/2025\\\/09\\\/13\\\/dif-municipal-impulsa-la-campana-para-verte-bien-en-beneficio-de-la-ninez-de-la-capital\\\/#article\",\"isPartOf\":{\"@id\":\"https:\\\/\\\/cvnoticias.com\\\/nuevapagina\\\/index.php\\\/2025\\\/09\\\/13\\\/dif-municipal-impulsa-la-campana-para-verte-bien-en-beneficio-de-la-ninez-de-la-capital\\\/\"},\"author\":{\"name\":\"CvNoticias\",\"@id\":\"https:\\\/\\\/cvnoticias.com\\\/nuevapagina\\\/#\\\/schema\\\/person\\\/19e35f246421a31486be7321065f7463\"},\"headline\":\"DIF Municipal impulsa la campa\u00f1a \u201cPara Verte Bien\u201d en beneficio de la ni\u00f1ez de la capital\",\"datePublished\":\"2025-09-13T15:55:10+00:00\",\"dateModified\":\"2025-09-13T15:55:11+00:00\",\"mainEntityOfPage\":{\"@id\":\"https:\\\/\\\/cvnoticias.com\\\/nuevapagina\\\/index.php\\\/2025\\\/09\\\/13\\\/dif-municipal-impulsa-la-campana-para-verte-bien-en-beneficio-de-la-ninez-de-la-capital\\\/\"},\"wordCount\":252,\"commentCount\":0,\"publisher\":{\"@id\":\"https:\\\/\\\/cvnoticias.com\\\/nuevapagina\\\/#organization\"},\"image\":{\"@id\":\"https:\\\/\\\/cvnoticias.com\\\/nuevapagina\\\/index.php\\\/2025\\\/09\\\/13\\\/dif-municipal-impulsa-la-campana-para-verte-bien-en-beneficio-de-la-ninez-de-la-capital\\\/#primaryimage\"},\"thumbnailUrl\":\"https:\\\/\\\/cvnoticias.com\\\/nuevapagina\\\/wp-content\\\/uploads\\\/2025\\\/09\\\/WhatsApp-Image-2025-09-13-at-9.11.23-AM.jpeg\",\"articleSection\":[\"Comunicados\"],\"inLanguage\":\"es\",\"potentialAction\":[{\"@type\":\"CommentAction\",\"name\":\"Comment\",\"target\":[\"https:\\\/\\\/cvnoticias.com\\\/nuevapagina\\\/index.php\\\/2025\\\/09\\\/13\\\/dif-municipal-impulsa-la-campana-para-verte-bien-en-beneficio-de-la-ninez-de-la-capital\\\/#respond\"]}]},{\"@type\":\"WebPage\",\"@id\":\"https:\\\/\\\/cvnoticias.com\\\/nuevapagina\\\/index.php\\\/2025\\\/09\\\/13\\\/dif-municipal-impulsa-la-campana-para-verte-bien-en-beneficio-de-la-ninez-de-la-capital\\\/\",\"url\":\"https:\\\/\\\/cvnoticias.com\\\/nuevapagina\\\/index.php\\\/2025\\\/09\\\/13\\\/dif-municipal-impulsa-la-campana-para-verte-bien-en-beneficio-de-la-ninez-de-la-capital\\\/\",\"name\":\"DIF Municipal impulsa la campa\u00f1a \u201cPara Verte Bien\u201d en beneficio de la ni\u00f1ez de la capital - CV Noticias\",\"isPartOf\":{\"@id\":\"https:\\\/\\\/cvnoticias.com\\\/nuevapagina\\\/#website\"},\"primaryImageOfPage\":{\"@id\":\"https:\\\/\\\/cvnoticias.com\\\/nuevapagina\\\/index.php\\\/2025\\\/09\\\/13\\\/dif-municipal-impulsa-la-campana-para-verte-bien-en-beneficio-de-la-ninez-de-la-capital\\\/#primaryimage\"},\"image\":{\"@id\":\"https:\\\/\\\/cvnoticias.com\\\/nuevapagina\\\/index.php\\\/2025\\\/09\\\/13\\\/dif-municipal-impulsa-la-campana-para-verte-bien-en-beneficio-de-la-ninez-de-la-capital\\\/#primaryimage\"},\"thumbnailUrl\":\"https:\\\/\\\/cvnoticias.com\\\/nuevapagina\\\/wp-content\\\/uploads\\\/2025\\\/09\\\/WhatsApp-Image-2025-09-13-at-9.11.23-AM.jpeg\",\"datePublished\":\"2025-09-13T15:55:10+00:00\",\"dateModified\":\"2025-09-13T15:55:11+00:00\",\"breadcrumb\":{\"@id\":\"https:\\\/\\\/cvnoticias.com\\\/nuevapagina\\\/index.php\\\/2025\\\/09\\\/13\\\/dif-municipal-impulsa-la-campana-para-verte-bien-en-beneficio-de-la-ninez-de-la-capital\\\/#breadcrumb\"},\"inLanguage\":\"es\",\"potentialAction\":[{\"@type\":\"ReadAction\",\"target\":[\"https:\\\/\\\/cvnoticias.com\\\/nuevapagina\\\/index.php\\\/2025\\\/09\\\/13\\\/dif-municipal-impulsa-la-campana-para-verte-bien-en-beneficio-de-la-ninez-de-la-capital\\\/\"]}]},{\"@type\":\"ImageObject\",\"inLanguage\":\"es\",\"@id\":\"https:\\\/\\\/cvnoticias.com\\\/nuevapagina\\\/index.php\\\/2025\\\/09\\\/13\\\/dif-municipal-impulsa-la-campana-para-verte-bien-en-beneficio-de-la-ninez-de-la-capital\\\/#primaryimage\",\"url\":\"https:\\\/\\\/cvnoticias.com\\\/nuevapagina\\\/wp-content\\\/uploads\\\/2025\\\/09\\\/WhatsApp-Image-2025-09-13-at-9.11.23-AM.jpeg\",\"contentUrl\":\"https:\\\/\\\/cvnoticias.com\\\/nuevapagina\\\/wp-content\\\/uploads\\\/2025\\\/09\\\/WhatsApp-Image-2025-09-13-at-9.11.23-AM.jpeg\",\"width\":1069,\"height\":715},{\"@type\":\"BreadcrumbList\",\"@id\":\"https:\\\/\\\/cvnoticias.com\\\/nuevapagina\\\/index.php\\\/2025\\\/09\\\/13\\\/dif-municipal-impulsa-la-campana-para-verte-bien-en-beneficio-de-la-ninez-de-la-capital\\\/#breadcrumb\",\"itemListElement\":[{\"@type\":\"ListItem\",\"position\":1,\"name\":\"Portada\",\"item\":\"https:\\\/\\\/cvnoticias.com\\\/nuevapagina\\\/\"},{\"@type\":\"ListItem\",\"position\":2,\"name\":\"DIF Municipal impulsa la campa\u00f1a \u201cPara Verte Bien\u201d en beneficio de la ni\u00f1ez de la capital\"}]},{\"@type\":\"WebSite\",\"@id\":\"https:\\\/\\\/cvnoticias.com\\\/nuevapagina\\\/#website\",\"url\":\"https:\\\/\\\/cvnoticias.com\\\/nuevapagina\\\/\",\"name\":\"CV Noticias\",\"description\":\"Noticias de Oaxaca\",\"publisher\":{\"@id\":\"https:\\\/\\\/cvnoticias.com\\\/nuevapagina\\\/#organization\"},\"potentialAction\":[{\"@type\":\"SearchAction\",\"target\":{\"@type\":\"EntryPoint\",\"urlTemplate\":\"https:\\\/\\\/cvnoticias.com\\\/nuevapagina\\\/?s={search_term_string}\"},\"query-input\":{\"@type\":\"PropertyValueSpecification\",\"valueRequired\":true,\"valueName\":\"search_term_string\"}}],\"inLanguage\":\"es\"},{\"@type\":\"Organization\",\"@id\":\"https:\\\/\\\/cvnoticias.com\\\/nuevapagina\\\/#organization\",\"name\":\"CV Noticias\",\"url\":\"https:\\\/\\\/cvnoticias.com\\\/nuevapagina\\\/\",\"logo\":{\"@type\":\"ImageObject\",\"inLanguage\":\"es\",\"@id\":\"https:\\\/\\\/cvnoticias.com\\\/nuevapagina\\\/#\\\/schema\\\/logo\\\/image\\\/\",\"url\":\"https:\\\/\\\/cvnoticias.com\\\/nuevapagina\\\/wp-content\\\/uploads\\\/2025\\\/05\\\/cropped-logo-1.png\",\"contentUrl\":\"https:\\\/\\\/cvnoticias.com\\\/nuevapagina\\\/wp-content\\\/uploads\\\/2025\\\/05\\\/cropped-logo-1.png\",\"width\":320,\"height\":118,\"caption\":\"CV Noticias\"},\"image\":{\"@id\":\"https:\\\/\\\/cvnoticias.com\\\/nuevapagina\\\/#\\\/schema\\\/logo\\\/image\\\/\"}},{\"@type\":\"Person\",\"@id\":\"https:\\\/\\\/cvnoticias.com\\\/nuevapagina\\\/#\\\/schema\\\/person\\\/19e35f246421a31486be7321065f7463\",\"name\":\"CvNoticias\",\"image\":{\"@type\":\"ImageObject\",\"inLanguage\":\"es\",\"@id\":\"https:\\\/\\\/secure.gravatar.com\\\/avatar\\\/c3a4375d38fd8f9b34ac9e853cb706a079817c78f9a39e33b16a2b2b2e51688a?s=96&d=mm&r=g\",\"url\":\"https:\\\/\\\/secure.gravatar.com\\\/avatar\\\/c3a4375d38fd8f9b34ac9e853cb706a079817c78f9a39e33b16a2b2b2e51688a?s=96&d=mm&r=g\",\"contentUrl\":\"https:\\\/\\\/secure.gravatar.com\\\/avatar\\\/c3a4375d38fd8f9b34ac9e853cb706a079817c78f9a39e33b16a2b2b2e51688a?s=96&d=mm&r=g\",\"caption\":\"CvNoticias\"},\"url\":\"https:\\\/\\\/cvnoticias.com\\\/nuevapagina\\\/index.php\\\/author\\\/gesner\\\/\"}]}<\/script>\n<!-- \/ Yoast SEO plugin. -->","yoast_head_json":{"title":"DIF Municipal impulsa la campa\u00f1a \u201cPara Verte Bien\u201d en beneficio de la ni\u00f1ez de la capital - CV Noticias","robots":{"index":"index","follow":"follow","max-snippet":"max-snippet:-1","max-image-preview":"max-image-preview:large","max-video-preview":"max-video-preview:-1"},"canonical":"https:\/\/cvnoticias.com\/nuevapagina\/index.php\/2025\/09\/13\/dif-municipal-impulsa-la-campana-para-verte-bien-en-beneficio-de-la-ninez-de-la-capital\/","og_locale":"es_ES","og_type":"article","og_title":"DIF Municipal impulsa la campa\u00f1a \u201cPara Verte Bien\u201d en beneficio de la ni\u00f1ez de la capital - CV Noticias","og_description":"Oaxaca de Ju\u00e1rez, Oax., 12 de septiembre de 2025.- Con el compromiso de garantizar un...","og_url":"https:\/\/cvnoticias.com\/nuevapagina\/index.php\/2025\/09\/13\/dif-municipal-impulsa-la-campana-para-verte-bien-en-beneficio-de-la-ninez-de-la-capital\/","og_site_name":"CV Noticias","article_published_time":"2025-09-13T15:55:10+00:00","article_modified_time":"2025-09-13T15:55:11+00:00","og_image":[{"width":1069,"height":715,"url":"https:\/\/cvnoticias.com\/nuevapagina\/wp-content\/uploads\/2025\/09\/WhatsApp-Image-2025-09-13-at-9.11.23-AM.jpeg","type":"image\/jpeg"}],"author":"CvNoticias","twitter_card":"summary_large_image","twitter_misc":{"Escrito por":"CvNoticias","Tiempo de lectura":"2 minutos"},"schema":{"@context":"https:\/\/schema.org","@graph":[{"@type":"Article","@id":"https:\/\/cvnoticias.com\/nuevapagina\/index.php\/2025\/09\/13\/dif-municipal-impulsa-la-campana-para-verte-bien-en-beneficio-de-la-ninez-de-la-capital\/#article","isPartOf":{"@id":"https:\/\/cvnoticias.com\/nuevapagina\/index.php\/2025\/09\/13\/dif-municipal-impulsa-la-campana-para-verte-bien-en-beneficio-de-la-ninez-de-la-capital\/"},"author":{"name":"CvNoticias","@id":"https:\/\/cvnoticias.com\/nuevapagina\/#\/schema\/person\/19e35f246421a31486be7321065f7463"},"headline":"DIF Municipal impulsa la campa\u00f1a \u201cPara Verte Bien\u201d en beneficio de la ni\u00f1ez de la capital","datePublished":"2025-09-13T15:55:10+00:00","dateModified":"2025-09-13T15:55:11+00:00","mainEntityOfPage":{"@id":"https:\/\/cvnoticias.com\/nuevapagina\/index.php\/2025\/09\/13\/dif-municipal-impulsa-la-campana-para-verte-bien-en-beneficio-de-la-ninez-de-la-capital\/"},"wordCount":252,"commentCount":0,"publisher":{"@id":"https:\/\/cvnoticias.com\/nuevapagina\/#organization"},"image":{"@id":"https:\/\/cvnoticias.com\/nuevapagina\/index.php\/2025\/09\/13\/dif-municipal-impulsa-la-campana-para-verte-bien-en-beneficio-de-la-ninez-de-la-capital\/#primaryimage"},"thumbnailUrl":"https:\/\/cvnoticias.com\/nuevapagina\/wp-content\/uploads\/2025\/09\/WhatsApp-Image-2025-09-13-at-9.11.23-AM.jpeg","articleSection":["Comunicados"],"inLanguage":"es","potentialAction":[{"@type":"CommentAction","name":"Comment","target":["https:\/\/cvnoticias.com\/nuevapagina\/index.php\/2025\/09\/13\/dif-municipal-impulsa-la-campana-para-verte-bien-en-beneficio-de-la-ninez-de-la-capital\/#respond"]}]},{"@type":"WebPage","@id":"https:\/\/cvnoticias.com\/nuevapagina\/index.php\/2025\/09\/13\/dif-municipal-impulsa-la-campana-para-verte-bien-en-beneficio-de-la-ninez-de-la-capital\/","url":"https:\/\/cvnoticias.com\/nuevapagina\/index.php\/2025\/09\/13\/dif-municipal-impulsa-la-campana-para-verte-bien-en-beneficio-de-la-ninez-de-la-capital\/","name":"DIF Municipal impulsa la campa\u00f1a \u201cPara Verte Bien\u201d en beneficio de la ni\u00f1ez de la capital - CV Noticias","isPartOf":{"@id":"https:\/\/cvnoticias.com\/nuevapagina\/#website"},"primaryImageOfPage":{"@id":"https:\/\/cvnoticias.com\/nuevapagina\/index.php\/2025\/09\/13\/dif-municipal-impulsa-la-campana-para-verte-bien-en-beneficio-de-la-ninez-de-la-capital\/#primaryimage"},"image":{"@id":"https:\/\/cvnoticias.com\/nuevapagina\/index.php\/2025\/09\/13\/dif-municipal-impulsa-la-campana-para-verte-bien-en-beneficio-de-la-ninez-de-la-capital\/#primaryimage"},"thumbnailUrl":"https:\/\/cvnoticias.com\/nuevapagina\/wp-content\/uploads\/2025\/09\/WhatsApp-Image-2025-09-13-at-9.11.23-AM.jpeg","datePublished":"2025-09-13T15:55:10+00:00","dateModified":"2025-09-13T15:55:11+00:00","breadcrumb":{"@id":"https:\/\/cvnoticias.com\/nuevapagina\/index.php\/2025\/09\/13\/dif-municipal-impulsa-la-campana-para-verte-bien-en-beneficio-de-la-ninez-de-la-capital\/#breadcrumb"},"inLanguage":"es","potentialAction":[{"@type":"ReadAction","target":["https:\/\/cvnoticias.com\/nuevapagina\/index.php\/2025\/09\/13\/dif-municipal-impulsa-la-campana-para-verte-bien-en-beneficio-de-la-ninez-de-la-capital\/"]}]},{"@type":"ImageObject","inLanguage":"es","@id":"https:\/\/cvnoticias.com\/nuevapagina\/index.php\/2025\/09\/13\/dif-municipal-impulsa-la-campana-para-verte-bien-en-beneficio-de-la-ninez-de-la-capital\/#primaryimage","url":"https:\/\/cvnoticias.com\/nuevapagina\/wp-content\/uploads\/2025\/09\/WhatsApp-Image-2025-09-13-at-9.11.23-AM.jpeg","contentUrl":"https:\/\/cvnoticias.com\/nuevapagina\/wp-content\/uploads\/2025\/09\/WhatsApp-Image-2025-09-13-at-9.11.23-AM.jpeg","width":1069,"height":715},{"@type":"BreadcrumbList","@id":"https:\/\/cvnoticias.com\/nuevapagina\/index.php\/2025\/09\/13\/dif-municipal-impulsa-la-campana-para-verte-bien-en-beneficio-de-la-ninez-de-la-capital\/#breadcrumb","itemListElement":[{"@type":"ListItem","position":1,"name":"Portada","item":"https:\/\/cvnoticias.com\/nuevapagina\/"},{"@type":"ListItem","position":2,"name":"DIF Municipal impulsa la campa\u00f1a \u201cPara Verte Bien\u201d en beneficio de la ni\u00f1ez de la capital"}]},{"@type":"WebSite","@id":"https:\/\/cvnoticias.com\/nuevapagina\/#website","url":"https:\/\/cvnoticias.com\/nuevapagina\/","name":"CV Noticias","description":"Noticias de Oaxaca","publisher":{"@id":"https:\/\/cvnoticias.com\/nuevapagina\/#organization"},"potentialAction":[{"@type":"SearchAction","target":{"@type":"EntryPoint","urlTemplate":"https:\/\/cvnoticias.com\/nuevapagina\/?s={search_term_string}"},"query-input":{"@type":"PropertyValueSpecification","valueRequired":true,"valueName":"search_term_string"}}],"inLanguage":"es"},{"@type":"Organization","@id":"https:\/\/cvnoticias.com\/nuevapagina\/#organization","name":"CV Noticias","url":"https:\/\/cvnoticias.com\/nuevapagina\/","logo":{"@type":"ImageObject","inLanguage":"es","@id":"https:\/\/cvnoticias.com\/nuevapagina\/#\/schema\/logo\/image\/","url":"https:\/\/cvnoticias.com\/nuevapagina\/wp-content\/uploads\/2025\/05\/cropped-logo-1.png","contentUrl":"https:\/\/cvnoticias.com\/nuevapagina\/wp-content\/uploads\/2025\/05\/cropped-logo-1.png","width":320,"height":118,"caption":"CV Noticias"},"image":{"@id":"https:\/\/cvnoticias.com\/nuevapagina\/#\/schema\/logo\/image\/"}},{"@type":"Person","@id":"https:\/\/cvnoticias.com\/nuevapagina\/#\/schema\/person\/19e35f246421a31486be7321065f7463","name":"CvNoticias","image":{"@type":"ImageObject","inLanguage":"es","@id":"https:\/\/secure.gravatar.com\/avatar\/c3a4375d38fd8f9b34ac9e853cb706a079817c78f9a39e33b16a2b2b2e51688a?s=96&d=mm&r=g","url":"https:\/\/secure.gravatar.com\/avatar\/c3a4375d38fd8f9b34ac9e853cb706a079817c78f9a39e33b16a2b2b2e51688a?s=96&d=mm&r=g","contentUrl":"https:\/\/secure.gravatar.com\/avatar\/c3a4375d38fd8f9b34ac9e853cb706a079817c78f9a39e33b16a2b2b2e51688a?s=96&d=mm&r=g","caption":"CvNoticias"},"url":"https:\/\/cvnoticias.com\/nuevapagina\/index.php\/author\/gesner\/"}]}},"_links":{"self":[{"href":"https:\/\/cvnoticias.com\/nuevapagina\/index.php\/wp-json\/wp\/v2\/posts\/2556","targetHints":{"allow":["GET"]}}],"collection":[{"href":"https:\/\/cvnoticias.com\/nuevapagina\/index.php\/wp-json\/wp\/v2\/posts"}],"about":[{"href":"https:\/\/cvnoticias.com\/nuevapagina\/index.php\/wp-json\/wp\/v2\/types\/post"}],"author":[{"embeddable":true,"href":"https:\/\/cvnoticias.com\/nuevapagina\/index.php\/wp-json\/wp\/v2\/users\/2"}],"replies":[{"embeddable":true,"href":"https:\/\/cvnoticias.com\/nuevapagina\/index.php\/wp-json\/wp\/v2\/comments?post=2556"}],"version-history":[{"count":1,"href":"https:\/\/cvnoticias.com\/nuevapagina\/index.php\/wp-json\/wp\/v2\/posts\/2556\/revisions"}],"predecessor-version":[{"id":2565,"href":"https:\/\/cvnoticias.com\/nuevapagina\/index.php\/wp-json\/wp\/v2\/posts\/2556\/revisions\/2565"}],"wp:featuredmedia":[{"embeddable":true,"href":"https:\/\/cvnoticias.com\/nuevapagina\/index.php\/wp-json\/wp\/v2\/media\/2564"}],"wp:attachment":[{"href":"https:\/\/cvnoticias.com\/nuevapagina\/index.php\/wp-json\/wp\/v2\/media?parent=2556"}],"wp:term":[{"taxonomy":"category","embeddable":true,"href":"https:\/\/cvnoticias.com\/nuevapagina\/index.php\/wp-json\/wp\/v2\/categories?post=2556"},{"taxonomy":"post_tag","embeddable":true,"href":"https:\/\/cvnoticias.com\/nuevapagina\/index.php\/wp-json\/wp\/v2\/tags?post=2556"}],"curies":[{"name":"wp","href":"https:\/\/api.w.org\/{rel}","templated":true}]}}