{"id":2550,"date":"2025-09-13T15:12:08","date_gmt":"2025-09-13T15:12:08","guid":{"rendered":"https:\/\/cvnoticias.com\/nuevapagina\/?p=2550"},"modified":"2025-09-13T15:12:10","modified_gmt":"2025-09-13T15:12:10","slug":"paquete-economico-2026-un-presupuesto-historico-para-el-bienestar-de-mexico-y-un-logro-sin-precedentes-para-oaxaca-nino-morales","status":"publish","type":"post","link":"https:\/\/cvnoticias.com\/nuevapagina\/index.php\/2025\/09\/13\/paquete-economico-2026-un-presupuesto-historico-para-el-bienestar-de-mexico-y-un-logro-sin-precedentes-para-oaxaca-nino-morales\/","title":{"rendered":"Paquete econ\u00f3mico 2026, un presupuesto hist\u00f3rico para el bienestar de M\u00e9xico y un logro sin precedentes para Oaxaca: Nino Morales"},"content":{"rendered":"\n<p><em>PAQUETE ECON\u00d3MICO 2026, UN PRESUPUESTO HIST\u00d3RICO PARA EL BIENESTAR DE M\u00c9XICO Y UN LOGRO SIN PRECEDENTES PARA OAXACA: NINO MORALES<\/em><\/p>\n\n\n\n<p>\u2022 Aumentan m\u00e1s de 6% participaciones federales para Oaxaca<\/p>\n\n\n\n<p>El Paquete Econ\u00f3mico 2026 presentado por la presidenta de M\u00e9xico, Claudia Sheinbaum Pardo, es la materializaci\u00f3n de un gobierno responsable que, con finanzas sanas, cumple con el desarrollo, la prosperidad y el bienestar de M\u00e9xico, asever\u00f3 el senador oaxaque\u00f1o Antonino Morales Toledo, al reafirmar el compromiso de Morena en el Senado de la Rep\u00fablica para aprobar el paquete econ\u00f3mico propuesto para el pr\u00f3ximo a\u00f1o, pues beneficia a las mayor\u00edas y consolida el proyecto humanista de naci\u00f3n que el pueblo decidi\u00f3 con su voto.<\/p>\n\n\n\n<p>\u201cEste presupuesto garantiza y ampl\u00eda todos los Programas para el Bienestar, columna vertebral de la transformaci\u00f3n que ha sacado de la pobreza a millones de mexicanos. Contempla aumentos sustanciales en salud, educaci\u00f3n, vivienda, seguridad e inversi\u00f3n p\u00fablica, demostrando que, para la Cuarta Transformaci\u00f3n, el gasto social es una inversi\u00f3n prioritaria en el bienestar de la gente, no una d\u00e1diva como lo ve\u00eda el neoliberalismo\u00bb, dijo Nino Morales.<\/p>\n\n\n\n<p>El legislador zapoteco resalt\u00f3 que no se aumentar\u00e1 el Impuesto al Valor Agregado (IVA) ni el Impuesto Sobre la Renta (ISR), sin embargo, s\u00ed se incrementar\u00e1n los ingresos con la modificaci\u00f3n a la Ley de Aduanas y, como parte del Plan M\u00e9xico, se aplicar\u00e1n aranceles a importaciones de pa\u00edses con los que no se tiene tratado comercial con el objetivo de proteger a las industrias textil, de calzado y automotriz para producir m\u00e1s en el pa\u00eds.<\/p>\n\n\n\n<p>Morales Toledo explic\u00f3 que la propuesta presupuestal asegura el rescate de Petr\u00f3leos Mexicanos (Pemex), heredado con una pesada carga de deuda por las administraciones pasadas y asever\u00f3 que es un acto de justicia y soberan\u00eda sanear las finanzas de la empresa productiva del Estado, de la corrupci\u00f3n y la mala gesti\u00f3n que prevalecieron en los gobiernos de Felipe Calder\u00f3n y Enrique Pe\u00f1a Nieto.<\/p>\n\n\n\n<p>Nino Morales dijo que las administraciones del expresidente L\u00f3pez Obrador y de la presidenta Sheinbaum han tenido la responsabilidad y la honestidad de enfrentar esos compromisos heredados sin evadirlos, al tiempo que se incrementa la inversi\u00f3n social.<\/p>\n\n\n\n<p>\u201cLa hipocres\u00eda del conservadurismo queda al descubierto cuando quienes vaciaron las arcas p\u00fablicas ahora cuestionan una gesti\u00f3n fiscal ejemplar que ha alcanzado niveles hist\u00f3ricos en recaudaci\u00f3n, combatiendo la evasi\u00f3n fiscal y la corrupci\u00f3n en aduanas, sin necesidad de crear nuevos impuestos generales que afecten a las familias\u00bb, se\u00f1al\u00f3.<\/p>\n\n\n\n<p>En tanto, el senador por Oaxaca, explic\u00f3 que el paquete econ\u00f3mico 2026 aumenta las participaciones federales a las entidades federativas, especialmente a Oaxaca, \u201ccomo resultado de la confianza de la Federaci\u00f3n en la eficiente gesti\u00f3n del Gobernador Salom\u00f3n Jara y los avances de la Primavera Oaxaque\u00f1a, nuestro estado ha sido reconocido con un incremento hist\u00f3rico del 6.4% en sus Participaciones Federales 2026, muy por encima del promedio nacional\u201d.<\/p>\n\n\n\n<p>Finalmente, el senador Antonino Morales agradeci\u00f3 el respaldo y cari\u00f1o de la presidenta Sheinbaum para Oaxaca, pues en el proyecto de presupuesto de egresos 2026 propone asignarle m\u00e1s de 69 mil 182 millones de pesos de participaciones federales, lo que se traducir\u00e1 en 4 mil millones de pesos adicionales para fortalecer la salud, la educaci\u00f3n, la seguridad y la infraestructura en nuestro estado, \u201ceste logro es un reflejo directo del trabajo serio, honesto y con sentido social que se realiza el gobernador Salom\u00f3n Jara Cruz en Oaxaca\u201d.<\/p>\n\n\n\n<p>&#8212;000&#8212;<\/p>\n\n\n\n<p><\/p>\n","protected":false},"excerpt":{"rendered":"<p>PAQUETE ECON\u00d3MICO 2026, UN PRESUPUESTO HIST\u00d3RICO PARA EL BIENESTAR DE M\u00c9XICO Y UN LOGRO SIN&#8230;<\/p>\n","protected":false},"author":2,"featured_media":2551,"comment_status":"open","ping_status":"closed","sticky":false,"template":"","format":"standard","meta":{"footnotes":""},"categories":[3],"tags":[],"class_list":["post-2550","post","type-post","status-publish","format-standard","has-post-thumbnail","hentry","category-comunicadosdeprensa"],"yoast_head":"<!-- This site is optimized with the Yoast SEO plugin v27.5 - https:\/\/yoast.com\/product\/yoast-seo-wordpress\/ -->\n<title>Paquete econ\u00f3mico 2026, un presupuesto hist\u00f3rico para el bienestar de M\u00e9xico y un logro sin precedentes para Oaxaca: Nino Morales - CV Noticias<\/title>\n<meta name=\"robots\" content=\"index, follow, max-snippet:-1, max-image-preview:large, max-video-preview:-1\" \/>\n<link rel=\"canonical\" href=\"https:\/\/cvnoticias.com\/nuevapagina\/index.php\/2025\/09\/13\/paquete-economico-2026-un-presupuesto-historico-para-el-bienestar-de-mexico-y-un-logro-sin-precedentes-para-oaxaca-nino-morales\/\" \/>\n<meta property=\"og:locale\" content=\"es_ES\" \/>\n<meta property=\"og:type\" content=\"article\" \/>\n<meta property=\"og:title\" content=\"Paquete econ\u00f3mico 2026, un presupuesto hist\u00f3rico para el bienestar de M\u00e9xico y un logro sin precedentes para Oaxaca: Nino Morales - CV Noticias\" \/>\n<meta property=\"og:description\" content=\"PAQUETE ECON\u00d3MICO 2026, UN PRESUPUESTO HIST\u00d3RICO PARA EL BIENESTAR DE M\u00c9XICO Y UN LOGRO SIN...\" \/>\n<meta property=\"og:url\" content=\"https:\/\/cvnoticias.com\/nuevapagina\/index.php\/2025\/09\/13\/paquete-economico-2026-un-presupuesto-historico-para-el-bienestar-de-mexico-y-un-logro-sin-precedentes-para-oaxaca-nino-morales\/\" \/>\n<meta property=\"og:site_name\" content=\"CV Noticias\" \/>\n<meta property=\"article:published_time\" content=\"2025-09-13T15:12:08+00:00\" \/>\n<meta property=\"article:modified_time\" content=\"2025-09-13T15:12:10+00:00\" \/>\n<meta property=\"og:image\" content=\"https:\/\/cvnoticias.com\/nuevapagina\/wp-content\/uploads\/2025\/09\/aa666145-79a6-4ff7-9b65-ce38f7922b49.jpeg\" \/>\n\t<meta property=\"og:image:width\" content=\"659\" \/>\n\t<meta property=\"og:image:height\" content=\"465\" \/>\n\t<meta property=\"og:image:type\" content=\"image\/jpeg\" \/>\n<meta name=\"author\" content=\"CvNoticias\" \/>\n<meta name=\"twitter:card\" content=\"summary_large_image\" \/>\n<meta name=\"twitter:label1\" content=\"Escrito por\" \/>\n\t<meta name=\"twitter:data1\" content=\"CvNoticias\" \/>\n\t<meta name=\"twitter:label2\" content=\"Tiempo de lectura\" \/>\n\t<meta name=\"twitter:data2\" content=\"3 minutos\" \/>\n<script type=\"application\/ld+json\" class=\"yoast-schema-graph\">{\"@context\":\"https:\\\/\\\/schema.org\",\"@graph\":[{\"@type\":\"Article\",\"@id\":\"https:\\\/\\\/cvnoticias.com\\\/nuevapagina\\\/index.php\\\/2025\\\/09\\\/13\\\/paquete-economico-2026-un-presupuesto-historico-para-el-bienestar-de-mexico-y-un-logro-sin-precedentes-para-oaxaca-nino-morales\\\/#article\",\"isPartOf\":{\"@id\":\"https:\\\/\\\/cvnoticias.com\\\/nuevapagina\\\/index.php\\\/2025\\\/09\\\/13\\\/paquete-economico-2026-un-presupuesto-historico-para-el-bienestar-de-mexico-y-un-logro-sin-precedentes-para-oaxaca-nino-morales\\\/\"},\"author\":{\"name\":\"CvNoticias\",\"@id\":\"https:\\\/\\\/cvnoticias.com\\\/nuevapagina\\\/#\\\/schema\\\/person\\\/19e35f246421a31486be7321065f7463\"},\"headline\":\"Paquete econ\u00f3mico 2026, un presupuesto hist\u00f3rico para el bienestar de M\u00e9xico y un logro sin precedentes para Oaxaca: Nino Morales\",\"datePublished\":\"2025-09-13T15:12:08+00:00\",\"dateModified\":\"2025-09-13T15:12:10+00:00\",\"mainEntityOfPage\":{\"@id\":\"https:\\\/\\\/cvnoticias.com\\\/nuevapagina\\\/index.php\\\/2025\\\/09\\\/13\\\/paquete-economico-2026-un-presupuesto-historico-para-el-bienestar-de-mexico-y-un-logro-sin-precedentes-para-oaxaca-nino-morales\\\/\"},\"wordCount\":628,\"commentCount\":0,\"publisher\":{\"@id\":\"https:\\\/\\\/cvnoticias.com\\\/nuevapagina\\\/#organization\"},\"image\":{\"@id\":\"https:\\\/\\\/cvnoticias.com\\\/nuevapagina\\\/index.php\\\/2025\\\/09\\\/13\\\/paquete-economico-2026-un-presupuesto-historico-para-el-bienestar-de-mexico-y-un-logro-sin-precedentes-para-oaxaca-nino-morales\\\/#primaryimage\"},\"thumbnailUrl\":\"https:\\\/\\\/cvnoticias.com\\\/nuevapagina\\\/wp-content\\\/uploads\\\/2025\\\/09\\\/aa666145-79a6-4ff7-9b65-ce38f7922b49.jpeg\",\"articleSection\":[\"Comunicados\"],\"inLanguage\":\"es\",\"potentialAction\":[{\"@type\":\"CommentAction\",\"name\":\"Comment\",\"target\":[\"https:\\\/\\\/cvnoticias.com\\\/nuevapagina\\\/index.php\\\/2025\\\/09\\\/13\\\/paquete-economico-2026-un-presupuesto-historico-para-el-bienestar-de-mexico-y-un-logro-sin-precedentes-para-oaxaca-nino-morales\\\/#respond\"]}]},{\"@type\":\"WebPage\",\"@id\":\"https:\\\/\\\/cvnoticias.com\\\/nuevapagina\\\/index.php\\\/2025\\\/09\\\/13\\\/paquete-economico-2026-un-presupuesto-historico-para-el-bienestar-de-mexico-y-un-logro-sin-precedentes-para-oaxaca-nino-morales\\\/\",\"url\":\"https:\\\/\\\/cvnoticias.com\\\/nuevapagina\\\/index.php\\\/2025\\\/09\\\/13\\\/paquete-economico-2026-un-presupuesto-historico-para-el-bienestar-de-mexico-y-un-logro-sin-precedentes-para-oaxaca-nino-morales\\\/\",\"name\":\"Paquete econ\u00f3mico 2026, un presupuesto hist\u00f3rico para el bienestar de M\u00e9xico y un logro sin precedentes para Oaxaca: Nino Morales - CV Noticias\",\"isPartOf\":{\"@id\":\"https:\\\/\\\/cvnoticias.com\\\/nuevapagina\\\/#website\"},\"primaryImageOfPage\":{\"@id\":\"https:\\\/\\\/cvnoticias.com\\\/nuevapagina\\\/index.php\\\/2025\\\/09\\\/13\\\/paquete-economico-2026-un-presupuesto-historico-para-el-bienestar-de-mexico-y-un-logro-sin-precedentes-para-oaxaca-nino-morales\\\/#primaryimage\"},\"image\":{\"@id\":\"https:\\\/\\\/cvnoticias.com\\\/nuevapagina\\\/index.php\\\/2025\\\/09\\\/13\\\/paquete-economico-2026-un-presupuesto-historico-para-el-bienestar-de-mexico-y-un-logro-sin-precedentes-para-oaxaca-nino-morales\\\/#primaryimage\"},\"thumbnailUrl\":\"https:\\\/\\\/cvnoticias.com\\\/nuevapagina\\\/wp-content\\\/uploads\\\/2025\\\/09\\\/aa666145-79a6-4ff7-9b65-ce38f7922b49.jpeg\",\"datePublished\":\"2025-09-13T15:12:08+00:00\",\"dateModified\":\"2025-09-13T15:12:10+00:00\",\"breadcrumb\":{\"@id\":\"https:\\\/\\\/cvnoticias.com\\\/nuevapagina\\\/index.php\\\/2025\\\/09\\\/13\\\/paquete-economico-2026-un-presupuesto-historico-para-el-bienestar-de-mexico-y-un-logro-sin-precedentes-para-oaxaca-nino-morales\\\/#breadcrumb\"},\"inLanguage\":\"es\",\"potentialAction\":[{\"@type\":\"ReadAction\",\"target\":[\"https:\\\/\\\/cvnoticias.com\\\/nuevapagina\\\/index.php\\\/2025\\\/09\\\/13\\\/paquete-economico-2026-un-presupuesto-historico-para-el-bienestar-de-mexico-y-un-logro-sin-precedentes-para-oaxaca-nino-morales\\\/\"]}]},{\"@type\":\"ImageObject\",\"inLanguage\":\"es\",\"@id\":\"https:\\\/\\\/cvnoticias.com\\\/nuevapagina\\\/index.php\\\/2025\\\/09\\\/13\\\/paquete-economico-2026-un-presupuesto-historico-para-el-bienestar-de-mexico-y-un-logro-sin-precedentes-para-oaxaca-nino-morales\\\/#primaryimage\",\"url\":\"https:\\\/\\\/cvnoticias.com\\\/nuevapagina\\\/wp-content\\\/uploads\\\/2025\\\/09\\\/aa666145-79a6-4ff7-9b65-ce38f7922b49.jpeg\",\"contentUrl\":\"https:\\\/\\\/cvnoticias.com\\\/nuevapagina\\\/wp-content\\\/uploads\\\/2025\\\/09\\\/aa666145-79a6-4ff7-9b65-ce38f7922b49.jpeg\",\"width\":659,\"height\":465},{\"@type\":\"BreadcrumbList\",\"@id\":\"https:\\\/\\\/cvnoticias.com\\\/nuevapagina\\\/index.php\\\/2025\\\/09\\\/13\\\/paquete-economico-2026-un-presupuesto-historico-para-el-bienestar-de-mexico-y-un-logro-sin-precedentes-para-oaxaca-nino-morales\\\/#breadcrumb\",\"itemListElement\":[{\"@type\":\"ListItem\",\"position\":1,\"name\":\"Portada\",\"item\":\"https:\\\/\\\/cvnoticias.com\\\/nuevapagina\\\/\"},{\"@type\":\"ListItem\",\"position\":2,\"name\":\"Paquete econ\u00f3mico 2026, un presupuesto hist\u00f3rico para el bienestar de M\u00e9xico y un logro sin precedentes para Oaxaca: Nino Morales\"}]},{\"@type\":\"WebSite\",\"@id\":\"https:\\\/\\\/cvnoticias.com\\\/nuevapagina\\\/#website\",\"url\":\"https:\\\/\\\/cvnoticias.com\\\/nuevapagina\\\/\",\"name\":\"CV Noticias\",\"description\":\"Noticias de Oaxaca\",\"publisher\":{\"@id\":\"https:\\\/\\\/cvnoticias.com\\\/nuevapagina\\\/#organization\"},\"potentialAction\":[{\"@type\":\"SearchAction\",\"target\":{\"@type\":\"EntryPoint\",\"urlTemplate\":\"https:\\\/\\\/cvnoticias.com\\\/nuevapagina\\\/?s={search_term_string}\"},\"query-input\":{\"@type\":\"PropertyValueSpecification\",\"valueRequired\":true,\"valueName\":\"search_term_string\"}}],\"inLanguage\":\"es\"},{\"@type\":\"Organization\",\"@id\":\"https:\\\/\\\/cvnoticias.com\\\/nuevapagina\\\/#organization\",\"name\":\"CV Noticias\",\"url\":\"https:\\\/\\\/cvnoticias.com\\\/nuevapagina\\\/\",\"logo\":{\"@type\":\"ImageObject\",\"inLanguage\":\"es\",\"@id\":\"https:\\\/\\\/cvnoticias.com\\\/nuevapagina\\\/#\\\/schema\\\/logo\\\/image\\\/\",\"url\":\"https:\\\/\\\/cvnoticias.com\\\/nuevapagina\\\/wp-content\\\/uploads\\\/2025\\\/05\\\/cropped-logo-1.png\",\"contentUrl\":\"https:\\\/\\\/cvnoticias.com\\\/nuevapagina\\\/wp-content\\\/uploads\\\/2025\\\/05\\\/cropped-logo-1.png\",\"width\":320,\"height\":118,\"caption\":\"CV Noticias\"},\"image\":{\"@id\":\"https:\\\/\\\/cvnoticias.com\\\/nuevapagina\\\/#\\\/schema\\\/logo\\\/image\\\/\"}},{\"@type\":\"Person\",\"@id\":\"https:\\\/\\\/cvnoticias.com\\\/nuevapagina\\\/#\\\/schema\\\/person\\\/19e35f246421a31486be7321065f7463\",\"name\":\"CvNoticias\",\"image\":{\"@type\":\"ImageObject\",\"inLanguage\":\"es\",\"@id\":\"https:\\\/\\\/secure.gravatar.com\\\/avatar\\\/c3a4375d38fd8f9b34ac9e853cb706a079817c78f9a39e33b16a2b2b2e51688a?s=96&d=mm&r=g\",\"url\":\"https:\\\/\\\/secure.gravatar.com\\\/avatar\\\/c3a4375d38fd8f9b34ac9e853cb706a079817c78f9a39e33b16a2b2b2e51688a?s=96&d=mm&r=g\",\"contentUrl\":\"https:\\\/\\\/secure.gravatar.com\\\/avatar\\\/c3a4375d38fd8f9b34ac9e853cb706a079817c78f9a39e33b16a2b2b2e51688a?s=96&d=mm&r=g\",\"caption\":\"CvNoticias\"},\"url\":\"https:\\\/\\\/cvnoticias.com\\\/nuevapagina\\\/index.php\\\/author\\\/gesner\\\/\"}]}<\/script>\n<!-- \/ Yoast SEO plugin. -->","yoast_head_json":{"title":"Paquete econ\u00f3mico 2026, un presupuesto hist\u00f3rico para el bienestar de M\u00e9xico y un logro sin precedentes para Oaxaca: Nino Morales - CV Noticias","robots":{"index":"index","follow":"follow","max-snippet":"max-snippet:-1","max-image-preview":"max-image-preview:large","max-video-preview":"max-video-preview:-1"},"canonical":"https:\/\/cvnoticias.com\/nuevapagina\/index.php\/2025\/09\/13\/paquete-economico-2026-un-presupuesto-historico-para-el-bienestar-de-mexico-y-un-logro-sin-precedentes-para-oaxaca-nino-morales\/","og_locale":"es_ES","og_type":"article","og_title":"Paquete econ\u00f3mico 2026, un presupuesto hist\u00f3rico para el bienestar de M\u00e9xico y un logro sin precedentes para Oaxaca: Nino Morales - CV Noticias","og_description":"PAQUETE ECON\u00d3MICO 2026, UN PRESUPUESTO HIST\u00d3RICO PARA EL BIENESTAR DE M\u00c9XICO Y UN LOGRO SIN...","og_url":"https:\/\/cvnoticias.com\/nuevapagina\/index.php\/2025\/09\/13\/paquete-economico-2026-un-presupuesto-historico-para-el-bienestar-de-mexico-y-un-logro-sin-precedentes-para-oaxaca-nino-morales\/","og_site_name":"CV Noticias","article_published_time":"2025-09-13T15:12:08+00:00","article_modified_time":"2025-09-13T15:12:10+00:00","og_image":[{"width":659,"height":465,"url":"https:\/\/cvnoticias.com\/nuevapagina\/wp-content\/uploads\/2025\/09\/aa666145-79a6-4ff7-9b65-ce38f7922b49.jpeg","type":"image\/jpeg"}],"author":"CvNoticias","twitter_card":"summary_large_image","twitter_misc":{"Escrito por":"CvNoticias","Tiempo de lectura":"3 minutos"},"schema":{"@context":"https:\/\/schema.org","@graph":[{"@type":"Article","@id":"https:\/\/cvnoticias.com\/nuevapagina\/index.php\/2025\/09\/13\/paquete-economico-2026-un-presupuesto-historico-para-el-bienestar-de-mexico-y-un-logro-sin-precedentes-para-oaxaca-nino-morales\/#article","isPartOf":{"@id":"https:\/\/cvnoticias.com\/nuevapagina\/index.php\/2025\/09\/13\/paquete-economico-2026-un-presupuesto-historico-para-el-bienestar-de-mexico-y-un-logro-sin-precedentes-para-oaxaca-nino-morales\/"},"author":{"name":"CvNoticias","@id":"https:\/\/cvnoticias.com\/nuevapagina\/#\/schema\/person\/19e35f246421a31486be7321065f7463"},"headline":"Paquete econ\u00f3mico 2026, un presupuesto hist\u00f3rico para el bienestar de M\u00e9xico y un logro sin precedentes para Oaxaca: Nino Morales","datePublished":"2025-09-13T15:12:08+00:00","dateModified":"2025-09-13T15:12:10+00:00","mainEntityOfPage":{"@id":"https:\/\/cvnoticias.com\/nuevapagina\/index.php\/2025\/09\/13\/paquete-economico-2026-un-presupuesto-historico-para-el-bienestar-de-mexico-y-un-logro-sin-precedentes-para-oaxaca-nino-morales\/"},"wordCount":628,"commentCount":0,"publisher":{"@id":"https:\/\/cvnoticias.com\/nuevapagina\/#organization"},"image":{"@id":"https:\/\/cvnoticias.com\/nuevapagina\/index.php\/2025\/09\/13\/paquete-economico-2026-un-presupuesto-historico-para-el-bienestar-de-mexico-y-un-logro-sin-precedentes-para-oaxaca-nino-morales\/#primaryimage"},"thumbnailUrl":"https:\/\/cvnoticias.com\/nuevapagina\/wp-content\/uploads\/2025\/09\/aa666145-79a6-4ff7-9b65-ce38f7922b49.jpeg","articleSection":["Comunicados"],"inLanguage":"es","potentialAction":[{"@type":"CommentAction","name":"Comment","target":["https:\/\/cvnoticias.com\/nuevapagina\/index.php\/2025\/09\/13\/paquete-economico-2026-un-presupuesto-historico-para-el-bienestar-de-mexico-y-un-logro-sin-precedentes-para-oaxaca-nino-morales\/#respond"]}]},{"@type":"WebPage","@id":"https:\/\/cvnoticias.com\/nuevapagina\/index.php\/2025\/09\/13\/paquete-economico-2026-un-presupuesto-historico-para-el-bienestar-de-mexico-y-un-logro-sin-precedentes-para-oaxaca-nino-morales\/","url":"https:\/\/cvnoticias.com\/nuevapagina\/index.php\/2025\/09\/13\/paquete-economico-2026-un-presupuesto-historico-para-el-bienestar-de-mexico-y-un-logro-sin-precedentes-para-oaxaca-nino-morales\/","name":"Paquete econ\u00f3mico 2026, un presupuesto hist\u00f3rico para el bienestar de M\u00e9xico y un logro sin precedentes para Oaxaca: Nino Morales - CV Noticias","isPartOf":{"@id":"https:\/\/cvnoticias.com\/nuevapagina\/#website"},"primaryImageOfPage":{"@id":"https:\/\/cvnoticias.com\/nuevapagina\/index.php\/2025\/09\/13\/paquete-economico-2026-un-presupuesto-historico-para-el-bienestar-de-mexico-y-un-logro-sin-precedentes-para-oaxaca-nino-morales\/#primaryimage"},"image":{"@id":"https:\/\/cvnoticias.com\/nuevapagina\/index.php\/2025\/09\/13\/paquete-economico-2026-un-presupuesto-historico-para-el-bienestar-de-mexico-y-un-logro-sin-precedentes-para-oaxaca-nino-morales\/#primaryimage"},"thumbnailUrl":"https:\/\/cvnoticias.com\/nuevapagina\/wp-content\/uploads\/2025\/09\/aa666145-79a6-4ff7-9b65-ce38f7922b49.jpeg","datePublished":"2025-09-13T15:12:08+00:00","dateModified":"2025-09-13T15:12:10+00:00","breadcrumb":{"@id":"https:\/\/cvnoticias.com\/nuevapagina\/index.php\/2025\/09\/13\/paquete-economico-2026-un-presupuesto-historico-para-el-bienestar-de-mexico-y-un-logro-sin-precedentes-para-oaxaca-nino-morales\/#breadcrumb"},"inLanguage":"es","potentialAction":[{"@type":"ReadAction","target":["https:\/\/cvnoticias.com\/nuevapagina\/index.php\/2025\/09\/13\/paquete-economico-2026-un-presupuesto-historico-para-el-bienestar-de-mexico-y-un-logro-sin-precedentes-para-oaxaca-nino-morales\/"]}]},{"@type":"ImageObject","inLanguage":"es","@id":"https:\/\/cvnoticias.com\/nuevapagina\/index.php\/2025\/09\/13\/paquete-economico-2026-un-presupuesto-historico-para-el-bienestar-de-mexico-y-un-logro-sin-precedentes-para-oaxaca-nino-morales\/#primaryimage","url":"https:\/\/cvnoticias.com\/nuevapagina\/wp-content\/uploads\/2025\/09\/aa666145-79a6-4ff7-9b65-ce38f7922b49.jpeg","contentUrl":"https:\/\/cvnoticias.com\/nuevapagina\/wp-content\/uploads\/2025\/09\/aa666145-79a6-4ff7-9b65-ce38f7922b49.jpeg","width":659,"height":465},{"@type":"BreadcrumbList","@id":"https:\/\/cvnoticias.com\/nuevapagina\/index.php\/2025\/09\/13\/paquete-economico-2026-un-presupuesto-historico-para-el-bienestar-de-mexico-y-un-logro-sin-precedentes-para-oaxaca-nino-morales\/#breadcrumb","itemListElement":[{"@type":"ListItem","position":1,"name":"Portada","item":"https:\/\/cvnoticias.com\/nuevapagina\/"},{"@type":"ListItem","position":2,"name":"Paquete econ\u00f3mico 2026, un presupuesto hist\u00f3rico para el bienestar de M\u00e9xico y un logro sin precedentes para Oaxaca: Nino Morales"}]},{"@type":"WebSite","@id":"https:\/\/cvnoticias.com\/nuevapagina\/#website","url":"https:\/\/cvnoticias.com\/nuevapagina\/","name":"CV Noticias","description":"Noticias de Oaxaca","publisher":{"@id":"https:\/\/cvnoticias.com\/nuevapagina\/#organization"},"potentialAction":[{"@type":"SearchAction","target":{"@type":"EntryPoint","urlTemplate":"https:\/\/cvnoticias.com\/nuevapagina\/?s={search_term_string}"},"query-input":{"@type":"PropertyValueSpecification","valueRequired":true,"valueName":"search_term_string"}}],"inLanguage":"es"},{"@type":"Organization","@id":"https:\/\/cvnoticias.com\/nuevapagina\/#organization","name":"CV Noticias","url":"https:\/\/cvnoticias.com\/nuevapagina\/","logo":{"@type":"ImageObject","inLanguage":"es","@id":"https:\/\/cvnoticias.com\/nuevapagina\/#\/schema\/logo\/image\/","url":"https:\/\/cvnoticias.com\/nuevapagina\/wp-content\/uploads\/2025\/05\/cropped-logo-1.png","contentUrl":"https:\/\/cvnoticias.com\/nuevapagina\/wp-content\/uploads\/2025\/05\/cropped-logo-1.png","width":320,"height":118,"caption":"CV Noticias"},"image":{"@id":"https:\/\/cvnoticias.com\/nuevapagina\/#\/schema\/logo\/image\/"}},{"@type":"Person","@id":"https:\/\/cvnoticias.com\/nuevapagina\/#\/schema\/person\/19e35f246421a31486be7321065f7463","name":"CvNoticias","image":{"@type":"ImageObject","inLanguage":"es","@id":"https:\/\/secure.gravatar.com\/avatar\/c3a4375d38fd8f9b34ac9e853cb706a079817c78f9a39e33b16a2b2b2e51688a?s=96&d=mm&r=g","url":"https:\/\/secure.gravatar.com\/avatar\/c3a4375d38fd8f9b34ac9e853cb706a079817c78f9a39e33b16a2b2b2e51688a?s=96&d=mm&r=g","contentUrl":"https:\/\/secure.gravatar.com\/avatar\/c3a4375d38fd8f9b34ac9e853cb706a079817c78f9a39e33b16a2b2b2e51688a?s=96&d=mm&r=g","caption":"CvNoticias"},"url":"https:\/\/cvnoticias.com\/nuevapagina\/index.php\/author\/gesner\/"}]}},"_links":{"self":[{"href":"https:\/\/cvnoticias.com\/nuevapagina\/index.php\/wp-json\/wp\/v2\/posts\/2550","targetHints":{"allow":["GET"]}}],"collection":[{"href":"https:\/\/cvnoticias.com\/nuevapagina\/index.php\/wp-json\/wp\/v2\/posts"}],"about":[{"href":"https:\/\/cvnoticias.com\/nuevapagina\/index.php\/wp-json\/wp\/v2\/types\/post"}],"author":[{"embeddable":true,"href":"https:\/\/cvnoticias.com\/nuevapagina\/index.php\/wp-json\/wp\/v2\/users\/2"}],"replies":[{"embeddable":true,"href":"https:\/\/cvnoticias.com\/nuevapagina\/index.php\/wp-json\/wp\/v2\/comments?post=2550"}],"version-history":[{"count":1,"href":"https:\/\/cvnoticias.com\/nuevapagina\/index.php\/wp-json\/wp\/v2\/posts\/2550\/revisions"}],"predecessor-version":[{"id":2552,"href":"https:\/\/cvnoticias.com\/nuevapagina\/index.php\/wp-json\/wp\/v2\/posts\/2550\/revisions\/2552"}],"wp:featuredmedia":[{"embeddable":true,"href":"https:\/\/cvnoticias.com\/nuevapagina\/index.php\/wp-json\/wp\/v2\/media\/2551"}],"wp:attachment":[{"href":"https:\/\/cvnoticias.com\/nuevapagina\/index.php\/wp-json\/wp\/v2\/media?parent=2550"}],"wp:term":[{"taxonomy":"category","embeddable":true,"href":"https:\/\/cvnoticias.com\/nuevapagina\/index.php\/wp-json\/wp\/v2\/categories?post=2550"},{"taxonomy":"post_tag","embeddable":true,"href":"https:\/\/cvnoticias.com\/nuevapagina\/index.php\/wp-json\/wp\/v2\/tags?post=2550"}],"curies":[{"name":"wp","href":"https:\/\/api.w.org\/{rel}","templated":true}]}}