{"id":2541,"date":"2025-09-12T02:40:49","date_gmt":"2025-09-12T02:40:49","guid":{"rendered":"https:\/\/cvnoticias.com\/nuevapagina\/?p=2541"},"modified":"2025-09-12T02:40:50","modified_gmt":"2025-09-12T02:40:50","slug":"entregan-apoyos-agricolas-en-arrazola-para-fortalecer-la-seguridad-alimentaria","status":"publish","type":"post","link":"https:\/\/cvnoticias.com\/nuevapagina\/index.php\/2025\/09\/12\/entregan-apoyos-agricolas-en-arrazola-para-fortalecer-la-seguridad-alimentaria\/","title":{"rendered":"Entregan apoyos agr\u00edcolas en Arrazola para fortalecer la seguridad alimentaria"},"content":{"rendered":"\n<p><\/p>\n\n\n\n<p>Santa Cruz Xoxocotl\u00e1n, Oax., 11 de septiembre de 2025.\u2013 Productores de San Antonio Arrazola recibieron apoyos del programa Abasto Seguro de Ma\u00edz, con el que se busca fortalecer la producci\u00f3n agr\u00edcola y garantizar la seguridad alimentaria en la comunidad.<\/p>\n\n\n\n<p>Esta gesti\u00f3n, realizada por la administraci\u00f3n que encabeza, Nancy Ben\u00edtez Z\u00e1rate, ante la Secretar\u00eda de Fomento Agroalimentario y Desarrollo Rural (Sefader), beneficia a 45 productores con paquetes de insumos que incluyen fertilizante, semillas y productos para el campo, lo que representa un impulso directo para mejorar la productividad y apoyar la econom\u00eda local.<\/p>\n\n\n\n<p>Ben\u00edtez Z\u00e1rate encabez\u00f3 la entrega de estos apoyos, acompa\u00f1ada por autoridades municipales de Arrazola, integrantes de su Cabildo y en representaci\u00f3n del titular de la Sefader, el coordinador de T\u00e9cnicos de Campo de Valles Centrales de esa dependencia, Anatolio Andr\u00e9s Hern\u00e1ndez.<\/p>\n\n\n\n<p>Durante su mensaje, la edil subray\u00f3 la importancia de esta gesti\u00f3n que hoy se materializa: \u201cLo que antes era una solicitud hoy es una realidad. Estamos entregando fertilizante, semillas e insumos para que nuestras y nuestros productores puedan seguir trabajando la tierra y garantizar el sustento de sus familias\u201d.<\/p>\n\n\n\n<p>Los apoyos entregados no solo representan un alivio econ\u00f3mico, sino tambi\u00e9n una herramienta clave para fortalecer la producci\u00f3n de ma\u00edz, asegurar el abasto de alimentos b\u00e1sicos y consolidar a Xoxocotl\u00e1n como un municipio comprometido con el campo y su gente.<\/p>\n","protected":false},"excerpt":{"rendered":"<p>Santa Cruz Xoxocotl\u00e1n, Oax., 11 de septiembre de 2025.\u2013 Productores de San Antonio Arrazola recibieron&#8230;<\/p>\n","protected":false},"author":2,"featured_media":2542,"comment_status":"open","ping_status":"closed","sticky":false,"template":"","format":"standard","meta":{"footnotes":""},"categories":[3],"tags":[],"class_list":["post-2541","post","type-post","status-publish","format-standard","has-post-thumbnail","hentry","category-comunicadosdeprensa"],"yoast_head":"<!-- This site is optimized with the Yoast SEO plugin v27.5 - https:\/\/yoast.com\/product\/yoast-seo-wordpress\/ -->\n<title>Entregan apoyos agr\u00edcolas en Arrazola para fortalecer la seguridad alimentaria - CV Noticias<\/title>\n<meta name=\"robots\" content=\"index, follow, max-snippet:-1, max-image-preview:large, max-video-preview:-1\" \/>\n<link rel=\"canonical\" href=\"https:\/\/cvnoticias.com\/nuevapagina\/index.php\/2025\/09\/12\/entregan-apoyos-agricolas-en-arrazola-para-fortalecer-la-seguridad-alimentaria\/\" \/>\n<meta property=\"og:locale\" content=\"es_ES\" \/>\n<meta property=\"og:type\" content=\"article\" \/>\n<meta property=\"og:title\" content=\"Entregan apoyos agr\u00edcolas en Arrazola para fortalecer la seguridad alimentaria - CV Noticias\" \/>\n<meta property=\"og:description\" content=\"Santa Cruz Xoxocotl\u00e1n, Oax., 11 de septiembre de 2025.\u2013 Productores de San Antonio Arrazola recibieron...\" \/>\n<meta property=\"og:url\" content=\"https:\/\/cvnoticias.com\/nuevapagina\/index.php\/2025\/09\/12\/entregan-apoyos-agricolas-en-arrazola-para-fortalecer-la-seguridad-alimentaria\/\" \/>\n<meta property=\"og:site_name\" content=\"CV Noticias\" \/>\n<meta property=\"article:published_time\" content=\"2025-09-12T02:40:49+00:00\" \/>\n<meta property=\"article:modified_time\" content=\"2025-09-12T02:40:50+00:00\" \/>\n<meta property=\"og:image\" content=\"https:\/\/cvnoticias.com\/nuevapagina\/wp-content\/uploads\/2025\/09\/23389cdb-8350-46d2-a128-51053f74205e-scaled.jpeg\" \/>\n\t<meta property=\"og:image:width\" content=\"2560\" \/>\n\t<meta property=\"og:image:height\" content=\"1707\" \/>\n\t<meta property=\"og:image:type\" content=\"image\/jpeg\" \/>\n<meta name=\"author\" content=\"CvNoticias\" \/>\n<meta name=\"twitter:card\" content=\"summary_large_image\" \/>\n<meta name=\"twitter:label1\" content=\"Escrito por\" \/>\n\t<meta name=\"twitter:data1\" content=\"CvNoticias\" \/>\n\t<meta name=\"twitter:label2\" content=\"Tiempo de lectura\" \/>\n\t<meta name=\"twitter:data2\" content=\"2 minutos\" \/>\n<script type=\"application\/ld+json\" class=\"yoast-schema-graph\">{\"@context\":\"https:\\\/\\\/schema.org\",\"@graph\":[{\"@type\":\"Article\",\"@id\":\"https:\\\/\\\/cvnoticias.com\\\/nuevapagina\\\/index.php\\\/2025\\\/09\\\/12\\\/entregan-apoyos-agricolas-en-arrazola-para-fortalecer-la-seguridad-alimentaria\\\/#article\",\"isPartOf\":{\"@id\":\"https:\\\/\\\/cvnoticias.com\\\/nuevapagina\\\/index.php\\\/2025\\\/09\\\/12\\\/entregan-apoyos-agricolas-en-arrazola-para-fortalecer-la-seguridad-alimentaria\\\/\"},\"author\":{\"name\":\"CvNoticias\",\"@id\":\"https:\\\/\\\/cvnoticias.com\\\/nuevapagina\\\/#\\\/schema\\\/person\\\/19e35f246421a31486be7321065f7463\"},\"headline\":\"Entregan apoyos agr\u00edcolas en Arrazola para fortalecer la seguridad alimentaria\",\"datePublished\":\"2025-09-12T02:40:49+00:00\",\"dateModified\":\"2025-09-12T02:40:50+00:00\",\"mainEntityOfPage\":{\"@id\":\"https:\\\/\\\/cvnoticias.com\\\/nuevapagina\\\/index.php\\\/2025\\\/09\\\/12\\\/entregan-apoyos-agricolas-en-arrazola-para-fortalecer-la-seguridad-alimentaria\\\/\"},\"wordCount\":254,\"commentCount\":0,\"publisher\":{\"@id\":\"https:\\\/\\\/cvnoticias.com\\\/nuevapagina\\\/#organization\"},\"image\":{\"@id\":\"https:\\\/\\\/cvnoticias.com\\\/nuevapagina\\\/index.php\\\/2025\\\/09\\\/12\\\/entregan-apoyos-agricolas-en-arrazola-para-fortalecer-la-seguridad-alimentaria\\\/#primaryimage\"},\"thumbnailUrl\":\"https:\\\/\\\/cvnoticias.com\\\/nuevapagina\\\/wp-content\\\/uploads\\\/2025\\\/09\\\/23389cdb-8350-46d2-a128-51053f74205e-scaled.jpeg\",\"articleSection\":[\"Comunicados\"],\"inLanguage\":\"es\",\"potentialAction\":[{\"@type\":\"CommentAction\",\"name\":\"Comment\",\"target\":[\"https:\\\/\\\/cvnoticias.com\\\/nuevapagina\\\/index.php\\\/2025\\\/09\\\/12\\\/entregan-apoyos-agricolas-en-arrazola-para-fortalecer-la-seguridad-alimentaria\\\/#respond\"]}]},{\"@type\":\"WebPage\",\"@id\":\"https:\\\/\\\/cvnoticias.com\\\/nuevapagina\\\/index.php\\\/2025\\\/09\\\/12\\\/entregan-apoyos-agricolas-en-arrazola-para-fortalecer-la-seguridad-alimentaria\\\/\",\"url\":\"https:\\\/\\\/cvnoticias.com\\\/nuevapagina\\\/index.php\\\/2025\\\/09\\\/12\\\/entregan-apoyos-agricolas-en-arrazola-para-fortalecer-la-seguridad-alimentaria\\\/\",\"name\":\"Entregan apoyos agr\u00edcolas en Arrazola para fortalecer la seguridad alimentaria - CV Noticias\",\"isPartOf\":{\"@id\":\"https:\\\/\\\/cvnoticias.com\\\/nuevapagina\\\/#website\"},\"primaryImageOfPage\":{\"@id\":\"https:\\\/\\\/cvnoticias.com\\\/nuevapagina\\\/index.php\\\/2025\\\/09\\\/12\\\/entregan-apoyos-agricolas-en-arrazola-para-fortalecer-la-seguridad-alimentaria\\\/#primaryimage\"},\"image\":{\"@id\":\"https:\\\/\\\/cvnoticias.com\\\/nuevapagina\\\/index.php\\\/2025\\\/09\\\/12\\\/entregan-apoyos-agricolas-en-arrazola-para-fortalecer-la-seguridad-alimentaria\\\/#primaryimage\"},\"thumbnailUrl\":\"https:\\\/\\\/cvnoticias.com\\\/nuevapagina\\\/wp-content\\\/uploads\\\/2025\\\/09\\\/23389cdb-8350-46d2-a128-51053f74205e-scaled.jpeg\",\"datePublished\":\"2025-09-12T02:40:49+00:00\",\"dateModified\":\"2025-09-12T02:40:50+00:00\",\"breadcrumb\":{\"@id\":\"https:\\\/\\\/cvnoticias.com\\\/nuevapagina\\\/index.php\\\/2025\\\/09\\\/12\\\/entregan-apoyos-agricolas-en-arrazola-para-fortalecer-la-seguridad-alimentaria\\\/#breadcrumb\"},\"inLanguage\":\"es\",\"potentialAction\":[{\"@type\":\"ReadAction\",\"target\":[\"https:\\\/\\\/cvnoticias.com\\\/nuevapagina\\\/index.php\\\/2025\\\/09\\\/12\\\/entregan-apoyos-agricolas-en-arrazola-para-fortalecer-la-seguridad-alimentaria\\\/\"]}]},{\"@type\":\"ImageObject\",\"inLanguage\":\"es\",\"@id\":\"https:\\\/\\\/cvnoticias.com\\\/nuevapagina\\\/index.php\\\/2025\\\/09\\\/12\\\/entregan-apoyos-agricolas-en-arrazola-para-fortalecer-la-seguridad-alimentaria\\\/#primaryimage\",\"url\":\"https:\\\/\\\/cvnoticias.com\\\/nuevapagina\\\/wp-content\\\/uploads\\\/2025\\\/09\\\/23389cdb-8350-46d2-a128-51053f74205e-scaled.jpeg\",\"contentUrl\":\"https:\\\/\\\/cvnoticias.com\\\/nuevapagina\\\/wp-content\\\/uploads\\\/2025\\\/09\\\/23389cdb-8350-46d2-a128-51053f74205e-scaled.jpeg\",\"width\":2560,\"height\":1707},{\"@type\":\"BreadcrumbList\",\"@id\":\"https:\\\/\\\/cvnoticias.com\\\/nuevapagina\\\/index.php\\\/2025\\\/09\\\/12\\\/entregan-apoyos-agricolas-en-arrazola-para-fortalecer-la-seguridad-alimentaria\\\/#breadcrumb\",\"itemListElement\":[{\"@type\":\"ListItem\",\"position\":1,\"name\":\"Portada\",\"item\":\"https:\\\/\\\/cvnoticias.com\\\/nuevapagina\\\/\"},{\"@type\":\"ListItem\",\"position\":2,\"name\":\"Entregan apoyos agr\u00edcolas en Arrazola para fortalecer la seguridad alimentaria\"}]},{\"@type\":\"WebSite\",\"@id\":\"https:\\\/\\\/cvnoticias.com\\\/nuevapagina\\\/#website\",\"url\":\"https:\\\/\\\/cvnoticias.com\\\/nuevapagina\\\/\",\"name\":\"CV Noticias\",\"description\":\"Noticias de Oaxaca\",\"publisher\":{\"@id\":\"https:\\\/\\\/cvnoticias.com\\\/nuevapagina\\\/#organization\"},\"potentialAction\":[{\"@type\":\"SearchAction\",\"target\":{\"@type\":\"EntryPoint\",\"urlTemplate\":\"https:\\\/\\\/cvnoticias.com\\\/nuevapagina\\\/?s={search_term_string}\"},\"query-input\":{\"@type\":\"PropertyValueSpecification\",\"valueRequired\":true,\"valueName\":\"search_term_string\"}}],\"inLanguage\":\"es\"},{\"@type\":\"Organization\",\"@id\":\"https:\\\/\\\/cvnoticias.com\\\/nuevapagina\\\/#organization\",\"name\":\"CV Noticias\",\"url\":\"https:\\\/\\\/cvnoticias.com\\\/nuevapagina\\\/\",\"logo\":{\"@type\":\"ImageObject\",\"inLanguage\":\"es\",\"@id\":\"https:\\\/\\\/cvnoticias.com\\\/nuevapagina\\\/#\\\/schema\\\/logo\\\/image\\\/\",\"url\":\"https:\\\/\\\/cvnoticias.com\\\/nuevapagina\\\/wp-content\\\/uploads\\\/2025\\\/05\\\/cropped-logo-1.png\",\"contentUrl\":\"https:\\\/\\\/cvnoticias.com\\\/nuevapagina\\\/wp-content\\\/uploads\\\/2025\\\/05\\\/cropped-logo-1.png\",\"width\":320,\"height\":118,\"caption\":\"CV Noticias\"},\"image\":{\"@id\":\"https:\\\/\\\/cvnoticias.com\\\/nuevapagina\\\/#\\\/schema\\\/logo\\\/image\\\/\"}},{\"@type\":\"Person\",\"@id\":\"https:\\\/\\\/cvnoticias.com\\\/nuevapagina\\\/#\\\/schema\\\/person\\\/19e35f246421a31486be7321065f7463\",\"name\":\"CvNoticias\",\"image\":{\"@type\":\"ImageObject\",\"inLanguage\":\"es\",\"@id\":\"https:\\\/\\\/secure.gravatar.com\\\/avatar\\\/c3a4375d38fd8f9b34ac9e853cb706a079817c78f9a39e33b16a2b2b2e51688a?s=96&d=mm&r=g\",\"url\":\"https:\\\/\\\/secure.gravatar.com\\\/avatar\\\/c3a4375d38fd8f9b34ac9e853cb706a079817c78f9a39e33b16a2b2b2e51688a?s=96&d=mm&r=g\",\"contentUrl\":\"https:\\\/\\\/secure.gravatar.com\\\/avatar\\\/c3a4375d38fd8f9b34ac9e853cb706a079817c78f9a39e33b16a2b2b2e51688a?s=96&d=mm&r=g\",\"caption\":\"CvNoticias\"},\"url\":\"https:\\\/\\\/cvnoticias.com\\\/nuevapagina\\\/index.php\\\/author\\\/gesner\\\/\"}]}<\/script>\n<!-- \/ Yoast SEO plugin. -->","yoast_head_json":{"title":"Entregan apoyos agr\u00edcolas en Arrazola para fortalecer la seguridad alimentaria - CV Noticias","robots":{"index":"index","follow":"follow","max-snippet":"max-snippet:-1","max-image-preview":"max-image-preview:large","max-video-preview":"max-video-preview:-1"},"canonical":"https:\/\/cvnoticias.com\/nuevapagina\/index.php\/2025\/09\/12\/entregan-apoyos-agricolas-en-arrazola-para-fortalecer-la-seguridad-alimentaria\/","og_locale":"es_ES","og_type":"article","og_title":"Entregan apoyos agr\u00edcolas en Arrazola para fortalecer la seguridad alimentaria - CV Noticias","og_description":"Santa Cruz Xoxocotl\u00e1n, Oax., 11 de septiembre de 2025.\u2013 Productores de San Antonio Arrazola recibieron...","og_url":"https:\/\/cvnoticias.com\/nuevapagina\/index.php\/2025\/09\/12\/entregan-apoyos-agricolas-en-arrazola-para-fortalecer-la-seguridad-alimentaria\/","og_site_name":"CV Noticias","article_published_time":"2025-09-12T02:40:49+00:00","article_modified_time":"2025-09-12T02:40:50+00:00","og_image":[{"width":2560,"height":1707,"url":"https:\/\/cvnoticias.com\/nuevapagina\/wp-content\/uploads\/2025\/09\/23389cdb-8350-46d2-a128-51053f74205e-scaled.jpeg","type":"image\/jpeg"}],"author":"CvNoticias","twitter_card":"summary_large_image","twitter_misc":{"Escrito por":"CvNoticias","Tiempo de lectura":"2 minutos"},"schema":{"@context":"https:\/\/schema.org","@graph":[{"@type":"Article","@id":"https:\/\/cvnoticias.com\/nuevapagina\/index.php\/2025\/09\/12\/entregan-apoyos-agricolas-en-arrazola-para-fortalecer-la-seguridad-alimentaria\/#article","isPartOf":{"@id":"https:\/\/cvnoticias.com\/nuevapagina\/index.php\/2025\/09\/12\/entregan-apoyos-agricolas-en-arrazola-para-fortalecer-la-seguridad-alimentaria\/"},"author":{"name":"CvNoticias","@id":"https:\/\/cvnoticias.com\/nuevapagina\/#\/schema\/person\/19e35f246421a31486be7321065f7463"},"headline":"Entregan apoyos agr\u00edcolas en Arrazola para fortalecer la seguridad alimentaria","datePublished":"2025-09-12T02:40:49+00:00","dateModified":"2025-09-12T02:40:50+00:00","mainEntityOfPage":{"@id":"https:\/\/cvnoticias.com\/nuevapagina\/index.php\/2025\/09\/12\/entregan-apoyos-agricolas-en-arrazola-para-fortalecer-la-seguridad-alimentaria\/"},"wordCount":254,"commentCount":0,"publisher":{"@id":"https:\/\/cvnoticias.com\/nuevapagina\/#organization"},"image":{"@id":"https:\/\/cvnoticias.com\/nuevapagina\/index.php\/2025\/09\/12\/entregan-apoyos-agricolas-en-arrazola-para-fortalecer-la-seguridad-alimentaria\/#primaryimage"},"thumbnailUrl":"https:\/\/cvnoticias.com\/nuevapagina\/wp-content\/uploads\/2025\/09\/23389cdb-8350-46d2-a128-51053f74205e-scaled.jpeg","articleSection":["Comunicados"],"inLanguage":"es","potentialAction":[{"@type":"CommentAction","name":"Comment","target":["https:\/\/cvnoticias.com\/nuevapagina\/index.php\/2025\/09\/12\/entregan-apoyos-agricolas-en-arrazola-para-fortalecer-la-seguridad-alimentaria\/#respond"]}]},{"@type":"WebPage","@id":"https:\/\/cvnoticias.com\/nuevapagina\/index.php\/2025\/09\/12\/entregan-apoyos-agricolas-en-arrazola-para-fortalecer-la-seguridad-alimentaria\/","url":"https:\/\/cvnoticias.com\/nuevapagina\/index.php\/2025\/09\/12\/entregan-apoyos-agricolas-en-arrazola-para-fortalecer-la-seguridad-alimentaria\/","name":"Entregan apoyos agr\u00edcolas en Arrazola para fortalecer la seguridad alimentaria - CV Noticias","isPartOf":{"@id":"https:\/\/cvnoticias.com\/nuevapagina\/#website"},"primaryImageOfPage":{"@id":"https:\/\/cvnoticias.com\/nuevapagina\/index.php\/2025\/09\/12\/entregan-apoyos-agricolas-en-arrazola-para-fortalecer-la-seguridad-alimentaria\/#primaryimage"},"image":{"@id":"https:\/\/cvnoticias.com\/nuevapagina\/index.php\/2025\/09\/12\/entregan-apoyos-agricolas-en-arrazola-para-fortalecer-la-seguridad-alimentaria\/#primaryimage"},"thumbnailUrl":"https:\/\/cvnoticias.com\/nuevapagina\/wp-content\/uploads\/2025\/09\/23389cdb-8350-46d2-a128-51053f74205e-scaled.jpeg","datePublished":"2025-09-12T02:40:49+00:00","dateModified":"2025-09-12T02:40:50+00:00","breadcrumb":{"@id":"https:\/\/cvnoticias.com\/nuevapagina\/index.php\/2025\/09\/12\/entregan-apoyos-agricolas-en-arrazola-para-fortalecer-la-seguridad-alimentaria\/#breadcrumb"},"inLanguage":"es","potentialAction":[{"@type":"ReadAction","target":["https:\/\/cvnoticias.com\/nuevapagina\/index.php\/2025\/09\/12\/entregan-apoyos-agricolas-en-arrazola-para-fortalecer-la-seguridad-alimentaria\/"]}]},{"@type":"ImageObject","inLanguage":"es","@id":"https:\/\/cvnoticias.com\/nuevapagina\/index.php\/2025\/09\/12\/entregan-apoyos-agricolas-en-arrazola-para-fortalecer-la-seguridad-alimentaria\/#primaryimage","url":"https:\/\/cvnoticias.com\/nuevapagina\/wp-content\/uploads\/2025\/09\/23389cdb-8350-46d2-a128-51053f74205e-scaled.jpeg","contentUrl":"https:\/\/cvnoticias.com\/nuevapagina\/wp-content\/uploads\/2025\/09\/23389cdb-8350-46d2-a128-51053f74205e-scaled.jpeg","width":2560,"height":1707},{"@type":"BreadcrumbList","@id":"https:\/\/cvnoticias.com\/nuevapagina\/index.php\/2025\/09\/12\/entregan-apoyos-agricolas-en-arrazola-para-fortalecer-la-seguridad-alimentaria\/#breadcrumb","itemListElement":[{"@type":"ListItem","position":1,"name":"Portada","item":"https:\/\/cvnoticias.com\/nuevapagina\/"},{"@type":"ListItem","position":2,"name":"Entregan apoyos agr\u00edcolas en Arrazola para fortalecer la seguridad alimentaria"}]},{"@type":"WebSite","@id":"https:\/\/cvnoticias.com\/nuevapagina\/#website","url":"https:\/\/cvnoticias.com\/nuevapagina\/","name":"CV Noticias","description":"Noticias de Oaxaca","publisher":{"@id":"https:\/\/cvnoticias.com\/nuevapagina\/#organization"},"potentialAction":[{"@type":"SearchAction","target":{"@type":"EntryPoint","urlTemplate":"https:\/\/cvnoticias.com\/nuevapagina\/?s={search_term_string}"},"query-input":{"@type":"PropertyValueSpecification","valueRequired":true,"valueName":"search_term_string"}}],"inLanguage":"es"},{"@type":"Organization","@id":"https:\/\/cvnoticias.com\/nuevapagina\/#organization","name":"CV Noticias","url":"https:\/\/cvnoticias.com\/nuevapagina\/","logo":{"@type":"ImageObject","inLanguage":"es","@id":"https:\/\/cvnoticias.com\/nuevapagina\/#\/schema\/logo\/image\/","url":"https:\/\/cvnoticias.com\/nuevapagina\/wp-content\/uploads\/2025\/05\/cropped-logo-1.png","contentUrl":"https:\/\/cvnoticias.com\/nuevapagina\/wp-content\/uploads\/2025\/05\/cropped-logo-1.png","width":320,"height":118,"caption":"CV Noticias"},"image":{"@id":"https:\/\/cvnoticias.com\/nuevapagina\/#\/schema\/logo\/image\/"}},{"@type":"Person","@id":"https:\/\/cvnoticias.com\/nuevapagina\/#\/schema\/person\/19e35f246421a31486be7321065f7463","name":"CvNoticias","image":{"@type":"ImageObject","inLanguage":"es","@id":"https:\/\/secure.gravatar.com\/avatar\/c3a4375d38fd8f9b34ac9e853cb706a079817c78f9a39e33b16a2b2b2e51688a?s=96&d=mm&r=g","url":"https:\/\/secure.gravatar.com\/avatar\/c3a4375d38fd8f9b34ac9e853cb706a079817c78f9a39e33b16a2b2b2e51688a?s=96&d=mm&r=g","contentUrl":"https:\/\/secure.gravatar.com\/avatar\/c3a4375d38fd8f9b34ac9e853cb706a079817c78f9a39e33b16a2b2b2e51688a?s=96&d=mm&r=g","caption":"CvNoticias"},"url":"https:\/\/cvnoticias.com\/nuevapagina\/index.php\/author\/gesner\/"}]}},"_links":{"self":[{"href":"https:\/\/cvnoticias.com\/nuevapagina\/index.php\/wp-json\/wp\/v2\/posts\/2541","targetHints":{"allow":["GET"]}}],"collection":[{"href":"https:\/\/cvnoticias.com\/nuevapagina\/index.php\/wp-json\/wp\/v2\/posts"}],"about":[{"href":"https:\/\/cvnoticias.com\/nuevapagina\/index.php\/wp-json\/wp\/v2\/types\/post"}],"author":[{"embeddable":true,"href":"https:\/\/cvnoticias.com\/nuevapagina\/index.php\/wp-json\/wp\/v2\/users\/2"}],"replies":[{"embeddable":true,"href":"https:\/\/cvnoticias.com\/nuevapagina\/index.php\/wp-json\/wp\/v2\/comments?post=2541"}],"version-history":[{"count":1,"href":"https:\/\/cvnoticias.com\/nuevapagina\/index.php\/wp-json\/wp\/v2\/posts\/2541\/revisions"}],"predecessor-version":[{"id":2543,"href":"https:\/\/cvnoticias.com\/nuevapagina\/index.php\/wp-json\/wp\/v2\/posts\/2541\/revisions\/2543"}],"wp:featuredmedia":[{"embeddable":true,"href":"https:\/\/cvnoticias.com\/nuevapagina\/index.php\/wp-json\/wp\/v2\/media\/2542"}],"wp:attachment":[{"href":"https:\/\/cvnoticias.com\/nuevapagina\/index.php\/wp-json\/wp\/v2\/media?parent=2541"}],"wp:term":[{"taxonomy":"category","embeddable":true,"href":"https:\/\/cvnoticias.com\/nuevapagina\/index.php\/wp-json\/wp\/v2\/categories?post=2541"},{"taxonomy":"post_tag","embeddable":true,"href":"https:\/\/cvnoticias.com\/nuevapagina\/index.php\/wp-json\/wp\/v2\/tags?post=2541"}],"curies":[{"name":"wp","href":"https:\/\/api.w.org\/{rel}","templated":true}]}}