{"id":2535,"date":"2025-09-12T00:52:37","date_gmt":"2025-09-12T00:52:37","guid":{"rendered":"https:\/\/cvnoticias.com\/nuevapagina\/?p=2535"},"modified":"2025-09-12T00:52:39","modified_gmt":"2025-09-12T00:52:39","slug":"en-tercer-congreso-de-las-juventudes-las-y-los-jovenes-oaxaquenos-presentaron-iniciativas-para-impulsar-cambios-en-el-estado","status":"publish","type":"post","link":"https:\/\/cvnoticias.com\/nuevapagina\/index.php\/2025\/09\/12\/en-tercer-congreso-de-las-juventudes-las-y-los-jovenes-oaxaquenos-presentaron-iniciativas-para-impulsar-cambios-en-el-estado\/","title":{"rendered":"En Tercer Congreso de las Juventudes las y los j\u00f3venes oaxaque\u00f1os presentaron iniciativas para impulsar cambios en el estado"},"content":{"rendered":"\n<p><\/p>\n\n\n\n<ul class=\"wp-block-list\">\n<li>Durante dos d\u00edas expusieron sus propuestas en materia de salud, igualdad de g\u00e9nero, derechos ling\u00fc\u00edsticos, entre otros<\/li>\n\n\n\n<li>Se cont\u00f3 con 73 participantes de las ocho regiones del estado<\/li>\n<\/ul>\n\n\n\n<p><em>San Raymundo Jalpan, Oax., a 11 de septiembre de 2025.-<\/em> Un total de 73 j\u00f3venes de las ocho regiones del estado participaron en el Tercer Congreso de las Juventudes, convocado por el Congreso de Oaxaca los d\u00edas 10 y 11 de septiembre, en donde plantearon diferentes iniciativas que den respuesta a los desaf\u00edos que enfrentan en la actualidad en materia de salud, empleo, educaci\u00f3n, participaci\u00f3n ciudadana, perspectiva de g\u00e9nero, entre otras.<\/p>\n\n\n\n<p>Esta actividad concluy\u00f3 con la celebraci\u00f3n de la Segunda Sesi\u00f3n en la que participaron 35 mujeres y hombres de entre 15 y 29 a\u00f1os, la cual fue coordinada por las Comisiones Permanentes Unidas de Ni\u00f1ez, Adolescencia y Juventudes, y de Democracia y Participaci\u00f3n Ciudadana.<\/p>\n\n\n\n<p>Por segundo d\u00eda consecutivo el evento fue encabezado por el presidente de la Junta de Coordinaci\u00f3n Pol\u00edtica (Jucopo), diputado Benjam\u00edn Viveros Montalvo, quien destac\u00f3 que este evento representa un momento hist\u00f3rico para darle voz a esta poblaci\u00f3n, quienes comienzan a marcar con claridad el rumbo de Oaxaca, con la aportaci\u00f3n de ideas frescas, energ\u00eda transformadora y propuestas que reflejan el compromiso de una generaci\u00f3n que no espera al futuro, sino que ya est\u00e1 construyendo el presente.<\/p>\n\n\n\n<p>Subray\u00f3 que cada intervenci\u00f3n realizada es un recordatorio de que la pol\u00edtica no es ajena a estos, sino es un espacio donde su participaci\u00f3n es fundamental para cambios leg\u00edtimos. A\u00f1adi\u00f3 que se trata de una oportunidad para reconocer la diversidad, la creatividad y el derecho pleno que tienen a participar en la toma de decisiones, por lo que adelant\u00f3 que las propuestas emanadas ser\u00e1n llevadas al \u00e1mbito legislativo para convertirse en una realidad.<\/p>\n\n\n\n<p>Por su parte, la diputada que encabeza la Comisi\u00f3n Permanente de Democracia y Participaci\u00f3n Ciudadana, Dulce Bel\u00e9n Uribe Mendoza expres\u00f3 que hablar del futuro de Oaxaca y de M\u00e9xico implica necesariamente hablar de las juventudes, pero m\u00e1s all\u00e1 de los discursos, es indispensable abrirles espacios de participaci\u00f3n y escucha.<\/p>\n\n\n\n<p>Resalt\u00f3 que este Parlamento constituye un foro en el que pueden plasmar sus inquietudes, ideas y propuestas para impulsar cambios reales en beneficio de la sociedad, y que las iniciativas presentadas son fuente de esperanza para las nuevas generaciones.<\/p>\n\n\n\n<p>En esta jornada se abordaron temas relacionados con derechos de la ni\u00f1ez, participaci\u00f3n pol\u00edtica, inclusi\u00f3n social, igualdad de g\u00e9nero, protecci\u00f3n del patrimonio cultural, derechos de la comunidad LGBTIQ+, salud mental, educaci\u00f3n, derechos ling\u00fc\u00edsticos, emprendimiento para j\u00f3venes, sostenibilidad, acciones para prevenir y erradicar la violencia digital, por mencionar algunos.<\/p>\n\n\n\n<p>La Mesa Directiva qued\u00f3 integrada por: Ferdinando Rainero Osorio G\u00f3mez como Presidente; Yolotzi Isabel Rodr\u00edguez Ordaz, Vicepresidenta; y Renato Romero Echeverr\u00eda, Yair Hammurabi P\u00e9rez Garc\u00eda y Aranza Mart\u00ednez Pineda como secretarios y secretaria respectivamente.<\/p>\n\n\n\n<p>En tanto, sus integrantes fueron M\u00eda Concepci\u00f3n Manrique Ferra, Zaaid David P\u00e9rez Garc\u00eda, Michell Yamile Bornios Z\u00e1rate, Yolotzi Isabel Rodr\u00edguez Ordaz, Valeria Odalys Mart\u00ednez Quiroz, Aranza Mart\u00ednez Pineda, Alejandro Mendoza Fabi\u00e1n, Renato Romero Echeverr\u00eda, Aline Daena Zamano M\u00e9ndez, Yair Hammurabi P\u00e9rez Garc\u00eda, Diana P\u00e9rez Jim\u00e9nez, Bryan Steven Romero Mart\u00ednez, Yuritzi Carolina Sol\u00eds Cruz, Felipe De Jes\u00fas Salva Pastor, Edgar Adri\u00e1n Santiago Juli\u00e1n y Roberto Kevin M\u00e9ndez Pantale\u00f3n.<\/p>\n\n\n\n<p>De igual forma Anette Quetzalli Ruiz Rivas, Engelhbert Romero L\u00f3pez, Mar\u00eda Soledad Och P\u00e9rez, Uriel Reyes Zaragoza, Ivonne Estefan\u00eda Mart\u00ednez Torres, Olga P\u00e9rez Ram\u00edrez, Idalia Lizet L\u00f3pez Velasco, Vladimir Primakot Rosales Varo, Amir M\u00e1rquez Hern\u00e1ndez, Gustavo Manuel Navarrete Reyes, Ferdinando Rainero Osorio G\u00f3mez, Jos\u00e9 Emanuel Reyes Hern\u00e1ndez, Ricardo Salgado Galindo, Rosa Ariadna Ortiz Cruz, Carolina Del Rosario Ram\u00edrez Luis, Mar\u00eda Teresa Sarabia Barrios, Margarita V\u00e1squez Tepoxteco, Josmar Pedro Mart\u00ednez e Itandehui Cruz Ortiz.<\/p>\n\n\n\n<p>El evento fue clausurado por la presidenta de la Comisi\u00f3n Permanente de Ni\u00f1ez, Adolescencia y Juventudes, Jimena Yamil Arroyo Ju\u00e1rez, quien agradeci\u00f3 al p\u00fablico por su participaci\u00f3n y llam\u00f3 a poner en pr\u00e1ctica todo el conocimiento aprendido para contribuir en la transformaci\u00f3n del estado.<\/p>\n\n\n\n<p>Cabe destacar que tambi\u00e9n se cont\u00f3 con la asistencia de las legisladoras Vanessa Rub\u00ed Ojeda Mej\u00eda, Cecilia Olivia Cruz Merl\u00edn y Sandra Daniela Taurino Jim\u00e9nez.<\/p>\n\n\n\n<p>-0-<\/p>\n","protected":false},"excerpt":{"rendered":"<p>San Raymundo Jalpan, Oax., a 11 de septiembre de 2025.- Un total de 73 j\u00f3venes&#8230;<\/p>\n","protected":false},"author":2,"featured_media":2537,"comment_status":"open","ping_status":"closed","sticky":false,"template":"","format":"standard","meta":{"footnotes":""},"categories":[3],"tags":[],"class_list":["post-2535","post","type-post","status-publish","format-standard","has-post-thumbnail","hentry","category-comunicadosdeprensa"],"yoast_head":"<!-- This site is optimized with the Yoast SEO plugin v27.5 - https:\/\/yoast.com\/product\/yoast-seo-wordpress\/ -->\n<title>En Tercer Congreso de las Juventudes las y los j\u00f3venes oaxaque\u00f1os presentaron iniciativas para impulsar cambios en el estado - CV Noticias<\/title>\n<meta name=\"robots\" content=\"index, follow, max-snippet:-1, max-image-preview:large, max-video-preview:-1\" \/>\n<link rel=\"canonical\" href=\"https:\/\/cvnoticias.com\/nuevapagina\/index.php\/2025\/09\/12\/en-tercer-congreso-de-las-juventudes-las-y-los-jovenes-oaxaquenos-presentaron-iniciativas-para-impulsar-cambios-en-el-estado\/\" \/>\n<meta property=\"og:locale\" content=\"es_ES\" \/>\n<meta property=\"og:type\" content=\"article\" \/>\n<meta property=\"og:title\" content=\"En Tercer Congreso de las Juventudes las y los j\u00f3venes oaxaque\u00f1os presentaron iniciativas para impulsar cambios en el estado - CV Noticias\" \/>\n<meta property=\"og:description\" content=\"San Raymundo Jalpan, Oax., a 11 de septiembre de 2025.- Un total de 73 j\u00f3venes...\" \/>\n<meta property=\"og:url\" content=\"https:\/\/cvnoticias.com\/nuevapagina\/index.php\/2025\/09\/12\/en-tercer-congreso-de-las-juventudes-las-y-los-jovenes-oaxaquenos-presentaron-iniciativas-para-impulsar-cambios-en-el-estado\/\" \/>\n<meta property=\"og:site_name\" content=\"CV Noticias\" \/>\n<meta property=\"article:published_time\" content=\"2025-09-12T00:52:37+00:00\" \/>\n<meta property=\"article:modified_time\" content=\"2025-09-12T00:52:39+00:00\" \/>\n<meta property=\"og:image\" content=\"https:\/\/cvnoticias.com\/nuevapagina\/wp-content\/uploads\/2025\/09\/d6795075-324b-4096-a74e-1dffa0b70949.jpeg\" \/>\n\t<meta property=\"og:image:width\" content=\"1600\" \/>\n\t<meta property=\"og:image:height\" content=\"1066\" \/>\n\t<meta property=\"og:image:type\" content=\"image\/jpeg\" \/>\n<meta name=\"author\" content=\"CvNoticias\" \/>\n<meta name=\"twitter:card\" content=\"summary_large_image\" \/>\n<meta name=\"twitter:label1\" content=\"Escrito por\" \/>\n\t<meta name=\"twitter:data1\" content=\"CvNoticias\" \/>\n\t<meta name=\"twitter:label2\" content=\"Tiempo de lectura\" \/>\n\t<meta name=\"twitter:data2\" content=\"4 minutos\" \/>\n<script type=\"application\/ld+json\" class=\"yoast-schema-graph\">{\"@context\":\"https:\\\/\\\/schema.org\",\"@graph\":[{\"@type\":\"Article\",\"@id\":\"https:\\\/\\\/cvnoticias.com\\\/nuevapagina\\\/index.php\\\/2025\\\/09\\\/12\\\/en-tercer-congreso-de-las-juventudes-las-y-los-jovenes-oaxaquenos-presentaron-iniciativas-para-impulsar-cambios-en-el-estado\\\/#article\",\"isPartOf\":{\"@id\":\"https:\\\/\\\/cvnoticias.com\\\/nuevapagina\\\/index.php\\\/2025\\\/09\\\/12\\\/en-tercer-congreso-de-las-juventudes-las-y-los-jovenes-oaxaquenos-presentaron-iniciativas-para-impulsar-cambios-en-el-estado\\\/\"},\"author\":{\"name\":\"CvNoticias\",\"@id\":\"https:\\\/\\\/cvnoticias.com\\\/nuevapagina\\\/#\\\/schema\\\/person\\\/19e35f246421a31486be7321065f7463\"},\"headline\":\"En Tercer Congreso de las Juventudes las y los j\u00f3venes oaxaque\u00f1os presentaron iniciativas para impulsar cambios en el estado\",\"datePublished\":\"2025-09-12T00:52:37+00:00\",\"dateModified\":\"2025-09-12T00:52:39+00:00\",\"mainEntityOfPage\":{\"@id\":\"https:\\\/\\\/cvnoticias.com\\\/nuevapagina\\\/index.php\\\/2025\\\/09\\\/12\\\/en-tercer-congreso-de-las-juventudes-las-y-los-jovenes-oaxaquenos-presentaron-iniciativas-para-impulsar-cambios-en-el-estado\\\/\"},\"wordCount\":784,\"commentCount\":0,\"publisher\":{\"@id\":\"https:\\\/\\\/cvnoticias.com\\\/nuevapagina\\\/#organization\"},\"image\":{\"@id\":\"https:\\\/\\\/cvnoticias.com\\\/nuevapagina\\\/index.php\\\/2025\\\/09\\\/12\\\/en-tercer-congreso-de-las-juventudes-las-y-los-jovenes-oaxaquenos-presentaron-iniciativas-para-impulsar-cambios-en-el-estado\\\/#primaryimage\"},\"thumbnailUrl\":\"https:\\\/\\\/cvnoticias.com\\\/nuevapagina\\\/wp-content\\\/uploads\\\/2025\\\/09\\\/d6795075-324b-4096-a74e-1dffa0b70949.jpeg\",\"articleSection\":[\"Comunicados\"],\"inLanguage\":\"es\",\"potentialAction\":[{\"@type\":\"CommentAction\",\"name\":\"Comment\",\"target\":[\"https:\\\/\\\/cvnoticias.com\\\/nuevapagina\\\/index.php\\\/2025\\\/09\\\/12\\\/en-tercer-congreso-de-las-juventudes-las-y-los-jovenes-oaxaquenos-presentaron-iniciativas-para-impulsar-cambios-en-el-estado\\\/#respond\"]}]},{\"@type\":\"WebPage\",\"@id\":\"https:\\\/\\\/cvnoticias.com\\\/nuevapagina\\\/index.php\\\/2025\\\/09\\\/12\\\/en-tercer-congreso-de-las-juventudes-las-y-los-jovenes-oaxaquenos-presentaron-iniciativas-para-impulsar-cambios-en-el-estado\\\/\",\"url\":\"https:\\\/\\\/cvnoticias.com\\\/nuevapagina\\\/index.php\\\/2025\\\/09\\\/12\\\/en-tercer-congreso-de-las-juventudes-las-y-los-jovenes-oaxaquenos-presentaron-iniciativas-para-impulsar-cambios-en-el-estado\\\/\",\"name\":\"En Tercer Congreso de las Juventudes las y los j\u00f3venes oaxaque\u00f1os presentaron iniciativas para impulsar cambios en el estado - CV Noticias\",\"isPartOf\":{\"@id\":\"https:\\\/\\\/cvnoticias.com\\\/nuevapagina\\\/#website\"},\"primaryImageOfPage\":{\"@id\":\"https:\\\/\\\/cvnoticias.com\\\/nuevapagina\\\/index.php\\\/2025\\\/09\\\/12\\\/en-tercer-congreso-de-las-juventudes-las-y-los-jovenes-oaxaquenos-presentaron-iniciativas-para-impulsar-cambios-en-el-estado\\\/#primaryimage\"},\"image\":{\"@id\":\"https:\\\/\\\/cvnoticias.com\\\/nuevapagina\\\/index.php\\\/2025\\\/09\\\/12\\\/en-tercer-congreso-de-las-juventudes-las-y-los-jovenes-oaxaquenos-presentaron-iniciativas-para-impulsar-cambios-en-el-estado\\\/#primaryimage\"},\"thumbnailUrl\":\"https:\\\/\\\/cvnoticias.com\\\/nuevapagina\\\/wp-content\\\/uploads\\\/2025\\\/09\\\/d6795075-324b-4096-a74e-1dffa0b70949.jpeg\",\"datePublished\":\"2025-09-12T00:52:37+00:00\",\"dateModified\":\"2025-09-12T00:52:39+00:00\",\"breadcrumb\":{\"@id\":\"https:\\\/\\\/cvnoticias.com\\\/nuevapagina\\\/index.php\\\/2025\\\/09\\\/12\\\/en-tercer-congreso-de-las-juventudes-las-y-los-jovenes-oaxaquenos-presentaron-iniciativas-para-impulsar-cambios-en-el-estado\\\/#breadcrumb\"},\"inLanguage\":\"es\",\"potentialAction\":[{\"@type\":\"ReadAction\",\"target\":[\"https:\\\/\\\/cvnoticias.com\\\/nuevapagina\\\/index.php\\\/2025\\\/09\\\/12\\\/en-tercer-congreso-de-las-juventudes-las-y-los-jovenes-oaxaquenos-presentaron-iniciativas-para-impulsar-cambios-en-el-estado\\\/\"]}]},{\"@type\":\"ImageObject\",\"inLanguage\":\"es\",\"@id\":\"https:\\\/\\\/cvnoticias.com\\\/nuevapagina\\\/index.php\\\/2025\\\/09\\\/12\\\/en-tercer-congreso-de-las-juventudes-las-y-los-jovenes-oaxaquenos-presentaron-iniciativas-para-impulsar-cambios-en-el-estado\\\/#primaryimage\",\"url\":\"https:\\\/\\\/cvnoticias.com\\\/nuevapagina\\\/wp-content\\\/uploads\\\/2025\\\/09\\\/d6795075-324b-4096-a74e-1dffa0b70949.jpeg\",\"contentUrl\":\"https:\\\/\\\/cvnoticias.com\\\/nuevapagina\\\/wp-content\\\/uploads\\\/2025\\\/09\\\/d6795075-324b-4096-a74e-1dffa0b70949.jpeg\",\"width\":1600,\"height\":1066},{\"@type\":\"BreadcrumbList\",\"@id\":\"https:\\\/\\\/cvnoticias.com\\\/nuevapagina\\\/index.php\\\/2025\\\/09\\\/12\\\/en-tercer-congreso-de-las-juventudes-las-y-los-jovenes-oaxaquenos-presentaron-iniciativas-para-impulsar-cambios-en-el-estado\\\/#breadcrumb\",\"itemListElement\":[{\"@type\":\"ListItem\",\"position\":1,\"name\":\"Portada\",\"item\":\"https:\\\/\\\/cvnoticias.com\\\/nuevapagina\\\/\"},{\"@type\":\"ListItem\",\"position\":2,\"name\":\"En Tercer Congreso de las Juventudes las y los j\u00f3venes oaxaque\u00f1os presentaron iniciativas para impulsar cambios en el estado\"}]},{\"@type\":\"WebSite\",\"@id\":\"https:\\\/\\\/cvnoticias.com\\\/nuevapagina\\\/#website\",\"url\":\"https:\\\/\\\/cvnoticias.com\\\/nuevapagina\\\/\",\"name\":\"CV Noticias\",\"description\":\"Noticias de Oaxaca\",\"publisher\":{\"@id\":\"https:\\\/\\\/cvnoticias.com\\\/nuevapagina\\\/#organization\"},\"potentialAction\":[{\"@type\":\"SearchAction\",\"target\":{\"@type\":\"EntryPoint\",\"urlTemplate\":\"https:\\\/\\\/cvnoticias.com\\\/nuevapagina\\\/?s={search_term_string}\"},\"query-input\":{\"@type\":\"PropertyValueSpecification\",\"valueRequired\":true,\"valueName\":\"search_term_string\"}}],\"inLanguage\":\"es\"},{\"@type\":\"Organization\",\"@id\":\"https:\\\/\\\/cvnoticias.com\\\/nuevapagina\\\/#organization\",\"name\":\"CV Noticias\",\"url\":\"https:\\\/\\\/cvnoticias.com\\\/nuevapagina\\\/\",\"logo\":{\"@type\":\"ImageObject\",\"inLanguage\":\"es\",\"@id\":\"https:\\\/\\\/cvnoticias.com\\\/nuevapagina\\\/#\\\/schema\\\/logo\\\/image\\\/\",\"url\":\"https:\\\/\\\/cvnoticias.com\\\/nuevapagina\\\/wp-content\\\/uploads\\\/2025\\\/05\\\/cropped-logo-1.png\",\"contentUrl\":\"https:\\\/\\\/cvnoticias.com\\\/nuevapagina\\\/wp-content\\\/uploads\\\/2025\\\/05\\\/cropped-logo-1.png\",\"width\":320,\"height\":118,\"caption\":\"CV Noticias\"},\"image\":{\"@id\":\"https:\\\/\\\/cvnoticias.com\\\/nuevapagina\\\/#\\\/schema\\\/logo\\\/image\\\/\"}},{\"@type\":\"Person\",\"@id\":\"https:\\\/\\\/cvnoticias.com\\\/nuevapagina\\\/#\\\/schema\\\/person\\\/19e35f246421a31486be7321065f7463\",\"name\":\"CvNoticias\",\"image\":{\"@type\":\"ImageObject\",\"inLanguage\":\"es\",\"@id\":\"https:\\\/\\\/secure.gravatar.com\\\/avatar\\\/c3a4375d38fd8f9b34ac9e853cb706a079817c78f9a39e33b16a2b2b2e51688a?s=96&d=mm&r=g\",\"url\":\"https:\\\/\\\/secure.gravatar.com\\\/avatar\\\/c3a4375d38fd8f9b34ac9e853cb706a079817c78f9a39e33b16a2b2b2e51688a?s=96&d=mm&r=g\",\"contentUrl\":\"https:\\\/\\\/secure.gravatar.com\\\/avatar\\\/c3a4375d38fd8f9b34ac9e853cb706a079817c78f9a39e33b16a2b2b2e51688a?s=96&d=mm&r=g\",\"caption\":\"CvNoticias\"},\"url\":\"https:\\\/\\\/cvnoticias.com\\\/nuevapagina\\\/index.php\\\/author\\\/gesner\\\/\"}]}<\/script>\n<!-- \/ Yoast SEO plugin. -->","yoast_head_json":{"title":"En Tercer Congreso de las Juventudes las y los j\u00f3venes oaxaque\u00f1os presentaron iniciativas para impulsar cambios en el estado - CV Noticias","robots":{"index":"index","follow":"follow","max-snippet":"max-snippet:-1","max-image-preview":"max-image-preview:large","max-video-preview":"max-video-preview:-1"},"canonical":"https:\/\/cvnoticias.com\/nuevapagina\/index.php\/2025\/09\/12\/en-tercer-congreso-de-las-juventudes-las-y-los-jovenes-oaxaquenos-presentaron-iniciativas-para-impulsar-cambios-en-el-estado\/","og_locale":"es_ES","og_type":"article","og_title":"En Tercer Congreso de las Juventudes las y los j\u00f3venes oaxaque\u00f1os presentaron iniciativas para impulsar cambios en el estado - CV Noticias","og_description":"San Raymundo Jalpan, Oax., a 11 de septiembre de 2025.- Un total de 73 j\u00f3venes...","og_url":"https:\/\/cvnoticias.com\/nuevapagina\/index.php\/2025\/09\/12\/en-tercer-congreso-de-las-juventudes-las-y-los-jovenes-oaxaquenos-presentaron-iniciativas-para-impulsar-cambios-en-el-estado\/","og_site_name":"CV Noticias","article_published_time":"2025-09-12T00:52:37+00:00","article_modified_time":"2025-09-12T00:52:39+00:00","og_image":[{"width":1600,"height":1066,"url":"https:\/\/cvnoticias.com\/nuevapagina\/wp-content\/uploads\/2025\/09\/d6795075-324b-4096-a74e-1dffa0b70949.jpeg","type":"image\/jpeg"}],"author":"CvNoticias","twitter_card":"summary_large_image","twitter_misc":{"Escrito por":"CvNoticias","Tiempo de lectura":"4 minutos"},"schema":{"@context":"https:\/\/schema.org","@graph":[{"@type":"Article","@id":"https:\/\/cvnoticias.com\/nuevapagina\/index.php\/2025\/09\/12\/en-tercer-congreso-de-las-juventudes-las-y-los-jovenes-oaxaquenos-presentaron-iniciativas-para-impulsar-cambios-en-el-estado\/#article","isPartOf":{"@id":"https:\/\/cvnoticias.com\/nuevapagina\/index.php\/2025\/09\/12\/en-tercer-congreso-de-las-juventudes-las-y-los-jovenes-oaxaquenos-presentaron-iniciativas-para-impulsar-cambios-en-el-estado\/"},"author":{"name":"CvNoticias","@id":"https:\/\/cvnoticias.com\/nuevapagina\/#\/schema\/person\/19e35f246421a31486be7321065f7463"},"headline":"En Tercer Congreso de las Juventudes las y los j\u00f3venes oaxaque\u00f1os presentaron iniciativas para impulsar cambios en el estado","datePublished":"2025-09-12T00:52:37+00:00","dateModified":"2025-09-12T00:52:39+00:00","mainEntityOfPage":{"@id":"https:\/\/cvnoticias.com\/nuevapagina\/index.php\/2025\/09\/12\/en-tercer-congreso-de-las-juventudes-las-y-los-jovenes-oaxaquenos-presentaron-iniciativas-para-impulsar-cambios-en-el-estado\/"},"wordCount":784,"commentCount":0,"publisher":{"@id":"https:\/\/cvnoticias.com\/nuevapagina\/#organization"},"image":{"@id":"https:\/\/cvnoticias.com\/nuevapagina\/index.php\/2025\/09\/12\/en-tercer-congreso-de-las-juventudes-las-y-los-jovenes-oaxaquenos-presentaron-iniciativas-para-impulsar-cambios-en-el-estado\/#primaryimage"},"thumbnailUrl":"https:\/\/cvnoticias.com\/nuevapagina\/wp-content\/uploads\/2025\/09\/d6795075-324b-4096-a74e-1dffa0b70949.jpeg","articleSection":["Comunicados"],"inLanguage":"es","potentialAction":[{"@type":"CommentAction","name":"Comment","target":["https:\/\/cvnoticias.com\/nuevapagina\/index.php\/2025\/09\/12\/en-tercer-congreso-de-las-juventudes-las-y-los-jovenes-oaxaquenos-presentaron-iniciativas-para-impulsar-cambios-en-el-estado\/#respond"]}]},{"@type":"WebPage","@id":"https:\/\/cvnoticias.com\/nuevapagina\/index.php\/2025\/09\/12\/en-tercer-congreso-de-las-juventudes-las-y-los-jovenes-oaxaquenos-presentaron-iniciativas-para-impulsar-cambios-en-el-estado\/","url":"https:\/\/cvnoticias.com\/nuevapagina\/index.php\/2025\/09\/12\/en-tercer-congreso-de-las-juventudes-las-y-los-jovenes-oaxaquenos-presentaron-iniciativas-para-impulsar-cambios-en-el-estado\/","name":"En Tercer Congreso de las Juventudes las y los j\u00f3venes oaxaque\u00f1os presentaron iniciativas para impulsar cambios en el estado - CV Noticias","isPartOf":{"@id":"https:\/\/cvnoticias.com\/nuevapagina\/#website"},"primaryImageOfPage":{"@id":"https:\/\/cvnoticias.com\/nuevapagina\/index.php\/2025\/09\/12\/en-tercer-congreso-de-las-juventudes-las-y-los-jovenes-oaxaquenos-presentaron-iniciativas-para-impulsar-cambios-en-el-estado\/#primaryimage"},"image":{"@id":"https:\/\/cvnoticias.com\/nuevapagina\/index.php\/2025\/09\/12\/en-tercer-congreso-de-las-juventudes-las-y-los-jovenes-oaxaquenos-presentaron-iniciativas-para-impulsar-cambios-en-el-estado\/#primaryimage"},"thumbnailUrl":"https:\/\/cvnoticias.com\/nuevapagina\/wp-content\/uploads\/2025\/09\/d6795075-324b-4096-a74e-1dffa0b70949.jpeg","datePublished":"2025-09-12T00:52:37+00:00","dateModified":"2025-09-12T00:52:39+00:00","breadcrumb":{"@id":"https:\/\/cvnoticias.com\/nuevapagina\/index.php\/2025\/09\/12\/en-tercer-congreso-de-las-juventudes-las-y-los-jovenes-oaxaquenos-presentaron-iniciativas-para-impulsar-cambios-en-el-estado\/#breadcrumb"},"inLanguage":"es","potentialAction":[{"@type":"ReadAction","target":["https:\/\/cvnoticias.com\/nuevapagina\/index.php\/2025\/09\/12\/en-tercer-congreso-de-las-juventudes-las-y-los-jovenes-oaxaquenos-presentaron-iniciativas-para-impulsar-cambios-en-el-estado\/"]}]},{"@type":"ImageObject","inLanguage":"es","@id":"https:\/\/cvnoticias.com\/nuevapagina\/index.php\/2025\/09\/12\/en-tercer-congreso-de-las-juventudes-las-y-los-jovenes-oaxaquenos-presentaron-iniciativas-para-impulsar-cambios-en-el-estado\/#primaryimage","url":"https:\/\/cvnoticias.com\/nuevapagina\/wp-content\/uploads\/2025\/09\/d6795075-324b-4096-a74e-1dffa0b70949.jpeg","contentUrl":"https:\/\/cvnoticias.com\/nuevapagina\/wp-content\/uploads\/2025\/09\/d6795075-324b-4096-a74e-1dffa0b70949.jpeg","width":1600,"height":1066},{"@type":"BreadcrumbList","@id":"https:\/\/cvnoticias.com\/nuevapagina\/index.php\/2025\/09\/12\/en-tercer-congreso-de-las-juventudes-las-y-los-jovenes-oaxaquenos-presentaron-iniciativas-para-impulsar-cambios-en-el-estado\/#breadcrumb","itemListElement":[{"@type":"ListItem","position":1,"name":"Portada","item":"https:\/\/cvnoticias.com\/nuevapagina\/"},{"@type":"ListItem","position":2,"name":"En Tercer Congreso de las Juventudes las y los j\u00f3venes oaxaque\u00f1os presentaron iniciativas para impulsar cambios en el estado"}]},{"@type":"WebSite","@id":"https:\/\/cvnoticias.com\/nuevapagina\/#website","url":"https:\/\/cvnoticias.com\/nuevapagina\/","name":"CV Noticias","description":"Noticias de Oaxaca","publisher":{"@id":"https:\/\/cvnoticias.com\/nuevapagina\/#organization"},"potentialAction":[{"@type":"SearchAction","target":{"@type":"EntryPoint","urlTemplate":"https:\/\/cvnoticias.com\/nuevapagina\/?s={search_term_string}"},"query-input":{"@type":"PropertyValueSpecification","valueRequired":true,"valueName":"search_term_string"}}],"inLanguage":"es"},{"@type":"Organization","@id":"https:\/\/cvnoticias.com\/nuevapagina\/#organization","name":"CV Noticias","url":"https:\/\/cvnoticias.com\/nuevapagina\/","logo":{"@type":"ImageObject","inLanguage":"es","@id":"https:\/\/cvnoticias.com\/nuevapagina\/#\/schema\/logo\/image\/","url":"https:\/\/cvnoticias.com\/nuevapagina\/wp-content\/uploads\/2025\/05\/cropped-logo-1.png","contentUrl":"https:\/\/cvnoticias.com\/nuevapagina\/wp-content\/uploads\/2025\/05\/cropped-logo-1.png","width":320,"height":118,"caption":"CV Noticias"},"image":{"@id":"https:\/\/cvnoticias.com\/nuevapagina\/#\/schema\/logo\/image\/"}},{"@type":"Person","@id":"https:\/\/cvnoticias.com\/nuevapagina\/#\/schema\/person\/19e35f246421a31486be7321065f7463","name":"CvNoticias","image":{"@type":"ImageObject","inLanguage":"es","@id":"https:\/\/secure.gravatar.com\/avatar\/c3a4375d38fd8f9b34ac9e853cb706a079817c78f9a39e33b16a2b2b2e51688a?s=96&d=mm&r=g","url":"https:\/\/secure.gravatar.com\/avatar\/c3a4375d38fd8f9b34ac9e853cb706a079817c78f9a39e33b16a2b2b2e51688a?s=96&d=mm&r=g","contentUrl":"https:\/\/secure.gravatar.com\/avatar\/c3a4375d38fd8f9b34ac9e853cb706a079817c78f9a39e33b16a2b2b2e51688a?s=96&d=mm&r=g","caption":"CvNoticias"},"url":"https:\/\/cvnoticias.com\/nuevapagina\/index.php\/author\/gesner\/"}]}},"_links":{"self":[{"href":"https:\/\/cvnoticias.com\/nuevapagina\/index.php\/wp-json\/wp\/v2\/posts\/2535","targetHints":{"allow":["GET"]}}],"collection":[{"href":"https:\/\/cvnoticias.com\/nuevapagina\/index.php\/wp-json\/wp\/v2\/posts"}],"about":[{"href":"https:\/\/cvnoticias.com\/nuevapagina\/index.php\/wp-json\/wp\/v2\/types\/post"}],"author":[{"embeddable":true,"href":"https:\/\/cvnoticias.com\/nuevapagina\/index.php\/wp-json\/wp\/v2\/users\/2"}],"replies":[{"embeddable":true,"href":"https:\/\/cvnoticias.com\/nuevapagina\/index.php\/wp-json\/wp\/v2\/comments?post=2535"}],"version-history":[{"count":1,"href":"https:\/\/cvnoticias.com\/nuevapagina\/index.php\/wp-json\/wp\/v2\/posts\/2535\/revisions"}],"predecessor-version":[{"id":2538,"href":"https:\/\/cvnoticias.com\/nuevapagina\/index.php\/wp-json\/wp\/v2\/posts\/2535\/revisions\/2538"}],"wp:featuredmedia":[{"embeddable":true,"href":"https:\/\/cvnoticias.com\/nuevapagina\/index.php\/wp-json\/wp\/v2\/media\/2537"}],"wp:attachment":[{"href":"https:\/\/cvnoticias.com\/nuevapagina\/index.php\/wp-json\/wp\/v2\/media?parent=2535"}],"wp:term":[{"taxonomy":"category","embeddable":true,"href":"https:\/\/cvnoticias.com\/nuevapagina\/index.php\/wp-json\/wp\/v2\/categories?post=2535"},{"taxonomy":"post_tag","embeddable":true,"href":"https:\/\/cvnoticias.com\/nuevapagina\/index.php\/wp-json\/wp\/v2\/tags?post=2535"}],"curies":[{"name":"wp","href":"https:\/\/api.w.org\/{rel}","templated":true}]}}