{"id":2529,"date":"2025-09-12T00:47:54","date_gmt":"2025-09-12T00:47:54","guid":{"rendered":"https:\/\/cvnoticias.com\/nuevapagina\/?p=2529"},"modified":"2025-09-12T00:47:56","modified_gmt":"2025-09-12T00:47:56","slug":"viveros-montalvo-presenta-iniciativa-para-expedir-la-ley-para-el-bienestar-de-las-juventudes-oaxaquenas","status":"publish","type":"post","link":"https:\/\/cvnoticias.com\/nuevapagina\/index.php\/2025\/09\/12\/viveros-montalvo-presenta-iniciativa-para-expedir-la-ley-para-el-bienestar-de-las-juventudes-oaxaquenas\/","title":{"rendered":"Viveros Montalvo presenta iniciativa para expedir la Ley para el Bienestar de las Juventudes Oaxaque\u00f1as"},"content":{"rendered":"\n<p><\/p>\n\n\n\n<ul class=\"wp-block-list\">\n<li>De ser aprobada, su aplicaci\u00f3n corresponder\u00e1 a todas las autoridades estatales y municipales<\/li>\n\n\n\n<li>Tiene por objetivo promover y garantizar el goce, ejercicio, respeto, protecci\u00f3n, sanci\u00f3n y promoci\u00f3n de los derechos humanos de las y los j\u00f3venes<\/li>\n\n\n\n<li>Plantea la creaci\u00f3n del Sistema para el Bienestar de las Juventudes Oaxaque\u00f1as<\/li>\n\n\n\n<li>En Oaxaca habitan m\u00e1s de 1 mill\u00f3n de personas entre 15 y 29 a\u00f1os quienes enfrentan m\u00faltiples desaf\u00edos que limitan su pleno desarrollo<\/li>\n<\/ul>\n\n\n\n<p><em>San Raymundo Jalpan, Oax., a 11 de septiembre de 2025.-<\/em> Con el prop\u00f3sito de reconocer a las juventudes como sujetos plenos de derecho y establecer un marco jur\u00eddico e institucional para garantizar su bienestar integral, de conformidad con los principios de universalidad, interdependencia, indivisibilidad y progresividad en t\u00e9rminos del art\u00edculo 1\u00b0 de la Ley Suprema de M\u00e9xico, el diputado Benjam\u00edn Viveros Montalvo, Presidente de la Junta de Coordinaci\u00f3n Pol\u00edtica (Jucopo) del Congreso del Estado, present\u00f3 la iniciativa con Proyecto de Decreto por la que se expide la Ley para el Bienestar de las Juventudes Oaxaque\u00f1as.<\/p>\n\n\n\n<p>En la Sesi\u00f3n Ordinaria, destac\u00f3 que esta propuesta articula la coordinaci\u00f3n entre autoridades estatales y municipales, impulsa la participaci\u00f3n de las juventudes en la vida p\u00fablica y asegura la implementaci\u00f3n de pol\u00edticas con perspectiva de derechos humanos, interculturalidad, inclusi\u00f3n social y sustentabilidad ambiental.<\/p>\n\n\n\n<p>Al hacer uso de la palabra en tribuna refiri\u00f3, adem\u00e1s, que el contenido de esta iniciativa es fruto de la escucha, el di\u00e1logo y la construcci\u00f3n colectiva, pues se nutri\u00f3 con la experiencia de organizaciones sociales, con la voz de las comunidades, adem\u00e1s de la colaboraci\u00f3n del Instituto Mexicano de la Juventud (IMJUVE) del Gobierno Federal, que aport\u00f3 su visi\u00f3n y experiencia para armonizar este proyecto con las pol\u00edticas nacionales.<\/p>\n\n\n\n<p>El tambi\u00e9n Coordinador del Grupo Parlamentario de Morena en el Congreso local aclar\u00f3 que este proyecto no solo es una propuesta legal, sino tambi\u00e9n una invitaci\u00f3n a construir un pacto generacional y reconocer que las juventudes tienen el derecho a vivir con dignidad y contar con oportunidades de empleo, educaci\u00f3n, salud, cultura, deporte y a ser consultadas en las decisiones que afectan sus vidas, tener un espacio en la pol\u00edtica, econom\u00eda, la ciencia y sobre todo, en la transformaci\u00f3n de Oaxaca.<\/p>\n\n\n\n<p>\u201cEs tiempo de responder con hechos, con visi\u00f3n y compromiso; es tiempo que Oaxaca cuente con una Ley de las Juventudes porque son la fuerza del presente, son el motor de cambio en el estado y el pa\u00eds, quienes esperan un marco jur\u00eddico, digno, justo y efectivo a la realidad actual\u201d, subray\u00f3.<\/p>\n\n\n\n<p>De acuerdo con el Instituto Nacional de Estad\u00edstica y Geograf\u00eda (Inegi), en M\u00e9xico existen m\u00e1s de 37 millones de personas j\u00f3venes de entre 15 y 29 a\u00f1os, y en Oaxaca este grupo asciende a m\u00e1s de 1 mill\u00f3n de habitantes, sin embargo, enfrentan m\u00faltiples desaf\u00edos que limitan su pleno desarrollo ya que enfrentan pobreza, precariedad laboral, la falta de acceso a la educaci\u00f3n de calidad e insuficientes oportunidades de emprendimiento.<\/p>\n\n\n\n<p>En este sentido se busca fortalecer las estrategias en materia de salud, educaci\u00f3n, empleo, vivienda, movilidad, cultura, deporte, paz y medio ambiente, reconociendo la diversidad \u00e9tnica y cultural de Oaxaca.<\/p>\n\n\n\n<p>La referida iniciativa de Ley es de orden p\u00fablico, inter\u00e9s social y de observancia general en todo el territorio del estado, por lo que su aplicaci\u00f3n corresponder\u00e1 a todas las autoridades estatales y municipales.<\/p>\n\n\n\n<p>Est\u00e1 conformada por 80 art\u00edculos en los cuales se promueve y garantiza el goce, ejercicio, respeto, protecci\u00f3n, sanci\u00f3n y promoci\u00f3n de los derechos humanos de las y los j\u00f3venes. Tambi\u00e9n plantea crear y regular la integraci\u00f3n, organizaci\u00f3n y funcionamiento del Sistema para el Bienestar de las Juventudes Oaxaque\u00f1as.<\/p>\n\n\n\n<p>El Proyecto fue turnado para su estudio y dictamen a la Comisi\u00f3n Permanente de Ni\u00f1ez, Adolescencia y Juventudes.<br>-0-<\/p>\n","protected":false},"excerpt":{"rendered":"<p>San Raymundo Jalpan, Oax., a 11 de septiembre de 2025.- Con el prop\u00f3sito de reconocer&#8230;<\/p>\n","protected":false},"author":2,"featured_media":2531,"comment_status":"open","ping_status":"closed","sticky":false,"template":"","format":"standard","meta":{"footnotes":""},"categories":[3],"tags":[],"class_list":["post-2529","post","type-post","status-publish","format-standard","has-post-thumbnail","hentry","category-comunicadosdeprensa"],"yoast_head":"<!-- This site is optimized with the Yoast SEO plugin v27.5 - https:\/\/yoast.com\/product\/yoast-seo-wordpress\/ -->\n<title>Viveros Montalvo presenta iniciativa para expedir la Ley para el Bienestar de las Juventudes Oaxaque\u00f1as - CV Noticias<\/title>\n<meta name=\"robots\" content=\"index, follow, max-snippet:-1, max-image-preview:large, max-video-preview:-1\" \/>\n<link rel=\"canonical\" href=\"https:\/\/cvnoticias.com\/nuevapagina\/index.php\/2025\/09\/12\/viveros-montalvo-presenta-iniciativa-para-expedir-la-ley-para-el-bienestar-de-las-juventudes-oaxaquenas\/\" \/>\n<meta property=\"og:locale\" content=\"es_ES\" \/>\n<meta property=\"og:type\" content=\"article\" \/>\n<meta property=\"og:title\" content=\"Viveros Montalvo presenta iniciativa para expedir la Ley para el Bienestar de las Juventudes Oaxaque\u00f1as - CV Noticias\" \/>\n<meta property=\"og:description\" content=\"San Raymundo Jalpan, Oax., a 11 de septiembre de 2025.- Con el prop\u00f3sito de reconocer...\" \/>\n<meta property=\"og:url\" content=\"https:\/\/cvnoticias.com\/nuevapagina\/index.php\/2025\/09\/12\/viveros-montalvo-presenta-iniciativa-para-expedir-la-ley-para-el-bienestar-de-las-juventudes-oaxaquenas\/\" \/>\n<meta property=\"og:site_name\" content=\"CV Noticias\" \/>\n<meta property=\"article:published_time\" content=\"2025-09-12T00:47:54+00:00\" \/>\n<meta property=\"article:modified_time\" content=\"2025-09-12T00:47:56+00:00\" \/>\n<meta property=\"og:image\" content=\"https:\/\/cvnoticias.com\/nuevapagina\/wp-content\/uploads\/2025\/09\/73d12387-2c13-43be-890e-cc4655b68d01.jpeg\" \/>\n\t<meta property=\"og:image:width\" content=\"1600\" \/>\n\t<meta property=\"og:image:height\" content=\"1065\" \/>\n\t<meta property=\"og:image:type\" content=\"image\/jpeg\" \/>\n<meta name=\"author\" content=\"CvNoticias\" \/>\n<meta name=\"twitter:card\" content=\"summary_large_image\" \/>\n<meta name=\"twitter:label1\" content=\"Escrito por\" \/>\n\t<meta name=\"twitter:data1\" content=\"CvNoticias\" \/>\n\t<meta name=\"twitter:label2\" content=\"Tiempo de lectura\" \/>\n\t<meta name=\"twitter:data2\" content=\"4 minutos\" \/>\n<script type=\"application\/ld+json\" class=\"yoast-schema-graph\">{\"@context\":\"https:\\\/\\\/schema.org\",\"@graph\":[{\"@type\":\"Article\",\"@id\":\"https:\\\/\\\/cvnoticias.com\\\/nuevapagina\\\/index.php\\\/2025\\\/09\\\/12\\\/viveros-montalvo-presenta-iniciativa-para-expedir-la-ley-para-el-bienestar-de-las-juventudes-oaxaquenas\\\/#article\",\"isPartOf\":{\"@id\":\"https:\\\/\\\/cvnoticias.com\\\/nuevapagina\\\/index.php\\\/2025\\\/09\\\/12\\\/viveros-montalvo-presenta-iniciativa-para-expedir-la-ley-para-el-bienestar-de-las-juventudes-oaxaquenas\\\/\"},\"author\":{\"name\":\"CvNoticias\",\"@id\":\"https:\\\/\\\/cvnoticias.com\\\/nuevapagina\\\/#\\\/schema\\\/person\\\/19e35f246421a31486be7321065f7463\"},\"headline\":\"Viveros Montalvo presenta iniciativa para expedir la Ley para el Bienestar de las Juventudes Oaxaque\u00f1as\",\"datePublished\":\"2025-09-12T00:47:54+00:00\",\"dateModified\":\"2025-09-12T00:47:56+00:00\",\"mainEntityOfPage\":{\"@id\":\"https:\\\/\\\/cvnoticias.com\\\/nuevapagina\\\/index.php\\\/2025\\\/09\\\/12\\\/viveros-montalvo-presenta-iniciativa-para-expedir-la-ley-para-el-bienestar-de-las-juventudes-oaxaquenas\\\/\"},\"wordCount\":690,\"commentCount\":0,\"publisher\":{\"@id\":\"https:\\\/\\\/cvnoticias.com\\\/nuevapagina\\\/#organization\"},\"image\":{\"@id\":\"https:\\\/\\\/cvnoticias.com\\\/nuevapagina\\\/index.php\\\/2025\\\/09\\\/12\\\/viveros-montalvo-presenta-iniciativa-para-expedir-la-ley-para-el-bienestar-de-las-juventudes-oaxaquenas\\\/#primaryimage\"},\"thumbnailUrl\":\"https:\\\/\\\/cvnoticias.com\\\/nuevapagina\\\/wp-content\\\/uploads\\\/2025\\\/09\\\/73d12387-2c13-43be-890e-cc4655b68d01.jpeg\",\"articleSection\":[\"Comunicados\"],\"inLanguage\":\"es\",\"potentialAction\":[{\"@type\":\"CommentAction\",\"name\":\"Comment\",\"target\":[\"https:\\\/\\\/cvnoticias.com\\\/nuevapagina\\\/index.php\\\/2025\\\/09\\\/12\\\/viveros-montalvo-presenta-iniciativa-para-expedir-la-ley-para-el-bienestar-de-las-juventudes-oaxaquenas\\\/#respond\"]}]},{\"@type\":\"WebPage\",\"@id\":\"https:\\\/\\\/cvnoticias.com\\\/nuevapagina\\\/index.php\\\/2025\\\/09\\\/12\\\/viveros-montalvo-presenta-iniciativa-para-expedir-la-ley-para-el-bienestar-de-las-juventudes-oaxaquenas\\\/\",\"url\":\"https:\\\/\\\/cvnoticias.com\\\/nuevapagina\\\/index.php\\\/2025\\\/09\\\/12\\\/viveros-montalvo-presenta-iniciativa-para-expedir-la-ley-para-el-bienestar-de-las-juventudes-oaxaquenas\\\/\",\"name\":\"Viveros Montalvo presenta iniciativa para expedir la Ley para el Bienestar de las Juventudes Oaxaque\u00f1as - CV Noticias\",\"isPartOf\":{\"@id\":\"https:\\\/\\\/cvnoticias.com\\\/nuevapagina\\\/#website\"},\"primaryImageOfPage\":{\"@id\":\"https:\\\/\\\/cvnoticias.com\\\/nuevapagina\\\/index.php\\\/2025\\\/09\\\/12\\\/viveros-montalvo-presenta-iniciativa-para-expedir-la-ley-para-el-bienestar-de-las-juventudes-oaxaquenas\\\/#primaryimage\"},\"image\":{\"@id\":\"https:\\\/\\\/cvnoticias.com\\\/nuevapagina\\\/index.php\\\/2025\\\/09\\\/12\\\/viveros-montalvo-presenta-iniciativa-para-expedir-la-ley-para-el-bienestar-de-las-juventudes-oaxaquenas\\\/#primaryimage\"},\"thumbnailUrl\":\"https:\\\/\\\/cvnoticias.com\\\/nuevapagina\\\/wp-content\\\/uploads\\\/2025\\\/09\\\/73d12387-2c13-43be-890e-cc4655b68d01.jpeg\",\"datePublished\":\"2025-09-12T00:47:54+00:00\",\"dateModified\":\"2025-09-12T00:47:56+00:00\",\"breadcrumb\":{\"@id\":\"https:\\\/\\\/cvnoticias.com\\\/nuevapagina\\\/index.php\\\/2025\\\/09\\\/12\\\/viveros-montalvo-presenta-iniciativa-para-expedir-la-ley-para-el-bienestar-de-las-juventudes-oaxaquenas\\\/#breadcrumb\"},\"inLanguage\":\"es\",\"potentialAction\":[{\"@type\":\"ReadAction\",\"target\":[\"https:\\\/\\\/cvnoticias.com\\\/nuevapagina\\\/index.php\\\/2025\\\/09\\\/12\\\/viveros-montalvo-presenta-iniciativa-para-expedir-la-ley-para-el-bienestar-de-las-juventudes-oaxaquenas\\\/\"]}]},{\"@type\":\"ImageObject\",\"inLanguage\":\"es\",\"@id\":\"https:\\\/\\\/cvnoticias.com\\\/nuevapagina\\\/index.php\\\/2025\\\/09\\\/12\\\/viveros-montalvo-presenta-iniciativa-para-expedir-la-ley-para-el-bienestar-de-las-juventudes-oaxaquenas\\\/#primaryimage\",\"url\":\"https:\\\/\\\/cvnoticias.com\\\/nuevapagina\\\/wp-content\\\/uploads\\\/2025\\\/09\\\/73d12387-2c13-43be-890e-cc4655b68d01.jpeg\",\"contentUrl\":\"https:\\\/\\\/cvnoticias.com\\\/nuevapagina\\\/wp-content\\\/uploads\\\/2025\\\/09\\\/73d12387-2c13-43be-890e-cc4655b68d01.jpeg\",\"width\":1600,\"height\":1065},{\"@type\":\"BreadcrumbList\",\"@id\":\"https:\\\/\\\/cvnoticias.com\\\/nuevapagina\\\/index.php\\\/2025\\\/09\\\/12\\\/viveros-montalvo-presenta-iniciativa-para-expedir-la-ley-para-el-bienestar-de-las-juventudes-oaxaquenas\\\/#breadcrumb\",\"itemListElement\":[{\"@type\":\"ListItem\",\"position\":1,\"name\":\"Portada\",\"item\":\"https:\\\/\\\/cvnoticias.com\\\/nuevapagina\\\/\"},{\"@type\":\"ListItem\",\"position\":2,\"name\":\"Viveros Montalvo presenta iniciativa para expedir la Ley para el Bienestar de las Juventudes Oaxaque\u00f1as\"}]},{\"@type\":\"WebSite\",\"@id\":\"https:\\\/\\\/cvnoticias.com\\\/nuevapagina\\\/#website\",\"url\":\"https:\\\/\\\/cvnoticias.com\\\/nuevapagina\\\/\",\"name\":\"CV Noticias\",\"description\":\"Noticias de Oaxaca\",\"publisher\":{\"@id\":\"https:\\\/\\\/cvnoticias.com\\\/nuevapagina\\\/#organization\"},\"potentialAction\":[{\"@type\":\"SearchAction\",\"target\":{\"@type\":\"EntryPoint\",\"urlTemplate\":\"https:\\\/\\\/cvnoticias.com\\\/nuevapagina\\\/?s={search_term_string}\"},\"query-input\":{\"@type\":\"PropertyValueSpecification\",\"valueRequired\":true,\"valueName\":\"search_term_string\"}}],\"inLanguage\":\"es\"},{\"@type\":\"Organization\",\"@id\":\"https:\\\/\\\/cvnoticias.com\\\/nuevapagina\\\/#organization\",\"name\":\"CV Noticias\",\"url\":\"https:\\\/\\\/cvnoticias.com\\\/nuevapagina\\\/\",\"logo\":{\"@type\":\"ImageObject\",\"inLanguage\":\"es\",\"@id\":\"https:\\\/\\\/cvnoticias.com\\\/nuevapagina\\\/#\\\/schema\\\/logo\\\/image\\\/\",\"url\":\"https:\\\/\\\/cvnoticias.com\\\/nuevapagina\\\/wp-content\\\/uploads\\\/2025\\\/05\\\/cropped-logo-1.png\",\"contentUrl\":\"https:\\\/\\\/cvnoticias.com\\\/nuevapagina\\\/wp-content\\\/uploads\\\/2025\\\/05\\\/cropped-logo-1.png\",\"width\":320,\"height\":118,\"caption\":\"CV Noticias\"},\"image\":{\"@id\":\"https:\\\/\\\/cvnoticias.com\\\/nuevapagina\\\/#\\\/schema\\\/logo\\\/image\\\/\"}},{\"@type\":\"Person\",\"@id\":\"https:\\\/\\\/cvnoticias.com\\\/nuevapagina\\\/#\\\/schema\\\/person\\\/19e35f246421a31486be7321065f7463\",\"name\":\"CvNoticias\",\"image\":{\"@type\":\"ImageObject\",\"inLanguage\":\"es\",\"@id\":\"https:\\\/\\\/secure.gravatar.com\\\/avatar\\\/c3a4375d38fd8f9b34ac9e853cb706a079817c78f9a39e33b16a2b2b2e51688a?s=96&d=mm&r=g\",\"url\":\"https:\\\/\\\/secure.gravatar.com\\\/avatar\\\/c3a4375d38fd8f9b34ac9e853cb706a079817c78f9a39e33b16a2b2b2e51688a?s=96&d=mm&r=g\",\"contentUrl\":\"https:\\\/\\\/secure.gravatar.com\\\/avatar\\\/c3a4375d38fd8f9b34ac9e853cb706a079817c78f9a39e33b16a2b2b2e51688a?s=96&d=mm&r=g\",\"caption\":\"CvNoticias\"},\"url\":\"https:\\\/\\\/cvnoticias.com\\\/nuevapagina\\\/index.php\\\/author\\\/gesner\\\/\"}]}<\/script>\n<!-- \/ Yoast SEO plugin. -->","yoast_head_json":{"title":"Viveros Montalvo presenta iniciativa para expedir la Ley para el Bienestar de las Juventudes Oaxaque\u00f1as - CV Noticias","robots":{"index":"index","follow":"follow","max-snippet":"max-snippet:-1","max-image-preview":"max-image-preview:large","max-video-preview":"max-video-preview:-1"},"canonical":"https:\/\/cvnoticias.com\/nuevapagina\/index.php\/2025\/09\/12\/viveros-montalvo-presenta-iniciativa-para-expedir-la-ley-para-el-bienestar-de-las-juventudes-oaxaquenas\/","og_locale":"es_ES","og_type":"article","og_title":"Viveros Montalvo presenta iniciativa para expedir la Ley para el Bienestar de las Juventudes Oaxaque\u00f1as - CV Noticias","og_description":"San Raymundo Jalpan, Oax., a 11 de septiembre de 2025.- Con el prop\u00f3sito de reconocer...","og_url":"https:\/\/cvnoticias.com\/nuevapagina\/index.php\/2025\/09\/12\/viveros-montalvo-presenta-iniciativa-para-expedir-la-ley-para-el-bienestar-de-las-juventudes-oaxaquenas\/","og_site_name":"CV Noticias","article_published_time":"2025-09-12T00:47:54+00:00","article_modified_time":"2025-09-12T00:47:56+00:00","og_image":[{"width":1600,"height":1065,"url":"https:\/\/cvnoticias.com\/nuevapagina\/wp-content\/uploads\/2025\/09\/73d12387-2c13-43be-890e-cc4655b68d01.jpeg","type":"image\/jpeg"}],"author":"CvNoticias","twitter_card":"summary_large_image","twitter_misc":{"Escrito por":"CvNoticias","Tiempo de lectura":"4 minutos"},"schema":{"@context":"https:\/\/schema.org","@graph":[{"@type":"Article","@id":"https:\/\/cvnoticias.com\/nuevapagina\/index.php\/2025\/09\/12\/viveros-montalvo-presenta-iniciativa-para-expedir-la-ley-para-el-bienestar-de-las-juventudes-oaxaquenas\/#article","isPartOf":{"@id":"https:\/\/cvnoticias.com\/nuevapagina\/index.php\/2025\/09\/12\/viveros-montalvo-presenta-iniciativa-para-expedir-la-ley-para-el-bienestar-de-las-juventudes-oaxaquenas\/"},"author":{"name":"CvNoticias","@id":"https:\/\/cvnoticias.com\/nuevapagina\/#\/schema\/person\/19e35f246421a31486be7321065f7463"},"headline":"Viveros Montalvo presenta iniciativa para expedir la Ley para el Bienestar de las Juventudes Oaxaque\u00f1as","datePublished":"2025-09-12T00:47:54+00:00","dateModified":"2025-09-12T00:47:56+00:00","mainEntityOfPage":{"@id":"https:\/\/cvnoticias.com\/nuevapagina\/index.php\/2025\/09\/12\/viveros-montalvo-presenta-iniciativa-para-expedir-la-ley-para-el-bienestar-de-las-juventudes-oaxaquenas\/"},"wordCount":690,"commentCount":0,"publisher":{"@id":"https:\/\/cvnoticias.com\/nuevapagina\/#organization"},"image":{"@id":"https:\/\/cvnoticias.com\/nuevapagina\/index.php\/2025\/09\/12\/viveros-montalvo-presenta-iniciativa-para-expedir-la-ley-para-el-bienestar-de-las-juventudes-oaxaquenas\/#primaryimage"},"thumbnailUrl":"https:\/\/cvnoticias.com\/nuevapagina\/wp-content\/uploads\/2025\/09\/73d12387-2c13-43be-890e-cc4655b68d01.jpeg","articleSection":["Comunicados"],"inLanguage":"es","potentialAction":[{"@type":"CommentAction","name":"Comment","target":["https:\/\/cvnoticias.com\/nuevapagina\/index.php\/2025\/09\/12\/viveros-montalvo-presenta-iniciativa-para-expedir-la-ley-para-el-bienestar-de-las-juventudes-oaxaquenas\/#respond"]}]},{"@type":"WebPage","@id":"https:\/\/cvnoticias.com\/nuevapagina\/index.php\/2025\/09\/12\/viveros-montalvo-presenta-iniciativa-para-expedir-la-ley-para-el-bienestar-de-las-juventudes-oaxaquenas\/","url":"https:\/\/cvnoticias.com\/nuevapagina\/index.php\/2025\/09\/12\/viveros-montalvo-presenta-iniciativa-para-expedir-la-ley-para-el-bienestar-de-las-juventudes-oaxaquenas\/","name":"Viveros Montalvo presenta iniciativa para expedir la Ley para el Bienestar de las Juventudes Oaxaque\u00f1as - CV Noticias","isPartOf":{"@id":"https:\/\/cvnoticias.com\/nuevapagina\/#website"},"primaryImageOfPage":{"@id":"https:\/\/cvnoticias.com\/nuevapagina\/index.php\/2025\/09\/12\/viveros-montalvo-presenta-iniciativa-para-expedir-la-ley-para-el-bienestar-de-las-juventudes-oaxaquenas\/#primaryimage"},"image":{"@id":"https:\/\/cvnoticias.com\/nuevapagina\/index.php\/2025\/09\/12\/viveros-montalvo-presenta-iniciativa-para-expedir-la-ley-para-el-bienestar-de-las-juventudes-oaxaquenas\/#primaryimage"},"thumbnailUrl":"https:\/\/cvnoticias.com\/nuevapagina\/wp-content\/uploads\/2025\/09\/73d12387-2c13-43be-890e-cc4655b68d01.jpeg","datePublished":"2025-09-12T00:47:54+00:00","dateModified":"2025-09-12T00:47:56+00:00","breadcrumb":{"@id":"https:\/\/cvnoticias.com\/nuevapagina\/index.php\/2025\/09\/12\/viveros-montalvo-presenta-iniciativa-para-expedir-la-ley-para-el-bienestar-de-las-juventudes-oaxaquenas\/#breadcrumb"},"inLanguage":"es","potentialAction":[{"@type":"ReadAction","target":["https:\/\/cvnoticias.com\/nuevapagina\/index.php\/2025\/09\/12\/viveros-montalvo-presenta-iniciativa-para-expedir-la-ley-para-el-bienestar-de-las-juventudes-oaxaquenas\/"]}]},{"@type":"ImageObject","inLanguage":"es","@id":"https:\/\/cvnoticias.com\/nuevapagina\/index.php\/2025\/09\/12\/viveros-montalvo-presenta-iniciativa-para-expedir-la-ley-para-el-bienestar-de-las-juventudes-oaxaquenas\/#primaryimage","url":"https:\/\/cvnoticias.com\/nuevapagina\/wp-content\/uploads\/2025\/09\/73d12387-2c13-43be-890e-cc4655b68d01.jpeg","contentUrl":"https:\/\/cvnoticias.com\/nuevapagina\/wp-content\/uploads\/2025\/09\/73d12387-2c13-43be-890e-cc4655b68d01.jpeg","width":1600,"height":1065},{"@type":"BreadcrumbList","@id":"https:\/\/cvnoticias.com\/nuevapagina\/index.php\/2025\/09\/12\/viveros-montalvo-presenta-iniciativa-para-expedir-la-ley-para-el-bienestar-de-las-juventudes-oaxaquenas\/#breadcrumb","itemListElement":[{"@type":"ListItem","position":1,"name":"Portada","item":"https:\/\/cvnoticias.com\/nuevapagina\/"},{"@type":"ListItem","position":2,"name":"Viveros Montalvo presenta iniciativa para expedir la Ley para el Bienestar de las Juventudes Oaxaque\u00f1as"}]},{"@type":"WebSite","@id":"https:\/\/cvnoticias.com\/nuevapagina\/#website","url":"https:\/\/cvnoticias.com\/nuevapagina\/","name":"CV Noticias","description":"Noticias de Oaxaca","publisher":{"@id":"https:\/\/cvnoticias.com\/nuevapagina\/#organization"},"potentialAction":[{"@type":"SearchAction","target":{"@type":"EntryPoint","urlTemplate":"https:\/\/cvnoticias.com\/nuevapagina\/?s={search_term_string}"},"query-input":{"@type":"PropertyValueSpecification","valueRequired":true,"valueName":"search_term_string"}}],"inLanguage":"es"},{"@type":"Organization","@id":"https:\/\/cvnoticias.com\/nuevapagina\/#organization","name":"CV Noticias","url":"https:\/\/cvnoticias.com\/nuevapagina\/","logo":{"@type":"ImageObject","inLanguage":"es","@id":"https:\/\/cvnoticias.com\/nuevapagina\/#\/schema\/logo\/image\/","url":"https:\/\/cvnoticias.com\/nuevapagina\/wp-content\/uploads\/2025\/05\/cropped-logo-1.png","contentUrl":"https:\/\/cvnoticias.com\/nuevapagina\/wp-content\/uploads\/2025\/05\/cropped-logo-1.png","width":320,"height":118,"caption":"CV Noticias"},"image":{"@id":"https:\/\/cvnoticias.com\/nuevapagina\/#\/schema\/logo\/image\/"}},{"@type":"Person","@id":"https:\/\/cvnoticias.com\/nuevapagina\/#\/schema\/person\/19e35f246421a31486be7321065f7463","name":"CvNoticias","image":{"@type":"ImageObject","inLanguage":"es","@id":"https:\/\/secure.gravatar.com\/avatar\/c3a4375d38fd8f9b34ac9e853cb706a079817c78f9a39e33b16a2b2b2e51688a?s=96&d=mm&r=g","url":"https:\/\/secure.gravatar.com\/avatar\/c3a4375d38fd8f9b34ac9e853cb706a079817c78f9a39e33b16a2b2b2e51688a?s=96&d=mm&r=g","contentUrl":"https:\/\/secure.gravatar.com\/avatar\/c3a4375d38fd8f9b34ac9e853cb706a079817c78f9a39e33b16a2b2b2e51688a?s=96&d=mm&r=g","caption":"CvNoticias"},"url":"https:\/\/cvnoticias.com\/nuevapagina\/index.php\/author\/gesner\/"}]}},"_links":{"self":[{"href":"https:\/\/cvnoticias.com\/nuevapagina\/index.php\/wp-json\/wp\/v2\/posts\/2529","targetHints":{"allow":["GET"]}}],"collection":[{"href":"https:\/\/cvnoticias.com\/nuevapagina\/index.php\/wp-json\/wp\/v2\/posts"}],"about":[{"href":"https:\/\/cvnoticias.com\/nuevapagina\/index.php\/wp-json\/wp\/v2\/types\/post"}],"author":[{"embeddable":true,"href":"https:\/\/cvnoticias.com\/nuevapagina\/index.php\/wp-json\/wp\/v2\/users\/2"}],"replies":[{"embeddable":true,"href":"https:\/\/cvnoticias.com\/nuevapagina\/index.php\/wp-json\/wp\/v2\/comments?post=2529"}],"version-history":[{"count":1,"href":"https:\/\/cvnoticias.com\/nuevapagina\/index.php\/wp-json\/wp\/v2\/posts\/2529\/revisions"}],"predecessor-version":[{"id":2532,"href":"https:\/\/cvnoticias.com\/nuevapagina\/index.php\/wp-json\/wp\/v2\/posts\/2529\/revisions\/2532"}],"wp:featuredmedia":[{"embeddable":true,"href":"https:\/\/cvnoticias.com\/nuevapagina\/index.php\/wp-json\/wp\/v2\/media\/2531"}],"wp:attachment":[{"href":"https:\/\/cvnoticias.com\/nuevapagina\/index.php\/wp-json\/wp\/v2\/media?parent=2529"}],"wp:term":[{"taxonomy":"category","embeddable":true,"href":"https:\/\/cvnoticias.com\/nuevapagina\/index.php\/wp-json\/wp\/v2\/categories?post=2529"},{"taxonomy":"post_tag","embeddable":true,"href":"https:\/\/cvnoticias.com\/nuevapagina\/index.php\/wp-json\/wp\/v2\/tags?post=2529"}],"curies":[{"name":"wp","href":"https:\/\/api.w.org\/{rel}","templated":true}]}}