{"id":2526,"date":"2025-09-12T00:39:37","date_gmt":"2025-09-12T00:39:37","guid":{"rendered":"https:\/\/cvnoticias.com\/nuevapagina\/?p=2526"},"modified":"2025-09-12T00:39:38","modified_gmt":"2025-09-12T00:39:38","slug":"ieepo-cumplira-medida-cautelar-para-garantizar-inscripcion-en-normales","status":"publish","type":"post","link":"https:\/\/cvnoticias.com\/nuevapagina\/index.php\/2025\/09\/12\/ieepo-cumplira-medida-cautelar-para-garantizar-inscripcion-en-normales\/","title":{"rendered":"IEEPO cumplir\u00e1 medida cautelar para garantizar inscripci\u00f3n en normales"},"content":{"rendered":"\n<p><\/p>\n\n\n\n<p>Al cumplirse el plazo otorgado por la Defensor\u00eda de los Derechos Humanos del Pueblo de Oaxaca (DDHPO) a trav\u00e9s de una medida cautelar emitida, en la que el Instituto Estatal de Educaci\u00f3n P\u00fablica de Oaxaca (IEEPO), deber\u00e1 cumplir con la inscripci\u00f3n de las y los j\u00f3venes que pasaron el examen de admisi\u00f3n en escuelas normales y a la fecha no han podido realizar su inscripci\u00f3n correspondiente, el titular de la dependencia, Emilio Montero P\u00e9rez, asegur\u00f3 que la medida ser\u00e1 atendida.<\/p>\n\n\n\n<p>\u201cTambi\u00e9n violenta el derecho a la educaci\u00f3n para que nosotros rindamos un informe previo y justificado en el t\u00e9rmino que nos exija, nos plantee el juzgado federal, pero tambi\u00e9n la ruta que muchos buscaron fue la queja de la Defensor\u00eda de los Derechos Humanos que pr\u00e1cticamente fue por la v\u00eda cautelar, que la tenemos pr\u00e1cticamente que acatar\u201d.<\/p>\n\n\n\n<p>El funcionario asegur\u00f3 que no hay alumnos recomendados o al menos no se han identificado, as\u00ed como tampoco se encontraron anomal\u00edas, solo alumnos que olvidaron colocar sus nombres, pero que se identificaron mediante el folio de los ex\u00e1menes.<\/p>\n\n\n\n<p>\u201cFue un examen que se gener\u00f3 por una universidad que pues pr\u00e1cticamente se contrata, fue validada por diversos actores que intervienen en este examen y lo que nosotros queremos es precisamente conciliar esta situaci\u00f3n y si hay anomal\u00edas, pues que se revisen\u201d.<\/p>\n\n\n\n<p>Detall\u00f3 que son alrededor de 17 j\u00f3venes los que se encuentran en esta situaci\u00f3n y quienes no han podido realizar su inscripci\u00f3n.<\/p>\n\n\n\n<p>Asegur\u00f3 que tambi\u00e9n se busca la mediaci\u00f3n con los normalistas que impiden el ingreso de estos j\u00f3venes a las escuelas normales sin raz\u00f3n justificada, ya que se han atendido sus demandas particulares.<\/p>\n\n\n\n<p><\/p>\n","protected":false},"excerpt":{"rendered":"<p>Al cumplirse el plazo otorgado por la Defensor\u00eda de los Derechos Humanos del Pueblo de&#8230;<\/p>\n","protected":false},"author":2,"featured_media":2527,"comment_status":"open","ping_status":"closed","sticky":false,"template":"","format":"standard","meta":{"footnotes":""},"categories":[2],"tags":[],"class_list":["post-2526","post","type-post","status-publish","format-standard","has-post-thumbnail","hentry","category-noticiasestatales"],"yoast_head":"<!-- This site is optimized with the Yoast SEO plugin v27.5 - https:\/\/yoast.com\/product\/yoast-seo-wordpress\/ -->\n<title>IEEPO cumplir\u00e1 medida cautelar para garantizar inscripci\u00f3n en normales - CV Noticias<\/title>\n<meta name=\"robots\" content=\"index, follow, max-snippet:-1, max-image-preview:large, max-video-preview:-1\" \/>\n<link rel=\"canonical\" href=\"https:\/\/cvnoticias.com\/nuevapagina\/index.php\/2025\/09\/12\/ieepo-cumplira-medida-cautelar-para-garantizar-inscripcion-en-normales\/\" \/>\n<meta property=\"og:locale\" content=\"es_ES\" \/>\n<meta property=\"og:type\" content=\"article\" \/>\n<meta property=\"og:title\" content=\"IEEPO cumplir\u00e1 medida cautelar para garantizar inscripci\u00f3n en normales - CV Noticias\" \/>\n<meta property=\"og:description\" content=\"Al cumplirse el plazo otorgado por la Defensor\u00eda de los Derechos Humanos del Pueblo de...\" \/>\n<meta property=\"og:url\" content=\"https:\/\/cvnoticias.com\/nuevapagina\/index.php\/2025\/09\/12\/ieepo-cumplira-medida-cautelar-para-garantizar-inscripcion-en-normales\/\" \/>\n<meta property=\"og:site_name\" content=\"CV Noticias\" \/>\n<meta property=\"article:published_time\" content=\"2025-09-12T00:39:37+00:00\" \/>\n<meta property=\"article:modified_time\" content=\"2025-09-12T00:39:38+00:00\" \/>\n<meta property=\"og:image\" content=\"https:\/\/cvnoticias.com\/nuevapagina\/wp-content\/uploads\/2025\/09\/8769f9e8-a3b3-45a4-ac96-06c8cf51d0a8.jpeg\" \/>\n\t<meta property=\"og:image:width\" content=\"1280\" \/>\n\t<meta property=\"og:image:height\" content=\"909\" \/>\n\t<meta property=\"og:image:type\" content=\"image\/jpeg\" \/>\n<meta name=\"author\" content=\"CvNoticias\" \/>\n<meta name=\"twitter:card\" content=\"summary_large_image\" \/>\n<meta name=\"twitter:label1\" content=\"Escrito por\" \/>\n\t<meta name=\"twitter:data1\" content=\"CvNoticias\" \/>\n\t<meta name=\"twitter:label2\" content=\"Tiempo de lectura\" \/>\n\t<meta name=\"twitter:data2\" content=\"2 minutos\" \/>\n<script type=\"application\/ld+json\" class=\"yoast-schema-graph\">{\"@context\":\"https:\\\/\\\/schema.org\",\"@graph\":[{\"@type\":\"Article\",\"@id\":\"https:\\\/\\\/cvnoticias.com\\\/nuevapagina\\\/index.php\\\/2025\\\/09\\\/12\\\/ieepo-cumplira-medida-cautelar-para-garantizar-inscripcion-en-normales\\\/#article\",\"isPartOf\":{\"@id\":\"https:\\\/\\\/cvnoticias.com\\\/nuevapagina\\\/index.php\\\/2025\\\/09\\\/12\\\/ieepo-cumplira-medida-cautelar-para-garantizar-inscripcion-en-normales\\\/\"},\"author\":{\"name\":\"CvNoticias\",\"@id\":\"https:\\\/\\\/cvnoticias.com\\\/nuevapagina\\\/#\\\/schema\\\/person\\\/19e35f246421a31486be7321065f7463\"},\"headline\":\"IEEPO cumplir\u00e1 medida cautelar para garantizar inscripci\u00f3n en normales\",\"datePublished\":\"2025-09-12T00:39:37+00:00\",\"dateModified\":\"2025-09-12T00:39:38+00:00\",\"mainEntityOfPage\":{\"@id\":\"https:\\\/\\\/cvnoticias.com\\\/nuevapagina\\\/index.php\\\/2025\\\/09\\\/12\\\/ieepo-cumplira-medida-cautelar-para-garantizar-inscripcion-en-normales\\\/\"},\"wordCount\":309,\"commentCount\":0,\"publisher\":{\"@id\":\"https:\\\/\\\/cvnoticias.com\\\/nuevapagina\\\/#organization\"},\"image\":{\"@id\":\"https:\\\/\\\/cvnoticias.com\\\/nuevapagina\\\/index.php\\\/2025\\\/09\\\/12\\\/ieepo-cumplira-medida-cautelar-para-garantizar-inscripcion-en-normales\\\/#primaryimage\"},\"thumbnailUrl\":\"https:\\\/\\\/cvnoticias.com\\\/nuevapagina\\\/wp-content\\\/uploads\\\/2025\\\/09\\\/8769f9e8-a3b3-45a4-ac96-06c8cf51d0a8.jpeg\",\"articleSection\":[\"Estatales\"],\"inLanguage\":\"es\",\"potentialAction\":[{\"@type\":\"CommentAction\",\"name\":\"Comment\",\"target\":[\"https:\\\/\\\/cvnoticias.com\\\/nuevapagina\\\/index.php\\\/2025\\\/09\\\/12\\\/ieepo-cumplira-medida-cautelar-para-garantizar-inscripcion-en-normales\\\/#respond\"]}]},{\"@type\":\"WebPage\",\"@id\":\"https:\\\/\\\/cvnoticias.com\\\/nuevapagina\\\/index.php\\\/2025\\\/09\\\/12\\\/ieepo-cumplira-medida-cautelar-para-garantizar-inscripcion-en-normales\\\/\",\"url\":\"https:\\\/\\\/cvnoticias.com\\\/nuevapagina\\\/index.php\\\/2025\\\/09\\\/12\\\/ieepo-cumplira-medida-cautelar-para-garantizar-inscripcion-en-normales\\\/\",\"name\":\"IEEPO cumplir\u00e1 medida cautelar para garantizar inscripci\u00f3n en normales - CV Noticias\",\"isPartOf\":{\"@id\":\"https:\\\/\\\/cvnoticias.com\\\/nuevapagina\\\/#website\"},\"primaryImageOfPage\":{\"@id\":\"https:\\\/\\\/cvnoticias.com\\\/nuevapagina\\\/index.php\\\/2025\\\/09\\\/12\\\/ieepo-cumplira-medida-cautelar-para-garantizar-inscripcion-en-normales\\\/#primaryimage\"},\"image\":{\"@id\":\"https:\\\/\\\/cvnoticias.com\\\/nuevapagina\\\/index.php\\\/2025\\\/09\\\/12\\\/ieepo-cumplira-medida-cautelar-para-garantizar-inscripcion-en-normales\\\/#primaryimage\"},\"thumbnailUrl\":\"https:\\\/\\\/cvnoticias.com\\\/nuevapagina\\\/wp-content\\\/uploads\\\/2025\\\/09\\\/8769f9e8-a3b3-45a4-ac96-06c8cf51d0a8.jpeg\",\"datePublished\":\"2025-09-12T00:39:37+00:00\",\"dateModified\":\"2025-09-12T00:39:38+00:00\",\"breadcrumb\":{\"@id\":\"https:\\\/\\\/cvnoticias.com\\\/nuevapagina\\\/index.php\\\/2025\\\/09\\\/12\\\/ieepo-cumplira-medida-cautelar-para-garantizar-inscripcion-en-normales\\\/#breadcrumb\"},\"inLanguage\":\"es\",\"potentialAction\":[{\"@type\":\"ReadAction\",\"target\":[\"https:\\\/\\\/cvnoticias.com\\\/nuevapagina\\\/index.php\\\/2025\\\/09\\\/12\\\/ieepo-cumplira-medida-cautelar-para-garantizar-inscripcion-en-normales\\\/\"]}]},{\"@type\":\"ImageObject\",\"inLanguage\":\"es\",\"@id\":\"https:\\\/\\\/cvnoticias.com\\\/nuevapagina\\\/index.php\\\/2025\\\/09\\\/12\\\/ieepo-cumplira-medida-cautelar-para-garantizar-inscripcion-en-normales\\\/#primaryimage\",\"url\":\"https:\\\/\\\/cvnoticias.com\\\/nuevapagina\\\/wp-content\\\/uploads\\\/2025\\\/09\\\/8769f9e8-a3b3-45a4-ac96-06c8cf51d0a8.jpeg\",\"contentUrl\":\"https:\\\/\\\/cvnoticias.com\\\/nuevapagina\\\/wp-content\\\/uploads\\\/2025\\\/09\\\/8769f9e8-a3b3-45a4-ac96-06c8cf51d0a8.jpeg\",\"width\":1280,\"height\":909},{\"@type\":\"BreadcrumbList\",\"@id\":\"https:\\\/\\\/cvnoticias.com\\\/nuevapagina\\\/index.php\\\/2025\\\/09\\\/12\\\/ieepo-cumplira-medida-cautelar-para-garantizar-inscripcion-en-normales\\\/#breadcrumb\",\"itemListElement\":[{\"@type\":\"ListItem\",\"position\":1,\"name\":\"Portada\",\"item\":\"https:\\\/\\\/cvnoticias.com\\\/nuevapagina\\\/\"},{\"@type\":\"ListItem\",\"position\":2,\"name\":\"IEEPO cumplir\u00e1 medida cautelar para garantizar inscripci\u00f3n en normales\"}]},{\"@type\":\"WebSite\",\"@id\":\"https:\\\/\\\/cvnoticias.com\\\/nuevapagina\\\/#website\",\"url\":\"https:\\\/\\\/cvnoticias.com\\\/nuevapagina\\\/\",\"name\":\"CV Noticias\",\"description\":\"Noticias de Oaxaca\",\"publisher\":{\"@id\":\"https:\\\/\\\/cvnoticias.com\\\/nuevapagina\\\/#organization\"},\"potentialAction\":[{\"@type\":\"SearchAction\",\"target\":{\"@type\":\"EntryPoint\",\"urlTemplate\":\"https:\\\/\\\/cvnoticias.com\\\/nuevapagina\\\/?s={search_term_string}\"},\"query-input\":{\"@type\":\"PropertyValueSpecification\",\"valueRequired\":true,\"valueName\":\"search_term_string\"}}],\"inLanguage\":\"es\"},{\"@type\":\"Organization\",\"@id\":\"https:\\\/\\\/cvnoticias.com\\\/nuevapagina\\\/#organization\",\"name\":\"CV Noticias\",\"url\":\"https:\\\/\\\/cvnoticias.com\\\/nuevapagina\\\/\",\"logo\":{\"@type\":\"ImageObject\",\"inLanguage\":\"es\",\"@id\":\"https:\\\/\\\/cvnoticias.com\\\/nuevapagina\\\/#\\\/schema\\\/logo\\\/image\\\/\",\"url\":\"https:\\\/\\\/cvnoticias.com\\\/nuevapagina\\\/wp-content\\\/uploads\\\/2025\\\/05\\\/cropped-logo-1.png\",\"contentUrl\":\"https:\\\/\\\/cvnoticias.com\\\/nuevapagina\\\/wp-content\\\/uploads\\\/2025\\\/05\\\/cropped-logo-1.png\",\"width\":320,\"height\":118,\"caption\":\"CV Noticias\"},\"image\":{\"@id\":\"https:\\\/\\\/cvnoticias.com\\\/nuevapagina\\\/#\\\/schema\\\/logo\\\/image\\\/\"}},{\"@type\":\"Person\",\"@id\":\"https:\\\/\\\/cvnoticias.com\\\/nuevapagina\\\/#\\\/schema\\\/person\\\/19e35f246421a31486be7321065f7463\",\"name\":\"CvNoticias\",\"image\":{\"@type\":\"ImageObject\",\"inLanguage\":\"es\",\"@id\":\"https:\\\/\\\/secure.gravatar.com\\\/avatar\\\/c3a4375d38fd8f9b34ac9e853cb706a079817c78f9a39e33b16a2b2b2e51688a?s=96&d=mm&r=g\",\"url\":\"https:\\\/\\\/secure.gravatar.com\\\/avatar\\\/c3a4375d38fd8f9b34ac9e853cb706a079817c78f9a39e33b16a2b2b2e51688a?s=96&d=mm&r=g\",\"contentUrl\":\"https:\\\/\\\/secure.gravatar.com\\\/avatar\\\/c3a4375d38fd8f9b34ac9e853cb706a079817c78f9a39e33b16a2b2b2e51688a?s=96&d=mm&r=g\",\"caption\":\"CvNoticias\"},\"url\":\"https:\\\/\\\/cvnoticias.com\\\/nuevapagina\\\/index.php\\\/author\\\/gesner\\\/\"}]}<\/script>\n<!-- \/ Yoast SEO plugin. -->","yoast_head_json":{"title":"IEEPO cumplir\u00e1 medida cautelar para garantizar inscripci\u00f3n en normales - CV Noticias","robots":{"index":"index","follow":"follow","max-snippet":"max-snippet:-1","max-image-preview":"max-image-preview:large","max-video-preview":"max-video-preview:-1"},"canonical":"https:\/\/cvnoticias.com\/nuevapagina\/index.php\/2025\/09\/12\/ieepo-cumplira-medida-cautelar-para-garantizar-inscripcion-en-normales\/","og_locale":"es_ES","og_type":"article","og_title":"IEEPO cumplir\u00e1 medida cautelar para garantizar inscripci\u00f3n en normales - CV Noticias","og_description":"Al cumplirse el plazo otorgado por la Defensor\u00eda de los Derechos Humanos del Pueblo de...","og_url":"https:\/\/cvnoticias.com\/nuevapagina\/index.php\/2025\/09\/12\/ieepo-cumplira-medida-cautelar-para-garantizar-inscripcion-en-normales\/","og_site_name":"CV Noticias","article_published_time":"2025-09-12T00:39:37+00:00","article_modified_time":"2025-09-12T00:39:38+00:00","og_image":[{"width":1280,"height":909,"url":"https:\/\/cvnoticias.com\/nuevapagina\/wp-content\/uploads\/2025\/09\/8769f9e8-a3b3-45a4-ac96-06c8cf51d0a8.jpeg","type":"image\/jpeg"}],"author":"CvNoticias","twitter_card":"summary_large_image","twitter_misc":{"Escrito por":"CvNoticias","Tiempo de lectura":"2 minutos"},"schema":{"@context":"https:\/\/schema.org","@graph":[{"@type":"Article","@id":"https:\/\/cvnoticias.com\/nuevapagina\/index.php\/2025\/09\/12\/ieepo-cumplira-medida-cautelar-para-garantizar-inscripcion-en-normales\/#article","isPartOf":{"@id":"https:\/\/cvnoticias.com\/nuevapagina\/index.php\/2025\/09\/12\/ieepo-cumplira-medida-cautelar-para-garantizar-inscripcion-en-normales\/"},"author":{"name":"CvNoticias","@id":"https:\/\/cvnoticias.com\/nuevapagina\/#\/schema\/person\/19e35f246421a31486be7321065f7463"},"headline":"IEEPO cumplir\u00e1 medida cautelar para garantizar inscripci\u00f3n en normales","datePublished":"2025-09-12T00:39:37+00:00","dateModified":"2025-09-12T00:39:38+00:00","mainEntityOfPage":{"@id":"https:\/\/cvnoticias.com\/nuevapagina\/index.php\/2025\/09\/12\/ieepo-cumplira-medida-cautelar-para-garantizar-inscripcion-en-normales\/"},"wordCount":309,"commentCount":0,"publisher":{"@id":"https:\/\/cvnoticias.com\/nuevapagina\/#organization"},"image":{"@id":"https:\/\/cvnoticias.com\/nuevapagina\/index.php\/2025\/09\/12\/ieepo-cumplira-medida-cautelar-para-garantizar-inscripcion-en-normales\/#primaryimage"},"thumbnailUrl":"https:\/\/cvnoticias.com\/nuevapagina\/wp-content\/uploads\/2025\/09\/8769f9e8-a3b3-45a4-ac96-06c8cf51d0a8.jpeg","articleSection":["Estatales"],"inLanguage":"es","potentialAction":[{"@type":"CommentAction","name":"Comment","target":["https:\/\/cvnoticias.com\/nuevapagina\/index.php\/2025\/09\/12\/ieepo-cumplira-medida-cautelar-para-garantizar-inscripcion-en-normales\/#respond"]}]},{"@type":"WebPage","@id":"https:\/\/cvnoticias.com\/nuevapagina\/index.php\/2025\/09\/12\/ieepo-cumplira-medida-cautelar-para-garantizar-inscripcion-en-normales\/","url":"https:\/\/cvnoticias.com\/nuevapagina\/index.php\/2025\/09\/12\/ieepo-cumplira-medida-cautelar-para-garantizar-inscripcion-en-normales\/","name":"IEEPO cumplir\u00e1 medida cautelar para garantizar inscripci\u00f3n en normales - CV Noticias","isPartOf":{"@id":"https:\/\/cvnoticias.com\/nuevapagina\/#website"},"primaryImageOfPage":{"@id":"https:\/\/cvnoticias.com\/nuevapagina\/index.php\/2025\/09\/12\/ieepo-cumplira-medida-cautelar-para-garantizar-inscripcion-en-normales\/#primaryimage"},"image":{"@id":"https:\/\/cvnoticias.com\/nuevapagina\/index.php\/2025\/09\/12\/ieepo-cumplira-medida-cautelar-para-garantizar-inscripcion-en-normales\/#primaryimage"},"thumbnailUrl":"https:\/\/cvnoticias.com\/nuevapagina\/wp-content\/uploads\/2025\/09\/8769f9e8-a3b3-45a4-ac96-06c8cf51d0a8.jpeg","datePublished":"2025-09-12T00:39:37+00:00","dateModified":"2025-09-12T00:39:38+00:00","breadcrumb":{"@id":"https:\/\/cvnoticias.com\/nuevapagina\/index.php\/2025\/09\/12\/ieepo-cumplira-medida-cautelar-para-garantizar-inscripcion-en-normales\/#breadcrumb"},"inLanguage":"es","potentialAction":[{"@type":"ReadAction","target":["https:\/\/cvnoticias.com\/nuevapagina\/index.php\/2025\/09\/12\/ieepo-cumplira-medida-cautelar-para-garantizar-inscripcion-en-normales\/"]}]},{"@type":"ImageObject","inLanguage":"es","@id":"https:\/\/cvnoticias.com\/nuevapagina\/index.php\/2025\/09\/12\/ieepo-cumplira-medida-cautelar-para-garantizar-inscripcion-en-normales\/#primaryimage","url":"https:\/\/cvnoticias.com\/nuevapagina\/wp-content\/uploads\/2025\/09\/8769f9e8-a3b3-45a4-ac96-06c8cf51d0a8.jpeg","contentUrl":"https:\/\/cvnoticias.com\/nuevapagina\/wp-content\/uploads\/2025\/09\/8769f9e8-a3b3-45a4-ac96-06c8cf51d0a8.jpeg","width":1280,"height":909},{"@type":"BreadcrumbList","@id":"https:\/\/cvnoticias.com\/nuevapagina\/index.php\/2025\/09\/12\/ieepo-cumplira-medida-cautelar-para-garantizar-inscripcion-en-normales\/#breadcrumb","itemListElement":[{"@type":"ListItem","position":1,"name":"Portada","item":"https:\/\/cvnoticias.com\/nuevapagina\/"},{"@type":"ListItem","position":2,"name":"IEEPO cumplir\u00e1 medida cautelar para garantizar inscripci\u00f3n en normales"}]},{"@type":"WebSite","@id":"https:\/\/cvnoticias.com\/nuevapagina\/#website","url":"https:\/\/cvnoticias.com\/nuevapagina\/","name":"CV Noticias","description":"Noticias de Oaxaca","publisher":{"@id":"https:\/\/cvnoticias.com\/nuevapagina\/#organization"},"potentialAction":[{"@type":"SearchAction","target":{"@type":"EntryPoint","urlTemplate":"https:\/\/cvnoticias.com\/nuevapagina\/?s={search_term_string}"},"query-input":{"@type":"PropertyValueSpecification","valueRequired":true,"valueName":"search_term_string"}}],"inLanguage":"es"},{"@type":"Organization","@id":"https:\/\/cvnoticias.com\/nuevapagina\/#organization","name":"CV Noticias","url":"https:\/\/cvnoticias.com\/nuevapagina\/","logo":{"@type":"ImageObject","inLanguage":"es","@id":"https:\/\/cvnoticias.com\/nuevapagina\/#\/schema\/logo\/image\/","url":"https:\/\/cvnoticias.com\/nuevapagina\/wp-content\/uploads\/2025\/05\/cropped-logo-1.png","contentUrl":"https:\/\/cvnoticias.com\/nuevapagina\/wp-content\/uploads\/2025\/05\/cropped-logo-1.png","width":320,"height":118,"caption":"CV Noticias"},"image":{"@id":"https:\/\/cvnoticias.com\/nuevapagina\/#\/schema\/logo\/image\/"}},{"@type":"Person","@id":"https:\/\/cvnoticias.com\/nuevapagina\/#\/schema\/person\/19e35f246421a31486be7321065f7463","name":"CvNoticias","image":{"@type":"ImageObject","inLanguage":"es","@id":"https:\/\/secure.gravatar.com\/avatar\/c3a4375d38fd8f9b34ac9e853cb706a079817c78f9a39e33b16a2b2b2e51688a?s=96&d=mm&r=g","url":"https:\/\/secure.gravatar.com\/avatar\/c3a4375d38fd8f9b34ac9e853cb706a079817c78f9a39e33b16a2b2b2e51688a?s=96&d=mm&r=g","contentUrl":"https:\/\/secure.gravatar.com\/avatar\/c3a4375d38fd8f9b34ac9e853cb706a079817c78f9a39e33b16a2b2b2e51688a?s=96&d=mm&r=g","caption":"CvNoticias"},"url":"https:\/\/cvnoticias.com\/nuevapagina\/index.php\/author\/gesner\/"}]}},"_links":{"self":[{"href":"https:\/\/cvnoticias.com\/nuevapagina\/index.php\/wp-json\/wp\/v2\/posts\/2526","targetHints":{"allow":["GET"]}}],"collection":[{"href":"https:\/\/cvnoticias.com\/nuevapagina\/index.php\/wp-json\/wp\/v2\/posts"}],"about":[{"href":"https:\/\/cvnoticias.com\/nuevapagina\/index.php\/wp-json\/wp\/v2\/types\/post"}],"author":[{"embeddable":true,"href":"https:\/\/cvnoticias.com\/nuevapagina\/index.php\/wp-json\/wp\/v2\/users\/2"}],"replies":[{"embeddable":true,"href":"https:\/\/cvnoticias.com\/nuevapagina\/index.php\/wp-json\/wp\/v2\/comments?post=2526"}],"version-history":[{"count":1,"href":"https:\/\/cvnoticias.com\/nuevapagina\/index.php\/wp-json\/wp\/v2\/posts\/2526\/revisions"}],"predecessor-version":[{"id":2528,"href":"https:\/\/cvnoticias.com\/nuevapagina\/index.php\/wp-json\/wp\/v2\/posts\/2526\/revisions\/2528"}],"wp:featuredmedia":[{"embeddable":true,"href":"https:\/\/cvnoticias.com\/nuevapagina\/index.php\/wp-json\/wp\/v2\/media\/2527"}],"wp:attachment":[{"href":"https:\/\/cvnoticias.com\/nuevapagina\/index.php\/wp-json\/wp\/v2\/media?parent=2526"}],"wp:term":[{"taxonomy":"category","embeddable":true,"href":"https:\/\/cvnoticias.com\/nuevapagina\/index.php\/wp-json\/wp\/v2\/categories?post=2526"},{"taxonomy":"post_tag","embeddable":true,"href":"https:\/\/cvnoticias.com\/nuevapagina\/index.php\/wp-json\/wp\/v2\/tags?post=2526"}],"curies":[{"name":"wp","href":"https:\/\/api.w.org\/{rel}","templated":true}]}}